{"id":9359,"date":"2014-05-13T17:58:27","date_gmt":"2014-05-13T20:58:27","guid":{"rendered":"http:\/\/www.notibras.com\/site\/?p=9359"},"modified":"2014-05-14T12:32:07","modified_gmt":"2014-05-14T15:32:07","slug":"primeiro-mundo-ironiza-o-brasil-da-copa-e-fuleco-o-mascote-vira-anus","status":"publish","type":"post","link":"https:\/\/www.notibras.com\/site\/primeiro-mundo-ironiza-o-brasil-da-copa-e-fuleco-o-mascote-vira-anus\/","title":{"rendered":"Primeiro Mundo ironiza o Brasil da Copa. Fuleco, o mascote, vira \u00e2nus"},"content":{"rendered":"<p>O Brasil est\u00e1 na \u2018boca do mundo\u2019. E n\u00e3o \u00e9 para menos. Afinal, em poucos dias come\u00e7a a desembarcar por aqui gente de toda origem, para fazer valer sua paix\u00e3o pelo futebol.\u00a0 \u00c9 a\u00ed que surgem os pontos negativos \u2013 e eventualmente, mesmo porque raros, os positivos.<\/p>\n<p>O que se diz l\u00e1 fora \u00e9 de fazer rir. Porque al\u00e9m de samba, carnaval e futebol, que normalmente caracterizam o Brasil, os problemas de organiza\u00e7\u00e3o do Mundial, viol\u00eancia e preocupa\u00e7\u00e3o com doen\u00e7as s\u00e3o principais assuntos da imprensa estrangeira.<\/p>\n<p>Os exemplos s\u00e3o muitos, listados pelo Terra e transcritos a seguir:<\/p>\n<p><strong>Um mascote fedorento<\/strong> \u2013 O Jornal alem\u00e3o Die Welt se equivocou e disse que o mascote da Copa, Fuleco, significava \u201c\u00e2nus\u201d na \u201clinguagem popular do Brasil\u201d. A not\u00edcia virou piada na internet<\/p>\n<p><strong>Pelada com armas<\/strong> &#8211; O site da TV \u00e1rabe Al Jazeera fez uma mat\u00e9ria sobre um torneio amador na favela Vila Alian\u00e7a, com traficantes jogando com armas nas costas<\/p>\n<p><strong>Pa\u00eds dos atrasos<\/strong> \u2013 O jornal italiano Corriere della Sera deu ao Brasil o t\u00edtulo mundial de atrasos pela demora nas obras para a Copa do Mundo<\/p>\n<p><strong>O dedinho da Fifa<\/strong> &#8211; A federa\u00e7\u00e3o internacional deu v\u00e1rios pux\u00f5es de orelha no Brasil, e fez um alerta para os turistas que vem ao pa\u00eds-sede do Mundial: &#8220;n\u00e3o \u00e9 a Alemanha&#8221;<\/p>\n<p><strong>Os hermanos<\/strong> &#8211; Os vizinhos sul-americanos, a exemplo dos uruguaios, recomendam aos cidad\u00e3os vacina, \u00e1gua engarrafada e sexo seguro<\/p>\n<p><strong>Fantasma da\u00a0 polio<\/strong> \u2013 A Col\u00f4mbia tamb\u00e9m recomenda que adultos que vierem ao Brasil se vacinem contra poliomielite<\/p>\n<p><strong>Pa\u00eds violento<\/strong> \u2013 O jornal Daily Mail apontou que os ingleses est\u00e3o apavorados com a qualidade de seguran\u00e7a oferecida na Copa<\/p>\n<p><strong>Temor chucrute<\/strong> \u2013 O governo alem\u00e3o teme por seguran\u00e7a e greve de PM em Salvador, sede da sele\u00e7\u00e3o<br \/>\nA vez da vacina \u2013 A Organiza\u00e7\u00e3o Mundial da Sa\u00fade alerta torcedores estrangeiros a se vacinarem contra rub\u00e9ola e sarampo<\/p>\n<p><strong>Lembrando Ana Maria<\/strong> \u2013 O jornal ingl\u00eas Daily Mail recomenda uso de biqu\u00ednis pequenos para as mulheres se adaptarem ao Brasil<\/p>\n","protected":false},"excerpt":{"rendered":"<p>O Brasil est\u00e1 na \u2018boca do mundo\u2019. E n\u00e3o \u00e9 para menos. Afinal, em poucos dias come\u00e7a a desembarcar por aqui gente de toda origem, para fazer valer sua paix\u00e3o pelo futebol.\u00a0 \u00c9 a\u00ed que surgem os pontos negativos \u2013 e eventualmente, mesmo porque raros, os positivos. O que se diz l\u00e1 fora \u00e9 de [&hellip;]<\/p>\n","protected":false},"author":2,"featured_media":9360,"comment_status":"open","ping_status":"closed","sticky":false,"template":"","format":"standard","meta":{"_acf_changed":false,"footnotes":""},"categories":[19],"tags":[],"class_list":["post-9359","post","type-post","status-publish","format-standard","has-post-thumbnail","hentry","category-esportes"],"acf":[],"_links":{"self":[{"href":"https:\/\/www.notibras.com\/site\/wp-json\/wp\/v2\/posts\/9359","targetHints":{"allow":["GET"]}}],"collection":[{"href":"https:\/\/www.notibras.com\/site\/wp-json\/wp\/v2\/posts"}],"about":[{"href":"https:\/\/www.notibras.com\/site\/wp-json\/wp\/v2\/types\/post"}],"author":[{"embeddable":true,"href":"https:\/\/www.notibras.com\/site\/wp-json\/wp\/v2\/users\/2"}],"replies":[{"embeddable":true,"href":"https:\/\/www.notibras.com\/site\/wp-json\/wp\/v2\/comments?post=9359"}],"version-history":[{"count":0,"href":"https:\/\/www.notibras.com\/site\/wp-json\/wp\/v2\/posts\/9359\/revisions"}],"wp:featuredmedia":[{"embeddable":true,"href":"https:\/\/www.notibras.com\/site\/wp-json\/wp\/v2\/media\/9360"}],"wp:attachment":[{"href":"https:\/\/www.notibras.com\/site\/wp-json\/wp\/v2\/media?parent=9359"}],"wp:term":[{"taxonomy":"category","embeddable":true,"href":"https:\/\/www.notibras.com\/site\/wp-json\/wp\/v2\/categories?post=9359"},{"taxonomy":"post_tag","embeddable":true,"href":"https:\/\/www.notibras.com\/site\/wp-json\/wp\/v2\/tags?post=9359"}],"curies":[{"name":"wp","href":"https:\/\/api.w.org\/{rel}","templated":true}]}}