{"id":9363,"date":"2014-05-13T14:34:56","date_gmt":"2014-05-13T17:34:56","guid":{"rendered":"http:\/\/www.notibras.com\/site\/?p=9363"},"modified":"2014-05-13T18:08:28","modified_gmt":"2014-05-13T21:08:28","slug":"negros-estao-no-topo-das-vitimas-de-homicidio-no-brasil","status":"publish","type":"post","link":"https:\/\/www.notibras.com\/site\/negros-estao-no-topo-das-vitimas-de-homicidio-no-brasil\/","title":{"rendered":"Negros est\u00e3o no topo das maiores v\u00edtimas de homic\u00eddios"},"content":{"rendered":"<p>Morrem 153,4% mais negros do que brancos por homic\u00eddios no Brasil. Os n\u00fameros do estudo <em>Homic\u00eddios e Juventude no Brasil<\/em>, do Mapa da Viol\u00eancia 2013, mostram a brutal\u00a0desigualdade na viol\u00eancia no Pa\u00eds. Com dados do Sistema de Informa\u00e7\u00f5es sobre Mortalidade do Minist\u00e9rio da Sa\u00fade, aponta que 71,4% das 49,3 mil v\u00edtimas de homic\u00eddios em 2011 eram negras \u2013 o que corresponde a 35,2 mil assassinatos.<\/p>\n<p class=\"text\">Ambos os n\u00fameros foram os maiores registrados desde 2002. H\u00e1 12 anos, por exemplo, morriam 42,9% mais negros do que brancos. Em 2010, esse n\u00famero j\u00e1 havia atingido 149%. O valor m\u00e1ximo at\u00e9 o momento, de 153,4%, tamb\u00e9m foi o \u00faltimo registrado, em 2011.<\/p>\n<p class=\"text\">A \u201cmortalidade seletiva\u201d, conforme classifica o estudo, \u00e9 observada pela diminui\u00e7\u00e3o de homic\u00eddios de brancos e crescimento de homic\u00eddios de negros. Novamente comparando os anos de 2002 e 2011, o n\u00famero total de v\u00edtimas pretas ou pardas subiu de 26,9 mil para 35,2 mil. Paralelamente, as v\u00edtimas brancas reduziram de 18,8 mil para 13,8 mil.<\/p>\n<p class=\"text\">A classifica\u00e7\u00e3o negro engloba as cores preto e pardo (mesti\u00e7os), de acordo com o Instituto Brasileiro de Geografia e Estat\u00edstica (IBGE). Nas pesquisas, a popula\u00e7\u00e3o indica a qual cor pertence. H\u00e1 ainda as op\u00e7\u00f5es branco, amarelo e ind\u00edgena. De acordo com o Censo Demogr\u00e1fico de 2010, h\u00e1, no Brasil, 90,6 milh\u00f5es de brancos (47,7%) e 97,1 milh\u00f5es de negros (50,7 %). Ou seja, n\u00e3o se pode justificar tamanha diferen\u00e7a entre o n\u00famero de homic\u00eddios de negros e brancos simplesmente porque h\u00e1 mais pretos e pardos no Pa\u00eds &#8211; proporcionalmente, a conta n\u00e3o fecha. Da\u00ed a express\u00e3o &#8220;mortalidade seletiva&#8221;.<\/p>\n<p class=\"text\">Se a vitimiza\u00e7\u00e3o negra de 153,4% j\u00e1 \u00e9 alarmante, de acordo com o estudo, imagine aument\u00e1-la em mais de 80 pontos percentuais. \u00c9 o que acontece quando se observa os homic\u00eddios em meio \u00e0 popula\u00e7\u00e3o jovem. Nessa faixa de idade, morrem 237,4% mais negros que brancos no Pa\u00eds.<\/p>\n<p class=\"text\">Ainda que brasileiros de 15 a 29 anos sejam considerados jovens atualmente, o Mapa da Viol\u00eancia 2013 considerou apenas pessoas com idade entre 15 e 24 anos.<\/p>\n<p class=\"text\"><strong>\u201cSeguro para brancos, perigos\u00edssimo para negros\u201d<\/strong><\/p>\n<p class=\"text\">Alagoas e Para\u00edba s\u00e3o os Estados brasileiros com as maiores diferen\u00e7as de taxas de homic\u00eddios de negros e de brancos. \u201cO que se v\u00ea \u00e9 uma contradi\u00e7\u00e3o nesses Estados. Se forem brancos, est\u00e3o seguros. Para negros, \u00e9 perigos\u00edssimo\u201d, afirma o economista Daniel Cerqueira, do Instituto de Pesquisa Econ\u00f4mica Aplicada (Ipea).<\/p>\n<p class=\"text\">Em 2011, houve 90,5 mortes de negros a cada cem mil em Alagoas &#8211; o maior \u00edndice brasileiro. Curiosamente, o Estado ocupa a 22\u00aa coloca\u00e7\u00e3o na mesma taxa para brancos: 8,1 homic\u00eddios.<\/p>\n<p class=\"text\">Apesar da desigualdade nos homic\u00eddios, Alagoas \u00e9 a 11\u00aa Unidade Federativa em percentuais de autodeclarados pretos ou pardos. Entre a popula\u00e7\u00e3o total, 66,8% s\u00e3o negros, conforme o <em>Mapa da Distribui\u00e7\u00e3o Espacial da Popula\u00e7\u00e3o, segundo a cor ou ra\u00e7a &#8211; Pretos e Pardos<\/em>, da Secretaria de Pol\u00edticas de Promo\u00e7\u00e3o da Igualdade Racial e do IBGE.<\/p>\n<p class=\"text\">Na Para\u00edba, a situa\u00e7\u00e3o \u00e9 parecida. Enquanto a taxa de homic\u00eddios de negros \u00e9 de 60,3 a cada 100 mil, segunda maior do Pa\u00eds, para brancos o valor \u00e9 de 5,5. O Estado, por sua vez, ocupa a 16\u00aa coloca\u00e7\u00e3o pelos percentuais de pretos ou pardos na popula\u00e7\u00e3o &#8211; que equivale a 58,4%.<\/p>\n<p class=\"text\">Contrariando todas as demais Unidades Federativas brasileiras, morrem mais brancos do que negros no Paran\u00e1. Nesse Estado, 35,6 brancos morrem por homic\u00eddio a cada 100 mil. No mesmo crit\u00e9rio, o n\u00famero \u00e9 de 20,5 para negros. O percentual de negros no Estado \u00e9 de 28,3% &#8211; maior apenas que os outros dois Estados da regi\u00e3o Sul.<\/p>\n<p class=\"text\">O estudo\u00a0<em>Vidas perdidas e racismo no Brasil<\/em>, desenvolvido pelo Ipea em parceria com a Funda\u00e7\u00e3o Get\u00falio Vargas (FGV),\u00a0afirma que apenas 20% da diferen\u00e7a entre taxas de homic\u00eddio de negros e n\u00e3o negros nos munic\u00edpios pode ser explicada por condi\u00e7\u00f5es socioecon\u00f4micas e demogr\u00e1ficas das v\u00edtimas. Ainda que n\u00e3o possa afirmar qual o percentual ligado diretamente ao racismo, Daniel Cerqueira, um dos autores, acredita que este esteja \u201cescondido\u201d em meio aos 80% restantes.<\/p>\n<p class=\"text\">Entre as condi\u00e7\u00f5es analisadas no c\u00e1lculo estavam escolaridade das v\u00edtimas, percentual de jovens negros e brancos na popula\u00e7\u00e3o total, taxa de desemprego e renda m\u00e9dia do trabalho.<\/p>\n<p class=\"text\"><strong>Negros t\u00eam mais chance de serem assassinados<\/strong><\/p>\n<p class=\"text\">Em outro modelo, Cerqueira observou as mais de 1 milh\u00e3o de mortes violentas ocorridas no Brasil entre 1996 e 2010, relacionando-as com par\u00e2metros como g\u00eanero, estado civil, escolaridade, local do incidente, dia da semana e ra\u00e7a\/cor das v\u00edtimas. Um dos resultados foi de que \u201co indiv\u00edduo de cor preta ou parda <em>(negro) <\/em>possui uma chance em torno de 7,5 pontos percentuais de ter sido v\u00edtima de homic\u00eddio em rela\u00e7\u00e3o ao de cor branca\u201d.<\/p>\n<p class=\"text\">De acordo com Cerqueira, as conclus\u00f5es v\u00eam de encontro ao pensamento de alguns, de que o racismo \u00e9 &#8220;bobagem&#8221; e &#8220;n\u00e3o existe no Brasil&#8221;. \u201cDizem que pobre \u00e9 o que mais sofre e negros morrem mais porque est\u00e3o mais entre os pobres. O que observamos \u00e9 que n\u00e3o \u00e9 bem assim. A maior parte n\u00e3o \u00e9 explicada pelas caracter\u00edsticas socioecon\u00f4micas\u201d, afirma.<\/p>\n<p class=\"text\"><strong>Por que negros morrem mais?<\/strong><\/p>\n<p class=\"text\">Julio Jacobo Waiselfisz, soci\u00f3logo da Faculdade Latino-Americana de Ci\u00eancias Sociais e coordenador do Mapa da Viol\u00eancia 2013, atribui o avan\u00e7o da viol\u00eancia sobre a popula\u00e7\u00e3o negra principalmente ao processo de terceiriza\u00e7\u00e3o de servi\u00e7os b\u00e1sicos &#8211; seguran\u00e7a, educa\u00e7\u00e3o, sa\u00fade &#8211; e \u00e0s pol\u00edticas p\u00fablicas influenciadas pela m\u00eddia.<\/p>\n<p class=\"text\">\u201cA partir da d\u00e9cada de 1990, h\u00e1 um processo de substitui\u00e7\u00e3o da seguran\u00e7a p\u00fablica pela privada entre os ricos. O mesmo aconteceu na educa\u00e7\u00e3o, na sa\u00fade. Mas os mais pobres seguiram com os servi\u00e7os p\u00fablicos, que muitas vezes s\u00e3o de menor qualidade\u201d, diz. Em parte, o problema poderia ser explicado pelo menor poder aquisitivo da popula\u00e7\u00e3o negra. De acordo com o IBGE, pessoas de cor preta ou parda ganharam, em m\u00e9dia, 57,4% do rendimento de trabalhadores brancos em 2013. A pesquisa foi baseada em seis regi\u00f5es metropolitanas do Brasil.<\/p>\n<p class=\"text\">Da mesma forma, a prefer\u00eancia dos notici\u00e1rios em cobrirem mortes de \u201cbrancos abastados\u201d em detrimento da popula\u00e7\u00e3o pobre favoreceria pol\u00edticas p\u00fablicas voltadas para os mais ricos. \u201cAs pol\u00edticas enviam seguran\u00e7a para onde a m\u00eddia cobre, para onde vai haver mais esc\u00e2ndalo. Isso resulta numa dupla seguran\u00e7a, p\u00fablica e privada, em \u00e1reas ricas\u201d, afirma Waiselfisz.<\/p>\n<p class=\"text\">Cerqueira acredita que os homic\u00eddios s\u00e3o explicados por dois canais. Um deles, indireto, \u00e9 o efeito do preconceito de ra\u00e7a no mercado de trabalho, que afeta a renda. Por outro lado, h\u00e1 um canal direto, quando o indiv\u00edduo \u00e9 \u201cbombardeado\u201d por estere\u00f3tipos. \u201cH\u00e1 preconceito hist\u00f3rico de que negros pertencem a uma ra\u00e7a inferior e sua vida valeria menos que a de outros. Ou de que negros s\u00e3o criminosos\u201d. O pesquisador destaca que os canais n\u00e3o podem ser separados &#8211; um influencia o outro.<\/p>\n<p class=\"text\">Por fim, o registro de mortalidade tamb\u00e9m pode ser considerado um fator que contribui para o aumento das diferen\u00e7as, segundo Waiselfisz. A documenta\u00e7\u00e3o teria alcan\u00e7ado maior abrang\u00eancia desde 2002 \u2013 o que torna os n\u00fameros mais precisos.<\/p>\n<p class=\"text\"><strong>Cartola, Ag\u00eancia de Conte\u00fado<\/strong><\/p>\n","protected":false},"excerpt":{"rendered":"<p>Morrem 153,4% mais negros do que brancos por homic\u00eddios no Brasil. Os n\u00fameros do estudo Homic\u00eddios e Juventude no Brasil, do Mapa da Viol\u00eancia 2013, mostram a brutal\u00a0desigualdade na viol\u00eancia no Pa\u00eds. Com dados do Sistema de Informa\u00e7\u00f5es sobre Mortalidade do Minist\u00e9rio da Sa\u00fade, aponta que 71,4% das 49,3 mil v\u00edtimas de homic\u00eddios em 2011 [&hellip;]<\/p>\n","protected":false},"author":2,"featured_media":9364,"comment_status":"open","ping_status":"closed","sticky":false,"template":"","format":"standard","meta":{"_acf_changed":false,"footnotes":""},"categories":[16],"tags":[],"class_list":["post-9363","post","type-post","status-publish","format-standard","has-post-thumbnail","hentry","category-brasil"],"acf":[],"yoast_head":"<!-- This site is optimized with the Yoast SEO plugin v27.2 - https:\/\/yoast.com\/product\/yoast-seo-wordpress\/ -->\n<title>Negros est\u00e3o no topo das maiores v\u00edtimas de homic\u00eddios - Notibras<\/title>\n<meta name=\"robots\" content=\"index, follow, max-snippet:-1, max-image-preview:large, max-video-preview:-1\" \/>\n<link rel=\"canonical\" href=\"https:\/\/www.notibras.com\/site\/negros-estao-no-topo-das-vitimas-de-homicidio-no-brasil\/\" \/>\n<meta property=\"og:locale\" content=\"pt_BR\" \/>\n<meta property=\"og:type\" content=\"article\" \/>\n<meta property=\"og:title\" content=\"Negros est\u00e3o no topo das maiores v\u00edtimas de homic\u00eddios - Notibras\" \/>\n<meta property=\"og:description\" content=\"Morrem 153,4% mais negros do que brancos por homic\u00eddios no Brasil. Os n\u00fameros do estudo Homic\u00eddios e Juventude no Brasil, do Mapa da Viol\u00eancia 2013, mostram a brutal\u00a0desigualdade na viol\u00eancia no Pa\u00eds. Com dados do Sistema de Informa\u00e7\u00f5es sobre Mortalidade do Minist\u00e9rio da Sa\u00fade, aponta que 71,4% das 49,3 mil v\u00edtimas de homic\u00eddios em 2011 [&hellip;]\" \/>\n<meta property=\"og:url\" content=\"https:\/\/www.notibras.com\/site\/negros-estao-no-topo-das-vitimas-de-homicidio-no-brasil\/\" \/>\n<meta property=\"og:site_name\" content=\"Notibras\" \/>\n<meta property=\"article:publisher\" content=\"https:\/\/www.facebook.com\/notibras\/\" \/>\n<meta property=\"article:published_time\" content=\"2014-05-13T17:34:56+00:00\" \/>\n<meta property=\"article:modified_time\" content=\"2014-05-13T21:08:28+00:00\" \/>\n<meta property=\"og:image\" content=\"https:\/\/www.notibras.com\/site\/wp-content\/uploads\/2014\/05\/1224765416695.jpg\" \/>\n\t<meta property=\"og:image:width\" content=\"400\" \/>\n\t<meta property=\"og:image:height\" content=\"300\" \/>\n\t<meta property=\"og:image:type\" content=\"image\/jpeg\" \/>\n<meta name=\"author\" content=\"Reda\u00e7\u00e3o\" \/>\n<meta name=\"twitter:card\" content=\"summary_large_image\" \/>\n<meta name=\"twitter:creator\" content=\"@Notibras\" \/>\n<meta name=\"twitter:site\" content=\"@Notibras\" \/>\n<meta name=\"twitter:label1\" content=\"Escrito por\" \/>\n\t<meta name=\"twitter:data1\" content=\"Reda\u00e7\u00e3o\" \/>\n\t<meta name=\"twitter:label2\" content=\"Est. tempo de leitura\" \/>\n\t<meta name=\"twitter:data2\" content=\"6 minutos\" \/>\n<script type=\"application\/ld+json\" class=\"yoast-schema-graph\">{\"@context\":\"https:\/\/schema.org\",\"@graph\":[{\"@type\":\"Article\",\"@id\":\"https:\/\/www.notibras.com\/site\/negros-estao-no-topo-das-vitimas-de-homicidio-no-brasil\/#article\",\"isPartOf\":{\"@id\":\"https:\/\/www.notibras.com\/site\/negros-estao-no-topo-das-vitimas-de-homicidio-no-brasil\/\"},\"author\":{\"name\":\"Reda\u00e7\u00e3o\",\"@id\":\"https:\/\/www.notibras.com\/site\/#\/schema\/person\/36ab0979449956132d3e5b517ea76ac8\"},\"headline\":\"Negros est\u00e3o no topo das maiores v\u00edtimas de homic\u00eddios\",\"datePublished\":\"2014-05-13T17:34:56+00:00\",\"dateModified\":\"2014-05-13T21:08:28+00:00\",\"mainEntityOfPage\":{\"@id\":\"https:\/\/www.notibras.com\/site\/negros-estao-no-topo-das-vitimas-de-homicidio-no-brasil\/\"},\"wordCount\":1242,\"commentCount\":0,\"publisher\":{\"@id\":\"https:\/\/www.notibras.com\/site\/#organization\"},\"image\":{\"@id\":\"https:\/\/www.notibras.com\/site\/negros-estao-no-topo-das-vitimas-de-homicidio-no-brasil\/#primaryimage\"},\"thumbnailUrl\":\"https:\/\/www.notibras.com\/site\/wp-content\/uploads\/2014\/05\/1224765416695.jpg\",\"articleSection\":[\"Brasil\"],\"inLanguage\":\"pt-BR\",\"potentialAction\":[{\"@type\":\"CommentAction\",\"name\":\"Comment\",\"target\":[\"https:\/\/www.notibras.com\/site\/negros-estao-no-topo-das-vitimas-de-homicidio-no-brasil\/#respond\"]}]},{\"@type\":\"WebPage\",\"@id\":\"https:\/\/www.notibras.com\/site\/negros-estao-no-topo-das-vitimas-de-homicidio-no-brasil\/\",\"url\":\"https:\/\/www.notibras.com\/site\/negros-estao-no-topo-das-vitimas-de-homicidio-no-brasil\/\",\"name\":\"Negros est\u00e3o no topo das maiores v\u00edtimas de homic\u00eddios - Notibras\",\"isPartOf\":{\"@id\":\"https:\/\/www.notibras.com\/site\/#website\"},\"primaryImageOfPage\":{\"@id\":\"https:\/\/www.notibras.com\/site\/negros-estao-no-topo-das-vitimas-de-homicidio-no-brasil\/#primaryimage\"},\"image\":{\"@id\":\"https:\/\/www.notibras.com\/site\/negros-estao-no-topo-das-vitimas-de-homicidio-no-brasil\/#primaryimage\"},\"thumbnailUrl\":\"https:\/\/www.notibras.com\/site\/wp-content\/uploads\/2014\/05\/1224765416695.jpg\",\"datePublished\":\"2014-05-13T17:34:56+00:00\",\"dateModified\":\"2014-05-13T21:08:28+00:00\",\"breadcrumb\":{\"@id\":\"https:\/\/www.notibras.com\/site\/negros-estao-no-topo-das-vitimas-de-homicidio-no-brasil\/#breadcrumb\"},\"inLanguage\":\"pt-BR\",\"potentialAction\":[{\"@type\":\"ReadAction\",\"target\":[\"https:\/\/www.notibras.com\/site\/negros-estao-no-topo-das-vitimas-de-homicidio-no-brasil\/\"]}]},{\"@type\":\"ImageObject\",\"inLanguage\":\"pt-BR\",\"@id\":\"https:\/\/www.notibras.com\/site\/negros-estao-no-topo-das-vitimas-de-homicidio-no-brasil\/#primaryimage\",\"url\":\"https:\/\/www.notibras.com\/site\/wp-content\/uploads\/2014\/05\/1224765416695.jpg\",\"contentUrl\":\"https:\/\/www.notibras.com\/site\/wp-content\/uploads\/2014\/05\/1224765416695.jpg\",\"width\":400,\"height\":300},{\"@type\":\"BreadcrumbList\",\"@id\":\"https:\/\/www.notibras.com\/site\/negros-estao-no-topo-das-vitimas-de-homicidio-no-brasil\/#breadcrumb\",\"itemListElement\":[{\"@type\":\"ListItem\",\"position\":1,\"name\":\"In\u00edcio\",\"item\":\"https:\/\/www.notibras.com\/site\/\"},{\"@type\":\"ListItem\",\"position\":2,\"name\":\"Negros est\u00e3o no topo das maiores v\u00edtimas de homic\u00eddios\"}]},{\"@type\":\"WebSite\",\"@id\":\"https:\/\/www.notibras.com\/site\/#website\",\"url\":\"https:\/\/www.notibras.com\/site\/\",\"name\":\"Notibras\",\"description\":\"Not\u00edcias de Bras\u00edlia, do Brasil e do Mundo\",\"publisher\":{\"@id\":\"https:\/\/www.notibras.com\/site\/#organization\"},\"potentialAction\":[{\"@type\":\"SearchAction\",\"target\":{\"@type\":\"EntryPoint\",\"urlTemplate\":\"https:\/\/www.notibras.com\/site\/?s={search_term_string}\"},\"query-input\":{\"@type\":\"PropertyValueSpecification\",\"valueRequired\":true,\"valueName\":\"search_term_string\"}}],\"inLanguage\":\"pt-BR\"},{\"@type\":\"Organization\",\"@id\":\"https:\/\/www.notibras.com\/site\/#organization\",\"name\":\"Grupo Notibras de Comunica\u00e7\u00e3o\",\"url\":\"https:\/\/www.notibras.com\/site\/\",\"logo\":{\"@type\":\"ImageObject\",\"inLanguage\":\"pt-BR\",\"@id\":\"https:\/\/www.notibras.com\/site\/#\/schema\/logo\/image\/\",\"url\":\"https:\/\/www.notibras.com\/site\/wp-content\/uploads\/2023\/01\/notibras23.png\",\"contentUrl\":\"https:\/\/www.notibras.com\/site\/wp-content\/uploads\/2023\/01\/notibras23.png\",\"width\":350,\"height\":87,\"caption\":\"Grupo Notibras de Comunica\u00e7\u00e3o\"},\"image\":{\"@id\":\"https:\/\/www.notibras.com\/site\/#\/schema\/logo\/image\/\"},\"sameAs\":[\"https:\/\/www.facebook.com\/notibras\/\",\"https:\/\/x.com\/Notibras\",\"https:\/\/www.instagram.com\/notibras\/\"]},{\"@type\":\"Person\",\"@id\":\"https:\/\/www.notibras.com\/site\/#\/schema\/person\/36ab0979449956132d3e5b517ea76ac8\",\"name\":\"Reda\u00e7\u00e3o\",\"image\":{\"@type\":\"ImageObject\",\"inLanguage\":\"pt-BR\",\"@id\":\"https:\/\/secure.gravatar.com\/avatar\/e0a867bdedb85fd243eadf09663511f96fc81e0720a4a42581f334ad4303aa6b?s=96&d=mm&r=g\",\"url\":\"https:\/\/secure.gravatar.com\/avatar\/e0a867bdedb85fd243eadf09663511f96fc81e0720a4a42581f334ad4303aa6b?s=96&d=mm&r=g\",\"contentUrl\":\"https:\/\/secure.gravatar.com\/avatar\/e0a867bdedb85fd243eadf09663511f96fc81e0720a4a42581f334ad4303aa6b?s=96&d=mm&r=g\",\"caption\":\"Reda\u00e7\u00e3o\"}}]}<\/script>\n<!-- \/ Yoast SEO plugin. -->","yoast_head_json":{"title":"Negros est\u00e3o no topo das maiores v\u00edtimas de homic\u00eddios - Notibras","robots":{"index":"index","follow":"follow","max-snippet":"max-snippet:-1","max-image-preview":"max-image-preview:large","max-video-preview":"max-video-preview:-1"},"canonical":"https:\/\/www.notibras.com\/site\/negros-estao-no-topo-das-vitimas-de-homicidio-no-brasil\/","og_locale":"pt_BR","og_type":"article","og_title":"Negros est\u00e3o no topo das maiores v\u00edtimas de homic\u00eddios - Notibras","og_description":"Morrem 153,4% mais negros do que brancos por homic\u00eddios no Brasil. Os n\u00fameros do estudo Homic\u00eddios e Juventude no Brasil, do Mapa da Viol\u00eancia 2013, mostram a brutal\u00a0desigualdade na viol\u00eancia no Pa\u00eds. Com dados do Sistema de Informa\u00e7\u00f5es sobre Mortalidade do Minist\u00e9rio da Sa\u00fade, aponta que 71,4% das 49,3 mil v\u00edtimas de homic\u00eddios em 2011 [&hellip;]","og_url":"https:\/\/www.notibras.com\/site\/negros-estao-no-topo-das-vitimas-de-homicidio-no-brasil\/","og_site_name":"Notibras","article_publisher":"https:\/\/www.facebook.com\/notibras\/","article_published_time":"2014-05-13T17:34:56+00:00","article_modified_time":"2014-05-13T21:08:28+00:00","og_image":[{"width":400,"height":300,"url":"https:\/\/www.notibras.com\/site\/wp-content\/uploads\/2014\/05\/1224765416695.jpg","type":"image\/jpeg"}],"author":"Reda\u00e7\u00e3o","twitter_card":"summary_large_image","twitter_creator":"@Notibras","twitter_site":"@Notibras","twitter_misc":{"Escrito por":"Reda\u00e7\u00e3o","Est. tempo de leitura":"6 minutos"},"schema":{"@context":"https:\/\/schema.org","@graph":[{"@type":"Article","@id":"https:\/\/www.notibras.com\/site\/negros-estao-no-topo-das-vitimas-de-homicidio-no-brasil\/#article","isPartOf":{"@id":"https:\/\/www.notibras.com\/site\/negros-estao-no-topo-das-vitimas-de-homicidio-no-brasil\/"},"author":{"name":"Reda\u00e7\u00e3o","@id":"https:\/\/www.notibras.com\/site\/#\/schema\/person\/36ab0979449956132d3e5b517ea76ac8"},"headline":"Negros est\u00e3o no topo das maiores v\u00edtimas de homic\u00eddios","datePublished":"2014-05-13T17:34:56+00:00","dateModified":"2014-05-13T21:08:28+00:00","mainEntityOfPage":{"@id":"https:\/\/www.notibras.com\/site\/negros-estao-no-topo-das-vitimas-de-homicidio-no-brasil\/"},"wordCount":1242,"commentCount":0,"publisher":{"@id":"https:\/\/www.notibras.com\/site\/#organization"},"image":{"@id":"https:\/\/www.notibras.com\/site\/negros-estao-no-topo-das-vitimas-de-homicidio-no-brasil\/#primaryimage"},"thumbnailUrl":"https:\/\/www.notibras.com\/site\/wp-content\/uploads\/2014\/05\/1224765416695.jpg","articleSection":["Brasil"],"inLanguage":"pt-BR","potentialAction":[{"@type":"CommentAction","name":"Comment","target":["https:\/\/www.notibras.com\/site\/negros-estao-no-topo-das-vitimas-de-homicidio-no-brasil\/#respond"]}]},{"@type":"WebPage","@id":"https:\/\/www.notibras.com\/site\/negros-estao-no-topo-das-vitimas-de-homicidio-no-brasil\/","url":"https:\/\/www.notibras.com\/site\/negros-estao-no-topo-das-vitimas-de-homicidio-no-brasil\/","name":"Negros est\u00e3o no topo das maiores v\u00edtimas de homic\u00eddios - Notibras","isPartOf":{"@id":"https:\/\/www.notibras.com\/site\/#website"},"primaryImageOfPage":{"@id":"https:\/\/www.notibras.com\/site\/negros-estao-no-topo-das-vitimas-de-homicidio-no-brasil\/#primaryimage"},"image":{"@id":"https:\/\/www.notibras.com\/site\/negros-estao-no-topo-das-vitimas-de-homicidio-no-brasil\/#primaryimage"},"thumbnailUrl":"https:\/\/www.notibras.com\/site\/wp-content\/uploads\/2014\/05\/1224765416695.jpg","datePublished":"2014-05-13T17:34:56+00:00","dateModified":"2014-05-13T21:08:28+00:00","breadcrumb":{"@id":"https:\/\/www.notibras.com\/site\/negros-estao-no-topo-das-vitimas-de-homicidio-no-brasil\/#breadcrumb"},"inLanguage":"pt-BR","potentialAction":[{"@type":"ReadAction","target":["https:\/\/www.notibras.com\/site\/negros-estao-no-topo-das-vitimas-de-homicidio-no-brasil\/"]}]},{"@type":"ImageObject","inLanguage":"pt-BR","@id":"https:\/\/www.notibras.com\/site\/negros-estao-no-topo-das-vitimas-de-homicidio-no-brasil\/#primaryimage","url":"https:\/\/www.notibras.com\/site\/wp-content\/uploads\/2014\/05\/1224765416695.jpg","contentUrl":"https:\/\/www.notibras.com\/site\/wp-content\/uploads\/2014\/05\/1224765416695.jpg","width":400,"height":300},{"@type":"BreadcrumbList","@id":"https:\/\/www.notibras.com\/site\/negros-estao-no-topo-das-vitimas-de-homicidio-no-brasil\/#breadcrumb","itemListElement":[{"@type":"ListItem","position":1,"name":"In\u00edcio","item":"https:\/\/www.notibras.com\/site\/"},{"@type":"ListItem","position":2,"name":"Negros est\u00e3o no topo das maiores v\u00edtimas de homic\u00eddios"}]},{"@type":"WebSite","@id":"https:\/\/www.notibras.com\/site\/#website","url":"https:\/\/www.notibras.com\/site\/","name":"Notibras","description":"Not\u00edcias de Bras\u00edlia, do Brasil e do Mundo","publisher":{"@id":"https:\/\/www.notibras.com\/site\/#organization"},"potentialAction":[{"@type":"SearchAction","target":{"@type":"EntryPoint","urlTemplate":"https:\/\/www.notibras.com\/site\/?s={search_term_string}"},"query-input":{"@type":"PropertyValueSpecification","valueRequired":true,"valueName":"search_term_string"}}],"inLanguage":"pt-BR"},{"@type":"Organization","@id":"https:\/\/www.notibras.com\/site\/#organization","name":"Grupo Notibras de Comunica\u00e7\u00e3o","url":"https:\/\/www.notibras.com\/site\/","logo":{"@type":"ImageObject","inLanguage":"pt-BR","@id":"https:\/\/www.notibras.com\/site\/#\/schema\/logo\/image\/","url":"https:\/\/www.notibras.com\/site\/wp-content\/uploads\/2023\/01\/notibras23.png","contentUrl":"https:\/\/www.notibras.com\/site\/wp-content\/uploads\/2023\/01\/notibras23.png","width":350,"height":87,"caption":"Grupo Notibras de Comunica\u00e7\u00e3o"},"image":{"@id":"https:\/\/www.notibras.com\/site\/#\/schema\/logo\/image\/"},"sameAs":["https:\/\/www.facebook.com\/notibras\/","https:\/\/x.com\/Notibras","https:\/\/www.instagram.com\/notibras\/"]},{"@type":"Person","@id":"https:\/\/www.notibras.com\/site\/#\/schema\/person\/36ab0979449956132d3e5b517ea76ac8","name":"Reda\u00e7\u00e3o","image":{"@type":"ImageObject","inLanguage":"pt-BR","@id":"https:\/\/secure.gravatar.com\/avatar\/e0a867bdedb85fd243eadf09663511f96fc81e0720a4a42581f334ad4303aa6b?s=96&d=mm&r=g","url":"https:\/\/secure.gravatar.com\/avatar\/e0a867bdedb85fd243eadf09663511f96fc81e0720a4a42581f334ad4303aa6b?s=96&d=mm&r=g","contentUrl":"https:\/\/secure.gravatar.com\/avatar\/e0a867bdedb85fd243eadf09663511f96fc81e0720a4a42581f334ad4303aa6b?s=96&d=mm&r=g","caption":"Reda\u00e7\u00e3o"}}]}},"amp_enabled":true,"_links":{"self":[{"href":"https:\/\/www.notibras.com\/site\/wp-json\/wp\/v2\/posts\/9363","targetHints":{"allow":["GET"]}}],"collection":[{"href":"https:\/\/www.notibras.com\/site\/wp-json\/wp\/v2\/posts"}],"about":[{"href":"https:\/\/www.notibras.com\/site\/wp-json\/wp\/v2\/types\/post"}],"author":[{"embeddable":true,"href":"https:\/\/www.notibras.com\/site\/wp-json\/wp\/v2\/users\/2"}],"replies":[{"embeddable":true,"href":"https:\/\/www.notibras.com\/site\/wp-json\/wp\/v2\/comments?post=9363"}],"version-history":[{"count":0,"href":"https:\/\/www.notibras.com\/site\/wp-json\/wp\/v2\/posts\/9363\/revisions"}],"wp:featuredmedia":[{"embeddable":true,"href":"https:\/\/www.notibras.com\/site\/wp-json\/wp\/v2\/media\/9364"}],"wp:attachment":[{"href":"https:\/\/www.notibras.com\/site\/wp-json\/wp\/v2\/media?parent=9363"}],"wp:term":[{"taxonomy":"category","embeddable":true,"href":"https:\/\/www.notibras.com\/site\/wp-json\/wp\/v2\/categories?post=9363"},{"taxonomy":"post_tag","embeddable":true,"href":"https:\/\/www.notibras.com\/site\/wp-json\/wp\/v2\/tags?post=9363"}],"curies":[{"name":"wp","href":"https:\/\/api.w.org\/{rel}","templated":true}]}}