{"id":9370,"date":"2014-05-13T16:50:07","date_gmt":"2014-05-13T19:50:07","guid":{"rendered":"http:\/\/www.notibras.com\/site\/?p=9370"},"modified":"2014-05-15T18:21:08","modified_gmt":"2014-05-15T21:21:08","slug":"a-midia-virtual-a-censura-na-democracia-e-o-parlamento-brasileiro","status":"publish","type":"post","link":"https:\/\/www.notibras.com\/site\/a-midia-virtual-a-censura-na-democracia-e-o-parlamento-brasileiro\/","title":{"rendered":"A m\u00eddia virtual, a censura na Democracia e o parlamento"},"content":{"rendered":"<p>Pesquisa divulgada pela Ordem dos Advogados do Brasil (OAB) indica que 85% dos brasileiros entrevistados s\u00e3o a favor de uma reforma pol\u00edtica. A pesquisa foi destaque na C\u00e2mara dos Deputados, em Bras\u00edlia, quando foi lan\u00e7ada a Coaliz\u00e3o Parlamentar pela Reforma Pol\u00edtica Democr\u00e1tica e Elei\u00e7\u00f5es Limpas.<\/p>\n<p>Entretanto, parece que a C\u00e2mara vira as costas para tal ideia, que re\u00fane mais de 170 deputados comprometidos com a reforma pol\u00edtica democr\u00e1tica, que tem apoio de entidades como Confer\u00eancia Nacional dos Bispos do Brasil (CNBB), Ordem dos Advogados do Brasil (OAB), Movimento de Combate \u00e0 Corrup\u00e7\u00e3o Eleitoral (MCCE), Uni\u00e3o Nacional dos Estudantes (UNE), e centrais sindicais.<\/p>\n<p>Isso porque na \u00faltima quinta-feira (8\/5), o plen\u00e1rio da C\u00e2mara dos Deputados aprovou proposta que tipifica o crime de den\u00fancia caluniosa com finalidade eleitoral. O texto aprovado modifica o C\u00f3digo Eleitoral (Lei 4.737\/65) para punir com reclus\u00e3o de 2 (dois) a 8 (oito) anos, al\u00e9m de multar, quem acusar injustamente um candidato a cargo eleitoral de pr\u00e1tica de crime ou ato infracional.<\/p>\n<p>Ora, ilustres leitores, a reclus\u00e3o \u00e9 a mais severa entre as penas privativas de liberdade. Destina-se a crimes dolosos (com inten\u00e7\u00e3o), a OAB precisa tomar posi\u00e7\u00e3o sobre a proposta que tipifica o crime de den\u00fancia caluniosa com finalidade eleitoral.<\/p>\n<p>Essa postura da C\u00e2mara dos Deputados \u00e9 um insulto aos eleitores, uma afronta ao Estado democr\u00e1tico de direito, s\u00f3 para amea\u00e7ar eleitores, ou seja, \u00e9 a censura normatizada para atingir\u00a0 a\u00a0 imprensa e os \u201celeitores\u201d.<\/p>\n<p>N\u00e3o \u00e9 preciso dizer o que isso significa para a democracia. A inten\u00e7\u00e3o \u00e9 acabar com os coment\u00e1rios nas redes sociais contra os pol\u00edticos. Os coment\u00e1rios negativos desaparecem, e eles v\u00e3o tentar se eleger.<\/p>\n<p>N\u00e3o sabem os parlamentares, que a Organiza\u00e7\u00e3o das Na\u00e7\u00f5es Unidas(ONU) recomenda que a\u00e7\u00f5es de difama\u00e7\u00e3o sejam tratadas no \u00e2mbito civil.<\/p>\n<p>O que h\u00e1 de comum entre alguns parlamentares no Brasil &#8211; \u00e9 a convic\u00e7\u00e3o de quem manda \u2013 e quem manda, n\u00e3o precisa explicar nada ao eleitor. A\u00ed depois reclamam quando o POVO vai pras ruas protestar.<\/p>\n<p>O projeto de lei que pune com reclus\u00e3o, de 2 (dois) a 8 (oito) anos, quem acusar injustamente candidato(a) a cargo eleitoral de ter cometido crime, segue agora para o Senado.<\/p>\n<p>Por fim, \u00e9 importante a participa\u00e7\u00e3o de todos, pois o assunto merece ser amplamente discutido. Que o Senado realize uma audi\u00eancia p\u00fablica para discutir o assunto.<\/p>\n<p>A democracia agradece!.<\/p>\n<p><strong>Ronaldo N\u00f3brega (colunapolitica.com)<\/strong><\/p>\n","protected":false},"excerpt":{"rendered":"<p>Pesquisa divulgada pela Ordem dos Advogados do Brasil (OAB) indica que 85% dos brasileiros entrevistados s\u00e3o a favor de uma reforma pol\u00edtica. A pesquisa foi destaque na C\u00e2mara dos Deputados, em Bras\u00edlia, quando foi lan\u00e7ada a Coaliz\u00e3o Parlamentar pela Reforma Pol\u00edtica Democr\u00e1tica e Elei\u00e7\u00f5es Limpas. Entretanto, parece que a C\u00e2mara vira as costas para tal [&hellip;]<\/p>\n","protected":false},"author":2,"featured_media":9374,"comment_status":"open","ping_status":"closed","sticky":false,"template":"","format":"standard","meta":{"_acf_changed":false,"footnotes":""},"categories":[25],"tags":[],"class_list":["post-9370","post","type-post","status-publish","format-standard","has-post-thumbnail","hentry","category-opina-ai"],"acf":[],"yoast_head":"<!-- This site is optimized with the Yoast SEO plugin v27.5 - https:\/\/yoast.com\/product\/yoast-seo-wordpress\/ -->\n<title>A m\u00eddia virtual, a censura na Democracia e o parlamento - Notibras<\/title>\n<meta name=\"robots\" content=\"index, follow, max-snippet:-1, max-image-preview:large, max-video-preview:-1\" \/>\n<link rel=\"canonical\" href=\"https:\/\/www.notibras.com\/site\/a-midia-virtual-a-censura-na-democracia-e-o-parlamento-brasileiro\/\" \/>\n<meta property=\"og:locale\" content=\"pt_BR\" \/>\n<meta property=\"og:type\" content=\"article\" \/>\n<meta property=\"og:title\" content=\"A m\u00eddia virtual, a censura na Democracia e o parlamento - Notibras\" \/>\n<meta property=\"og:description\" content=\"Pesquisa divulgada pela Ordem dos Advogados do Brasil (OAB) indica que 85% dos brasileiros entrevistados s\u00e3o a favor de uma reforma pol\u00edtica. A pesquisa foi destaque na C\u00e2mara dos Deputados, em Bras\u00edlia, quando foi lan\u00e7ada a Coaliz\u00e3o Parlamentar pela Reforma Pol\u00edtica Democr\u00e1tica e Elei\u00e7\u00f5es Limpas. Entretanto, parece que a C\u00e2mara vira as costas para tal [&hellip;]\" \/>\n<meta property=\"og:url\" content=\"https:\/\/www.notibras.com\/site\/a-midia-virtual-a-censura-na-democracia-e-o-parlamento-brasileiro\/\" \/>\n<meta property=\"og:site_name\" content=\"Notibras\" \/>\n<meta property=\"article:publisher\" content=\"https:\/\/www.facebook.com\/notibras\/\" \/>\n<meta property=\"article:published_time\" content=\"2014-05-13T19:50:07+00:00\" \/>\n<meta property=\"article:modified_time\" content=\"2014-05-15T21:21:08+00:00\" \/>\n<meta property=\"og:image\" content=\"https:\/\/www.notibras.com\/site\/wp-content\/uploads\/2014\/05\/censura-petista.jpg\" \/>\n\t<meta property=\"og:image:width\" content=\"520\" \/>\n\t<meta property=\"og:image:height\" content=\"345\" \/>\n\t<meta property=\"og:image:type\" content=\"image\/jpeg\" \/>\n<meta name=\"author\" content=\"Reda\u00e7\u00e3o\" \/>\n<meta name=\"twitter:card\" content=\"summary_large_image\" \/>\n<meta name=\"twitter:creator\" content=\"@Notibras\" \/>\n<meta name=\"twitter:site\" content=\"@Notibras\" \/>\n<meta name=\"twitter:label1\" content=\"Escrito por\" \/>\n\t<meta name=\"twitter:data1\" content=\"Reda\u00e7\u00e3o\" \/>\n\t<meta name=\"twitter:label2\" content=\"Est. tempo de leitura\" \/>\n\t<meta name=\"twitter:data2\" content=\"2 minutos\" \/>\n<script type=\"application\/ld+json\" class=\"yoast-schema-graph\">{\"@context\":\"https:\\\/\\\/schema.org\",\"@graph\":[{\"@type\":\"Article\",\"@id\":\"https:\\\/\\\/www.notibras.com\\\/site\\\/a-midia-virtual-a-censura-na-democracia-e-o-parlamento-brasileiro\\\/#article\",\"isPartOf\":{\"@id\":\"https:\\\/\\\/www.notibras.com\\\/site\\\/a-midia-virtual-a-censura-na-democracia-e-o-parlamento-brasileiro\\\/\"},\"author\":{\"name\":\"Reda\u00e7\u00e3o\",\"@id\":\"https:\\\/\\\/www.notibras.com\\\/site\\\/#\\\/schema\\\/person\\\/36ab0979449956132d3e5b517ea76ac8\"},\"headline\":\"A m\u00eddia virtual, a censura na Democracia e o parlamento\",\"datePublished\":\"2014-05-13T19:50:07+00:00\",\"dateModified\":\"2014-05-15T21:21:08+00:00\",\"mainEntityOfPage\":{\"@id\":\"https:\\\/\\\/www.notibras.com\\\/site\\\/a-midia-virtual-a-censura-na-democracia-e-o-parlamento-brasileiro\\\/\"},\"wordCount\":437,\"commentCount\":0,\"publisher\":{\"@id\":\"https:\\\/\\\/www.notibras.com\\\/site\\\/#organization\"},\"image\":{\"@id\":\"https:\\\/\\\/www.notibras.com\\\/site\\\/a-midia-virtual-a-censura-na-democracia-e-o-parlamento-brasileiro\\\/#primaryimage\"},\"thumbnailUrl\":\"https:\\\/\\\/www.notibras.com\\\/site\\\/wp-content\\\/uploads\\\/2014\\\/05\\\/censura-petista.jpg\",\"articleSection\":[\"Opina a\u00ed\"],\"inLanguage\":\"pt-BR\",\"potentialAction\":[{\"@type\":\"CommentAction\",\"name\":\"Comment\",\"target\":[\"https:\\\/\\\/www.notibras.com\\\/site\\\/a-midia-virtual-a-censura-na-democracia-e-o-parlamento-brasileiro\\\/#respond\"]}]},{\"@type\":\"WebPage\",\"@id\":\"https:\\\/\\\/www.notibras.com\\\/site\\\/a-midia-virtual-a-censura-na-democracia-e-o-parlamento-brasileiro\\\/\",\"url\":\"https:\\\/\\\/www.notibras.com\\\/site\\\/a-midia-virtual-a-censura-na-democracia-e-o-parlamento-brasileiro\\\/\",\"name\":\"A m\u00eddia virtual, a censura na Democracia e o parlamento - Notibras\",\"isPartOf\":{\"@id\":\"https:\\\/\\\/www.notibras.com\\\/site\\\/#website\"},\"primaryImageOfPage\":{\"@id\":\"https:\\\/\\\/www.notibras.com\\\/site\\\/a-midia-virtual-a-censura-na-democracia-e-o-parlamento-brasileiro\\\/#primaryimage\"},\"image\":{\"@id\":\"https:\\\/\\\/www.notibras.com\\\/site\\\/a-midia-virtual-a-censura-na-democracia-e-o-parlamento-brasileiro\\\/#primaryimage\"},\"thumbnailUrl\":\"https:\\\/\\\/www.notibras.com\\\/site\\\/wp-content\\\/uploads\\\/2014\\\/05\\\/censura-petista.jpg\",\"datePublished\":\"2014-05-13T19:50:07+00:00\",\"dateModified\":\"2014-05-15T21:21:08+00:00\",\"breadcrumb\":{\"@id\":\"https:\\\/\\\/www.notibras.com\\\/site\\\/a-midia-virtual-a-censura-na-democracia-e-o-parlamento-brasileiro\\\/#breadcrumb\"},\"inLanguage\":\"pt-BR\",\"potentialAction\":[{\"@type\":\"ReadAction\",\"target\":[\"https:\\\/\\\/www.notibras.com\\\/site\\\/a-midia-virtual-a-censura-na-democracia-e-o-parlamento-brasileiro\\\/\"]}]},{\"@type\":\"ImageObject\",\"inLanguage\":\"pt-BR\",\"@id\":\"https:\\\/\\\/www.notibras.com\\\/site\\\/a-midia-virtual-a-censura-na-democracia-e-o-parlamento-brasileiro\\\/#primaryimage\",\"url\":\"https:\\\/\\\/www.notibras.com\\\/site\\\/wp-content\\\/uploads\\\/2014\\\/05\\\/censura-petista.jpg\",\"contentUrl\":\"https:\\\/\\\/www.notibras.com\\\/site\\\/wp-content\\\/uploads\\\/2014\\\/05\\\/censura-petista.jpg\",\"width\":520,\"height\":345},{\"@type\":\"BreadcrumbList\",\"@id\":\"https:\\\/\\\/www.notibras.com\\\/site\\\/a-midia-virtual-a-censura-na-democracia-e-o-parlamento-brasileiro\\\/#breadcrumb\",\"itemListElement\":[{\"@type\":\"ListItem\",\"position\":1,\"name\":\"In\u00edcio\",\"item\":\"https:\\\/\\\/www.notibras.com\\\/site\\\/\"},{\"@type\":\"ListItem\",\"position\":2,\"name\":\"A m\u00eddia virtual, a censura na Democracia e o parlamento\"}]},{\"@type\":\"WebSite\",\"@id\":\"https:\\\/\\\/www.notibras.com\\\/site\\\/#website\",\"url\":\"https:\\\/\\\/www.notibras.com\\\/site\\\/\",\"name\":\"Notibras\",\"description\":\"Not\u00edcias de Bras\u00edlia, do Brasil e do Mundo\",\"publisher\":{\"@id\":\"https:\\\/\\\/www.notibras.com\\\/site\\\/#organization\"},\"potentialAction\":[{\"@type\":\"SearchAction\",\"target\":{\"@type\":\"EntryPoint\",\"urlTemplate\":\"https:\\\/\\\/www.notibras.com\\\/site\\\/?s={search_term_string}\"},\"query-input\":{\"@type\":\"PropertyValueSpecification\",\"valueRequired\":true,\"valueName\":\"search_term_string\"}}],\"inLanguage\":\"pt-BR\"},{\"@type\":\"Organization\",\"@id\":\"https:\\\/\\\/www.notibras.com\\\/site\\\/#organization\",\"name\":\"Grupo Notibras de Comunica\u00e7\u00e3o\",\"url\":\"https:\\\/\\\/www.notibras.com\\\/site\\\/\",\"logo\":{\"@type\":\"ImageObject\",\"inLanguage\":\"pt-BR\",\"@id\":\"https:\\\/\\\/www.notibras.com\\\/site\\\/#\\\/schema\\\/logo\\\/image\\\/\",\"url\":\"https:\\\/\\\/www.notibras.com\\\/site\\\/wp-content\\\/uploads\\\/2023\\\/01\\\/notibras23.png\",\"contentUrl\":\"https:\\\/\\\/www.notibras.com\\\/site\\\/wp-content\\\/uploads\\\/2023\\\/01\\\/notibras23.png\",\"width\":350,\"height\":87,\"caption\":\"Grupo Notibras de Comunica\u00e7\u00e3o\"},\"image\":{\"@id\":\"https:\\\/\\\/www.notibras.com\\\/site\\\/#\\\/schema\\\/logo\\\/image\\\/\"},\"sameAs\":[\"https:\\\/\\\/www.facebook.com\\\/notibras\\\/\",\"https:\\\/\\\/x.com\\\/Notibras\",\"https:\\\/\\\/www.instagram.com\\\/notibras\\\/\"]},{\"@type\":\"Person\",\"@id\":\"https:\\\/\\\/www.notibras.com\\\/site\\\/#\\\/schema\\\/person\\\/36ab0979449956132d3e5b517ea76ac8\",\"name\":\"Reda\u00e7\u00e3o\",\"image\":{\"@type\":\"ImageObject\",\"inLanguage\":\"pt-BR\",\"@id\":\"https:\\\/\\\/secure.gravatar.com\\\/avatar\\\/e0a867bdedb85fd243eadf09663511f96fc81e0720a4a42581f334ad4303aa6b?s=96&d=mm&r=g\",\"url\":\"https:\\\/\\\/secure.gravatar.com\\\/avatar\\\/e0a867bdedb85fd243eadf09663511f96fc81e0720a4a42581f334ad4303aa6b?s=96&d=mm&r=g\",\"contentUrl\":\"https:\\\/\\\/secure.gravatar.com\\\/avatar\\\/e0a867bdedb85fd243eadf09663511f96fc81e0720a4a42581f334ad4303aa6b?s=96&d=mm&r=g\",\"caption\":\"Reda\u00e7\u00e3o\"}}]}<\/script>\n<!-- \/ Yoast SEO plugin. -->","yoast_head_json":{"title":"A m\u00eddia virtual, a censura na Democracia e o parlamento - Notibras","robots":{"index":"index","follow":"follow","max-snippet":"max-snippet:-1","max-image-preview":"max-image-preview:large","max-video-preview":"max-video-preview:-1"},"canonical":"https:\/\/www.notibras.com\/site\/a-midia-virtual-a-censura-na-democracia-e-o-parlamento-brasileiro\/","og_locale":"pt_BR","og_type":"article","og_title":"A m\u00eddia virtual, a censura na Democracia e o parlamento - Notibras","og_description":"Pesquisa divulgada pela Ordem dos Advogados do Brasil (OAB) indica que 85% dos brasileiros entrevistados s\u00e3o a favor de uma reforma pol\u00edtica. A pesquisa foi destaque na C\u00e2mara dos Deputados, em Bras\u00edlia, quando foi lan\u00e7ada a Coaliz\u00e3o Parlamentar pela Reforma Pol\u00edtica Democr\u00e1tica e Elei\u00e7\u00f5es Limpas. Entretanto, parece que a C\u00e2mara vira as costas para tal [&hellip;]","og_url":"https:\/\/www.notibras.com\/site\/a-midia-virtual-a-censura-na-democracia-e-o-parlamento-brasileiro\/","og_site_name":"Notibras","article_publisher":"https:\/\/www.facebook.com\/notibras\/","article_published_time":"2014-05-13T19:50:07+00:00","article_modified_time":"2014-05-15T21:21:08+00:00","og_image":[{"width":520,"height":345,"url":"https:\/\/www.notibras.com\/site\/wp-content\/uploads\/2014\/05\/censura-petista.jpg","type":"image\/jpeg"}],"author":"Reda\u00e7\u00e3o","twitter_card":"summary_large_image","twitter_creator":"@Notibras","twitter_site":"@Notibras","twitter_misc":{"Escrito por":"Reda\u00e7\u00e3o","Est. tempo de leitura":"2 minutos"},"schema":{"@context":"https:\/\/schema.org","@graph":[{"@type":"Article","@id":"https:\/\/www.notibras.com\/site\/a-midia-virtual-a-censura-na-democracia-e-o-parlamento-brasileiro\/#article","isPartOf":{"@id":"https:\/\/www.notibras.com\/site\/a-midia-virtual-a-censura-na-democracia-e-o-parlamento-brasileiro\/"},"author":{"name":"Reda\u00e7\u00e3o","@id":"https:\/\/www.notibras.com\/site\/#\/schema\/person\/36ab0979449956132d3e5b517ea76ac8"},"headline":"A m\u00eddia virtual, a censura na Democracia e o parlamento","datePublished":"2014-05-13T19:50:07+00:00","dateModified":"2014-05-15T21:21:08+00:00","mainEntityOfPage":{"@id":"https:\/\/www.notibras.com\/site\/a-midia-virtual-a-censura-na-democracia-e-o-parlamento-brasileiro\/"},"wordCount":437,"commentCount":0,"publisher":{"@id":"https:\/\/www.notibras.com\/site\/#organization"},"image":{"@id":"https:\/\/www.notibras.com\/site\/a-midia-virtual-a-censura-na-democracia-e-o-parlamento-brasileiro\/#primaryimage"},"thumbnailUrl":"https:\/\/www.notibras.com\/site\/wp-content\/uploads\/2014\/05\/censura-petista.jpg","articleSection":["Opina a\u00ed"],"inLanguage":"pt-BR","potentialAction":[{"@type":"CommentAction","name":"Comment","target":["https:\/\/www.notibras.com\/site\/a-midia-virtual-a-censura-na-democracia-e-o-parlamento-brasileiro\/#respond"]}]},{"@type":"WebPage","@id":"https:\/\/www.notibras.com\/site\/a-midia-virtual-a-censura-na-democracia-e-o-parlamento-brasileiro\/","url":"https:\/\/www.notibras.com\/site\/a-midia-virtual-a-censura-na-democracia-e-o-parlamento-brasileiro\/","name":"A m\u00eddia virtual, a censura na Democracia e o parlamento - Notibras","isPartOf":{"@id":"https:\/\/www.notibras.com\/site\/#website"},"primaryImageOfPage":{"@id":"https:\/\/www.notibras.com\/site\/a-midia-virtual-a-censura-na-democracia-e-o-parlamento-brasileiro\/#primaryimage"},"image":{"@id":"https:\/\/www.notibras.com\/site\/a-midia-virtual-a-censura-na-democracia-e-o-parlamento-brasileiro\/#primaryimage"},"thumbnailUrl":"https:\/\/www.notibras.com\/site\/wp-content\/uploads\/2014\/05\/censura-petista.jpg","datePublished":"2014-05-13T19:50:07+00:00","dateModified":"2014-05-15T21:21:08+00:00","breadcrumb":{"@id":"https:\/\/www.notibras.com\/site\/a-midia-virtual-a-censura-na-democracia-e-o-parlamento-brasileiro\/#breadcrumb"},"inLanguage":"pt-BR","potentialAction":[{"@type":"ReadAction","target":["https:\/\/www.notibras.com\/site\/a-midia-virtual-a-censura-na-democracia-e-o-parlamento-brasileiro\/"]}]},{"@type":"ImageObject","inLanguage":"pt-BR","@id":"https:\/\/www.notibras.com\/site\/a-midia-virtual-a-censura-na-democracia-e-o-parlamento-brasileiro\/#primaryimage","url":"https:\/\/www.notibras.com\/site\/wp-content\/uploads\/2014\/05\/censura-petista.jpg","contentUrl":"https:\/\/www.notibras.com\/site\/wp-content\/uploads\/2014\/05\/censura-petista.jpg","width":520,"height":345},{"@type":"BreadcrumbList","@id":"https:\/\/www.notibras.com\/site\/a-midia-virtual-a-censura-na-democracia-e-o-parlamento-brasileiro\/#breadcrumb","itemListElement":[{"@type":"ListItem","position":1,"name":"In\u00edcio","item":"https:\/\/www.notibras.com\/site\/"},{"@type":"ListItem","position":2,"name":"A m\u00eddia virtual, a censura na Democracia e o parlamento"}]},{"@type":"WebSite","@id":"https:\/\/www.notibras.com\/site\/#website","url":"https:\/\/www.notibras.com\/site\/","name":"Notibras","description":"Not\u00edcias de Bras\u00edlia, do Brasil e do Mundo","publisher":{"@id":"https:\/\/www.notibras.com\/site\/#organization"},"potentialAction":[{"@type":"SearchAction","target":{"@type":"EntryPoint","urlTemplate":"https:\/\/www.notibras.com\/site\/?s={search_term_string}"},"query-input":{"@type":"PropertyValueSpecification","valueRequired":true,"valueName":"search_term_string"}}],"inLanguage":"pt-BR"},{"@type":"Organization","@id":"https:\/\/www.notibras.com\/site\/#organization","name":"Grupo Notibras de Comunica\u00e7\u00e3o","url":"https:\/\/www.notibras.com\/site\/","logo":{"@type":"ImageObject","inLanguage":"pt-BR","@id":"https:\/\/www.notibras.com\/site\/#\/schema\/logo\/image\/","url":"https:\/\/www.notibras.com\/site\/wp-content\/uploads\/2023\/01\/notibras23.png","contentUrl":"https:\/\/www.notibras.com\/site\/wp-content\/uploads\/2023\/01\/notibras23.png","width":350,"height":87,"caption":"Grupo Notibras de Comunica\u00e7\u00e3o"},"image":{"@id":"https:\/\/www.notibras.com\/site\/#\/schema\/logo\/image\/"},"sameAs":["https:\/\/www.facebook.com\/notibras\/","https:\/\/x.com\/Notibras","https:\/\/www.instagram.com\/notibras\/"]},{"@type":"Person","@id":"https:\/\/www.notibras.com\/site\/#\/schema\/person\/36ab0979449956132d3e5b517ea76ac8","name":"Reda\u00e7\u00e3o","image":{"@type":"ImageObject","inLanguage":"pt-BR","@id":"https:\/\/secure.gravatar.com\/avatar\/e0a867bdedb85fd243eadf09663511f96fc81e0720a4a42581f334ad4303aa6b?s=96&d=mm&r=g","url":"https:\/\/secure.gravatar.com\/avatar\/e0a867bdedb85fd243eadf09663511f96fc81e0720a4a42581f334ad4303aa6b?s=96&d=mm&r=g","contentUrl":"https:\/\/secure.gravatar.com\/avatar\/e0a867bdedb85fd243eadf09663511f96fc81e0720a4a42581f334ad4303aa6b?s=96&d=mm&r=g","caption":"Reda\u00e7\u00e3o"}}]}},"amp_enabled":true,"_links":{"self":[{"href":"https:\/\/www.notibras.com\/site\/wp-json\/wp\/v2\/posts\/9370","targetHints":{"allow":["GET"]}}],"collection":[{"href":"https:\/\/www.notibras.com\/site\/wp-json\/wp\/v2\/posts"}],"about":[{"href":"https:\/\/www.notibras.com\/site\/wp-json\/wp\/v2\/types\/post"}],"author":[{"embeddable":true,"href":"https:\/\/www.notibras.com\/site\/wp-json\/wp\/v2\/users\/2"}],"replies":[{"embeddable":true,"href":"https:\/\/www.notibras.com\/site\/wp-json\/wp\/v2\/comments?post=9370"}],"version-history":[{"count":0,"href":"https:\/\/www.notibras.com\/site\/wp-json\/wp\/v2\/posts\/9370\/revisions"}],"wp:featuredmedia":[{"embeddable":true,"href":"https:\/\/www.notibras.com\/site\/wp-json\/wp\/v2\/media\/9374"}],"wp:attachment":[{"href":"https:\/\/www.notibras.com\/site\/wp-json\/wp\/v2\/media?parent=9370"}],"wp:term":[{"taxonomy":"category","embeddable":true,"href":"https:\/\/www.notibras.com\/site\/wp-json\/wp\/v2\/categories?post=9370"},{"taxonomy":"post_tag","embeddable":true,"href":"https:\/\/www.notibras.com\/site\/wp-json\/wp\/v2\/tags?post=9370"}],"curies":[{"name":"wp","href":"https:\/\/api.w.org\/{rel}","templated":true}]}}