{"id":9375,"date":"2014-05-13T17:52:16","date_gmt":"2014-05-13T20:52:16","guid":{"rendered":"http:\/\/www.notibras.com\/site\/?p=9375"},"modified":"2014-05-13T17:52:16","modified_gmt":"2014-05-13T20:52:16","slug":"sabella-chama-30-argentinos-para-a-copa-e-deixa-tevez-de-fora","status":"publish","type":"post","link":"https:\/\/www.notibras.com\/site\/sabella-chama-30-argentinos-para-a-copa-e-deixa-tevez-de-fora\/","title":{"rendered":"Sabella chama 30 argentinos para a Copa e deixa Tevez de fora"},"content":{"rendered":"<p>O t\u00e9cnico Alejandro Sabella divulgou na tarde desta ter\u00e7a-feira o grupo dos 30 jogadores inscritos para defender a Argentina para a Copa do Mundo. Conforme esperado e contra o apoio popular, o treinador ignorou o atacante Tevez, da Juventus, principal destaque do Campeonato Italiano nesta temporada.<\/p>\n<p>Sabella manteve a base convocada dos \u00faltimos anos, com apostas em nomes como \u00c9ver Banega, que ainda n\u00e3o encontrou o seu futebol no Newell&#8217;s Old Boys, e o zagueiro Jos\u00e9 Basanta, do Monterrey; talvez o nome mais questionado nos \u00faltimos jogos da alviceleste antes desta convoca\u00e7\u00e3o.<\/p>\n<p>Al\u00e9m de Tevez, Sabella ignorou tamb\u00e9m a \u00f3tima fase do goleiro Willy Caballero, um dos grandes nomes do M\u00e1laga desde a \u00faltima temporada, quando a equipe espanhola alcan\u00e7ou as quartas de final da Uefa Champions League. O treinador levar\u00e1 os &#8216;homens de confian\u00e7a&#8217; Mariano And\u00fajar (Catania), Agust\u00edn Ori\u00f3n (Boca Juniors) e Sergio Romero (Monaco).<\/p>\n<p>A grande surpresa da lista ficou por conta do zagueiro Mart\u00edn Demichelis, que n\u00e3o era chamado para defender o pa\u00eds desde 2011. Titular durante boa parte da temporada no Manchester City, o veterano de 33 anos foi muito questionado, especialmente pela atua\u00e7\u00e3o nas partidas decisivas contra o Barcelona, nas oitavas de final da Champions League.<\/p>\n<p>Outro nome inesperado na rela\u00e7\u00e3o \u00e9 o do atacante Franco Di Santo, do Werder Bremen. O jogador n\u00e3o era chamado por Sabella desde mar\u00e7o de 2013, em empate por 1 a 1 com a Bol\u00edvia, pelas Eliminat\u00f3rias para a Copa. O atleta ainda defendia o Wigan, da Inglaterra, na \u00e9poca da \u00faltima convoca\u00e7\u00e3o.<\/p>\n","protected":false},"excerpt":{"rendered":"<p>O t\u00e9cnico Alejandro Sabella divulgou na tarde desta ter\u00e7a-feira o grupo dos 30 jogadores inscritos para defender a Argentina para a Copa do Mundo. Conforme esperado e contra o apoio popular, o treinador ignorou o atacante Tevez, da Juventus, principal destaque do Campeonato Italiano nesta temporada. Sabella manteve a base convocada dos \u00faltimos anos, com [&hellip;]<\/p>\n","protected":false},"author":2,"featured_media":9376,"comment_status":"open","ping_status":"closed","sticky":false,"template":"","format":"standard","meta":{"_acf_changed":false,"footnotes":""},"categories":[19],"tags":[],"class_list":["post-9375","post","type-post","status-publish","format-standard","has-post-thumbnail","hentry","category-esportes"],"acf":[],"_links":{"self":[{"href":"https:\/\/www.notibras.com\/site\/wp-json\/wp\/v2\/posts\/9375","targetHints":{"allow":["GET"]}}],"collection":[{"href":"https:\/\/www.notibras.com\/site\/wp-json\/wp\/v2\/posts"}],"about":[{"href":"https:\/\/www.notibras.com\/site\/wp-json\/wp\/v2\/types\/post"}],"author":[{"embeddable":true,"href":"https:\/\/www.notibras.com\/site\/wp-json\/wp\/v2\/users\/2"}],"replies":[{"embeddable":true,"href":"https:\/\/www.notibras.com\/site\/wp-json\/wp\/v2\/comments?post=9375"}],"version-history":[{"count":0,"href":"https:\/\/www.notibras.com\/site\/wp-json\/wp\/v2\/posts\/9375\/revisions"}],"wp:featuredmedia":[{"embeddable":true,"href":"https:\/\/www.notibras.com\/site\/wp-json\/wp\/v2\/media\/9376"}],"wp:attachment":[{"href":"https:\/\/www.notibras.com\/site\/wp-json\/wp\/v2\/media?parent=9375"}],"wp:term":[{"taxonomy":"category","embeddable":true,"href":"https:\/\/www.notibras.com\/site\/wp-json\/wp\/v2\/categories?post=9375"},{"taxonomy":"post_tag","embeddable":true,"href":"https:\/\/www.notibras.com\/site\/wp-json\/wp\/v2\/tags?post=9375"}],"curies":[{"name":"wp","href":"https:\/\/api.w.org\/{rel}","templated":true}]}}