{"id":93790,"date":"2016-03-14T13:22:56","date_gmt":"2016-03-14T16:22:56","guid":{"rendered":"http:\/\/www.notibras.com\/site\/?p=93790"},"modified":"2016-03-14T14:06:33","modified_gmt":"2016-03-14T17:06:33","slug":"cercado-pela-lava-jato-lula-diz-a-rui-falcao-que-avalia-assumir-um-ministerio","status":"publish","type":"post","link":"https:\/\/www.notibras.com\/site\/cercado-pela-lava-jato-lula-diz-a-rui-falcao-que-avalia-assumir-um-ministerio\/","title":{"rendered":"Cercado pela Lava Jato, Lula revela a Rui Falc\u00e3o que j\u00e1 avalia assumir um minist\u00e9rio"},"content":{"rendered":"<h6 class=\"Assina\"><strong>Ana Fernandes e Ricardo Galhardo<\/strong><\/h6>\n<p>Ao deixar nesta segunda-feira, 14, a sede do Instituto Lula, em S\u00e3o Paulo, o presidente nacional do PT, Rui Falc\u00e3o, disse que o ex-presidente &#8220;continua pensando&#8221; sobre o convite para ocupar algum minist\u00e9rio no governo Dilma Rousseff. O dirigente afirmou que sua opini\u00e3o \u00e9 de que Lula deveria ir para o governo, independentemente do volume dos protestos do domingo, 13.<\/p>\n<p>&#8220;A decis\u00e3o \u00e9 dele, pessoal. Minha opini\u00e3o \u00e9 que ele deveria ir, independentemente dos protestos, mas \u00e9 uma decis\u00e3o dif\u00edcil, tem que ser muito pensada e ele \u00e9 que vai tomar essa decis\u00e3o&#8221;, afirmou Falc\u00e3o.<\/p>\n<p>O presidente do PT disse que, a seu ver, as manifesta\u00e7\u00f5es neste domingo n\u00e3o d\u00e3o for\u00e7a \u00e0 tramita\u00e7\u00e3o do processo de impeachment contra Dilma Rousseff. &#8220;Foi uma manifesta\u00e7\u00e3o de rejei\u00e7\u00e3o \u00e0 pol\u00edtica e de combate \u00e0 corrup\u00e7\u00e3o&#8221;, minimizou.<\/p>\n<p>Ao entrar no carro com pressa para n\u00e3o perder um voo, Falc\u00e3o foi ainda questionado pelos jornalistas sobre o &#8216;aviso pr\u00e9vio&#8217; do PMDB, que na conven\u00e7\u00e3o do \u00faltimo s\u00e1bado, 12, disse que avaliar\u00e1 o desembarque do governo Dilma em 30 dias. &#8220;Mas continua no governo&#8221;, respondeu Falc\u00e3o.<\/p>\n<p><img loading=\"lazy\" decoding=\"async\" class=\"alignnone size-full wp-image-70065\" src=\"http:\/\/www.notibras.com\/site\/wp-content\/uploads\/2015\/10\/estadao.png\" alt=\"estadao\" width=\"99\" height=\"16\" \/><\/p>\n","protected":false},"excerpt":{"rendered":"<p>Ana Fernandes e Ricardo Galhardo Ao deixar nesta segunda-feira, 14, a sede do Instituto Lula, em S\u00e3o Paulo, o presidente nacional do PT, Rui Falc\u00e3o, disse que o ex-presidente &#8220;continua pensando&#8221; sobre o convite para ocupar algum minist\u00e9rio no governo Dilma Rousseff. O dirigente afirmou que sua opini\u00e3o \u00e9 de que Lula deveria ir para [&hellip;]<\/p>\n","protected":false},"author":2,"featured_media":93791,"comment_status":"open","ping_status":"closed","sticky":false,"template":"","format":"standard","meta":{"_acf_changed":false,"footnotes":""},"categories":[16],"tags":[],"class_list":["post-93790","post","type-post","status-publish","format-standard","has-post-thumbnail","hentry","category-brasil"],"acf":[],"_links":{"self":[{"href":"https:\/\/www.notibras.com\/site\/wp-json\/wp\/v2\/posts\/93790","targetHints":{"allow":["GET"]}}],"collection":[{"href":"https:\/\/www.notibras.com\/site\/wp-json\/wp\/v2\/posts"}],"about":[{"href":"https:\/\/www.notibras.com\/site\/wp-json\/wp\/v2\/types\/post"}],"author":[{"embeddable":true,"href":"https:\/\/www.notibras.com\/site\/wp-json\/wp\/v2\/users\/2"}],"replies":[{"embeddable":true,"href":"https:\/\/www.notibras.com\/site\/wp-json\/wp\/v2\/comments?post=93790"}],"version-history":[{"count":2,"href":"https:\/\/www.notibras.com\/site\/wp-json\/wp\/v2\/posts\/93790\/revisions"}],"predecessor-version":[{"id":93793,"href":"https:\/\/www.notibras.com\/site\/wp-json\/wp\/v2\/posts\/93790\/revisions\/93793"}],"wp:featuredmedia":[{"embeddable":true,"href":"https:\/\/www.notibras.com\/site\/wp-json\/wp\/v2\/media\/93791"}],"wp:attachment":[{"href":"https:\/\/www.notibras.com\/site\/wp-json\/wp\/v2\/media?parent=93790"}],"wp:term":[{"taxonomy":"category","embeddable":true,"href":"https:\/\/www.notibras.com\/site\/wp-json\/wp\/v2\/categories?post=93790"},{"taxonomy":"post_tag","embeddable":true,"href":"https:\/\/www.notibras.com\/site\/wp-json\/wp\/v2\/tags?post=93790"}],"curies":[{"name":"wp","href":"https:\/\/api.w.org\/{rel}","templated":true}]}}