{"id":9404,"date":"2014-05-13T22:07:01","date_gmt":"2014-05-14T01:07:01","guid":{"rendered":"http:\/\/www.notibras.com\/site\/?p=9404"},"modified":"2014-05-14T21:42:44","modified_gmt":"2014-05-15T00:42:44","slug":"nautico-faz-2x0-no-america-rn-mas-precisava-de-tres-e-e-eliminado","status":"publish","type":"post","link":"https:\/\/www.notibras.com\/site\/nautico-faz-2x0-no-america-rn-mas-precisava-de-tres-e-e-eliminado\/","title":{"rendered":"N\u00e1utico faz 2&#215;0 no Am\u00e9rica-RN mas \u00e9 eliminado da Copa do Brasil"},"content":{"rendered":"<p>O N\u00e1utico tinha uma &#8220;miss\u00e3o imposs\u00edvel&#8221; na noite desta ter\u00e7a-feira, contra o Am\u00e9rica-RN, pela Copa do Brasil.\u00a0Na Arena Pernambuco, est\u00e1dio constru\u00eddo para a Copa do Mundo, apenas 354 torcedores apoiaram o time que precisava reverter um placar de 3 a 0 para avan\u00e7ar \u00e0 terceira fase da competi\u00e7\u00e3o. Com dois gols do zagueiro Fl\u00e1vio, a equipe pernambucana chegou perto, venceu por 2 a 0, mas acabou eliminada pelo time potiguar.<\/p>\n<p class=\"text\">Dentro de casa, o N\u00e1utico se imp\u00f4s durante toda partida, transformando o jogo em ataque contra defesa. Apesar da press\u00e3o, a equipe conseguiu abrir o placar apenas no segundo tempo. Aos 19min, ap\u00f3s r\u00e1pida\u00a0cobran\u00e7a de escanteio, Fl\u00e1vio subiu mais alto\u00a0e estufou a rede do goleiro Fernando Henrique. O segundo saiu aos 24min, tamb\u00e9m de cabe\u00e7a. Ap\u00f3s outra batida de escanteio, o goleiro do Am\u00e9rica rebateu errado, o que possibilitou outro cruzamento para a \u00e1rea. Fl\u00e1vio apareceu, de novo, e mandou para o gol.<\/p>\n<p class=\"text\">Com o 2 a 0 no placar, o time potiguar se fechou mais ainda e s\u00f3 n\u00e3o levou mais gols gra\u00e7as ao goleiro Fernando Henrique, que praticou defesas milagrosas. Com esse resultado, o Am\u00e9rica-RN enfrenta agora o Fluminense, que venceu o Tupi-MG por 3 a 0 na partida de ida, descartando a necessidade de realizar o jogo de volta.<\/p>\n","protected":false},"excerpt":{"rendered":"<p>O N\u00e1utico tinha uma &#8220;miss\u00e3o imposs\u00edvel&#8221; na noite desta ter\u00e7a-feira, contra o Am\u00e9rica-RN, pela Copa do Brasil.\u00a0Na Arena Pernambuco, est\u00e1dio constru\u00eddo para a Copa do Mundo, apenas 354 torcedores apoiaram o time que precisava reverter um placar de 3 a 0 para avan\u00e7ar \u00e0 terceira fase da competi\u00e7\u00e3o. Com dois gols do zagueiro Fl\u00e1vio, a [&hellip;]<\/p>\n","protected":false},"author":2,"featured_media":9405,"comment_status":"open","ping_status":"closed","sticky":false,"template":"","format":"standard","meta":{"_acf_changed":false,"footnotes":""},"categories":[19,29],"tags":[],"class_list":["post-9404","post","type-post","status-publish","format-standard","has-post-thumbnail","hentry","category-esportes","category-futebol"],"acf":[],"yoast_head":"<!-- This site is optimized with the Yoast SEO plugin v27.2 - https:\/\/yoast.com\/product\/yoast-seo-wordpress\/ -->\n<title>N\u00e1utico faz 2x0 no Am\u00e9rica-RN mas \u00e9 eliminado da Copa do Brasil - Notibras<\/title>\n<meta name=\"robots\" content=\"index, follow, max-snippet:-1, max-image-preview:large, max-video-preview:-1\" \/>\n<link rel=\"canonical\" href=\"https:\/\/www.notibras.com\/site\/nautico-faz-2x0-no-america-rn-mas-precisava-de-tres-e-e-eliminado\/\" \/>\n<meta property=\"og:locale\" content=\"pt_BR\" \/>\n<meta property=\"og:type\" content=\"article\" \/>\n<meta property=\"og:title\" content=\"N\u00e1utico faz 2x0 no Am\u00e9rica-RN mas \u00e9 eliminado da Copa do Brasil - Notibras\" \/>\n<meta property=\"og:description\" content=\"O N\u00e1utico tinha uma &#8220;miss\u00e3o imposs\u00edvel&#8221; na noite desta ter\u00e7a-feira, contra o Am\u00e9rica-RN, pela Copa do Brasil.\u00a0Na Arena Pernambuco, est\u00e1dio constru\u00eddo para a Copa do Mundo, apenas 354 torcedores apoiaram o time que precisava reverter um placar de 3 a 0 para avan\u00e7ar \u00e0 terceira fase da competi\u00e7\u00e3o. Com dois gols do zagueiro Fl\u00e1vio, a [&hellip;]\" \/>\n<meta property=\"og:url\" content=\"https:\/\/www.notibras.com\/site\/nautico-faz-2x0-no-america-rn-mas-precisava-de-tres-e-e-eliminado\/\" \/>\n<meta property=\"og:site_name\" content=\"Notibras\" \/>\n<meta property=\"article:publisher\" content=\"https:\/\/www.facebook.com\/notibras\/\" \/>\n<meta property=\"article:published_time\" content=\"2014-05-14T01:07:01+00:00\" \/>\n<meta property=\"article:modified_time\" content=\"2014-05-15T00:42:44+00:00\" \/>\n<meta property=\"og:image\" content=\"https:\/\/www.notibras.com\/site\/wp-content\/uploads\/2014\/05\/esp3.jpg\" \/>\n\t<meta property=\"og:image:width\" content=\"460\" \/>\n\t<meta property=\"og:image:height\" content=\"340\" \/>\n\t<meta property=\"og:image:type\" content=\"image\/jpeg\" \/>\n<meta name=\"author\" content=\"Reda\u00e7\u00e3o\" \/>\n<meta name=\"twitter:card\" content=\"summary_large_image\" \/>\n<meta name=\"twitter:creator\" content=\"@Notibras\" \/>\n<meta name=\"twitter:site\" content=\"@Notibras\" \/>\n<meta name=\"twitter:label1\" content=\"Escrito por\" \/>\n\t<meta name=\"twitter:data1\" content=\"Reda\u00e7\u00e3o\" \/>\n\t<meta name=\"twitter:label2\" content=\"Est. tempo de leitura\" \/>\n\t<meta name=\"twitter:data2\" content=\"1 minuto\" \/>\n<script type=\"application\/ld+json\" class=\"yoast-schema-graph\">{\"@context\":\"https:\/\/schema.org\",\"@graph\":[{\"@type\":\"Article\",\"@id\":\"https:\/\/www.notibras.com\/site\/nautico-faz-2x0-no-america-rn-mas-precisava-de-tres-e-e-eliminado\/#article\",\"isPartOf\":{\"@id\":\"https:\/\/www.notibras.com\/site\/nautico-faz-2x0-no-america-rn-mas-precisava-de-tres-e-e-eliminado\/\"},\"author\":{\"name\":\"Reda\u00e7\u00e3o\",\"@id\":\"https:\/\/www.notibras.com\/site\/#\/schema\/person\/36ab0979449956132d3e5b517ea76ac8\"},\"headline\":\"N\u00e1utico faz 2&#215;0 no Am\u00e9rica-RN mas \u00e9 eliminado da Copa do Brasil\",\"datePublished\":\"2014-05-14T01:07:01+00:00\",\"dateModified\":\"2014-05-15T00:42:44+00:00\",\"mainEntityOfPage\":{\"@id\":\"https:\/\/www.notibras.com\/site\/nautico-faz-2x0-no-america-rn-mas-precisava-de-tres-e-e-eliminado\/\"},\"wordCount\":243,\"commentCount\":0,\"publisher\":{\"@id\":\"https:\/\/www.notibras.com\/site\/#organization\"},\"image\":{\"@id\":\"https:\/\/www.notibras.com\/site\/nautico-faz-2x0-no-america-rn-mas-precisava-de-tres-e-e-eliminado\/#primaryimage\"},\"thumbnailUrl\":\"https:\/\/www.notibras.com\/site\/wp-content\/uploads\/2014\/05\/esp3.jpg\",\"articleSection\":[\"Esportes\",\"Futebol\"],\"inLanguage\":\"pt-BR\",\"potentialAction\":[{\"@type\":\"CommentAction\",\"name\":\"Comment\",\"target\":[\"https:\/\/www.notibras.com\/site\/nautico-faz-2x0-no-america-rn-mas-precisava-de-tres-e-e-eliminado\/#respond\"]}]},{\"@type\":\"WebPage\",\"@id\":\"https:\/\/www.notibras.com\/site\/nautico-faz-2x0-no-america-rn-mas-precisava-de-tres-e-e-eliminado\/\",\"url\":\"https:\/\/www.notibras.com\/site\/nautico-faz-2x0-no-america-rn-mas-precisava-de-tres-e-e-eliminado\/\",\"name\":\"N\u00e1utico faz 2x0 no Am\u00e9rica-RN mas \u00e9 eliminado da Copa do Brasil - Notibras\",\"isPartOf\":{\"@id\":\"https:\/\/www.notibras.com\/site\/#website\"},\"primaryImageOfPage\":{\"@id\":\"https:\/\/www.notibras.com\/site\/nautico-faz-2x0-no-america-rn-mas-precisava-de-tres-e-e-eliminado\/#primaryimage\"},\"image\":{\"@id\":\"https:\/\/www.notibras.com\/site\/nautico-faz-2x0-no-america-rn-mas-precisava-de-tres-e-e-eliminado\/#primaryimage\"},\"thumbnailUrl\":\"https:\/\/www.notibras.com\/site\/wp-content\/uploads\/2014\/05\/esp3.jpg\",\"datePublished\":\"2014-05-14T01:07:01+00:00\",\"dateModified\":\"2014-05-15T00:42:44+00:00\",\"breadcrumb\":{\"@id\":\"https:\/\/www.notibras.com\/site\/nautico-faz-2x0-no-america-rn-mas-precisava-de-tres-e-e-eliminado\/#breadcrumb\"},\"inLanguage\":\"pt-BR\",\"potentialAction\":[{\"@type\":\"ReadAction\",\"target\":[\"https:\/\/www.notibras.com\/site\/nautico-faz-2x0-no-america-rn-mas-precisava-de-tres-e-e-eliminado\/\"]}]},{\"@type\":\"ImageObject\",\"inLanguage\":\"pt-BR\",\"@id\":\"https:\/\/www.notibras.com\/site\/nautico-faz-2x0-no-america-rn-mas-precisava-de-tres-e-e-eliminado\/#primaryimage\",\"url\":\"https:\/\/www.notibras.com\/site\/wp-content\/uploads\/2014\/05\/esp3.jpg\",\"contentUrl\":\"https:\/\/www.notibras.com\/site\/wp-content\/uploads\/2014\/05\/esp3.jpg\",\"width\":460,\"height\":340},{\"@type\":\"BreadcrumbList\",\"@id\":\"https:\/\/www.notibras.com\/site\/nautico-faz-2x0-no-america-rn-mas-precisava-de-tres-e-e-eliminado\/#breadcrumb\",\"itemListElement\":[{\"@type\":\"ListItem\",\"position\":1,\"name\":\"In\u00edcio\",\"item\":\"https:\/\/www.notibras.com\/site\/\"},{\"@type\":\"ListItem\",\"position\":2,\"name\":\"N\u00e1utico faz 2&#215;0 no Am\u00e9rica-RN mas \u00e9 eliminado da Copa do Brasil\"}]},{\"@type\":\"WebSite\",\"@id\":\"https:\/\/www.notibras.com\/site\/#website\",\"url\":\"https:\/\/www.notibras.com\/site\/\",\"name\":\"Notibras\",\"description\":\"Not\u00edcias de Bras\u00edlia, do Brasil e do Mundo\",\"publisher\":{\"@id\":\"https:\/\/www.notibras.com\/site\/#organization\"},\"potentialAction\":[{\"@type\":\"SearchAction\",\"target\":{\"@type\":\"EntryPoint\",\"urlTemplate\":\"https:\/\/www.notibras.com\/site\/?s={search_term_string}\"},\"query-input\":{\"@type\":\"PropertyValueSpecification\",\"valueRequired\":true,\"valueName\":\"search_term_string\"}}],\"inLanguage\":\"pt-BR\"},{\"@type\":\"Organization\",\"@id\":\"https:\/\/www.notibras.com\/site\/#organization\",\"name\":\"Grupo Notibras de Comunica\u00e7\u00e3o\",\"url\":\"https:\/\/www.notibras.com\/site\/\",\"logo\":{\"@type\":\"ImageObject\",\"inLanguage\":\"pt-BR\",\"@id\":\"https:\/\/www.notibras.com\/site\/#\/schema\/logo\/image\/\",\"url\":\"https:\/\/www.notibras.com\/site\/wp-content\/uploads\/2023\/01\/notibras23.png\",\"contentUrl\":\"https:\/\/www.notibras.com\/site\/wp-content\/uploads\/2023\/01\/notibras23.png\",\"width\":350,\"height\":87,\"caption\":\"Grupo Notibras de Comunica\u00e7\u00e3o\"},\"image\":{\"@id\":\"https:\/\/www.notibras.com\/site\/#\/schema\/logo\/image\/\"},\"sameAs\":[\"https:\/\/www.facebook.com\/notibras\/\",\"https:\/\/x.com\/Notibras\",\"https:\/\/www.instagram.com\/notibras\/\"]},{\"@type\":\"Person\",\"@id\":\"https:\/\/www.notibras.com\/site\/#\/schema\/person\/36ab0979449956132d3e5b517ea76ac8\",\"name\":\"Reda\u00e7\u00e3o\",\"image\":{\"@type\":\"ImageObject\",\"inLanguage\":\"pt-BR\",\"@id\":\"https:\/\/secure.gravatar.com\/avatar\/e0a867bdedb85fd243eadf09663511f96fc81e0720a4a42581f334ad4303aa6b?s=96&d=mm&r=g\",\"url\":\"https:\/\/secure.gravatar.com\/avatar\/e0a867bdedb85fd243eadf09663511f96fc81e0720a4a42581f334ad4303aa6b?s=96&d=mm&r=g\",\"contentUrl\":\"https:\/\/secure.gravatar.com\/avatar\/e0a867bdedb85fd243eadf09663511f96fc81e0720a4a42581f334ad4303aa6b?s=96&d=mm&r=g\",\"caption\":\"Reda\u00e7\u00e3o\"}}]}<\/script>\n<!-- \/ Yoast SEO plugin. -->","yoast_head_json":{"title":"N\u00e1utico faz 2x0 no Am\u00e9rica-RN mas \u00e9 eliminado da Copa do Brasil - Notibras","robots":{"index":"index","follow":"follow","max-snippet":"max-snippet:-1","max-image-preview":"max-image-preview:large","max-video-preview":"max-video-preview:-1"},"canonical":"https:\/\/www.notibras.com\/site\/nautico-faz-2x0-no-america-rn-mas-precisava-de-tres-e-e-eliminado\/","og_locale":"pt_BR","og_type":"article","og_title":"N\u00e1utico faz 2x0 no Am\u00e9rica-RN mas \u00e9 eliminado da Copa do Brasil - Notibras","og_description":"O N\u00e1utico tinha uma &#8220;miss\u00e3o imposs\u00edvel&#8221; na noite desta ter\u00e7a-feira, contra o Am\u00e9rica-RN, pela Copa do Brasil.\u00a0Na Arena Pernambuco, est\u00e1dio constru\u00eddo para a Copa do Mundo, apenas 354 torcedores apoiaram o time que precisava reverter um placar de 3 a 0 para avan\u00e7ar \u00e0 terceira fase da competi\u00e7\u00e3o. Com dois gols do zagueiro Fl\u00e1vio, a [&hellip;]","og_url":"https:\/\/www.notibras.com\/site\/nautico-faz-2x0-no-america-rn-mas-precisava-de-tres-e-e-eliminado\/","og_site_name":"Notibras","article_publisher":"https:\/\/www.facebook.com\/notibras\/","article_published_time":"2014-05-14T01:07:01+00:00","article_modified_time":"2014-05-15T00:42:44+00:00","og_image":[{"width":460,"height":340,"url":"https:\/\/www.notibras.com\/site\/wp-content\/uploads\/2014\/05\/esp3.jpg","type":"image\/jpeg"}],"author":"Reda\u00e7\u00e3o","twitter_card":"summary_large_image","twitter_creator":"@Notibras","twitter_site":"@Notibras","twitter_misc":{"Escrito por":"Reda\u00e7\u00e3o","Est. tempo de leitura":"1 minuto"},"schema":{"@context":"https:\/\/schema.org","@graph":[{"@type":"Article","@id":"https:\/\/www.notibras.com\/site\/nautico-faz-2x0-no-america-rn-mas-precisava-de-tres-e-e-eliminado\/#article","isPartOf":{"@id":"https:\/\/www.notibras.com\/site\/nautico-faz-2x0-no-america-rn-mas-precisava-de-tres-e-e-eliminado\/"},"author":{"name":"Reda\u00e7\u00e3o","@id":"https:\/\/www.notibras.com\/site\/#\/schema\/person\/36ab0979449956132d3e5b517ea76ac8"},"headline":"N\u00e1utico faz 2&#215;0 no Am\u00e9rica-RN mas \u00e9 eliminado da Copa do Brasil","datePublished":"2014-05-14T01:07:01+00:00","dateModified":"2014-05-15T00:42:44+00:00","mainEntityOfPage":{"@id":"https:\/\/www.notibras.com\/site\/nautico-faz-2x0-no-america-rn-mas-precisava-de-tres-e-e-eliminado\/"},"wordCount":243,"commentCount":0,"publisher":{"@id":"https:\/\/www.notibras.com\/site\/#organization"},"image":{"@id":"https:\/\/www.notibras.com\/site\/nautico-faz-2x0-no-america-rn-mas-precisava-de-tres-e-e-eliminado\/#primaryimage"},"thumbnailUrl":"https:\/\/www.notibras.com\/site\/wp-content\/uploads\/2014\/05\/esp3.jpg","articleSection":["Esportes","Futebol"],"inLanguage":"pt-BR","potentialAction":[{"@type":"CommentAction","name":"Comment","target":["https:\/\/www.notibras.com\/site\/nautico-faz-2x0-no-america-rn-mas-precisava-de-tres-e-e-eliminado\/#respond"]}]},{"@type":"WebPage","@id":"https:\/\/www.notibras.com\/site\/nautico-faz-2x0-no-america-rn-mas-precisava-de-tres-e-e-eliminado\/","url":"https:\/\/www.notibras.com\/site\/nautico-faz-2x0-no-america-rn-mas-precisava-de-tres-e-e-eliminado\/","name":"N\u00e1utico faz 2x0 no Am\u00e9rica-RN mas \u00e9 eliminado da Copa do Brasil - Notibras","isPartOf":{"@id":"https:\/\/www.notibras.com\/site\/#website"},"primaryImageOfPage":{"@id":"https:\/\/www.notibras.com\/site\/nautico-faz-2x0-no-america-rn-mas-precisava-de-tres-e-e-eliminado\/#primaryimage"},"image":{"@id":"https:\/\/www.notibras.com\/site\/nautico-faz-2x0-no-america-rn-mas-precisava-de-tres-e-e-eliminado\/#primaryimage"},"thumbnailUrl":"https:\/\/www.notibras.com\/site\/wp-content\/uploads\/2014\/05\/esp3.jpg","datePublished":"2014-05-14T01:07:01+00:00","dateModified":"2014-05-15T00:42:44+00:00","breadcrumb":{"@id":"https:\/\/www.notibras.com\/site\/nautico-faz-2x0-no-america-rn-mas-precisava-de-tres-e-e-eliminado\/#breadcrumb"},"inLanguage":"pt-BR","potentialAction":[{"@type":"ReadAction","target":["https:\/\/www.notibras.com\/site\/nautico-faz-2x0-no-america-rn-mas-precisava-de-tres-e-e-eliminado\/"]}]},{"@type":"ImageObject","inLanguage":"pt-BR","@id":"https:\/\/www.notibras.com\/site\/nautico-faz-2x0-no-america-rn-mas-precisava-de-tres-e-e-eliminado\/#primaryimage","url":"https:\/\/www.notibras.com\/site\/wp-content\/uploads\/2014\/05\/esp3.jpg","contentUrl":"https:\/\/www.notibras.com\/site\/wp-content\/uploads\/2014\/05\/esp3.jpg","width":460,"height":340},{"@type":"BreadcrumbList","@id":"https:\/\/www.notibras.com\/site\/nautico-faz-2x0-no-america-rn-mas-precisava-de-tres-e-e-eliminado\/#breadcrumb","itemListElement":[{"@type":"ListItem","position":1,"name":"In\u00edcio","item":"https:\/\/www.notibras.com\/site\/"},{"@type":"ListItem","position":2,"name":"N\u00e1utico faz 2&#215;0 no Am\u00e9rica-RN mas \u00e9 eliminado da Copa do Brasil"}]},{"@type":"WebSite","@id":"https:\/\/www.notibras.com\/site\/#website","url":"https:\/\/www.notibras.com\/site\/","name":"Notibras","description":"Not\u00edcias de Bras\u00edlia, do Brasil e do Mundo","publisher":{"@id":"https:\/\/www.notibras.com\/site\/#organization"},"potentialAction":[{"@type":"SearchAction","target":{"@type":"EntryPoint","urlTemplate":"https:\/\/www.notibras.com\/site\/?s={search_term_string}"},"query-input":{"@type":"PropertyValueSpecification","valueRequired":true,"valueName":"search_term_string"}}],"inLanguage":"pt-BR"},{"@type":"Organization","@id":"https:\/\/www.notibras.com\/site\/#organization","name":"Grupo Notibras de Comunica\u00e7\u00e3o","url":"https:\/\/www.notibras.com\/site\/","logo":{"@type":"ImageObject","inLanguage":"pt-BR","@id":"https:\/\/www.notibras.com\/site\/#\/schema\/logo\/image\/","url":"https:\/\/www.notibras.com\/site\/wp-content\/uploads\/2023\/01\/notibras23.png","contentUrl":"https:\/\/www.notibras.com\/site\/wp-content\/uploads\/2023\/01\/notibras23.png","width":350,"height":87,"caption":"Grupo Notibras de Comunica\u00e7\u00e3o"},"image":{"@id":"https:\/\/www.notibras.com\/site\/#\/schema\/logo\/image\/"},"sameAs":["https:\/\/www.facebook.com\/notibras\/","https:\/\/x.com\/Notibras","https:\/\/www.instagram.com\/notibras\/"]},{"@type":"Person","@id":"https:\/\/www.notibras.com\/site\/#\/schema\/person\/36ab0979449956132d3e5b517ea76ac8","name":"Reda\u00e7\u00e3o","image":{"@type":"ImageObject","inLanguage":"pt-BR","@id":"https:\/\/secure.gravatar.com\/avatar\/e0a867bdedb85fd243eadf09663511f96fc81e0720a4a42581f334ad4303aa6b?s=96&d=mm&r=g","url":"https:\/\/secure.gravatar.com\/avatar\/e0a867bdedb85fd243eadf09663511f96fc81e0720a4a42581f334ad4303aa6b?s=96&d=mm&r=g","contentUrl":"https:\/\/secure.gravatar.com\/avatar\/e0a867bdedb85fd243eadf09663511f96fc81e0720a4a42581f334ad4303aa6b?s=96&d=mm&r=g","caption":"Reda\u00e7\u00e3o"}}]}},"amp_enabled":true,"_links":{"self":[{"href":"https:\/\/www.notibras.com\/site\/wp-json\/wp\/v2\/posts\/9404","targetHints":{"allow":["GET"]}}],"collection":[{"href":"https:\/\/www.notibras.com\/site\/wp-json\/wp\/v2\/posts"}],"about":[{"href":"https:\/\/www.notibras.com\/site\/wp-json\/wp\/v2\/types\/post"}],"author":[{"embeddable":true,"href":"https:\/\/www.notibras.com\/site\/wp-json\/wp\/v2\/users\/2"}],"replies":[{"embeddable":true,"href":"https:\/\/www.notibras.com\/site\/wp-json\/wp\/v2\/comments?post=9404"}],"version-history":[{"count":0,"href":"https:\/\/www.notibras.com\/site\/wp-json\/wp\/v2\/posts\/9404\/revisions"}],"wp:featuredmedia":[{"embeddable":true,"href":"https:\/\/www.notibras.com\/site\/wp-json\/wp\/v2\/media\/9405"}],"wp:attachment":[{"href":"https:\/\/www.notibras.com\/site\/wp-json\/wp\/v2\/media?parent=9404"}],"wp:term":[{"taxonomy":"category","embeddable":true,"href":"https:\/\/www.notibras.com\/site\/wp-json\/wp\/v2\/categories?post=9404"},{"taxonomy":"post_tag","embeddable":true,"href":"https:\/\/www.notibras.com\/site\/wp-json\/wp\/v2\/tags?post=9404"}],"curies":[{"name":"wp","href":"https:\/\/api.w.org\/{rel}","templated":true}]}}