{"id":9430,"date":"2014-05-14T09:19:41","date_gmt":"2014-05-14T12:19:41","guid":{"rendered":"http:\/\/www.notibras.com\/site\/?p=9430"},"modified":"2014-05-14T12:30:32","modified_gmt":"2014-05-14T15:30:32","slug":"spiegel-ve-fiasco-do-brasil-onda-de-protestos-e-tiroteio-durante-a-copa","status":"publish","type":"post","link":"https:\/\/www.notibras.com\/site\/spiegel-ve-fiasco-do-brasil-onda-de-protestos-e-tiroteio-durante-a-copa\/","title":{"rendered":"Spiegel v\u00ea fiasco do Brasil, onda de protestos e tiroteio durante a Copa"},"content":{"rendered":"<p>A um m\u00eas da Copa, a maior e mais importante revista da Alemanha, a Der Spiegel, faz uma previs\u00e3o sombria sobre o Mundial no pa\u00eds do futebol. Com o t\u00edtulo &#8220;Morte e jogos&#8221;, o seman\u00e1rio traz em sua capa uma imagem da bola oficial do torneio em chamas caindo sobre o Rio de Janeiro. Em tr\u00eas mat\u00e9rias, que juntas somam dez p\u00e1ginas, \u00e9 apresentado um retrato dos atrasos nas obras, da insatisfa\u00e7\u00e3o dos brasileiros com os altos custos do evento e dos prov\u00e1veis embates nas ruas das cidades-sede.<\/p>\n<p>&#8220;Justamente no pa\u00eds do futebol, a Copa do Mundo pode virar um fiasco: protestos, greves e tiroteios em vez de festa&#8221;, afirma a mat\u00e9ria, assinada pelo jornalista alem\u00e3o Jens Gl\u00fcsing e que leva o t\u00edtulo de &#8220;Gol contra do Brasil&#8221;. &#8220;As not\u00edcias ser\u00e3o sobre protestos e greves, problemas com infraestrutura e viol\u00eancia&#8221;, prev\u00ea.<\/p>\n<p>Enquanto na Alemanha os torcedores j\u00e1 est\u00e3o vestindo a camisa da sele\u00e7\u00e3o nacional, e enfeites e adere\u00e7os com as cores da bandeira est\u00e3o \u00e0 venda nas lojas, no pa\u00eds conhecido pelo carnaval, compara o jornalista, o clima \u00e9 outro: &#8220;Nas favelas do Rio, policiais e traficantes se enfrentam de maneira sangrenta. Em S\u00e3o Paulo, gangues queimam \u00f4nibus quase todas as noites.&#8221;<\/p>\n<p>Para a Spiegel, o clima de festa s\u00f3 vai aparecer se a sele\u00e7\u00e3o brasileira vencer o torneio. Mas, caso isso n\u00e3o aconte\u00e7a, a revista questiona se o pa\u00eds viver\u00e1 uma onda de viol\u00eancia: &#8220;Os jogos v\u00e3o terminar em pancadaria nas ruas? Pol\u00edticos e funcion\u00e1rios da Fifa ser\u00e3o perseguidos por uma multid\u00e3o enfurecida?&#8221;<\/p>\n<p>A revista tra\u00e7a um paralelo entre o otimismo que tomou conta do pa\u00eds no in\u00edcio dos anos 2000, por conta dos n\u00fameros favor\u00e1veis da economia, e as dificuldades vividas pelo Brasil atual para crescer. Apesar da expans\u00e3o da classe m\u00e9dia, que cada vez consome mais e paga mais impostos, os sistemas de sa\u00fade e educa\u00e7\u00e3o continuam sucateados, diz a reportagem, que prossegue: o transporte p\u00fablico \u00e9 ruim e dois ter\u00e7os das resid\u00eancias no pa\u00eds n\u00e3o t\u00eam saneamento b\u00e1sico.<\/p>\n<p>A Spiegel avalia que o descontentamento da popula\u00e7\u00e3o com as condi\u00e7\u00f5es de vida no pa\u00eds agora se mistura ao \u00f3dio \u00e0 Fifa: &#8220;A alegria que se via antigamente com a Copa do Mundo transformou-se em irrita\u00e7\u00e3o com o governo e com a organiza\u00e7\u00e3o&#8221;. Exemplo disso, diz o texto, p\u00f4de ser observado nos protestos que tomaram conta do pa\u00eds em junho do ano passado, durante a Copa das Confedera\u00e7\u00f5es.<\/p>\n<p>Em outra mat\u00e9ria, intitulada &#8220;Ca\u00e7ando elefantes brancos&#8221;, a Spiegel ressalta os valores estratosf\u00e9ricos gastos com a constru\u00e7\u00e3o de novos est\u00e1dios \u2013 &#8220;cerca de 2,7 bilh\u00f5es de euros (&#8230;), talvez at\u00e9 mais, ningu\u00e9m sabe ao certo&#8221;, alfineta a revista, destacando que o Tribunal de Contas da Uni\u00e3o, o Minist\u00e9rio do Esporte e o Portal da Transpar\u00eancia do governo revelam valores distintos. &#8220;Nenhum pa\u00eds gastou tanto com a Copa. E quase tudo foi pago com dinheiro p\u00fablico.&#8221;<\/p>\n<p>Enquanto isso, lembra a revista, dos 49 grandes projetos de constru\u00e7\u00e3o que ficariam como importantes legados do torneio, 13 sequer sa\u00edram do papel ou foram drasticamente reduzidos. Entre eles, o trem-bala ligando o Rio a S\u00e3o Paulo, ressalta o seman\u00e1rio alem\u00e3o.<\/p>\n<p>Assinada pelos jornalistas Jens Gl\u00fcsing e Maik Grossekath\u00f6fer, a mat\u00e9ria diz que a reforma do Maracan\u00e3 \u00e9 um exemplo de &#8220;como os pol\u00edticos se distanciaram do povo&#8221;, citando as palavras de um professor americano que vive no Rio h\u00e1 cinco anos. A antiga casa do futebol brasileiro &#8220;teve sua alma roubada&#8221;, diz a publica\u00e7\u00e3o.<\/p>\n","protected":false},"excerpt":{"rendered":"<p>A um m\u00eas da Copa, a maior e mais importante revista da Alemanha, a Der Spiegel, faz uma previs\u00e3o sombria sobre o Mundial no pa\u00eds do futebol. Com o t\u00edtulo &#8220;Morte e jogos&#8221;, o seman\u00e1rio traz em sua capa uma imagem da bola oficial do torneio em chamas caindo sobre o Rio de Janeiro. Em [&hellip;]<\/p>\n","protected":false},"author":2,"featured_media":9431,"comment_status":"open","ping_status":"closed","sticky":false,"template":"","format":"standard","meta":{"_acf_changed":false,"footnotes":""},"categories":[19],"tags":[],"class_list":["post-9430","post","type-post","status-publish","format-standard","has-post-thumbnail","hentry","category-esportes"],"acf":[],"_links":{"self":[{"href":"https:\/\/www.notibras.com\/site\/wp-json\/wp\/v2\/posts\/9430","targetHints":{"allow":["GET"]}}],"collection":[{"href":"https:\/\/www.notibras.com\/site\/wp-json\/wp\/v2\/posts"}],"about":[{"href":"https:\/\/www.notibras.com\/site\/wp-json\/wp\/v2\/types\/post"}],"author":[{"embeddable":true,"href":"https:\/\/www.notibras.com\/site\/wp-json\/wp\/v2\/users\/2"}],"replies":[{"embeddable":true,"href":"https:\/\/www.notibras.com\/site\/wp-json\/wp\/v2\/comments?post=9430"}],"version-history":[{"count":0,"href":"https:\/\/www.notibras.com\/site\/wp-json\/wp\/v2\/posts\/9430\/revisions"}],"wp:featuredmedia":[{"embeddable":true,"href":"https:\/\/www.notibras.com\/site\/wp-json\/wp\/v2\/media\/9431"}],"wp:attachment":[{"href":"https:\/\/www.notibras.com\/site\/wp-json\/wp\/v2\/media?parent=9430"}],"wp:term":[{"taxonomy":"category","embeddable":true,"href":"https:\/\/www.notibras.com\/site\/wp-json\/wp\/v2\/categories?post=9430"},{"taxonomy":"post_tag","embeddable":true,"href":"https:\/\/www.notibras.com\/site\/wp-json\/wp\/v2\/tags?post=9430"}],"curies":[{"name":"wp","href":"https:\/\/api.w.org\/{rel}","templated":true}]}}