{"id":9468,"date":"2014-05-14T21:37:33","date_gmt":"2014-05-15T00:37:33","guid":{"rendered":"http:\/\/www.notibras.com\/site\/?p=9468"},"modified":"2014-05-15T09:50:48","modified_gmt":"2014-05-15T12:50:48","slug":"coi-da-petrobras-comeca-chamando-graca-gabrielli-cervero-nardes-e-hage","status":"publish","type":"post","link":"https:\/\/www.notibras.com\/site\/coi-da-petrobras-comeca-chamando-graca-gabrielli-cervero-nardes-e-hage\/","title":{"rendered":"CPI da Petrobras p\u00f5e na pauta Gra\u00e7a, Gabrielli, Cerver\u00f3, Hage"},"content":{"rendered":"<p>A presidente da Petrobras, Gra\u00e7a Foster, o ex-presidente da companhia Jos\u00e9 Sergio Gabrielli e a diretora-geral da Ag\u00eancia Nacional de Petr\u00f3leo (ANP), Magda Chambriad, est\u00e3o entre os primeiros convocados para depor na Comiss\u00e3o Parlamentar de Inqu\u00e9rito (CPI) da Petrobras no Senado. Ap\u00f3s a primeira reuni\u00e3o de trabalho, os membros da comiss\u00e3o aprovaram um plano de a\u00e7\u00e3o e marcaram a vinda de Gra\u00e7a Foster para a pr\u00f3xima ter\u00e7a-feira (20) e de Gabrielli para quinta-feira seguinte (22).<\/p>\n<p>Ao todo, foram aprovados 73 requerimentos que incluem pedidos de acesso a documentos e \u00e0 investiga\u00e7\u00e3o da Pol\u00edcia Federal, al\u00e9m de convoca\u00e7\u00f5es e convites para dezenas de pessoas. O presidente do Tribunal de Contas da Uni\u00e3o (TCU), ministro Augusto Nardes, e o ministro-chefe da Controladoria-Geral da Uni\u00e3o (CGU), Jorge Hage, est\u00e3o entre os convidados para comparecer \u00e0 comiss\u00e3o.<\/p>\n<p>A comiss\u00e3o tamb\u00e9m ter\u00e1 o aux\u00edlio de dois delegados da Pol\u00edcia Federal que ficar\u00e3o \u00e0 disposi\u00e7\u00e3o dos senadores para aux\u00edlio t\u00e9cnico. Funcion\u00e1rios e outros membros da atual e da antiga diretoria da Petrobras tamb\u00e9m est\u00e3o entre as pessoas a serem chamadas para colaborar com a comiss\u00e3o. Considerado respons\u00e1vel pelo relat\u00f3rio que levou \u00e0 compra da refinaria de Pasadena, o ex-diretor Nestor Cerver\u00f3 est\u00e1 entre os convocados.<\/p>\n<p>\u00danico membro da oposi\u00e7\u00e3o na CPI, o senador Cyro Miranda (PSDB-GO) apresentou requerimento de convoca\u00e7\u00e3o para o ex-presidente Luiz In\u00e1cio Lula da Silva, alegando que o contrato de compra da refinaria de Pasadena, nos Estados Unidos, foi assinado durante do governo dele. O requerimento foi rejeitado pela maioria dos membros da CPI e considerado uma \u201cprovoca\u00e7\u00e3o\u201d pelo relator, senador Jos\u00e9 Pimentel (PT-CE).<\/p>\n<p>\u201cEssa proposta \u00e9 uma provoca\u00e7\u00e3o de quem n\u00e3o quer investigar nada, quer apenas ganhar palanque pol\u00edtico\u201d, criticou Pimentel. Segundo ele, ningu\u00e9m sugeriu a convoca\u00e7\u00e3o do ex-presidente Fernando Henrique Cardoso por causa do acidente da Plataforma P36, que matou 11 pessoas em 2001. O relator negou que a convoca\u00e7\u00e3o de Lula esteja condicionada \u00e0 convoca\u00e7\u00e3o de Fernando Henrique. \u201cDe maneira nenhuma. N\u00e3o queremos uma CPI pol\u00edtica, mas uma CPI t\u00e9cnica\u201d, assegurou.<\/p>\n<p>Para Miranda, a presen\u00e7a de Lula ajudaria a explicar detalhes sobre a decis\u00e3o de compra de Pasadena, uma vez que a presidenta Dilma, na \u00e9poca ministra de Minas e Energia e presidente do Conselho de Administra\u00e7\u00e3o da estatal, n\u00e3o pode ser convocada pela CPI. Cyro Miranda disse que a apresenta\u00e7\u00e3o do requerimento foi um teste, que demonstrou que a CPI da Petrobras no Senado n\u00e3o ter\u00e1 \u00eaxito.<\/p>\n<p>\u201cJ\u00e1 que eles est\u00e3o ouvindo todos, inclusive a atual e o ex-presidente da Petrobras e n\u00e3o podem convocar a presidenta Dilma, ent\u00e3o achamos que o depoimento do mandat\u00e1rio da \u00e9poca, que deveria saber de tudo, seria muito importante. Mas j\u00e1 est\u00e1 delineado como vai ser o jogo: n\u00e3o v\u00e3o investigar nada, as perguntas v\u00e3o ser feitas como eles querem, e o que nos interessa hoje \u00e9 a CPMI [comiss\u00e3o parlamentar mista de inqu\u00e9rito], que \u00e9 muito mais ampla e sem essa supremacia [da base governista]\u201d, disse.<\/p>\n<p>Com a instala\u00e7\u00e3o da CPI no Senado, a ambi\u00e7\u00e3o dos oposicionistas de conseguir instalar uma comiss\u00e3o semelhante com a participa\u00e7\u00e3o de deputados e senadores pode ser frustrada. Os governistas consideram que, em caso de duas ou mais comiss\u00f5es com a mesma finalidade no Congresso, a que for instalada primeiro ter\u00e1 prefer\u00eancia sobre as demais. De qualquer forma, os l\u00edderes partid\u00e1rios est\u00e3o dentro do prazo para indicarem os membros da CPI mista.<\/p>\n<p>As comiss\u00f5es de inqu\u00e9rito foram propostas para investigar den\u00fancias de irregularidades e m\u00e1 gest\u00e3o da Petrobras, entre elas a de que a refinaria de Pasadena foi comprada pela companhia por valor excessivamente acima do de mercado, numa opera\u00e7\u00e3o que resultou em preju\u00edzos. Em depoimentos \u00e0 C\u00e2mara e ao Senado, a atual presidenta da empresa, Gra\u00e7a Foster, admitiu que a compra da refinaria \u201cn\u00e3o foi um bom neg\u00f3cio\u201d.<\/p>\n","protected":false},"excerpt":{"rendered":"<p>A presidente da Petrobras, Gra\u00e7a Foster, o ex-presidente da companhia Jos\u00e9 Sergio Gabrielli e a diretora-geral da Ag\u00eancia Nacional de Petr\u00f3leo (ANP), Magda Chambriad, est\u00e3o entre os primeiros convocados para depor na Comiss\u00e3o Parlamentar de Inqu\u00e9rito (CPI) da Petrobras no Senado. Ap\u00f3s a primeira reuni\u00e3o de trabalho, os membros da comiss\u00e3o aprovaram um plano de [&hellip;]<\/p>\n","protected":false},"author":2,"featured_media":9469,"comment_status":"open","ping_status":"closed","sticky":false,"template":"","format":"standard","meta":{"_acf_changed":false,"footnotes":""},"categories":[16],"tags":[],"class_list":["post-9468","post","type-post","status-publish","format-standard","has-post-thumbnail","hentry","category-brasil"],"acf":[],"yoast_head":"<!-- This site is optimized with the Yoast SEO plugin v27.2 - https:\/\/yoast.com\/product\/yoast-seo-wordpress\/ -->\n<title>CPI da Petrobras p\u00f5e na pauta Gra\u00e7a, Gabrielli, Cerver\u00f3, Hage - Notibras<\/title>\n<meta name=\"robots\" content=\"index, follow, max-snippet:-1, max-image-preview:large, max-video-preview:-1\" \/>\n<link rel=\"canonical\" href=\"https:\/\/www.notibras.com\/site\/coi-da-petrobras-comeca-chamando-graca-gabrielli-cervero-nardes-e-hage\/\" \/>\n<meta property=\"og:locale\" content=\"pt_BR\" \/>\n<meta property=\"og:type\" content=\"article\" \/>\n<meta property=\"og:title\" content=\"CPI da Petrobras p\u00f5e na pauta Gra\u00e7a, Gabrielli, Cerver\u00f3, Hage - Notibras\" \/>\n<meta property=\"og:description\" content=\"A presidente da Petrobras, Gra\u00e7a Foster, o ex-presidente da companhia Jos\u00e9 Sergio Gabrielli e a diretora-geral da Ag\u00eancia Nacional de Petr\u00f3leo (ANP), Magda Chambriad, est\u00e3o entre os primeiros convocados para depor na Comiss\u00e3o Parlamentar de Inqu\u00e9rito (CPI) da Petrobras no Senado. Ap\u00f3s a primeira reuni\u00e3o de trabalho, os membros da comiss\u00e3o aprovaram um plano de [&hellip;]\" \/>\n<meta property=\"og:url\" content=\"https:\/\/www.notibras.com\/site\/coi-da-petrobras-comeca-chamando-graca-gabrielli-cervero-nardes-e-hage\/\" \/>\n<meta property=\"og:site_name\" content=\"Notibras\" \/>\n<meta property=\"article:publisher\" content=\"https:\/\/www.facebook.com\/notibras\/\" \/>\n<meta property=\"article:published_time\" content=\"2014-05-15T00:37:33+00:00\" \/>\n<meta property=\"article:modified_time\" content=\"2014-05-15T12:50:48+00:00\" \/>\n<meta property=\"og:image\" content=\"https:\/\/www.notibras.com\/site\/wp-content\/uploads\/2014\/05\/914552-petrobras_cpi__0.jpg\" \/>\n\t<meta property=\"og:image:width\" content=\"1082\" \/>\n\t<meta property=\"og:image:height\" content=\"720\" \/>\n\t<meta property=\"og:image:type\" content=\"image\/jpeg\" \/>\n<meta name=\"author\" content=\"Reda\u00e7\u00e3o\" \/>\n<meta name=\"twitter:card\" content=\"summary_large_image\" \/>\n<meta name=\"twitter:creator\" content=\"@Notibras\" \/>\n<meta name=\"twitter:site\" content=\"@Notibras\" \/>\n<meta name=\"twitter:label1\" content=\"Escrito por\" \/>\n\t<meta name=\"twitter:data1\" content=\"Reda\u00e7\u00e3o\" \/>\n\t<meta name=\"twitter:label2\" content=\"Est. tempo de leitura\" \/>\n\t<meta name=\"twitter:data2\" content=\"3 minutos\" \/>\n<script type=\"application\/ld+json\" class=\"yoast-schema-graph\">{\"@context\":\"https:\/\/schema.org\",\"@graph\":[{\"@type\":\"Article\",\"@id\":\"https:\/\/www.notibras.com\/site\/coi-da-petrobras-comeca-chamando-graca-gabrielli-cervero-nardes-e-hage\/#article\",\"isPartOf\":{\"@id\":\"https:\/\/www.notibras.com\/site\/coi-da-petrobras-comeca-chamando-graca-gabrielli-cervero-nardes-e-hage\/\"},\"author\":{\"name\":\"Reda\u00e7\u00e3o\",\"@id\":\"https:\/\/www.notibras.com\/site\/#\/schema\/person\/36ab0979449956132d3e5b517ea76ac8\"},\"headline\":\"CPI da Petrobras p\u00f5e na pauta Gra\u00e7a, Gabrielli, Cerver\u00f3, Hage\",\"datePublished\":\"2014-05-15T00:37:33+00:00\",\"dateModified\":\"2014-05-15T12:50:48+00:00\",\"mainEntityOfPage\":{\"@id\":\"https:\/\/www.notibras.com\/site\/coi-da-petrobras-comeca-chamando-graca-gabrielli-cervero-nardes-e-hage\/\"},\"wordCount\":703,\"commentCount\":0,\"publisher\":{\"@id\":\"https:\/\/www.notibras.com\/site\/#organization\"},\"image\":{\"@id\":\"https:\/\/www.notibras.com\/site\/coi-da-petrobras-comeca-chamando-graca-gabrielli-cervero-nardes-e-hage\/#primaryimage\"},\"thumbnailUrl\":\"https:\/\/www.notibras.com\/site\/wp-content\/uploads\/2014\/05\/914552-petrobras_cpi__0.jpg\",\"articleSection\":[\"Brasil\"],\"inLanguage\":\"pt-BR\",\"potentialAction\":[{\"@type\":\"CommentAction\",\"name\":\"Comment\",\"target\":[\"https:\/\/www.notibras.com\/site\/coi-da-petrobras-comeca-chamando-graca-gabrielli-cervero-nardes-e-hage\/#respond\"]}]},{\"@type\":\"WebPage\",\"@id\":\"https:\/\/www.notibras.com\/site\/coi-da-petrobras-comeca-chamando-graca-gabrielli-cervero-nardes-e-hage\/\",\"url\":\"https:\/\/www.notibras.com\/site\/coi-da-petrobras-comeca-chamando-graca-gabrielli-cervero-nardes-e-hage\/\",\"name\":\"CPI da Petrobras p\u00f5e na pauta Gra\u00e7a, Gabrielli, Cerver\u00f3, Hage - Notibras\",\"isPartOf\":{\"@id\":\"https:\/\/www.notibras.com\/site\/#website\"},\"primaryImageOfPage\":{\"@id\":\"https:\/\/www.notibras.com\/site\/coi-da-petrobras-comeca-chamando-graca-gabrielli-cervero-nardes-e-hage\/#primaryimage\"},\"image\":{\"@id\":\"https:\/\/www.notibras.com\/site\/coi-da-petrobras-comeca-chamando-graca-gabrielli-cervero-nardes-e-hage\/#primaryimage\"},\"thumbnailUrl\":\"https:\/\/www.notibras.com\/site\/wp-content\/uploads\/2014\/05\/914552-petrobras_cpi__0.jpg\",\"datePublished\":\"2014-05-15T00:37:33+00:00\",\"dateModified\":\"2014-05-15T12:50:48+00:00\",\"breadcrumb\":{\"@id\":\"https:\/\/www.notibras.com\/site\/coi-da-petrobras-comeca-chamando-graca-gabrielli-cervero-nardes-e-hage\/#breadcrumb\"},\"inLanguage\":\"pt-BR\",\"potentialAction\":[{\"@type\":\"ReadAction\",\"target\":[\"https:\/\/www.notibras.com\/site\/coi-da-petrobras-comeca-chamando-graca-gabrielli-cervero-nardes-e-hage\/\"]}]},{\"@type\":\"ImageObject\",\"inLanguage\":\"pt-BR\",\"@id\":\"https:\/\/www.notibras.com\/site\/coi-da-petrobras-comeca-chamando-graca-gabrielli-cervero-nardes-e-hage\/#primaryimage\",\"url\":\"https:\/\/www.notibras.com\/site\/wp-content\/uploads\/2014\/05\/914552-petrobras_cpi__0.jpg\",\"contentUrl\":\"https:\/\/www.notibras.com\/site\/wp-content\/uploads\/2014\/05\/914552-petrobras_cpi__0.jpg\",\"width\":1082,\"height\":720},{\"@type\":\"BreadcrumbList\",\"@id\":\"https:\/\/www.notibras.com\/site\/coi-da-petrobras-comeca-chamando-graca-gabrielli-cervero-nardes-e-hage\/#breadcrumb\",\"itemListElement\":[{\"@type\":\"ListItem\",\"position\":1,\"name\":\"In\u00edcio\",\"item\":\"https:\/\/www.notibras.com\/site\/\"},{\"@type\":\"ListItem\",\"position\":2,\"name\":\"CPI da Petrobras p\u00f5e na pauta Gra\u00e7a, Gabrielli, Cerver\u00f3, Hage\"}]},{\"@type\":\"WebSite\",\"@id\":\"https:\/\/www.notibras.com\/site\/#website\",\"url\":\"https:\/\/www.notibras.com\/site\/\",\"name\":\"Notibras\",\"description\":\"Not\u00edcias de Bras\u00edlia, do Brasil e do Mundo\",\"publisher\":{\"@id\":\"https:\/\/www.notibras.com\/site\/#organization\"},\"potentialAction\":[{\"@type\":\"SearchAction\",\"target\":{\"@type\":\"EntryPoint\",\"urlTemplate\":\"https:\/\/www.notibras.com\/site\/?s={search_term_string}\"},\"query-input\":{\"@type\":\"PropertyValueSpecification\",\"valueRequired\":true,\"valueName\":\"search_term_string\"}}],\"inLanguage\":\"pt-BR\"},{\"@type\":\"Organization\",\"@id\":\"https:\/\/www.notibras.com\/site\/#organization\",\"name\":\"Grupo Notibras de Comunica\u00e7\u00e3o\",\"url\":\"https:\/\/www.notibras.com\/site\/\",\"logo\":{\"@type\":\"ImageObject\",\"inLanguage\":\"pt-BR\",\"@id\":\"https:\/\/www.notibras.com\/site\/#\/schema\/logo\/image\/\",\"url\":\"https:\/\/www.notibras.com\/site\/wp-content\/uploads\/2023\/01\/notibras23.png\",\"contentUrl\":\"https:\/\/www.notibras.com\/site\/wp-content\/uploads\/2023\/01\/notibras23.png\",\"width\":350,\"height\":87,\"caption\":\"Grupo Notibras de Comunica\u00e7\u00e3o\"},\"image\":{\"@id\":\"https:\/\/www.notibras.com\/site\/#\/schema\/logo\/image\/\"},\"sameAs\":[\"https:\/\/www.facebook.com\/notibras\/\",\"https:\/\/x.com\/Notibras\",\"https:\/\/www.instagram.com\/notibras\/\"]},{\"@type\":\"Person\",\"@id\":\"https:\/\/www.notibras.com\/site\/#\/schema\/person\/36ab0979449956132d3e5b517ea76ac8\",\"name\":\"Reda\u00e7\u00e3o\",\"image\":{\"@type\":\"ImageObject\",\"inLanguage\":\"pt-BR\",\"@id\":\"https:\/\/secure.gravatar.com\/avatar\/e0a867bdedb85fd243eadf09663511f96fc81e0720a4a42581f334ad4303aa6b?s=96&d=mm&r=g\",\"url\":\"https:\/\/secure.gravatar.com\/avatar\/e0a867bdedb85fd243eadf09663511f96fc81e0720a4a42581f334ad4303aa6b?s=96&d=mm&r=g\",\"contentUrl\":\"https:\/\/secure.gravatar.com\/avatar\/e0a867bdedb85fd243eadf09663511f96fc81e0720a4a42581f334ad4303aa6b?s=96&d=mm&r=g\",\"caption\":\"Reda\u00e7\u00e3o\"}}]}<\/script>\n<!-- \/ Yoast SEO plugin. -->","yoast_head_json":{"title":"CPI da Petrobras p\u00f5e na pauta Gra\u00e7a, Gabrielli, Cerver\u00f3, Hage - Notibras","robots":{"index":"index","follow":"follow","max-snippet":"max-snippet:-1","max-image-preview":"max-image-preview:large","max-video-preview":"max-video-preview:-1"},"canonical":"https:\/\/www.notibras.com\/site\/coi-da-petrobras-comeca-chamando-graca-gabrielli-cervero-nardes-e-hage\/","og_locale":"pt_BR","og_type":"article","og_title":"CPI da Petrobras p\u00f5e na pauta Gra\u00e7a, Gabrielli, Cerver\u00f3, Hage - Notibras","og_description":"A presidente da Petrobras, Gra\u00e7a Foster, o ex-presidente da companhia Jos\u00e9 Sergio Gabrielli e a diretora-geral da Ag\u00eancia Nacional de Petr\u00f3leo (ANP), Magda Chambriad, est\u00e3o entre os primeiros convocados para depor na Comiss\u00e3o Parlamentar de Inqu\u00e9rito (CPI) da Petrobras no Senado. Ap\u00f3s a primeira reuni\u00e3o de trabalho, os membros da comiss\u00e3o aprovaram um plano de [&hellip;]","og_url":"https:\/\/www.notibras.com\/site\/coi-da-petrobras-comeca-chamando-graca-gabrielli-cervero-nardes-e-hage\/","og_site_name":"Notibras","article_publisher":"https:\/\/www.facebook.com\/notibras\/","article_published_time":"2014-05-15T00:37:33+00:00","article_modified_time":"2014-05-15T12:50:48+00:00","og_image":[{"width":1082,"height":720,"url":"https:\/\/www.notibras.com\/site\/wp-content\/uploads\/2014\/05\/914552-petrobras_cpi__0.jpg","type":"image\/jpeg"}],"author":"Reda\u00e7\u00e3o","twitter_card":"summary_large_image","twitter_creator":"@Notibras","twitter_site":"@Notibras","twitter_misc":{"Escrito por":"Reda\u00e7\u00e3o","Est. tempo de leitura":"3 minutos"},"schema":{"@context":"https:\/\/schema.org","@graph":[{"@type":"Article","@id":"https:\/\/www.notibras.com\/site\/coi-da-petrobras-comeca-chamando-graca-gabrielli-cervero-nardes-e-hage\/#article","isPartOf":{"@id":"https:\/\/www.notibras.com\/site\/coi-da-petrobras-comeca-chamando-graca-gabrielli-cervero-nardes-e-hage\/"},"author":{"name":"Reda\u00e7\u00e3o","@id":"https:\/\/www.notibras.com\/site\/#\/schema\/person\/36ab0979449956132d3e5b517ea76ac8"},"headline":"CPI da Petrobras p\u00f5e na pauta Gra\u00e7a, Gabrielli, Cerver\u00f3, Hage","datePublished":"2014-05-15T00:37:33+00:00","dateModified":"2014-05-15T12:50:48+00:00","mainEntityOfPage":{"@id":"https:\/\/www.notibras.com\/site\/coi-da-petrobras-comeca-chamando-graca-gabrielli-cervero-nardes-e-hage\/"},"wordCount":703,"commentCount":0,"publisher":{"@id":"https:\/\/www.notibras.com\/site\/#organization"},"image":{"@id":"https:\/\/www.notibras.com\/site\/coi-da-petrobras-comeca-chamando-graca-gabrielli-cervero-nardes-e-hage\/#primaryimage"},"thumbnailUrl":"https:\/\/www.notibras.com\/site\/wp-content\/uploads\/2014\/05\/914552-petrobras_cpi__0.jpg","articleSection":["Brasil"],"inLanguage":"pt-BR","potentialAction":[{"@type":"CommentAction","name":"Comment","target":["https:\/\/www.notibras.com\/site\/coi-da-petrobras-comeca-chamando-graca-gabrielli-cervero-nardes-e-hage\/#respond"]}]},{"@type":"WebPage","@id":"https:\/\/www.notibras.com\/site\/coi-da-petrobras-comeca-chamando-graca-gabrielli-cervero-nardes-e-hage\/","url":"https:\/\/www.notibras.com\/site\/coi-da-petrobras-comeca-chamando-graca-gabrielli-cervero-nardes-e-hage\/","name":"CPI da Petrobras p\u00f5e na pauta Gra\u00e7a, Gabrielli, Cerver\u00f3, Hage - Notibras","isPartOf":{"@id":"https:\/\/www.notibras.com\/site\/#website"},"primaryImageOfPage":{"@id":"https:\/\/www.notibras.com\/site\/coi-da-petrobras-comeca-chamando-graca-gabrielli-cervero-nardes-e-hage\/#primaryimage"},"image":{"@id":"https:\/\/www.notibras.com\/site\/coi-da-petrobras-comeca-chamando-graca-gabrielli-cervero-nardes-e-hage\/#primaryimage"},"thumbnailUrl":"https:\/\/www.notibras.com\/site\/wp-content\/uploads\/2014\/05\/914552-petrobras_cpi__0.jpg","datePublished":"2014-05-15T00:37:33+00:00","dateModified":"2014-05-15T12:50:48+00:00","breadcrumb":{"@id":"https:\/\/www.notibras.com\/site\/coi-da-petrobras-comeca-chamando-graca-gabrielli-cervero-nardes-e-hage\/#breadcrumb"},"inLanguage":"pt-BR","potentialAction":[{"@type":"ReadAction","target":["https:\/\/www.notibras.com\/site\/coi-da-petrobras-comeca-chamando-graca-gabrielli-cervero-nardes-e-hage\/"]}]},{"@type":"ImageObject","inLanguage":"pt-BR","@id":"https:\/\/www.notibras.com\/site\/coi-da-petrobras-comeca-chamando-graca-gabrielli-cervero-nardes-e-hage\/#primaryimage","url":"https:\/\/www.notibras.com\/site\/wp-content\/uploads\/2014\/05\/914552-petrobras_cpi__0.jpg","contentUrl":"https:\/\/www.notibras.com\/site\/wp-content\/uploads\/2014\/05\/914552-petrobras_cpi__0.jpg","width":1082,"height":720},{"@type":"BreadcrumbList","@id":"https:\/\/www.notibras.com\/site\/coi-da-petrobras-comeca-chamando-graca-gabrielli-cervero-nardes-e-hage\/#breadcrumb","itemListElement":[{"@type":"ListItem","position":1,"name":"In\u00edcio","item":"https:\/\/www.notibras.com\/site\/"},{"@type":"ListItem","position":2,"name":"CPI da Petrobras p\u00f5e na pauta Gra\u00e7a, Gabrielli, Cerver\u00f3, Hage"}]},{"@type":"WebSite","@id":"https:\/\/www.notibras.com\/site\/#website","url":"https:\/\/www.notibras.com\/site\/","name":"Notibras","description":"Not\u00edcias de Bras\u00edlia, do Brasil e do Mundo","publisher":{"@id":"https:\/\/www.notibras.com\/site\/#organization"},"potentialAction":[{"@type":"SearchAction","target":{"@type":"EntryPoint","urlTemplate":"https:\/\/www.notibras.com\/site\/?s={search_term_string}"},"query-input":{"@type":"PropertyValueSpecification","valueRequired":true,"valueName":"search_term_string"}}],"inLanguage":"pt-BR"},{"@type":"Organization","@id":"https:\/\/www.notibras.com\/site\/#organization","name":"Grupo Notibras de Comunica\u00e7\u00e3o","url":"https:\/\/www.notibras.com\/site\/","logo":{"@type":"ImageObject","inLanguage":"pt-BR","@id":"https:\/\/www.notibras.com\/site\/#\/schema\/logo\/image\/","url":"https:\/\/www.notibras.com\/site\/wp-content\/uploads\/2023\/01\/notibras23.png","contentUrl":"https:\/\/www.notibras.com\/site\/wp-content\/uploads\/2023\/01\/notibras23.png","width":350,"height":87,"caption":"Grupo Notibras de Comunica\u00e7\u00e3o"},"image":{"@id":"https:\/\/www.notibras.com\/site\/#\/schema\/logo\/image\/"},"sameAs":["https:\/\/www.facebook.com\/notibras\/","https:\/\/x.com\/Notibras","https:\/\/www.instagram.com\/notibras\/"]},{"@type":"Person","@id":"https:\/\/www.notibras.com\/site\/#\/schema\/person\/36ab0979449956132d3e5b517ea76ac8","name":"Reda\u00e7\u00e3o","image":{"@type":"ImageObject","inLanguage":"pt-BR","@id":"https:\/\/secure.gravatar.com\/avatar\/e0a867bdedb85fd243eadf09663511f96fc81e0720a4a42581f334ad4303aa6b?s=96&d=mm&r=g","url":"https:\/\/secure.gravatar.com\/avatar\/e0a867bdedb85fd243eadf09663511f96fc81e0720a4a42581f334ad4303aa6b?s=96&d=mm&r=g","contentUrl":"https:\/\/secure.gravatar.com\/avatar\/e0a867bdedb85fd243eadf09663511f96fc81e0720a4a42581f334ad4303aa6b?s=96&d=mm&r=g","caption":"Reda\u00e7\u00e3o"}}]}},"amp_enabled":true,"_links":{"self":[{"href":"https:\/\/www.notibras.com\/site\/wp-json\/wp\/v2\/posts\/9468","targetHints":{"allow":["GET"]}}],"collection":[{"href":"https:\/\/www.notibras.com\/site\/wp-json\/wp\/v2\/posts"}],"about":[{"href":"https:\/\/www.notibras.com\/site\/wp-json\/wp\/v2\/types\/post"}],"author":[{"embeddable":true,"href":"https:\/\/www.notibras.com\/site\/wp-json\/wp\/v2\/users\/2"}],"replies":[{"embeddable":true,"href":"https:\/\/www.notibras.com\/site\/wp-json\/wp\/v2\/comments?post=9468"}],"version-history":[{"count":0,"href":"https:\/\/www.notibras.com\/site\/wp-json\/wp\/v2\/posts\/9468\/revisions"}],"wp:featuredmedia":[{"embeddable":true,"href":"https:\/\/www.notibras.com\/site\/wp-json\/wp\/v2\/media\/9469"}],"wp:attachment":[{"href":"https:\/\/www.notibras.com\/site\/wp-json\/wp\/v2\/media?parent=9468"}],"wp:term":[{"taxonomy":"category","embeddable":true,"href":"https:\/\/www.notibras.com\/site\/wp-json\/wp\/v2\/categories?post=9468"},{"taxonomy":"post_tag","embeddable":true,"href":"https:\/\/www.notibras.com\/site\/wp-json\/wp\/v2\/tags?post=9468"}],"curies":[{"name":"wp","href":"https:\/\/api.w.org\/{rel}","templated":true}]}}