{"id":9489,"date":"2014-05-14T22:45:32","date_gmt":"2014-05-15T01:45:32","guid":{"rendered":"http:\/\/www.notibras.com\/site\/?p=9489"},"modified":"2014-05-14T22:46:03","modified_gmt":"2014-05-15T01:46:03","slug":"empresarios-destacam-acoes-do-legislativo-para-fazer-economia-crescer","status":"publish","type":"post","link":"https:\/\/www.notibras.com\/site\/empresarios-destacam-acoes-do-legislativo-para-fazer-economia-crescer\/","title":{"rendered":"Empres\u00e1rios destacam a\u00e7\u00f5es do Legislativo para economia crescer"},"content":{"rendered":"<div class=\"ultimas_texto\">\n<div>Empres\u00e1rios do setor da ind\u00fastria do Distrito Federal enfatizaram a relev\u00e2ncia do di\u00e1logo com a C\u00e2mara Legislativa, para conseguirem maior crescimento econ\u00f4mico e mais est\u00edmulos \u00e0 produ\u00e7\u00e3o, durante a solenidade de lan\u00e7amento simult\u00e2neo das publica\u00e7\u00f5es Agenda Legislativa do DF &#8211; 2014 e Pauta da Ind\u00fastria, realizado pela Federa\u00e7\u00e3o das Ind\u00fastrias do DF (Fibra). O evento aconteceu na sede da entidade, nesta quarta-feira (14), com a participa\u00e7\u00e3o de deputados distritais e federais, do governador Agnelo Queiroz e representantes de muitas entidades de classe.<\/div>\n<div><\/div>\n<div>O presidente da Fibra, Ant\u00f4nio Rocha, enfatizou na solenidade que a economia local &#8220;est\u00e1 abaixo do seu potencial&#8221;. Por isso, explicou, o setor produtivo quer ampliar o di\u00e1logo com o Executivo e com o Legislativo a fim de propor medidas que possam elevar a produ\u00e7\u00e3o industrial. Enfatizou que as propostas defendidas na Agenda Legislativa da Fibra buscam tamb\u00e9m incrementar v\u00e1rios outros setores da economia local, a fim de proporcionar maior oferta de emprego e renda.<\/div>\n<div><\/div>\n<div>&#8220;N\u00e3o importa qual seja o nosso partido pol\u00edtico. N\u00f3s, parlamentares, temos de estar comprometidos com as propostas em favor da nossa cidade. E a contribui\u00e7\u00e3o dos empres\u00e1rios, por meio da Agenda Legislativa, \u00e9 extremamente relevante para que possamos ouvir suas reivindica\u00e7\u00f5es&#8221; exortou o deputado Wasny de Roure (PT), presidente da C\u00e2mara Legislativa.<\/div>\n<div><\/div>\n<div>Wasny lembrou que a Casa tem dado sua contribui\u00e7\u00e3o para garantir crescimento da economia local. Sustentou que os projetos de lei que proporcionam benef\u00edcios ao desenvolvimento da cidade est\u00e3o sendo votados com maior celeridade, nos \u00faltimos anos. &#8220;Uma das nossas prioridades tem sido colocar a cidade na legalidade, como estamos fazendo na aprecia\u00e7\u00e3o da Lei de Uso e Ocupa\u00e7\u00e3o do Solo (LUOS)&#8221;, ressaltou.<\/div>\n<div><\/div>\n<div>O governador Agnelo Queiroz agradeceu a &#8220;ajuda&#8221; da C\u00e2mara Legislativa na elabora\u00e7\u00e3o do or\u00e7amento do DF, ao participar da solenidade. Disse que isso possibilitou que o DF pudesse alcan\u00e7ar hoje um dos melhores \u00edndices de crescimento econ\u00f4mico do Pa\u00eds. &#8220;Neste ano estamos investindo na cidade mais de R$ 2,3 bilh\u00f5es, algo que nunca aconteceu antes&#8221;, afirmou, ao sustentar que reconhece o &#8220;esfor\u00e7o suprapartid\u00e1rio&#8221; da Fibra na elabora\u00e7\u00e3o de uma agenda legislativa, com suas posi\u00e7\u00f5es divulgadas com transpar\u00eancia.<\/div>\n<div><\/div>\n<div>Prioridades &#8211; Na Agenda Legislativa da Ind\u00fastria do DF para 2014, distribu\u00edda na solenidade, os empres\u00e1rios informam quais os projetos em tramita\u00e7\u00e3o na C\u00e2mara Legislativa que afetam as atividades econ\u00f4micas, explicam quais as mudan\u00e7as embutidas nas proposi\u00e7\u00f5es e adiantam o posicionamento da entidade, &#8220;convergente ou divergente&#8221;.<\/div>\n<div><\/div>\n<div>Entre os v\u00e1rios projetos analisados pelos empres\u00e1rios, eles defendem, por exemplo, a aprova\u00e7\u00e3o do projeto de lei n\u00ba 730\/212, do deputado Wellington Luiz (PMDB), que cria o programa IPTU-Verde, destinado a proteger, preservar e recuperar o meio ambiente do DF. Eles tamb\u00e9m s\u00e3o favor\u00e1veis ao projeto de lei n\u00ba 1.767\/2014, da deputada Eliana Pedrosa (PEN), que institui o Programa de Acelera\u00e7\u00e3o Star-Ups de Base Tecnol\u00f3gica, que &#8220;alavanca neg\u00f3cios de risco&#8221;.<\/div>\n<\/div>\n<p><strong><span class=\"ultimas_nome_autor\"> Zildenor Ferreira Dourado<\/span><\/strong><\/p>\n","protected":false},"excerpt":{"rendered":"<p>Empres\u00e1rios do setor da ind\u00fastria do Distrito Federal enfatizaram a relev\u00e2ncia do di\u00e1logo com a C\u00e2mara Legislativa, para conseguirem maior crescimento econ\u00f4mico e mais est\u00edmulos \u00e0 produ\u00e7\u00e3o, durante a solenidade de lan\u00e7amento simult\u00e2neo das publica\u00e7\u00f5es Agenda Legislativa do DF &#8211; 2014 e Pauta da Ind\u00fastria, realizado pela Federa\u00e7\u00e3o das Ind\u00fastrias do DF (Fibra). O evento [&hellip;]<\/p>\n","protected":false},"author":2,"featured_media":9490,"comment_status":"open","ping_status":"closed","sticky":false,"template":"","format":"standard","meta":{"_acf_changed":false,"footnotes":""},"categories":[1],"tags":[],"class_list":["post-9489","post","type-post","status-publish","format-standard","has-post-thumbnail","hentry","category-brasilia"],"acf":[],"_links":{"self":[{"href":"https:\/\/www.notibras.com\/site\/wp-json\/wp\/v2\/posts\/9489","targetHints":{"allow":["GET"]}}],"collection":[{"href":"https:\/\/www.notibras.com\/site\/wp-json\/wp\/v2\/posts"}],"about":[{"href":"https:\/\/www.notibras.com\/site\/wp-json\/wp\/v2\/types\/post"}],"author":[{"embeddable":true,"href":"https:\/\/www.notibras.com\/site\/wp-json\/wp\/v2\/users\/2"}],"replies":[{"embeddable":true,"href":"https:\/\/www.notibras.com\/site\/wp-json\/wp\/v2\/comments?post=9489"}],"version-history":[{"count":0,"href":"https:\/\/www.notibras.com\/site\/wp-json\/wp\/v2\/posts\/9489\/revisions"}],"wp:featuredmedia":[{"embeddable":true,"href":"https:\/\/www.notibras.com\/site\/wp-json\/wp\/v2\/media\/9490"}],"wp:attachment":[{"href":"https:\/\/www.notibras.com\/site\/wp-json\/wp\/v2\/media?parent=9489"}],"wp:term":[{"taxonomy":"category","embeddable":true,"href":"https:\/\/www.notibras.com\/site\/wp-json\/wp\/v2\/categories?post=9489"},{"taxonomy":"post_tag","embeddable":true,"href":"https:\/\/www.notibras.com\/site\/wp-json\/wp\/v2\/tags?post=9489"}],"curies":[{"name":"wp","href":"https:\/\/api.w.org\/{rel}","templated":true}]}}