{"id":9499,"date":"2014-05-14T23:56:59","date_gmt":"2014-05-15T02:56:59","guid":{"rendered":"http:\/\/www.notibras.com\/site\/?p=9499"},"modified":"2014-05-15T00:04:25","modified_gmt":"2014-05-15T03:04:25","slug":"inter-faz-dever-de-casa-e-deixa-o-beira-rio-com-vaga-na-copa-do-brasil","status":"publish","type":"post","link":"https:\/\/www.notibras.com\/site\/inter-faz-dever-de-casa-e-deixa-o-beira-rio-com-vaga-na-copa-do-brasil\/","title":{"rendered":"Inter faz dever de casa e deixa o Beira-Rio com vaga garantida"},"content":{"rendered":"<p>O Internacional disse at\u00e9 logo ao Beira-Rio com vit\u00f3ria e classifica\u00e7\u00e3o. Nesta quarta-feira, no \u00faltimo jogo antes da entrega do est\u00e1dio para a Fifa em virtude da Copa do Mundo, o Colorado venceu o Cuiab\u00e1-MT por 4 a 1. Gols de Alex, duas vezes, Rafael Moura e Fabr\u00edcio. Alan Pop\u00f4 descontou. Um triunfo que come\u00e7ou com futebol burocr\u00e1tico, mas terminou com a confirma\u00e7\u00e3o da superioridade t\u00e9cnica e garante vaga na terceira fase da Copa do Brasil.<\/p>\n<p>Al\u00e9m de atuar pela \u00faltima vez na sua casa, o Inter tamb\u00e9m disse adeus ao lateral direito Gilberto \u2013 convocado pela sele\u00e7\u00e3o brasileira sub-21, e o meia Ar\u00e1nguiz. O chileno, que disputar\u00e1 a Copa do Mundo, foi destaque com dois passes para gol.<\/p>\n<p>D&#8217;Alessandro, com a intensidade habitual, foi outro que chamou aten\u00e7\u00e3o em uma partida que teve picos de sonol\u00eancia. Mas que nunca esteve fora de controle do Inter.<\/p>\n<p>Na pr\u00f3xima fase, o Inter pega o vencedor do confronto entre Chapecoense e Cear\u00e1. Nesta quarta, na partida de ida, o time de Chapec\u00f3 perdeu em casa por 2 a 1.<\/p>\n<p>A despedida tempor\u00e1ria do est\u00e1dio n\u00e3o foi com atua\u00e7\u00e3o irretoc\u00e1vel, mas sim oscilante. Um primeiro tempo quase burocr\u00e1tico, mas uma etapa final com confirma\u00e7\u00e3o do favoritismo.<\/p>\n<p>O Inter come\u00e7ou no ataque, mas sem profundidade. Em vantagem desde o primeiro minuto \u2013 por ter empatado em um gol como visitante, o time dirigido por Abel Braga parecia relaxado. Os passes errados se multiplicavam e os chutes a gol n\u00e3o levavam perigo.<\/p>\n<p>Alan Patrick chutou por cima uma oportunidade \u2013 constru\u00edda com cruzamento de Ar\u00e1nguiz e desvio de Rafael Moura para o meio. Mas de resto, o setor ofensivo do Colorado padecia de falta de criatividade. E sofria diante de uma marca\u00e7\u00e3o intensa do Cuiab\u00e1.<\/p>\n<p>A monotonia s\u00f3 foi quebrada aos 23 minutos. Foi quando Alan Patrick fez boa finta na intermedi\u00e1ria e serviu Rafael Moura. O centroavante viu Alex passar e tocou para o meia. Na sa\u00edda do goleiro, o camisa 12 chutou e enfim botou o Inter em vantagem: 1 a 0.<\/p>\n<p>Ap\u00f3s o gol o que era devagar ficou mais lento ainda. O Inter visivelmente tirou o p\u00e9 e o Cuiab\u00e1 tentou se aproveitar. Levou perigo com um chute de longe, mas assustou de fato na bola parada. Luis Eduardo desviou de cabe\u00e7a e Dida salvou o que seria o empate.<\/p>\n<p>&#8220;A gente fez o gol e parou. Tudo bem, tem jogo quarta e domingo e \u00e0s vezes voc\u00ea passa a administrar o jogo naturalmente. Mas d\u00e1 para melhorar. Foi bom&#8221;, resumiu Alex.<\/p>\n<p>No segundo tempo, o Cuiab\u00e1 tentou sair mais e o Inter agradeceu. Resultado: chuva de gols. Mais altivo, o Colorado ampliou aos 9 minutos. Fabr\u00edcio lan\u00e7ou Ar\u00e1nguiz e o chileno foi na linha de fundo. De l\u00e1, cruzou para Rafael Moura executar quase em cima da linha do gol: 2 a 0.<\/p>\n<p>Antes do fim a equipe visitante ainda assustou com uma bola longa que Dida saiu para abafar. O Inter respondeu com um chute colocado de D&#8217;Alessandro e outro de Alan Patrick. Mas marcou mesmo com Alex, ap\u00f3s nova assist\u00eancia de Ar\u00e1nguiz, e Fabr\u00edcio, de cabe\u00e7a ap\u00f3s escanteio da direita. Quando o jogo parecia terminado, Alan Pop\u00f3 encobriu Dida e enfim deu n\u00fameros finais: 4 a 1.<\/p>\n<p>O Colorado, agora se volta exclusivamente ao Brasileir\u00e3o. No domingo, o time visita o Crici\u00fama \u00e0s 18h30min. O retorno ao Beira-Rio s\u00f3 acontece em 20 de julho, diante do Flamengo.<\/p>\n","protected":false},"excerpt":{"rendered":"<p>O Internacional disse at\u00e9 logo ao Beira-Rio com vit\u00f3ria e classifica\u00e7\u00e3o. Nesta quarta-feira, no \u00faltimo jogo antes da entrega do est\u00e1dio para a Fifa em virtude da Copa do Mundo, o Colorado venceu o Cuiab\u00e1-MT por 4 a 1. Gols de Alex, duas vezes, Rafael Moura e Fabr\u00edcio. Alan Pop\u00f4 descontou. Um triunfo que come\u00e7ou [&hellip;]<\/p>\n","protected":false},"author":2,"featured_media":9500,"comment_status":"open","ping_status":"closed","sticky":false,"template":"","format":"standard","meta":{"_acf_changed":false,"footnotes":""},"categories":[19,29],"tags":[],"class_list":["post-9499","post","type-post","status-publish","format-standard","has-post-thumbnail","hentry","category-esportes","category-futebol"],"acf":[],"yoast_head":"<!-- This site is optimized with the Yoast SEO plugin v27.2 - https:\/\/yoast.com\/product\/yoast-seo-wordpress\/ -->\n<title>Inter faz dever de casa e deixa o Beira-Rio com vaga garantida - Notibras<\/title>\n<meta name=\"robots\" content=\"index, follow, max-snippet:-1, max-image-preview:large, max-video-preview:-1\" \/>\n<link rel=\"canonical\" href=\"https:\/\/www.notibras.com\/site\/inter-faz-dever-de-casa-e-deixa-o-beira-rio-com-vaga-na-copa-do-brasil\/\" \/>\n<meta property=\"og:locale\" content=\"pt_BR\" \/>\n<meta property=\"og:type\" content=\"article\" \/>\n<meta property=\"og:title\" content=\"Inter faz dever de casa e deixa o Beira-Rio com vaga garantida - Notibras\" \/>\n<meta property=\"og:description\" content=\"O Internacional disse at\u00e9 logo ao Beira-Rio com vit\u00f3ria e classifica\u00e7\u00e3o. Nesta quarta-feira, no \u00faltimo jogo antes da entrega do est\u00e1dio para a Fifa em virtude da Copa do Mundo, o Colorado venceu o Cuiab\u00e1-MT por 4 a 1. Gols de Alex, duas vezes, Rafael Moura e Fabr\u00edcio. Alan Pop\u00f4 descontou. Um triunfo que come\u00e7ou [&hellip;]\" \/>\n<meta property=\"og:url\" content=\"https:\/\/www.notibras.com\/site\/inter-faz-dever-de-casa-e-deixa-o-beira-rio-com-vaga-na-copa-do-brasil\/\" \/>\n<meta property=\"og:site_name\" content=\"Notibras\" \/>\n<meta property=\"article:publisher\" content=\"https:\/\/www.facebook.com\/notibras\/\" \/>\n<meta property=\"article:published_time\" content=\"2014-05-15T02:56:59+00:00\" \/>\n<meta property=\"article:modified_time\" content=\"2014-05-15T03:04:25+00:00\" \/>\n<meta property=\"og:image\" content=\"https:\/\/www.notibras.com\/site\/wp-content\/uploads\/2014\/05\/fu.jpg\" \/>\n\t<meta property=\"og:image:width\" content=\"275\" \/>\n\t<meta property=\"og:image:height\" content=\"183\" \/>\n\t<meta property=\"og:image:type\" content=\"image\/jpeg\" \/>\n<meta name=\"author\" content=\"Reda\u00e7\u00e3o\" \/>\n<meta name=\"twitter:card\" content=\"summary_large_image\" \/>\n<meta name=\"twitter:creator\" content=\"@Notibras\" \/>\n<meta name=\"twitter:site\" content=\"@Notibras\" \/>\n<meta name=\"twitter:label1\" content=\"Escrito por\" \/>\n\t<meta name=\"twitter:data1\" content=\"Reda\u00e7\u00e3o\" \/>\n\t<meta name=\"twitter:label2\" content=\"Est. tempo de leitura\" \/>\n\t<meta name=\"twitter:data2\" content=\"3 minutos\" \/>\n<script type=\"application\/ld+json\" class=\"yoast-schema-graph\">{\"@context\":\"https:\/\/schema.org\",\"@graph\":[{\"@type\":\"Article\",\"@id\":\"https:\/\/www.notibras.com\/site\/inter-faz-dever-de-casa-e-deixa-o-beira-rio-com-vaga-na-copa-do-brasil\/#article\",\"isPartOf\":{\"@id\":\"https:\/\/www.notibras.com\/site\/inter-faz-dever-de-casa-e-deixa-o-beira-rio-com-vaga-na-copa-do-brasil\/\"},\"author\":{\"name\":\"Reda\u00e7\u00e3o\",\"@id\":\"https:\/\/www.notibras.com\/site\/#\/schema\/person\/36ab0979449956132d3e5b517ea76ac8\"},\"headline\":\"Inter faz dever de casa e deixa o Beira-Rio com vaga garantida\",\"datePublished\":\"2014-05-15T02:56:59+00:00\",\"dateModified\":\"2014-05-15T03:04:25+00:00\",\"mainEntityOfPage\":{\"@id\":\"https:\/\/www.notibras.com\/site\/inter-faz-dever-de-casa-e-deixa-o-beira-rio-com-vaga-na-copa-do-brasil\/\"},\"wordCount\":609,\"commentCount\":0,\"publisher\":{\"@id\":\"https:\/\/www.notibras.com\/site\/#organization\"},\"image\":{\"@id\":\"https:\/\/www.notibras.com\/site\/inter-faz-dever-de-casa-e-deixa-o-beira-rio-com-vaga-na-copa-do-brasil\/#primaryimage\"},\"thumbnailUrl\":\"https:\/\/www.notibras.com\/site\/wp-content\/uploads\/2014\/05\/fu.jpg\",\"articleSection\":[\"Esportes\",\"Futebol\"],\"inLanguage\":\"pt-BR\",\"potentialAction\":[{\"@type\":\"CommentAction\",\"name\":\"Comment\",\"target\":[\"https:\/\/www.notibras.com\/site\/inter-faz-dever-de-casa-e-deixa-o-beira-rio-com-vaga-na-copa-do-brasil\/#respond\"]}]},{\"@type\":\"WebPage\",\"@id\":\"https:\/\/www.notibras.com\/site\/inter-faz-dever-de-casa-e-deixa-o-beira-rio-com-vaga-na-copa-do-brasil\/\",\"url\":\"https:\/\/www.notibras.com\/site\/inter-faz-dever-de-casa-e-deixa-o-beira-rio-com-vaga-na-copa-do-brasil\/\",\"name\":\"Inter faz dever de casa e deixa o Beira-Rio com vaga garantida - Notibras\",\"isPartOf\":{\"@id\":\"https:\/\/www.notibras.com\/site\/#website\"},\"primaryImageOfPage\":{\"@id\":\"https:\/\/www.notibras.com\/site\/inter-faz-dever-de-casa-e-deixa-o-beira-rio-com-vaga-na-copa-do-brasil\/#primaryimage\"},\"image\":{\"@id\":\"https:\/\/www.notibras.com\/site\/inter-faz-dever-de-casa-e-deixa-o-beira-rio-com-vaga-na-copa-do-brasil\/#primaryimage\"},\"thumbnailUrl\":\"https:\/\/www.notibras.com\/site\/wp-content\/uploads\/2014\/05\/fu.jpg\",\"datePublished\":\"2014-05-15T02:56:59+00:00\",\"dateModified\":\"2014-05-15T03:04:25+00:00\",\"breadcrumb\":{\"@id\":\"https:\/\/www.notibras.com\/site\/inter-faz-dever-de-casa-e-deixa-o-beira-rio-com-vaga-na-copa-do-brasil\/#breadcrumb\"},\"inLanguage\":\"pt-BR\",\"potentialAction\":[{\"@type\":\"ReadAction\",\"target\":[\"https:\/\/www.notibras.com\/site\/inter-faz-dever-de-casa-e-deixa-o-beira-rio-com-vaga-na-copa-do-brasil\/\"]}]},{\"@type\":\"ImageObject\",\"inLanguage\":\"pt-BR\",\"@id\":\"https:\/\/www.notibras.com\/site\/inter-faz-dever-de-casa-e-deixa-o-beira-rio-com-vaga-na-copa-do-brasil\/#primaryimage\",\"url\":\"https:\/\/www.notibras.com\/site\/wp-content\/uploads\/2014\/05\/fu.jpg\",\"contentUrl\":\"https:\/\/www.notibras.com\/site\/wp-content\/uploads\/2014\/05\/fu.jpg\",\"width\":275,\"height\":183},{\"@type\":\"BreadcrumbList\",\"@id\":\"https:\/\/www.notibras.com\/site\/inter-faz-dever-de-casa-e-deixa-o-beira-rio-com-vaga-na-copa-do-brasil\/#breadcrumb\",\"itemListElement\":[{\"@type\":\"ListItem\",\"position\":1,\"name\":\"In\u00edcio\",\"item\":\"https:\/\/www.notibras.com\/site\/\"},{\"@type\":\"ListItem\",\"position\":2,\"name\":\"Inter faz dever de casa e deixa o Beira-Rio com vaga garantida\"}]},{\"@type\":\"WebSite\",\"@id\":\"https:\/\/www.notibras.com\/site\/#website\",\"url\":\"https:\/\/www.notibras.com\/site\/\",\"name\":\"Notibras\",\"description\":\"Not\u00edcias de Bras\u00edlia, do Brasil e do Mundo\",\"publisher\":{\"@id\":\"https:\/\/www.notibras.com\/site\/#organization\"},\"potentialAction\":[{\"@type\":\"SearchAction\",\"target\":{\"@type\":\"EntryPoint\",\"urlTemplate\":\"https:\/\/www.notibras.com\/site\/?s={search_term_string}\"},\"query-input\":{\"@type\":\"PropertyValueSpecification\",\"valueRequired\":true,\"valueName\":\"search_term_string\"}}],\"inLanguage\":\"pt-BR\"},{\"@type\":\"Organization\",\"@id\":\"https:\/\/www.notibras.com\/site\/#organization\",\"name\":\"Grupo Notibras de Comunica\u00e7\u00e3o\",\"url\":\"https:\/\/www.notibras.com\/site\/\",\"logo\":{\"@type\":\"ImageObject\",\"inLanguage\":\"pt-BR\",\"@id\":\"https:\/\/www.notibras.com\/site\/#\/schema\/logo\/image\/\",\"url\":\"https:\/\/www.notibras.com\/site\/wp-content\/uploads\/2023\/01\/notibras23.png\",\"contentUrl\":\"https:\/\/www.notibras.com\/site\/wp-content\/uploads\/2023\/01\/notibras23.png\",\"width\":350,\"height\":87,\"caption\":\"Grupo Notibras de Comunica\u00e7\u00e3o\"},\"image\":{\"@id\":\"https:\/\/www.notibras.com\/site\/#\/schema\/logo\/image\/\"},\"sameAs\":[\"https:\/\/www.facebook.com\/notibras\/\",\"https:\/\/x.com\/Notibras\",\"https:\/\/www.instagram.com\/notibras\/\"]},{\"@type\":\"Person\",\"@id\":\"https:\/\/www.notibras.com\/site\/#\/schema\/person\/36ab0979449956132d3e5b517ea76ac8\",\"name\":\"Reda\u00e7\u00e3o\",\"image\":{\"@type\":\"ImageObject\",\"inLanguage\":\"pt-BR\",\"@id\":\"https:\/\/secure.gravatar.com\/avatar\/e0a867bdedb85fd243eadf09663511f96fc81e0720a4a42581f334ad4303aa6b?s=96&d=mm&r=g\",\"url\":\"https:\/\/secure.gravatar.com\/avatar\/e0a867bdedb85fd243eadf09663511f96fc81e0720a4a42581f334ad4303aa6b?s=96&d=mm&r=g\",\"contentUrl\":\"https:\/\/secure.gravatar.com\/avatar\/e0a867bdedb85fd243eadf09663511f96fc81e0720a4a42581f334ad4303aa6b?s=96&d=mm&r=g\",\"caption\":\"Reda\u00e7\u00e3o\"}}]}<\/script>\n<!-- \/ Yoast SEO plugin. -->","yoast_head_json":{"title":"Inter faz dever de casa e deixa o Beira-Rio com vaga garantida - Notibras","robots":{"index":"index","follow":"follow","max-snippet":"max-snippet:-1","max-image-preview":"max-image-preview:large","max-video-preview":"max-video-preview:-1"},"canonical":"https:\/\/www.notibras.com\/site\/inter-faz-dever-de-casa-e-deixa-o-beira-rio-com-vaga-na-copa-do-brasil\/","og_locale":"pt_BR","og_type":"article","og_title":"Inter faz dever de casa e deixa o Beira-Rio com vaga garantida - Notibras","og_description":"O Internacional disse at\u00e9 logo ao Beira-Rio com vit\u00f3ria e classifica\u00e7\u00e3o. Nesta quarta-feira, no \u00faltimo jogo antes da entrega do est\u00e1dio para a Fifa em virtude da Copa do Mundo, o Colorado venceu o Cuiab\u00e1-MT por 4 a 1. Gols de Alex, duas vezes, Rafael Moura e Fabr\u00edcio. Alan Pop\u00f4 descontou. Um triunfo que come\u00e7ou [&hellip;]","og_url":"https:\/\/www.notibras.com\/site\/inter-faz-dever-de-casa-e-deixa-o-beira-rio-com-vaga-na-copa-do-brasil\/","og_site_name":"Notibras","article_publisher":"https:\/\/www.facebook.com\/notibras\/","article_published_time":"2014-05-15T02:56:59+00:00","article_modified_time":"2014-05-15T03:04:25+00:00","og_image":[{"width":275,"height":183,"url":"https:\/\/www.notibras.com\/site\/wp-content\/uploads\/2014\/05\/fu.jpg","type":"image\/jpeg"}],"author":"Reda\u00e7\u00e3o","twitter_card":"summary_large_image","twitter_creator":"@Notibras","twitter_site":"@Notibras","twitter_misc":{"Escrito por":"Reda\u00e7\u00e3o","Est. tempo de leitura":"3 minutos"},"schema":{"@context":"https:\/\/schema.org","@graph":[{"@type":"Article","@id":"https:\/\/www.notibras.com\/site\/inter-faz-dever-de-casa-e-deixa-o-beira-rio-com-vaga-na-copa-do-brasil\/#article","isPartOf":{"@id":"https:\/\/www.notibras.com\/site\/inter-faz-dever-de-casa-e-deixa-o-beira-rio-com-vaga-na-copa-do-brasil\/"},"author":{"name":"Reda\u00e7\u00e3o","@id":"https:\/\/www.notibras.com\/site\/#\/schema\/person\/36ab0979449956132d3e5b517ea76ac8"},"headline":"Inter faz dever de casa e deixa o Beira-Rio com vaga garantida","datePublished":"2014-05-15T02:56:59+00:00","dateModified":"2014-05-15T03:04:25+00:00","mainEntityOfPage":{"@id":"https:\/\/www.notibras.com\/site\/inter-faz-dever-de-casa-e-deixa-o-beira-rio-com-vaga-na-copa-do-brasil\/"},"wordCount":609,"commentCount":0,"publisher":{"@id":"https:\/\/www.notibras.com\/site\/#organization"},"image":{"@id":"https:\/\/www.notibras.com\/site\/inter-faz-dever-de-casa-e-deixa-o-beira-rio-com-vaga-na-copa-do-brasil\/#primaryimage"},"thumbnailUrl":"https:\/\/www.notibras.com\/site\/wp-content\/uploads\/2014\/05\/fu.jpg","articleSection":["Esportes","Futebol"],"inLanguage":"pt-BR","potentialAction":[{"@type":"CommentAction","name":"Comment","target":["https:\/\/www.notibras.com\/site\/inter-faz-dever-de-casa-e-deixa-o-beira-rio-com-vaga-na-copa-do-brasil\/#respond"]}]},{"@type":"WebPage","@id":"https:\/\/www.notibras.com\/site\/inter-faz-dever-de-casa-e-deixa-o-beira-rio-com-vaga-na-copa-do-brasil\/","url":"https:\/\/www.notibras.com\/site\/inter-faz-dever-de-casa-e-deixa-o-beira-rio-com-vaga-na-copa-do-brasil\/","name":"Inter faz dever de casa e deixa o Beira-Rio com vaga garantida - Notibras","isPartOf":{"@id":"https:\/\/www.notibras.com\/site\/#website"},"primaryImageOfPage":{"@id":"https:\/\/www.notibras.com\/site\/inter-faz-dever-de-casa-e-deixa-o-beira-rio-com-vaga-na-copa-do-brasil\/#primaryimage"},"image":{"@id":"https:\/\/www.notibras.com\/site\/inter-faz-dever-de-casa-e-deixa-o-beira-rio-com-vaga-na-copa-do-brasil\/#primaryimage"},"thumbnailUrl":"https:\/\/www.notibras.com\/site\/wp-content\/uploads\/2014\/05\/fu.jpg","datePublished":"2014-05-15T02:56:59+00:00","dateModified":"2014-05-15T03:04:25+00:00","breadcrumb":{"@id":"https:\/\/www.notibras.com\/site\/inter-faz-dever-de-casa-e-deixa-o-beira-rio-com-vaga-na-copa-do-brasil\/#breadcrumb"},"inLanguage":"pt-BR","potentialAction":[{"@type":"ReadAction","target":["https:\/\/www.notibras.com\/site\/inter-faz-dever-de-casa-e-deixa-o-beira-rio-com-vaga-na-copa-do-brasil\/"]}]},{"@type":"ImageObject","inLanguage":"pt-BR","@id":"https:\/\/www.notibras.com\/site\/inter-faz-dever-de-casa-e-deixa-o-beira-rio-com-vaga-na-copa-do-brasil\/#primaryimage","url":"https:\/\/www.notibras.com\/site\/wp-content\/uploads\/2014\/05\/fu.jpg","contentUrl":"https:\/\/www.notibras.com\/site\/wp-content\/uploads\/2014\/05\/fu.jpg","width":275,"height":183},{"@type":"BreadcrumbList","@id":"https:\/\/www.notibras.com\/site\/inter-faz-dever-de-casa-e-deixa-o-beira-rio-com-vaga-na-copa-do-brasil\/#breadcrumb","itemListElement":[{"@type":"ListItem","position":1,"name":"In\u00edcio","item":"https:\/\/www.notibras.com\/site\/"},{"@type":"ListItem","position":2,"name":"Inter faz dever de casa e deixa o Beira-Rio com vaga garantida"}]},{"@type":"WebSite","@id":"https:\/\/www.notibras.com\/site\/#website","url":"https:\/\/www.notibras.com\/site\/","name":"Notibras","description":"Not\u00edcias de Bras\u00edlia, do Brasil e do Mundo","publisher":{"@id":"https:\/\/www.notibras.com\/site\/#organization"},"potentialAction":[{"@type":"SearchAction","target":{"@type":"EntryPoint","urlTemplate":"https:\/\/www.notibras.com\/site\/?s={search_term_string}"},"query-input":{"@type":"PropertyValueSpecification","valueRequired":true,"valueName":"search_term_string"}}],"inLanguage":"pt-BR"},{"@type":"Organization","@id":"https:\/\/www.notibras.com\/site\/#organization","name":"Grupo Notibras de Comunica\u00e7\u00e3o","url":"https:\/\/www.notibras.com\/site\/","logo":{"@type":"ImageObject","inLanguage":"pt-BR","@id":"https:\/\/www.notibras.com\/site\/#\/schema\/logo\/image\/","url":"https:\/\/www.notibras.com\/site\/wp-content\/uploads\/2023\/01\/notibras23.png","contentUrl":"https:\/\/www.notibras.com\/site\/wp-content\/uploads\/2023\/01\/notibras23.png","width":350,"height":87,"caption":"Grupo Notibras de Comunica\u00e7\u00e3o"},"image":{"@id":"https:\/\/www.notibras.com\/site\/#\/schema\/logo\/image\/"},"sameAs":["https:\/\/www.facebook.com\/notibras\/","https:\/\/x.com\/Notibras","https:\/\/www.instagram.com\/notibras\/"]},{"@type":"Person","@id":"https:\/\/www.notibras.com\/site\/#\/schema\/person\/36ab0979449956132d3e5b517ea76ac8","name":"Reda\u00e7\u00e3o","image":{"@type":"ImageObject","inLanguage":"pt-BR","@id":"https:\/\/secure.gravatar.com\/avatar\/e0a867bdedb85fd243eadf09663511f96fc81e0720a4a42581f334ad4303aa6b?s=96&d=mm&r=g","url":"https:\/\/secure.gravatar.com\/avatar\/e0a867bdedb85fd243eadf09663511f96fc81e0720a4a42581f334ad4303aa6b?s=96&d=mm&r=g","contentUrl":"https:\/\/secure.gravatar.com\/avatar\/e0a867bdedb85fd243eadf09663511f96fc81e0720a4a42581f334ad4303aa6b?s=96&d=mm&r=g","caption":"Reda\u00e7\u00e3o"}}]}},"amp_enabled":true,"_links":{"self":[{"href":"https:\/\/www.notibras.com\/site\/wp-json\/wp\/v2\/posts\/9499","targetHints":{"allow":["GET"]}}],"collection":[{"href":"https:\/\/www.notibras.com\/site\/wp-json\/wp\/v2\/posts"}],"about":[{"href":"https:\/\/www.notibras.com\/site\/wp-json\/wp\/v2\/types\/post"}],"author":[{"embeddable":true,"href":"https:\/\/www.notibras.com\/site\/wp-json\/wp\/v2\/users\/2"}],"replies":[{"embeddable":true,"href":"https:\/\/www.notibras.com\/site\/wp-json\/wp\/v2\/comments?post=9499"}],"version-history":[{"count":0,"href":"https:\/\/www.notibras.com\/site\/wp-json\/wp\/v2\/posts\/9499\/revisions"}],"wp:featuredmedia":[{"embeddable":true,"href":"https:\/\/www.notibras.com\/site\/wp-json\/wp\/v2\/media\/9500"}],"wp:attachment":[{"href":"https:\/\/www.notibras.com\/site\/wp-json\/wp\/v2\/media?parent=9499"}],"wp:term":[{"taxonomy":"category","embeddable":true,"href":"https:\/\/www.notibras.com\/site\/wp-json\/wp\/v2\/categories?post=9499"},{"taxonomy":"post_tag","embeddable":true,"href":"https:\/\/www.notibras.com\/site\/wp-json\/wp\/v2\/tags?post=9499"}],"curies":[{"name":"wp","href":"https:\/\/api.w.org\/{rel}","templated":true}]}}