{"id":9505,"date":"2014-05-15T02:03:15","date_gmt":"2014-05-15T05:03:15","guid":{"rendered":"http:\/\/www.notibras.com\/site\/?p=9505"},"modified":"2014-05-15T21:47:06","modified_gmt":"2014-05-16T00:47:06","slug":"cruzeiro-da-vexame-em-casa-e-brasil-pais-da-copa-esta-fora-da-libertadores","status":"publish","type":"post","link":"https:\/\/www.notibras.com\/site\/cruzeiro-da-vexame-em-casa-e-brasil-pais-da-copa-esta-fora-da-libertadores\/","title":{"rendered":"Cruzeiro d\u00e1 vexame em casa e Brasil da Copa sai da Libertadores"},"content":{"rendered":"<p>Nem mesmo a for\u00e7a de 45 mil torcedores do Cruzeiro foi suficiente para salvar o time da elimina\u00e7\u00e3o nas quartas de final da Copa Libertadores na noite desta quarta-feira. No Mineir\u00e3o em festa, a equipe levou gol aos 9min, desperdi\u00e7ou dezenas de chances de gol e n\u00e3o passou do empate por 1 a 1 contra o San Lorenzo, resultado insuficiente para se manter na briga na competi\u00e7\u00e3o continental.<\/p>\n<p class=\"text\">O empate n\u00e3o serviu aos cruzeirenses porque, no jogo de ida, a equipe foi derrotado por 1 a 0. Em Belo Horizonte, o time levou gol logo no in\u00edcio e passou a precisar de vit\u00f3ria por 3 a 1 para avan\u00e7ar. Bruno Rodrigo empatou, mas quem avan\u00e7ou foi o San Lorenzo, que agora aguarda a defini\u00e7\u00e3o do advers\u00e1rio: Lan\u00fas (Argentina) pega o Bol\u00edvar (Bol\u00edvia) nesta quinta; no jogo de ida, empataram por 1 a 1.<\/p>\n<p class=\"text\">Desta vez, cai o \u00faltimo brasileiro vivo na Copa Libertadores. O Pa\u00eds, que conquistou os \u00faltimos quatro t\u00edtulos continentais (Atl\u00e9tico-MG, Corinthians, Santos e Internacional), est\u00e1 sem representante na semifinal pela primeira vez em 23 anos.<\/p>\n<p class=\"text\">O Cruzeiro viu sua situa\u00e7\u00e3o se complicar muito logo aos 9min do primeiro tempo. Em bola cruzada na \u00e1rea, Piatti dominou pela esquerda, cortou a marca\u00e7\u00e3o de Cear\u00e1 e bateu forte, no alto para abrir o placar. Com o gol, o time mineiro precisaria fazer outros tr\u00eas. O San Lorenzo se postou defensivamente e, desde aquele momento, se preparou para suportar a press\u00e3o cruzeirense no Mineir\u00e3o.<\/p>\n<p class=\"text\">O que se viu no restante do jogo foi uma s\u00e9rie de gols incrivelmente desperdi\u00e7ados. Cear\u00e1 e J\u00falio Baptista finalizaram bolas rente \u00e0 trave aos 15min e 27min. \u00c9verton Ribeiro mandou a bola perigosamente por cima do travess\u00e3o aos 38min. Aos 46min, Marcelo Moreno se esticou para desviar lan\u00e7amento na \u00e1rea; a bola bateu na trave, correu em cima da linha e tocou no outro poste antes de sair.<\/p>\n<p class=\"text\">O San Lorenzo tamb\u00e9m teve uma chance incr\u00edvel desperdi\u00e7ada no primeiro tempo. Aos 33min, em um contra-ataque de tr\u00eas jogadores contra apenas um cruzeirense, Piatti recebeu cruzamento rasteiro na \u00e1rea e chutou mal; F\u00e1bio desviou com as pernas e evitou o segundo gol. No segundo tempo, a press\u00e3o se manteve intensa e demorou para dar resultados.<\/p>\n<p class=\"text\">Apenas aos 25min o Cruzeiro conseguiu seu primeiro gol, com cabe\u00e7ada de Bruno Rodrigo em cruzamento na \u00e1rea. Antes, viu Willian ser pego em impedimento ap\u00f3s ser bloqueado pelo goleiro Torrico e Moreno desperdi\u00e7ar a sobra. Aos 9min, o San Lorenzo respondeu com chute perigoso de Correa ap\u00f3s passe de Vilalba. Aos 19min, Moreno acertou o canto em finaliza\u00e7\u00e3o, mas Torrico apareceu bem de novo.<\/p>\n<p class=\"text\">O goleiro do San Lorenzo ainda salvou cabe\u00e7adas de Ded\u00e9 e Marcelo Moreno aos 20min e 28min. O volume do Cruzeiro, que j\u00e1 era grande, ficou ainda maior quando o time argentino teve jogador expulso aos 31min. Ap\u00f3s discuss\u00e3o, Romagnoli deu tapa na cara de Moreno na frente do \u00e1rbitro e recebeu o vermelho.<\/p>\n","protected":false},"excerpt":{"rendered":"<p>Nem mesmo a for\u00e7a de 45 mil torcedores do Cruzeiro foi suficiente para salvar o time da elimina\u00e7\u00e3o nas quartas de final da Copa Libertadores na noite desta quarta-feira. No Mineir\u00e3o em festa, a equipe levou gol aos 9min, desperdi\u00e7ou dezenas de chances de gol e n\u00e3o passou do empate por 1 a 1 contra [&hellip;]<\/p>\n","protected":false},"author":2,"featured_media":9506,"comment_status":"open","ping_status":"closed","sticky":false,"template":"","format":"standard","meta":{"_acf_changed":false,"footnotes":""},"categories":[19,29],"tags":[],"class_list":["post-9505","post","type-post","status-publish","format-standard","has-post-thumbnail","hentry","category-esportes","category-futebol"],"acf":[],"yoast_head":"<!-- This site is optimized with the Yoast SEO plugin v27.2 - https:\/\/yoast.com\/product\/yoast-seo-wordpress\/ -->\n<title>Cruzeiro d\u00e1 vexame em casa e Brasil da Copa sai da Libertadores - Notibras<\/title>\n<meta name=\"robots\" content=\"index, follow, max-snippet:-1, max-image-preview:large, max-video-preview:-1\" \/>\n<link rel=\"canonical\" href=\"https:\/\/www.notibras.com\/site\/cruzeiro-da-vexame-em-casa-e-brasil-pais-da-copa-esta-fora-da-libertadores\/\" \/>\n<meta property=\"og:locale\" content=\"pt_BR\" \/>\n<meta property=\"og:type\" content=\"article\" \/>\n<meta property=\"og:title\" content=\"Cruzeiro d\u00e1 vexame em casa e Brasil da Copa sai da Libertadores - Notibras\" \/>\n<meta property=\"og:description\" content=\"Nem mesmo a for\u00e7a de 45 mil torcedores do Cruzeiro foi suficiente para salvar o time da elimina\u00e7\u00e3o nas quartas de final da Copa Libertadores na noite desta quarta-feira. No Mineir\u00e3o em festa, a equipe levou gol aos 9min, desperdi\u00e7ou dezenas de chances de gol e n\u00e3o passou do empate por 1 a 1 contra [&hellip;]\" \/>\n<meta property=\"og:url\" content=\"https:\/\/www.notibras.com\/site\/cruzeiro-da-vexame-em-casa-e-brasil-pais-da-copa-esta-fora-da-libertadores\/\" \/>\n<meta property=\"og:site_name\" content=\"Notibras\" \/>\n<meta property=\"article:publisher\" content=\"https:\/\/www.facebook.com\/notibras\/\" \/>\n<meta property=\"article:published_time\" content=\"2014-05-15T05:03:15+00:00\" \/>\n<meta property=\"article:modified_time\" content=\"2014-05-16T00:47:06+00:00\" \/>\n<meta property=\"og:image\" content=\"https:\/\/www.notibras.com\/site\/wp-content\/uploads\/2014\/05\/marcelomorenolamentaafp.jpg\" \/>\n\t<meta property=\"og:image:width\" content=\"755\" \/>\n\t<meta property=\"og:image:height\" content=\"500\" \/>\n\t<meta property=\"og:image:type\" content=\"image\/jpeg\" \/>\n<meta name=\"author\" content=\"Reda\u00e7\u00e3o\" \/>\n<meta name=\"twitter:card\" content=\"summary_large_image\" \/>\n<meta name=\"twitter:creator\" content=\"@Notibras\" \/>\n<meta name=\"twitter:site\" content=\"@Notibras\" \/>\n<meta name=\"twitter:label1\" content=\"Escrito por\" \/>\n\t<meta name=\"twitter:data1\" content=\"Reda\u00e7\u00e3o\" \/>\n\t<meta name=\"twitter:label2\" content=\"Est. tempo de leitura\" \/>\n\t<meta name=\"twitter:data2\" content=\"3 minutos\" \/>\n<script type=\"application\/ld+json\" class=\"yoast-schema-graph\">{\"@context\":\"https:\/\/schema.org\",\"@graph\":[{\"@type\":\"Article\",\"@id\":\"https:\/\/www.notibras.com\/site\/cruzeiro-da-vexame-em-casa-e-brasil-pais-da-copa-esta-fora-da-libertadores\/#article\",\"isPartOf\":{\"@id\":\"https:\/\/www.notibras.com\/site\/cruzeiro-da-vexame-em-casa-e-brasil-pais-da-copa-esta-fora-da-libertadores\/\"},\"author\":{\"name\":\"Reda\u00e7\u00e3o\",\"@id\":\"https:\/\/www.notibras.com\/site\/#\/schema\/person\/36ab0979449956132d3e5b517ea76ac8\"},\"headline\":\"Cruzeiro d\u00e1 vexame em casa e Brasil da Copa sai da Libertadores\",\"datePublished\":\"2014-05-15T05:03:15+00:00\",\"dateModified\":\"2014-05-16T00:47:06+00:00\",\"mainEntityOfPage\":{\"@id\":\"https:\/\/www.notibras.com\/site\/cruzeiro-da-vexame-em-casa-e-brasil-pais-da-copa-esta-fora-da-libertadores\/\"},\"wordCount\":532,\"commentCount\":0,\"publisher\":{\"@id\":\"https:\/\/www.notibras.com\/site\/#organization\"},\"image\":{\"@id\":\"https:\/\/www.notibras.com\/site\/cruzeiro-da-vexame-em-casa-e-brasil-pais-da-copa-esta-fora-da-libertadores\/#primaryimage\"},\"thumbnailUrl\":\"https:\/\/www.notibras.com\/site\/wp-content\/uploads\/2014\/05\/marcelomorenolamentaafp.jpg\",\"articleSection\":[\"Esportes\",\"Futebol\"],\"inLanguage\":\"pt-BR\",\"potentialAction\":[{\"@type\":\"CommentAction\",\"name\":\"Comment\",\"target\":[\"https:\/\/www.notibras.com\/site\/cruzeiro-da-vexame-em-casa-e-brasil-pais-da-copa-esta-fora-da-libertadores\/#respond\"]}]},{\"@type\":\"WebPage\",\"@id\":\"https:\/\/www.notibras.com\/site\/cruzeiro-da-vexame-em-casa-e-brasil-pais-da-copa-esta-fora-da-libertadores\/\",\"url\":\"https:\/\/www.notibras.com\/site\/cruzeiro-da-vexame-em-casa-e-brasil-pais-da-copa-esta-fora-da-libertadores\/\",\"name\":\"Cruzeiro d\u00e1 vexame em casa e Brasil da Copa sai da Libertadores - Notibras\",\"isPartOf\":{\"@id\":\"https:\/\/www.notibras.com\/site\/#website\"},\"primaryImageOfPage\":{\"@id\":\"https:\/\/www.notibras.com\/site\/cruzeiro-da-vexame-em-casa-e-brasil-pais-da-copa-esta-fora-da-libertadores\/#primaryimage\"},\"image\":{\"@id\":\"https:\/\/www.notibras.com\/site\/cruzeiro-da-vexame-em-casa-e-brasil-pais-da-copa-esta-fora-da-libertadores\/#primaryimage\"},\"thumbnailUrl\":\"https:\/\/www.notibras.com\/site\/wp-content\/uploads\/2014\/05\/marcelomorenolamentaafp.jpg\",\"datePublished\":\"2014-05-15T05:03:15+00:00\",\"dateModified\":\"2014-05-16T00:47:06+00:00\",\"breadcrumb\":{\"@id\":\"https:\/\/www.notibras.com\/site\/cruzeiro-da-vexame-em-casa-e-brasil-pais-da-copa-esta-fora-da-libertadores\/#breadcrumb\"},\"inLanguage\":\"pt-BR\",\"potentialAction\":[{\"@type\":\"ReadAction\",\"target\":[\"https:\/\/www.notibras.com\/site\/cruzeiro-da-vexame-em-casa-e-brasil-pais-da-copa-esta-fora-da-libertadores\/\"]}]},{\"@type\":\"ImageObject\",\"inLanguage\":\"pt-BR\",\"@id\":\"https:\/\/www.notibras.com\/site\/cruzeiro-da-vexame-em-casa-e-brasil-pais-da-copa-esta-fora-da-libertadores\/#primaryimage\",\"url\":\"https:\/\/www.notibras.com\/site\/wp-content\/uploads\/2014\/05\/marcelomorenolamentaafp.jpg\",\"contentUrl\":\"https:\/\/www.notibras.com\/site\/wp-content\/uploads\/2014\/05\/marcelomorenolamentaafp.jpg\",\"width\":755,\"height\":500},{\"@type\":\"BreadcrumbList\",\"@id\":\"https:\/\/www.notibras.com\/site\/cruzeiro-da-vexame-em-casa-e-brasil-pais-da-copa-esta-fora-da-libertadores\/#breadcrumb\",\"itemListElement\":[{\"@type\":\"ListItem\",\"position\":1,\"name\":\"In\u00edcio\",\"item\":\"https:\/\/www.notibras.com\/site\/\"},{\"@type\":\"ListItem\",\"position\":2,\"name\":\"Cruzeiro d\u00e1 vexame em casa e Brasil da Copa sai da Libertadores\"}]},{\"@type\":\"WebSite\",\"@id\":\"https:\/\/www.notibras.com\/site\/#website\",\"url\":\"https:\/\/www.notibras.com\/site\/\",\"name\":\"Notibras\",\"description\":\"Not\u00edcias de Bras\u00edlia, do Brasil e do Mundo\",\"publisher\":{\"@id\":\"https:\/\/www.notibras.com\/site\/#organization\"},\"potentialAction\":[{\"@type\":\"SearchAction\",\"target\":{\"@type\":\"EntryPoint\",\"urlTemplate\":\"https:\/\/www.notibras.com\/site\/?s={search_term_string}\"},\"query-input\":{\"@type\":\"PropertyValueSpecification\",\"valueRequired\":true,\"valueName\":\"search_term_string\"}}],\"inLanguage\":\"pt-BR\"},{\"@type\":\"Organization\",\"@id\":\"https:\/\/www.notibras.com\/site\/#organization\",\"name\":\"Grupo Notibras de Comunica\u00e7\u00e3o\",\"url\":\"https:\/\/www.notibras.com\/site\/\",\"logo\":{\"@type\":\"ImageObject\",\"inLanguage\":\"pt-BR\",\"@id\":\"https:\/\/www.notibras.com\/site\/#\/schema\/logo\/image\/\",\"url\":\"https:\/\/www.notibras.com\/site\/wp-content\/uploads\/2023\/01\/notibras23.png\",\"contentUrl\":\"https:\/\/www.notibras.com\/site\/wp-content\/uploads\/2023\/01\/notibras23.png\",\"width\":350,\"height\":87,\"caption\":\"Grupo Notibras de Comunica\u00e7\u00e3o\"},\"image\":{\"@id\":\"https:\/\/www.notibras.com\/site\/#\/schema\/logo\/image\/\"},\"sameAs\":[\"https:\/\/www.facebook.com\/notibras\/\",\"https:\/\/x.com\/Notibras\",\"https:\/\/www.instagram.com\/notibras\/\"]},{\"@type\":\"Person\",\"@id\":\"https:\/\/www.notibras.com\/site\/#\/schema\/person\/36ab0979449956132d3e5b517ea76ac8\",\"name\":\"Reda\u00e7\u00e3o\",\"image\":{\"@type\":\"ImageObject\",\"inLanguage\":\"pt-BR\",\"@id\":\"https:\/\/secure.gravatar.com\/avatar\/e0a867bdedb85fd243eadf09663511f96fc81e0720a4a42581f334ad4303aa6b?s=96&d=mm&r=g\",\"url\":\"https:\/\/secure.gravatar.com\/avatar\/e0a867bdedb85fd243eadf09663511f96fc81e0720a4a42581f334ad4303aa6b?s=96&d=mm&r=g\",\"contentUrl\":\"https:\/\/secure.gravatar.com\/avatar\/e0a867bdedb85fd243eadf09663511f96fc81e0720a4a42581f334ad4303aa6b?s=96&d=mm&r=g\",\"caption\":\"Reda\u00e7\u00e3o\"}}]}<\/script>\n<!-- \/ Yoast SEO plugin. -->","yoast_head_json":{"title":"Cruzeiro d\u00e1 vexame em casa e Brasil da Copa sai da Libertadores - Notibras","robots":{"index":"index","follow":"follow","max-snippet":"max-snippet:-1","max-image-preview":"max-image-preview:large","max-video-preview":"max-video-preview:-1"},"canonical":"https:\/\/www.notibras.com\/site\/cruzeiro-da-vexame-em-casa-e-brasil-pais-da-copa-esta-fora-da-libertadores\/","og_locale":"pt_BR","og_type":"article","og_title":"Cruzeiro d\u00e1 vexame em casa e Brasil da Copa sai da Libertadores - Notibras","og_description":"Nem mesmo a for\u00e7a de 45 mil torcedores do Cruzeiro foi suficiente para salvar o time da elimina\u00e7\u00e3o nas quartas de final da Copa Libertadores na noite desta quarta-feira. No Mineir\u00e3o em festa, a equipe levou gol aos 9min, desperdi\u00e7ou dezenas de chances de gol e n\u00e3o passou do empate por 1 a 1 contra [&hellip;]","og_url":"https:\/\/www.notibras.com\/site\/cruzeiro-da-vexame-em-casa-e-brasil-pais-da-copa-esta-fora-da-libertadores\/","og_site_name":"Notibras","article_publisher":"https:\/\/www.facebook.com\/notibras\/","article_published_time":"2014-05-15T05:03:15+00:00","article_modified_time":"2014-05-16T00:47:06+00:00","og_image":[{"width":755,"height":500,"url":"https:\/\/www.notibras.com\/site\/wp-content\/uploads\/2014\/05\/marcelomorenolamentaafp.jpg","type":"image\/jpeg"}],"author":"Reda\u00e7\u00e3o","twitter_card":"summary_large_image","twitter_creator":"@Notibras","twitter_site":"@Notibras","twitter_misc":{"Escrito por":"Reda\u00e7\u00e3o","Est. tempo de leitura":"3 minutos"},"schema":{"@context":"https:\/\/schema.org","@graph":[{"@type":"Article","@id":"https:\/\/www.notibras.com\/site\/cruzeiro-da-vexame-em-casa-e-brasil-pais-da-copa-esta-fora-da-libertadores\/#article","isPartOf":{"@id":"https:\/\/www.notibras.com\/site\/cruzeiro-da-vexame-em-casa-e-brasil-pais-da-copa-esta-fora-da-libertadores\/"},"author":{"name":"Reda\u00e7\u00e3o","@id":"https:\/\/www.notibras.com\/site\/#\/schema\/person\/36ab0979449956132d3e5b517ea76ac8"},"headline":"Cruzeiro d\u00e1 vexame em casa e Brasil da Copa sai da Libertadores","datePublished":"2014-05-15T05:03:15+00:00","dateModified":"2014-05-16T00:47:06+00:00","mainEntityOfPage":{"@id":"https:\/\/www.notibras.com\/site\/cruzeiro-da-vexame-em-casa-e-brasil-pais-da-copa-esta-fora-da-libertadores\/"},"wordCount":532,"commentCount":0,"publisher":{"@id":"https:\/\/www.notibras.com\/site\/#organization"},"image":{"@id":"https:\/\/www.notibras.com\/site\/cruzeiro-da-vexame-em-casa-e-brasil-pais-da-copa-esta-fora-da-libertadores\/#primaryimage"},"thumbnailUrl":"https:\/\/www.notibras.com\/site\/wp-content\/uploads\/2014\/05\/marcelomorenolamentaafp.jpg","articleSection":["Esportes","Futebol"],"inLanguage":"pt-BR","potentialAction":[{"@type":"CommentAction","name":"Comment","target":["https:\/\/www.notibras.com\/site\/cruzeiro-da-vexame-em-casa-e-brasil-pais-da-copa-esta-fora-da-libertadores\/#respond"]}]},{"@type":"WebPage","@id":"https:\/\/www.notibras.com\/site\/cruzeiro-da-vexame-em-casa-e-brasil-pais-da-copa-esta-fora-da-libertadores\/","url":"https:\/\/www.notibras.com\/site\/cruzeiro-da-vexame-em-casa-e-brasil-pais-da-copa-esta-fora-da-libertadores\/","name":"Cruzeiro d\u00e1 vexame em casa e Brasil da Copa sai da Libertadores - Notibras","isPartOf":{"@id":"https:\/\/www.notibras.com\/site\/#website"},"primaryImageOfPage":{"@id":"https:\/\/www.notibras.com\/site\/cruzeiro-da-vexame-em-casa-e-brasil-pais-da-copa-esta-fora-da-libertadores\/#primaryimage"},"image":{"@id":"https:\/\/www.notibras.com\/site\/cruzeiro-da-vexame-em-casa-e-brasil-pais-da-copa-esta-fora-da-libertadores\/#primaryimage"},"thumbnailUrl":"https:\/\/www.notibras.com\/site\/wp-content\/uploads\/2014\/05\/marcelomorenolamentaafp.jpg","datePublished":"2014-05-15T05:03:15+00:00","dateModified":"2014-05-16T00:47:06+00:00","breadcrumb":{"@id":"https:\/\/www.notibras.com\/site\/cruzeiro-da-vexame-em-casa-e-brasil-pais-da-copa-esta-fora-da-libertadores\/#breadcrumb"},"inLanguage":"pt-BR","potentialAction":[{"@type":"ReadAction","target":["https:\/\/www.notibras.com\/site\/cruzeiro-da-vexame-em-casa-e-brasil-pais-da-copa-esta-fora-da-libertadores\/"]}]},{"@type":"ImageObject","inLanguage":"pt-BR","@id":"https:\/\/www.notibras.com\/site\/cruzeiro-da-vexame-em-casa-e-brasil-pais-da-copa-esta-fora-da-libertadores\/#primaryimage","url":"https:\/\/www.notibras.com\/site\/wp-content\/uploads\/2014\/05\/marcelomorenolamentaafp.jpg","contentUrl":"https:\/\/www.notibras.com\/site\/wp-content\/uploads\/2014\/05\/marcelomorenolamentaafp.jpg","width":755,"height":500},{"@type":"BreadcrumbList","@id":"https:\/\/www.notibras.com\/site\/cruzeiro-da-vexame-em-casa-e-brasil-pais-da-copa-esta-fora-da-libertadores\/#breadcrumb","itemListElement":[{"@type":"ListItem","position":1,"name":"In\u00edcio","item":"https:\/\/www.notibras.com\/site\/"},{"@type":"ListItem","position":2,"name":"Cruzeiro d\u00e1 vexame em casa e Brasil da Copa sai da Libertadores"}]},{"@type":"WebSite","@id":"https:\/\/www.notibras.com\/site\/#website","url":"https:\/\/www.notibras.com\/site\/","name":"Notibras","description":"Not\u00edcias de Bras\u00edlia, do Brasil e do Mundo","publisher":{"@id":"https:\/\/www.notibras.com\/site\/#organization"},"potentialAction":[{"@type":"SearchAction","target":{"@type":"EntryPoint","urlTemplate":"https:\/\/www.notibras.com\/site\/?s={search_term_string}"},"query-input":{"@type":"PropertyValueSpecification","valueRequired":true,"valueName":"search_term_string"}}],"inLanguage":"pt-BR"},{"@type":"Organization","@id":"https:\/\/www.notibras.com\/site\/#organization","name":"Grupo Notibras de Comunica\u00e7\u00e3o","url":"https:\/\/www.notibras.com\/site\/","logo":{"@type":"ImageObject","inLanguage":"pt-BR","@id":"https:\/\/www.notibras.com\/site\/#\/schema\/logo\/image\/","url":"https:\/\/www.notibras.com\/site\/wp-content\/uploads\/2023\/01\/notibras23.png","contentUrl":"https:\/\/www.notibras.com\/site\/wp-content\/uploads\/2023\/01\/notibras23.png","width":350,"height":87,"caption":"Grupo Notibras de Comunica\u00e7\u00e3o"},"image":{"@id":"https:\/\/www.notibras.com\/site\/#\/schema\/logo\/image\/"},"sameAs":["https:\/\/www.facebook.com\/notibras\/","https:\/\/x.com\/Notibras","https:\/\/www.instagram.com\/notibras\/"]},{"@type":"Person","@id":"https:\/\/www.notibras.com\/site\/#\/schema\/person\/36ab0979449956132d3e5b517ea76ac8","name":"Reda\u00e7\u00e3o","image":{"@type":"ImageObject","inLanguage":"pt-BR","@id":"https:\/\/secure.gravatar.com\/avatar\/e0a867bdedb85fd243eadf09663511f96fc81e0720a4a42581f334ad4303aa6b?s=96&d=mm&r=g","url":"https:\/\/secure.gravatar.com\/avatar\/e0a867bdedb85fd243eadf09663511f96fc81e0720a4a42581f334ad4303aa6b?s=96&d=mm&r=g","contentUrl":"https:\/\/secure.gravatar.com\/avatar\/e0a867bdedb85fd243eadf09663511f96fc81e0720a4a42581f334ad4303aa6b?s=96&d=mm&r=g","caption":"Reda\u00e7\u00e3o"}}]}},"amp_enabled":true,"_links":{"self":[{"href":"https:\/\/www.notibras.com\/site\/wp-json\/wp\/v2\/posts\/9505","targetHints":{"allow":["GET"]}}],"collection":[{"href":"https:\/\/www.notibras.com\/site\/wp-json\/wp\/v2\/posts"}],"about":[{"href":"https:\/\/www.notibras.com\/site\/wp-json\/wp\/v2\/types\/post"}],"author":[{"embeddable":true,"href":"https:\/\/www.notibras.com\/site\/wp-json\/wp\/v2\/users\/2"}],"replies":[{"embeddable":true,"href":"https:\/\/www.notibras.com\/site\/wp-json\/wp\/v2\/comments?post=9505"}],"version-history":[{"count":0,"href":"https:\/\/www.notibras.com\/site\/wp-json\/wp\/v2\/posts\/9505\/revisions"}],"wp:featuredmedia":[{"embeddable":true,"href":"https:\/\/www.notibras.com\/site\/wp-json\/wp\/v2\/media\/9506"}],"wp:attachment":[{"href":"https:\/\/www.notibras.com\/site\/wp-json\/wp\/v2\/media?parent=9505"}],"wp:term":[{"taxonomy":"category","embeddable":true,"href":"https:\/\/www.notibras.com\/site\/wp-json\/wp\/v2\/categories?post=9505"},{"taxonomy":"post_tag","embeddable":true,"href":"https:\/\/www.notibras.com\/site\/wp-json\/wp\/v2\/tags?post=9505"}],"curies":[{"name":"wp","href":"https:\/\/api.w.org\/{rel}","templated":true}]}}