{"id":9513,"date":"2014-05-15T00:16:52","date_gmt":"2014-05-15T03:16:52","guid":{"rendered":"http:\/\/www.notibras.com\/site\/?p=9513"},"modified":"2014-05-15T00:16:52","modified_gmt":"2014-05-15T03:16:52","slug":"palmeiras-da-o-troco-e-manda-sampaio-correa-de-volta-para-casa","status":"publish","type":"post","link":"https:\/\/www.notibras.com\/site\/palmeiras-da-o-troco-e-manda-sampaio-correa-de-volta-para-casa\/","title":{"rendered":"Palmeiras d\u00e1 o troco e manda Sampaio Corr\u00eaa de volta para casa"},"content":{"rendered":"<p>O Palmeiras continua na Copa do Brasil. Na noite desta quarta-feira, o time do Parque Ant\u00e1rtica passou pelo Sampaio Corr\u00eaa por 3 a 0, revertendo a vantagem da equipe do Maranh\u00e3o que venceu o jogo de ida por 2 a 1.<\/p>\n<p>Mendieta, que substituiu Valdivia, apareceu na hora certa e abriu o caminho da vit\u00f3ria. Quando o juiz j\u00e1 pensava nos acr\u00e9scimos, Henrique e Felipe Menezes apareceram para marcar os seus e garantir um placar el\u00e1stico. O rival, agora, ser\u00e1 o Ava\u00ed, que passou pelo Asa de Arapiraca.<\/p>\n<p>O triunfo aumenta um pouco do al\u00edvio conseguido pela equipe paulista com a vit\u00f3ria por 2 a 0 em cima do Goi\u00e1s, na 4\u00aa rodada do Brasileiro. O resultado tamb\u00e9m garante um ambiente mais tranquilo para quem suceder Gilson Kleina, demitido h\u00e1 uma semana, mas ainda sem um escolhido para seu lugar.<\/p>\n<p>O destaque tamb\u00e9m fica por conta de Henrique, que chegou a seu quarto gol em quatro jogos.<\/p>\n<p>O resultado veio com bastante sofrimento. No primeiro tempo, o Sampaio Corr\u00eaa chegou a fazer F\u00e1bio trabalhar em uma bela defesa logo no in\u00edcio do primeiro tempo. Willian driblou dois zagueiros e viu o goleiro trabalhar muito bem. O grande lance palmeirense veio dos p\u00e9s de Henrique, que chutou de longe e acertou a trave direito do arqueiro rival.<\/p>\n<p>Na etapa final, os palmeirenses chegaram a temer pelo pior. Outra bola na trave ap\u00f3s cabe\u00e7ada de Mendieta fez as cadeiras da numerada do est\u00e1dio sofrerem. Socos, chutes e qualquer tipo de agress\u00e3o tinham como alvos os assentos.<\/p>\n<p>O paraguaio, que tinha momentos de bom futebol e outros apagados com o decorrer da partida, voltou a aparecer aos 20 minutos do 2\u00ba tempo. Foi a\u00ed que ele aproveitou lan\u00e7amento de Henrique para tocar na sa\u00edda de Rodrigo.<\/p>\n<p>A partir da\u00ed, o Sampaio Corr\u00eaa, que at\u00e9 ent\u00e3o fazia cera e se contentava em ver os volantes Jonas e Uillian como os melhores da partida, passou a buscar o jogo. Foi a vez do Palmeiras usar do mesmo expediente para ver o rel\u00f3gio passar. O t\u00e9cnico Fl\u00e1vio Oliveira ainda tentou repetir a receita do primeiro jogo, colocando Edgar e Pimentinha no jogo, mas n\u00e3o teve o mesmo sucesso.<\/p>\n<p>A garantia de uma noite de sono tranquilo tamb\u00e9m foi dada por F\u00e1bio, que voltou a aparecer bem nas oportunidades em que foi exigido. William Paulista, mais uma vez, apareceu correndo pelo canto do campo e chutou cruzado. O goleiro fez boa defesa em dois tempos. Para n\u00e3o dar chance para nenhum sofrimento extra, Henrique apareceu aos 45 minutos do 2\u00ba tempo e balan\u00e7ou a rede mais uma vez com a camisa alviverde. Sobrou at\u00e9 para Felipe Menezes marcar o seu para ampliar a vit\u00f3ria.<\/p>\n<p>Antes de pensar no Ava\u00ed, o Palmeiras tem uma longa sequ\u00eancia no Brasileir\u00e3o. O pr\u00f3ximo rival \u00e9 o Vit\u00f3ria, em Pitua\u00e7u, no pr\u00f3ximo domingo, pela 5\u00aa rodada do campeonato. J\u00e1 o Sampaio Corr\u00eaa tenta curar a ressaca da derrota diante do ABC, fora de casa. O duelo est\u00e1 marcado para 16h20 do pr\u00f3ximo s\u00e1bado.<\/p>\n","protected":false},"excerpt":{"rendered":"<p>O Palmeiras continua na Copa do Brasil. Na noite desta quarta-feira, o time do Parque Ant\u00e1rtica passou pelo Sampaio Corr\u00eaa por 3 a 0, revertendo a vantagem da equipe do Maranh\u00e3o que venceu o jogo de ida por 2 a 1. Mendieta, que substituiu Valdivia, apareceu na hora certa e abriu o caminho da vit\u00f3ria. [&hellip;]<\/p>\n","protected":false},"author":2,"featured_media":9514,"comment_status":"open","ping_status":"closed","sticky":false,"template":"","format":"standard","meta":{"_acf_changed":false,"footnotes":""},"categories":[19,29],"tags":[],"class_list":["post-9513","post","type-post","status-publish","format-standard","has-post-thumbnail","hentry","category-esportes","category-futebol"],"acf":[],"yoast_head":"<!-- This site is optimized with the Yoast SEO plugin v27.2 - https:\/\/yoast.com\/product\/yoast-seo-wordpress\/ -->\n<title>Palmeiras d\u00e1 o troco e manda Sampaio Corr\u00eaa de volta para casa - Notibras<\/title>\n<meta name=\"robots\" content=\"index, follow, max-snippet:-1, max-image-preview:large, max-video-preview:-1\" \/>\n<link rel=\"canonical\" href=\"https:\/\/www.notibras.com\/site\/palmeiras-da-o-troco-e-manda-sampaio-correa-de-volta-para-casa\/\" \/>\n<meta property=\"og:locale\" content=\"pt_BR\" \/>\n<meta property=\"og:type\" content=\"article\" \/>\n<meta property=\"og:title\" content=\"Palmeiras d\u00e1 o troco e manda Sampaio Corr\u00eaa de volta para casa - Notibras\" \/>\n<meta property=\"og:description\" content=\"O Palmeiras continua na Copa do Brasil. Na noite desta quarta-feira, o time do Parque Ant\u00e1rtica passou pelo Sampaio Corr\u00eaa por 3 a 0, revertendo a vantagem da equipe do Maranh\u00e3o que venceu o jogo de ida por 2 a 1. Mendieta, que substituiu Valdivia, apareceu na hora certa e abriu o caminho da vit\u00f3ria. [&hellip;]\" \/>\n<meta property=\"og:url\" content=\"https:\/\/www.notibras.com\/site\/palmeiras-da-o-troco-e-manda-sampaio-correa-de-volta-para-casa\/\" \/>\n<meta property=\"og:site_name\" content=\"Notibras\" \/>\n<meta property=\"article:publisher\" content=\"https:\/\/www.facebook.com\/notibras\/\" \/>\n<meta property=\"article:published_time\" content=\"2014-05-15T03:16:52+00:00\" \/>\n<meta property=\"og:image\" content=\"https:\/\/www.notibras.com\/site\/wp-content\/uploads\/2014\/05\/TR-Henrique-Palmeiras-Foto-DibLancepress_LANIMA20130228_0209_26.jpg\" \/>\n\t<meta property=\"og:image:width\" content=\"650\" \/>\n\t<meta property=\"og:image:height\" content=\"378\" \/>\n\t<meta property=\"og:image:type\" content=\"image\/jpeg\" \/>\n<meta name=\"author\" content=\"Reda\u00e7\u00e3o\" \/>\n<meta name=\"twitter:card\" content=\"summary_large_image\" \/>\n<meta name=\"twitter:creator\" content=\"@Notibras\" \/>\n<meta name=\"twitter:site\" content=\"@Notibras\" \/>\n<meta name=\"twitter:label1\" content=\"Escrito por\" \/>\n\t<meta name=\"twitter:data1\" content=\"Reda\u00e7\u00e3o\" \/>\n\t<meta name=\"twitter:label2\" content=\"Est. tempo de leitura\" \/>\n\t<meta name=\"twitter:data2\" content=\"3 minutos\" \/>\n<script type=\"application\/ld+json\" class=\"yoast-schema-graph\">{\"@context\":\"https:\/\/schema.org\",\"@graph\":[{\"@type\":\"Article\",\"@id\":\"https:\/\/www.notibras.com\/site\/palmeiras-da-o-troco-e-manda-sampaio-correa-de-volta-para-casa\/#article\",\"isPartOf\":{\"@id\":\"https:\/\/www.notibras.com\/site\/palmeiras-da-o-troco-e-manda-sampaio-correa-de-volta-para-casa\/\"},\"author\":{\"name\":\"Reda\u00e7\u00e3o\",\"@id\":\"https:\/\/www.notibras.com\/site\/#\/schema\/person\/36ab0979449956132d3e5b517ea76ac8\"},\"headline\":\"Palmeiras d\u00e1 o troco e manda Sampaio Corr\u00eaa de volta para casa\",\"datePublished\":\"2014-05-15T03:16:52+00:00\",\"mainEntityOfPage\":{\"@id\":\"https:\/\/www.notibras.com\/site\/palmeiras-da-o-troco-e-manda-sampaio-correa-de-volta-para-casa\/\"},\"wordCount\":542,\"commentCount\":0,\"publisher\":{\"@id\":\"https:\/\/www.notibras.com\/site\/#organization\"},\"image\":{\"@id\":\"https:\/\/www.notibras.com\/site\/palmeiras-da-o-troco-e-manda-sampaio-correa-de-volta-para-casa\/#primaryimage\"},\"thumbnailUrl\":\"https:\/\/www.notibras.com\/site\/wp-content\/uploads\/2014\/05\/TR-Henrique-Palmeiras-Foto-DibLancepress_LANIMA20130228_0209_26.jpg\",\"articleSection\":[\"Esportes\",\"Futebol\"],\"inLanguage\":\"pt-BR\",\"potentialAction\":[{\"@type\":\"CommentAction\",\"name\":\"Comment\",\"target\":[\"https:\/\/www.notibras.com\/site\/palmeiras-da-o-troco-e-manda-sampaio-correa-de-volta-para-casa\/#respond\"]}]},{\"@type\":\"WebPage\",\"@id\":\"https:\/\/www.notibras.com\/site\/palmeiras-da-o-troco-e-manda-sampaio-correa-de-volta-para-casa\/\",\"url\":\"https:\/\/www.notibras.com\/site\/palmeiras-da-o-troco-e-manda-sampaio-correa-de-volta-para-casa\/\",\"name\":\"Palmeiras d\u00e1 o troco e manda Sampaio Corr\u00eaa de volta para casa - Notibras\",\"isPartOf\":{\"@id\":\"https:\/\/www.notibras.com\/site\/#website\"},\"primaryImageOfPage\":{\"@id\":\"https:\/\/www.notibras.com\/site\/palmeiras-da-o-troco-e-manda-sampaio-correa-de-volta-para-casa\/#primaryimage\"},\"image\":{\"@id\":\"https:\/\/www.notibras.com\/site\/palmeiras-da-o-troco-e-manda-sampaio-correa-de-volta-para-casa\/#primaryimage\"},\"thumbnailUrl\":\"https:\/\/www.notibras.com\/site\/wp-content\/uploads\/2014\/05\/TR-Henrique-Palmeiras-Foto-DibLancepress_LANIMA20130228_0209_26.jpg\",\"datePublished\":\"2014-05-15T03:16:52+00:00\",\"breadcrumb\":{\"@id\":\"https:\/\/www.notibras.com\/site\/palmeiras-da-o-troco-e-manda-sampaio-correa-de-volta-para-casa\/#breadcrumb\"},\"inLanguage\":\"pt-BR\",\"potentialAction\":[{\"@type\":\"ReadAction\",\"target\":[\"https:\/\/www.notibras.com\/site\/palmeiras-da-o-troco-e-manda-sampaio-correa-de-volta-para-casa\/\"]}]},{\"@type\":\"ImageObject\",\"inLanguage\":\"pt-BR\",\"@id\":\"https:\/\/www.notibras.com\/site\/palmeiras-da-o-troco-e-manda-sampaio-correa-de-volta-para-casa\/#primaryimage\",\"url\":\"https:\/\/www.notibras.com\/site\/wp-content\/uploads\/2014\/05\/TR-Henrique-Palmeiras-Foto-DibLancepress_LANIMA20130228_0209_26.jpg\",\"contentUrl\":\"https:\/\/www.notibras.com\/site\/wp-content\/uploads\/2014\/05\/TR-Henrique-Palmeiras-Foto-DibLancepress_LANIMA20130228_0209_26.jpg\",\"width\":650,\"height\":378},{\"@type\":\"BreadcrumbList\",\"@id\":\"https:\/\/www.notibras.com\/site\/palmeiras-da-o-troco-e-manda-sampaio-correa-de-volta-para-casa\/#breadcrumb\",\"itemListElement\":[{\"@type\":\"ListItem\",\"position\":1,\"name\":\"In\u00edcio\",\"item\":\"https:\/\/www.notibras.com\/site\/\"},{\"@type\":\"ListItem\",\"position\":2,\"name\":\"Palmeiras d\u00e1 o troco e manda Sampaio Corr\u00eaa de volta para casa\"}]},{\"@type\":\"WebSite\",\"@id\":\"https:\/\/www.notibras.com\/site\/#website\",\"url\":\"https:\/\/www.notibras.com\/site\/\",\"name\":\"Notibras\",\"description\":\"Not\u00edcias de Bras\u00edlia, do Brasil e do Mundo\",\"publisher\":{\"@id\":\"https:\/\/www.notibras.com\/site\/#organization\"},\"potentialAction\":[{\"@type\":\"SearchAction\",\"target\":{\"@type\":\"EntryPoint\",\"urlTemplate\":\"https:\/\/www.notibras.com\/site\/?s={search_term_string}\"},\"query-input\":{\"@type\":\"PropertyValueSpecification\",\"valueRequired\":true,\"valueName\":\"search_term_string\"}}],\"inLanguage\":\"pt-BR\"},{\"@type\":\"Organization\",\"@id\":\"https:\/\/www.notibras.com\/site\/#organization\",\"name\":\"Grupo Notibras de Comunica\u00e7\u00e3o\",\"url\":\"https:\/\/www.notibras.com\/site\/\",\"logo\":{\"@type\":\"ImageObject\",\"inLanguage\":\"pt-BR\",\"@id\":\"https:\/\/www.notibras.com\/site\/#\/schema\/logo\/image\/\",\"url\":\"https:\/\/www.notibras.com\/site\/wp-content\/uploads\/2023\/01\/notibras23.png\",\"contentUrl\":\"https:\/\/www.notibras.com\/site\/wp-content\/uploads\/2023\/01\/notibras23.png\",\"width\":350,\"height\":87,\"caption\":\"Grupo Notibras de Comunica\u00e7\u00e3o\"},\"image\":{\"@id\":\"https:\/\/www.notibras.com\/site\/#\/schema\/logo\/image\/\"},\"sameAs\":[\"https:\/\/www.facebook.com\/notibras\/\",\"https:\/\/x.com\/Notibras\",\"https:\/\/www.instagram.com\/notibras\/\"]},{\"@type\":\"Person\",\"@id\":\"https:\/\/www.notibras.com\/site\/#\/schema\/person\/36ab0979449956132d3e5b517ea76ac8\",\"name\":\"Reda\u00e7\u00e3o\",\"image\":{\"@type\":\"ImageObject\",\"inLanguage\":\"pt-BR\",\"@id\":\"https:\/\/secure.gravatar.com\/avatar\/e0a867bdedb85fd243eadf09663511f96fc81e0720a4a42581f334ad4303aa6b?s=96&d=mm&r=g\",\"url\":\"https:\/\/secure.gravatar.com\/avatar\/e0a867bdedb85fd243eadf09663511f96fc81e0720a4a42581f334ad4303aa6b?s=96&d=mm&r=g\",\"contentUrl\":\"https:\/\/secure.gravatar.com\/avatar\/e0a867bdedb85fd243eadf09663511f96fc81e0720a4a42581f334ad4303aa6b?s=96&d=mm&r=g\",\"caption\":\"Reda\u00e7\u00e3o\"}}]}<\/script>\n<!-- \/ Yoast SEO plugin. -->","yoast_head_json":{"title":"Palmeiras d\u00e1 o troco e manda Sampaio Corr\u00eaa de volta para casa - Notibras","robots":{"index":"index","follow":"follow","max-snippet":"max-snippet:-1","max-image-preview":"max-image-preview:large","max-video-preview":"max-video-preview:-1"},"canonical":"https:\/\/www.notibras.com\/site\/palmeiras-da-o-troco-e-manda-sampaio-correa-de-volta-para-casa\/","og_locale":"pt_BR","og_type":"article","og_title":"Palmeiras d\u00e1 o troco e manda Sampaio Corr\u00eaa de volta para casa - Notibras","og_description":"O Palmeiras continua na Copa do Brasil. Na noite desta quarta-feira, o time do Parque Ant\u00e1rtica passou pelo Sampaio Corr\u00eaa por 3 a 0, revertendo a vantagem da equipe do Maranh\u00e3o que venceu o jogo de ida por 2 a 1. Mendieta, que substituiu Valdivia, apareceu na hora certa e abriu o caminho da vit\u00f3ria. [&hellip;]","og_url":"https:\/\/www.notibras.com\/site\/palmeiras-da-o-troco-e-manda-sampaio-correa-de-volta-para-casa\/","og_site_name":"Notibras","article_publisher":"https:\/\/www.facebook.com\/notibras\/","article_published_time":"2014-05-15T03:16:52+00:00","og_image":[{"width":650,"height":378,"url":"https:\/\/www.notibras.com\/site\/wp-content\/uploads\/2014\/05\/TR-Henrique-Palmeiras-Foto-DibLancepress_LANIMA20130228_0209_26.jpg","type":"image\/jpeg"}],"author":"Reda\u00e7\u00e3o","twitter_card":"summary_large_image","twitter_creator":"@Notibras","twitter_site":"@Notibras","twitter_misc":{"Escrito por":"Reda\u00e7\u00e3o","Est. tempo de leitura":"3 minutos"},"schema":{"@context":"https:\/\/schema.org","@graph":[{"@type":"Article","@id":"https:\/\/www.notibras.com\/site\/palmeiras-da-o-troco-e-manda-sampaio-correa-de-volta-para-casa\/#article","isPartOf":{"@id":"https:\/\/www.notibras.com\/site\/palmeiras-da-o-troco-e-manda-sampaio-correa-de-volta-para-casa\/"},"author":{"name":"Reda\u00e7\u00e3o","@id":"https:\/\/www.notibras.com\/site\/#\/schema\/person\/36ab0979449956132d3e5b517ea76ac8"},"headline":"Palmeiras d\u00e1 o troco e manda Sampaio Corr\u00eaa de volta para casa","datePublished":"2014-05-15T03:16:52+00:00","mainEntityOfPage":{"@id":"https:\/\/www.notibras.com\/site\/palmeiras-da-o-troco-e-manda-sampaio-correa-de-volta-para-casa\/"},"wordCount":542,"commentCount":0,"publisher":{"@id":"https:\/\/www.notibras.com\/site\/#organization"},"image":{"@id":"https:\/\/www.notibras.com\/site\/palmeiras-da-o-troco-e-manda-sampaio-correa-de-volta-para-casa\/#primaryimage"},"thumbnailUrl":"https:\/\/www.notibras.com\/site\/wp-content\/uploads\/2014\/05\/TR-Henrique-Palmeiras-Foto-DibLancepress_LANIMA20130228_0209_26.jpg","articleSection":["Esportes","Futebol"],"inLanguage":"pt-BR","potentialAction":[{"@type":"CommentAction","name":"Comment","target":["https:\/\/www.notibras.com\/site\/palmeiras-da-o-troco-e-manda-sampaio-correa-de-volta-para-casa\/#respond"]}]},{"@type":"WebPage","@id":"https:\/\/www.notibras.com\/site\/palmeiras-da-o-troco-e-manda-sampaio-correa-de-volta-para-casa\/","url":"https:\/\/www.notibras.com\/site\/palmeiras-da-o-troco-e-manda-sampaio-correa-de-volta-para-casa\/","name":"Palmeiras d\u00e1 o troco e manda Sampaio Corr\u00eaa de volta para casa - Notibras","isPartOf":{"@id":"https:\/\/www.notibras.com\/site\/#website"},"primaryImageOfPage":{"@id":"https:\/\/www.notibras.com\/site\/palmeiras-da-o-troco-e-manda-sampaio-correa-de-volta-para-casa\/#primaryimage"},"image":{"@id":"https:\/\/www.notibras.com\/site\/palmeiras-da-o-troco-e-manda-sampaio-correa-de-volta-para-casa\/#primaryimage"},"thumbnailUrl":"https:\/\/www.notibras.com\/site\/wp-content\/uploads\/2014\/05\/TR-Henrique-Palmeiras-Foto-DibLancepress_LANIMA20130228_0209_26.jpg","datePublished":"2014-05-15T03:16:52+00:00","breadcrumb":{"@id":"https:\/\/www.notibras.com\/site\/palmeiras-da-o-troco-e-manda-sampaio-correa-de-volta-para-casa\/#breadcrumb"},"inLanguage":"pt-BR","potentialAction":[{"@type":"ReadAction","target":["https:\/\/www.notibras.com\/site\/palmeiras-da-o-troco-e-manda-sampaio-correa-de-volta-para-casa\/"]}]},{"@type":"ImageObject","inLanguage":"pt-BR","@id":"https:\/\/www.notibras.com\/site\/palmeiras-da-o-troco-e-manda-sampaio-correa-de-volta-para-casa\/#primaryimage","url":"https:\/\/www.notibras.com\/site\/wp-content\/uploads\/2014\/05\/TR-Henrique-Palmeiras-Foto-DibLancepress_LANIMA20130228_0209_26.jpg","contentUrl":"https:\/\/www.notibras.com\/site\/wp-content\/uploads\/2014\/05\/TR-Henrique-Palmeiras-Foto-DibLancepress_LANIMA20130228_0209_26.jpg","width":650,"height":378},{"@type":"BreadcrumbList","@id":"https:\/\/www.notibras.com\/site\/palmeiras-da-o-troco-e-manda-sampaio-correa-de-volta-para-casa\/#breadcrumb","itemListElement":[{"@type":"ListItem","position":1,"name":"In\u00edcio","item":"https:\/\/www.notibras.com\/site\/"},{"@type":"ListItem","position":2,"name":"Palmeiras d\u00e1 o troco e manda Sampaio Corr\u00eaa de volta para casa"}]},{"@type":"WebSite","@id":"https:\/\/www.notibras.com\/site\/#website","url":"https:\/\/www.notibras.com\/site\/","name":"Notibras","description":"Not\u00edcias de Bras\u00edlia, do Brasil e do Mundo","publisher":{"@id":"https:\/\/www.notibras.com\/site\/#organization"},"potentialAction":[{"@type":"SearchAction","target":{"@type":"EntryPoint","urlTemplate":"https:\/\/www.notibras.com\/site\/?s={search_term_string}"},"query-input":{"@type":"PropertyValueSpecification","valueRequired":true,"valueName":"search_term_string"}}],"inLanguage":"pt-BR"},{"@type":"Organization","@id":"https:\/\/www.notibras.com\/site\/#organization","name":"Grupo Notibras de Comunica\u00e7\u00e3o","url":"https:\/\/www.notibras.com\/site\/","logo":{"@type":"ImageObject","inLanguage":"pt-BR","@id":"https:\/\/www.notibras.com\/site\/#\/schema\/logo\/image\/","url":"https:\/\/www.notibras.com\/site\/wp-content\/uploads\/2023\/01\/notibras23.png","contentUrl":"https:\/\/www.notibras.com\/site\/wp-content\/uploads\/2023\/01\/notibras23.png","width":350,"height":87,"caption":"Grupo Notibras de Comunica\u00e7\u00e3o"},"image":{"@id":"https:\/\/www.notibras.com\/site\/#\/schema\/logo\/image\/"},"sameAs":["https:\/\/www.facebook.com\/notibras\/","https:\/\/x.com\/Notibras","https:\/\/www.instagram.com\/notibras\/"]},{"@type":"Person","@id":"https:\/\/www.notibras.com\/site\/#\/schema\/person\/36ab0979449956132d3e5b517ea76ac8","name":"Reda\u00e7\u00e3o","image":{"@type":"ImageObject","inLanguage":"pt-BR","@id":"https:\/\/secure.gravatar.com\/avatar\/e0a867bdedb85fd243eadf09663511f96fc81e0720a4a42581f334ad4303aa6b?s=96&d=mm&r=g","url":"https:\/\/secure.gravatar.com\/avatar\/e0a867bdedb85fd243eadf09663511f96fc81e0720a4a42581f334ad4303aa6b?s=96&d=mm&r=g","contentUrl":"https:\/\/secure.gravatar.com\/avatar\/e0a867bdedb85fd243eadf09663511f96fc81e0720a4a42581f334ad4303aa6b?s=96&d=mm&r=g","caption":"Reda\u00e7\u00e3o"}}]}},"amp_enabled":true,"_links":{"self":[{"href":"https:\/\/www.notibras.com\/site\/wp-json\/wp\/v2\/posts\/9513","targetHints":{"allow":["GET"]}}],"collection":[{"href":"https:\/\/www.notibras.com\/site\/wp-json\/wp\/v2\/posts"}],"about":[{"href":"https:\/\/www.notibras.com\/site\/wp-json\/wp\/v2\/types\/post"}],"author":[{"embeddable":true,"href":"https:\/\/www.notibras.com\/site\/wp-json\/wp\/v2\/users\/2"}],"replies":[{"embeddable":true,"href":"https:\/\/www.notibras.com\/site\/wp-json\/wp\/v2\/comments?post=9513"}],"version-history":[{"count":0,"href":"https:\/\/www.notibras.com\/site\/wp-json\/wp\/v2\/posts\/9513\/revisions"}],"wp:featuredmedia":[{"embeddable":true,"href":"https:\/\/www.notibras.com\/site\/wp-json\/wp\/v2\/media\/9514"}],"wp:attachment":[{"href":"https:\/\/www.notibras.com\/site\/wp-json\/wp\/v2\/media?parent=9513"}],"wp:term":[{"taxonomy":"category","embeddable":true,"href":"https:\/\/www.notibras.com\/site\/wp-json\/wp\/v2\/categories?post=9513"},{"taxonomy":"post_tag","embeddable":true,"href":"https:\/\/www.notibras.com\/site\/wp-json\/wp\/v2\/tags?post=9513"}],"curies":[{"name":"wp","href":"https:\/\/api.w.org\/{rel}","templated":true}]}}