{"id":95223,"date":"2016-03-24T09:20:09","date_gmt":"2016-03-24T12:20:09","guid":{"rendered":"http:\/\/www.notibras.com\/site\/?p=95223"},"modified":"2016-03-24T09:20:09","modified_gmt":"2016-03-24T12:20:09","slug":"crise-vai-crise-vem-mas-o-brasil-exige-respeito-aqui-e-no-mundo-la-fora","status":"publish","type":"post","link":"https:\/\/www.notibras.com\/site\/crise-vai-crise-vem-mas-o-brasil-exige-respeito-aqui-e-no-mundo-la-fora\/","title":{"rendered":"Crise vai, crise vem, mas o Brasil exige respeito aqui e no mundo l\u00e1 fora"},"content":{"rendered":"<p><strong>Guilhermina Coimbra<\/strong><\/p>\n<p>As quatro grandes crises da Hist\u00f3ria recente do Brasil &#8211; conhecidas como crises econ\u00f4micas \u2013 tiveram nas quest\u00f5es econ\u00f4micas o sintoma mais vis\u00edvel e resultaram nas revolu\u00e7\u00f5es seguintes: -1889 fim do Imp\u00e9rio; &#8211; 1930 fim da 1\u00aa. Rep\u00fablica; &#8211; 1964 in\u00edcio do Governo Militar; &#8211; 1985 Nova Rep\u00fablica. Todas se manifestavam como crises econ\u00f4micas, mas, a economia sempre foi, apenas, o sintoma mais vis\u00edvel.<\/p>\n<p>Os sintomas invis\u00edveis sempre foram as quedas de bra\u00e7os entre a cobi\u00e7a desmesurada de alguns Estados sobre os min\u00e9rios geradores de energia que jazem no territ\u00f3rio brasileiro e a firme recusa de sucessivos Governos brasileiros em entreg\u00e1-los &#8211; reservando-os para uso e gozo das presentes e futuras gera\u00e7\u00f5es de residentes no Brasil.<\/p>\n<p>A raz\u00e3o da crise atual \u00e9 a ambi\u00e7\u00e3o desmesurada de alguns Estados super desenvolvidos, perseverantemente, insistindo em se apossar e esgotar as fontes de energia do Brasil.<\/p>\n<p>Deste conhecimento decorre a necessidade de informar a opini\u00e3o p\u00fablica mundial sobre a firme recusa da popula\u00e7\u00e3o brasileira em aceitar que uma pot\u00eancia como o Brasil seja condenada \u00e0 irrelev\u00e2ncia e \u00e0 mis\u00e9ria cr\u00f4nica de sua popula\u00e7\u00e3o.<\/p>\n<p>Est\u00e1 faltando divulga\u00e7\u00e3o p\u00fablica mundial para a compreens\u00e3o sobre os verdadeiros objetivos de todas as campanhas desmoralizantes do Brasil atual. N\u00e3o \u00e9 inteligente tentar esconder &#8211; que a crise \u00e9 sobre a press\u00e3o sofrida pelo Governo brasileiro, para entregar as fontes de minerais geradoras de energia: hidrocarbonetos, petr\u00f3leo, g\u00e1s; nucleares, ur\u00e2nio, t\u00f3rio, ni\u00f3bio, l\u00edtio e outros.<\/p>\n<p>J\u00e1 \u00e9 tempo de a opini\u00e3o p\u00fablica mundial acordar para o que \u00e9 efetivamente relevante em todo esse processo, cujos objetivos verdadeiros s\u00e3o os de se apossar da parte f\u00e9rtil de min\u00e9rios geradores de energia que jazem no territ\u00f3rio do Brasil.<\/p>\n<p>A defesa intransigente das fontes geradoras de energia do territ\u00f3rio brasileiro, onde quer que elas se localizem \u2013 solo, subsolo, mar territorial, plataformas continentais e o fortalecimento da defesa do patrim\u00f4nio p\u00fablico brasileiro &#8211; n\u00e3o \u00e9 quest\u00e3o de opini\u00e3o, nem de intelig\u00eancia: \u00e9 quest\u00e3o de sobreviv\u00eancia desta gera\u00e7\u00e3o (mais de 200 milh\u00f5es de seres humanos) e das gera\u00e7\u00f5es vindouras de residentes no Brasil.<\/p>\n<p>As fontes geradoras de energia s\u00e3o todas esgot\u00e1veis. Estados desenvolvidos constroem dep\u00f3sitos de min\u00e9rios geradores de energia e poupam as suas fontes.<\/p>\n<p>A popula\u00e7\u00e3o brasileira se recusa a aceitar que uma pot\u00eancia como o Brasil seja condenado \u00e0 entregar a parte f\u00e9rtil de seu territ\u00f3rio, \u00e0 ru\u00edna cr\u00f4nica e \u00e0 irrelev\u00e2ncia. Trata-se de um jogo no qual os jogadores s\u00e3o mais do que conhecidos: de modo algum \u00e9 um jogo mundial.<\/p>\n<p>O mundo \u2013 que absolutamente n\u00e3o \u00e9 apenas os 28 Estados-membros da OTAN \u2013 ser\u00e1 o maior prejudicado se o Brasil aceitar se submeter \u00e0s press\u00f5es que esta pequenina parte do mundo insiste em fazer &#8211; sobre as fontes geradoras de energia que jazem no territ\u00f3rio brasileiro.<\/p>\n<p><strong>Help world!<\/strong> &#8211;\u00a0A verdade \u00e9 que desde 1930, os Governos do Brasil, e a popula\u00e7\u00e3o brasileira sempre consideraram l\u00f3gica e criteriosamente &#8211; em primeiro lugar &#8211; a seguran\u00e7a das fontes geradoras de energia que jazem no territ\u00f3rio brasileiro. O entendimento, fundamentaado no direito, sempre foi o de salvaguardar as fontes geradoras de energia \u2013 todas, esgot\u00e1veis &#8211; para usos e frutos das presentes e futuras gera\u00e7\u00f5es, exatamente como s\u00e3o salvaguardadas as respectivas fontes de minerais geradores de energia, em todos os Estados no mundo.<\/p>\n<p>A percep\u00e7\u00e3o brasileira \u00e9 a de que os corruptos da vez continuariam infinita e tranq\u00fcilamente corruptos \u2013 n\u00e3o tivessem eles tido a aud\u00e1cia de se manterem firmes em recusar a entrega das fontes de energia do territ\u00f3rio brasileiro.<\/p>\n<p>Sobre comportamentos estranhos recentes ocorridos no Brasil, os brasileiros n\u00e3o t\u00eam d\u00favidas.<\/p>\n<p>&#8230;\u201cA &#8220;condu\u00e7\u00e3o coercitiva&#8221;&#8230; \u201d&#8230; guardadas as propor\u00e7\u00f5es, lembra a simula\u00e7\u00e3o de desembarque aliado em Calais, na Segunda Guerra, com a qual os Aliados desviaram a aten\u00e7\u00e3o dos alem\u00e3es de Dunquerque, onde se daria a verdadeira invas\u00e3o.\u201d &#8230;\u201d &#8230;\u201dTudo isso n\u00e3o \u00e9 de surpreender, pois as iniciativas emanam do mesmo inquisidor-mor, que tem o comando da agenda. Hoje, o Brasil \u00e9 efetivamente governado por S\u00e9rgio Moro, fora do controle inclusive do STF.\u201d&#8230; :&#8230;\u201dEles querem derrubar nossa exig\u00eancia de tecnologia para poder participar ativamente de nossas concorr\u00eancias sem condicionamentos.\u201d&#8230; \u201c&#8230;\u201djogam para liquidar a Petrobr\u00e1s como instrumento do Estado a fim de meteram as patas no pr\u00e9-sal &#8211; opera\u00e7\u00e3o muito facilitada agora pelo projeto que &#8230;, \u201c&#8230;a servi\u00e7o da &#8230;\u201d &#8230;\u201d e outras petrol\u00edferas, conseguiu aprovar no Senado, e que a C\u00e2mara ou um veto podem reverter. Ao mesmo tempo, liquidando a Petrobr\u00e1s e enfraquecendo toda a economia brasileira&#8230;\u201d&#8230;\u201d \u00c9, pois, mais do que um jogo em Curitiba. \u00c9 um jogo &#8230;\u201d no qual o boneco de Curitiba joga um papel de vassalo\u201d. (ASSIS, J. Carlos, Economista, Doutor pela Coppe\/UFRJ, in \u201cAlian\u00e7a pelo Brasil\u201d).<\/p>\n<p>\u00c9 lastim\u00e1vel o fato dos promotores brasileiros e o referido juiz \u2013 terem \u201crecebido de bandeja\u201d da Justi\u00e7a Norte-Americana os documentos b\u00e1sicos das investiga\u00e7\u00f5es.<\/p>\n<p>Demonstraram expressa e explicitamente, qu\u00e3o ignorantes estavam do que se passava no Brasil. Provaram-se desidiosos e desleixados, no exerc\u00edcio das respectivas fun\u00e7\u00f5es.<\/p>\n<p>A popula\u00e7\u00e3o brasileira \u00e9 perspicaz observadora. Tem estranhado, principalmente, o modo de agir de alguns participantes de Cursos fora do Brasil. O entendimento \u00e9 o de que est\u00e3o a demonstrar &#8211; que aprenderam direitinho &#8211; como trabalhar contra os interesses do Brasil, pa\u00eds de onde s\u00e3o nacionais.<\/p>\n<p>Ignoram, completamente, os exemplos hist\u00f3ricos recentes, de como n\u00e3o fazer: Afeganist\u00e3o, o principal e maior exemplo, entre diversos outros, nos quais a S\u00edria se destaca.<\/p>\n<p>Colaboracionista jamais deixar\u00e1 de ser colaboracionista: traidor em potencial, utilizado e descartado com muito riso pelos que deles se utilizaram. Inteligente \u00e9 n\u00e3o se deixar influenciar.<\/p>\n<p>A popula\u00e7\u00e3o brasileira atenta percebe e lembra t\u00e1tica id\u00eantica, recentemente aplicada a ex-Presidente de Supremo Tribunal brasileiro: ontem, um her\u00f3i criado; hoje, no ostracismo, esquecido e descartado.<\/p>\n<p>Exatamente como ocorreu no Afeganist\u00e3o, os brasileiros que se deixam iludir s\u00e3o cativados e depois descartados e esquecidos, por n\u00e3o mais interessar a presta\u00e7\u00e3o dos servi\u00e7os necess\u00e1rios.<\/p>\n<p>A popula\u00e7\u00e3o brasileira est\u00e1 atenta, porque, no momento, existe um juiz midi\u00e1tico, que, ao contr\u00e1rio do Ministro, \u00e9 mais ousado, n\u00e3o tem problemas em subir em palanque, nem de criar v\u00ednculos com os pol\u00edticos entreguistas do patrim\u00f4nio p\u00fablico brasileiro.<\/p>\n<p>S\u00e3o lastim\u00e1veis os promotores brasileiros e o referido juiz &#8211; ao receberem de bandeja da Justi\u00e7a Norte-Americana os documentos b\u00e1sicos das investiga\u00e7\u00f5es. Demonstraram qu\u00e3o alheados estavam do que se passava no Brasil. Demonstraram expressa e explicitamente, a des\u00eddia e o desleixo no exerc\u00edcio das respectivas fun\u00e7\u00f5es.<\/p>\n<p>O Times do Canad\u00e1, h\u00e1 uns oito anos, mais ou menos \u2013 pesquisar \u00e9 preciso \u2013 entrevistava e demonstrava como se sentiam os afeg\u00e3os colaboracionistassobre toda a confus\u00e3o e total mix\u00f3rdia, reinante no pa\u00eds deles. Segundo eles, haviam sido abandonados \u00e1 pr\u00f3pria sorte \u2013 imediatamente ap\u00f3s o imbr\u00f3glio &#8211; e satisfeita a cobi\u00e7a desmesurada por territ\u00f3rios alheios f\u00e9rteis de min\u00e9rios geradores de energia.<\/p>\n<p>Os exemplos hist\u00f3ricos de como n\u00e3o agir s\u00e3o \u00f3bvios por demais. Insistir no erro n\u00e3o \u00e9 sinal de intelig\u00eancia. Na melhor das hip\u00f3teses \u00e9 sinal de ambi\u00e7\u00e3o ignorante e parva.<\/p>\n<p>A popula\u00e7\u00e3o brasileira perspicaz e inteligentemente ridiculariza os \u201cguerreiros de 15.850 armas nucleares\u201d &#8211; segundo Relat\u00f3rio SIPRI-2015 &#8211; tentando for\u00e7ar o Brasil a se desarmar mais e mais para que possam covardemente dominar &#8211; como de h\u00e1bito e mau costume &#8211; o territ\u00f3rio dos brasileiros. Vade retro!<\/p>\n<p>A popula\u00e7\u00e3o brasileira h\u00e1 muito observa e percebe as campanhas &#8211; desprestigiando as For\u00e7a Armadas, sucateando e desprestigiando as Pol\u00edcias, induzindo aos policiais a n\u00e3o reagirem, defendendo a divis\u00e3o do territ\u00f3rio brasileiro, tentando desarmar a popula\u00e7\u00e3o brasileira, abrindo descontroladamente as fronteiras do Brasil.<\/p>\n<p>A popula\u00e7\u00e3o brasileira se recusa a aceitar que o Governo do Brasil continue dissimulando conhecimentos, tentando for\u00e7ar a popula\u00e7\u00e3o brasileira a uma ignor\u00e2ncia que, positivamente, os nacionais e estrangeiros residentes no Brasil est\u00e3o longe de ter.<\/p>\n<p>Aqueles que renunciaram ao direito de autonomia \u2013 assegurado pela ONU &#8211; abdicando de explorar em benef\u00edcio pr\u00f3prio as fontes geradoras de energia de seus respectivos territ\u00f3rios \u2013 tornaram-se ou meras Col\u00f4nias, ou Estados-vassalos, ou Estados-associados.<\/p>\n<p>Como meras Col\u00f4nias \u2013 n\u00e3o t\u00eam Poderes Legislativo, nem Executivo, nem Judici\u00e1rio. O exerc\u00edcio de tais Poderes \u00e9 realizado pelas Metr\u00f3poles, para as quais abdicaram do direito de administrar as suas fontes de energia. Idem, como Estados-vassalos ou Estados-associados.<\/p>\n<p>Das autoridades governamentais, judiciais e legislativas brasileiras exige-se responsabilidade para isolar aqueles que n\u00e3o t\u00eam nenhum compromisso com a entrega das fontes de min\u00e9rios geradores de energia que se encontram no territ\u00f3rio brasileiro.<\/p>\n<p>A popula\u00e7\u00e3o brasileira se recusa a deixar que a cobi\u00e7a desmedida dos ambiciosos de sempre fa\u00e7a do territ\u00f3rio brasileiro palco de sofrimentos, humilha\u00e7\u00f5es, invas\u00f5es e \u00eaxodo de inocentes.<\/p>\n<p>A percep\u00e7\u00e3o brasileira \u00e9 a de que os corruptos da vez continuariam infinita e tranq\u00fcilamente corruptos \u2013 n\u00e3o tivessem eles tido a aud\u00e1cia de se manterem nacionalisticamente firmes em recusar a entrega das fontes de energia do territ\u00f3rio brasileiro.<\/p>\n<p>A popula\u00e7\u00e3o brasileira se recusa a aceitar que uma pot\u00eancia como o Brasil seja condenada \u00e0 ru\u00edna cr\u00f4nica e \u00e0 irrelev\u00e2ncia.<\/p>\n<p>\u00c9 a estabilidade do Brasil que est\u00e1 em jogo, n\u00e3o se brinca com a estabilidade do Brasil, a estabilidade do Brasil n\u00e3o tem pre\u00e7o.<\/p>\n<p>O Brasil \u2013 \u00f3timo s\u00f3cio comercial de s\u00f3cios diversificados e com mercado consumidor de potencial imensur\u00e1vel \u2013 exige respeito.<\/p>\n","protected":false},"excerpt":{"rendered":"<p>Guilhermina Coimbra As quatro grandes crises da Hist\u00f3ria recente do Brasil &#8211; conhecidas como crises econ\u00f4micas \u2013 tiveram nas quest\u00f5es econ\u00f4micas o sintoma mais vis\u00edvel e resultaram nas revolu\u00e7\u00f5es seguintes: -1889 fim do Imp\u00e9rio; &#8211; 1930 fim da 1\u00aa. Rep\u00fablica; &#8211; 1964 in\u00edcio do Governo Militar; &#8211; 1985 Nova Rep\u00fablica. Todas se manifestavam como crises [&hellip;]<\/p>\n","protected":false},"author":2,"featured_media":95224,"comment_status":"open","ping_status":"closed","sticky":false,"template":"","format":"standard","meta":{"_acf_changed":false,"footnotes":""},"categories":[25],"tags":[],"class_list":["post-95223","post","type-post","status-publish","format-standard","has-post-thumbnail","hentry","category-opina-ai"],"acf":[],"yoast_head":"<!-- This site is optimized with the Yoast SEO plugin v27.5 - https:\/\/yoast.com\/product\/yoast-seo-wordpress\/ -->\n<title>Crise vai, crise vem, mas o Brasil exige respeito aqui e no mundo l\u00e1 fora - Notibras<\/title>\n<meta name=\"robots\" content=\"index, follow, max-snippet:-1, max-image-preview:large, max-video-preview:-1\" \/>\n<link rel=\"canonical\" href=\"https:\/\/www.notibras.com\/site\/crise-vai-crise-vem-mas-o-brasil-exige-respeito-aqui-e-no-mundo-la-fora\/\" \/>\n<meta property=\"og:locale\" content=\"pt_BR\" \/>\n<meta property=\"og:type\" content=\"article\" \/>\n<meta property=\"og:title\" content=\"Crise vai, crise vem, mas o Brasil exige respeito aqui e no mundo l\u00e1 fora - Notibras\" \/>\n<meta property=\"og:description\" content=\"Guilhermina Coimbra As quatro grandes crises da Hist\u00f3ria recente do Brasil &#8211; conhecidas como crises econ\u00f4micas \u2013 tiveram nas quest\u00f5es econ\u00f4micas o sintoma mais vis\u00edvel e resultaram nas revolu\u00e7\u00f5es seguintes: -1889 fim do Imp\u00e9rio; &#8211; 1930 fim da 1\u00aa. Rep\u00fablica; &#8211; 1964 in\u00edcio do Governo Militar; &#8211; 1985 Nova Rep\u00fablica. Todas se manifestavam como crises [&hellip;]\" \/>\n<meta property=\"og:url\" content=\"https:\/\/www.notibras.com\/site\/crise-vai-crise-vem-mas-o-brasil-exige-respeito-aqui-e-no-mundo-la-fora\/\" \/>\n<meta property=\"og:site_name\" content=\"Notibras\" \/>\n<meta property=\"article:publisher\" content=\"https:\/\/www.facebook.com\/notibras\/\" \/>\n<meta property=\"article:published_time\" content=\"2016-03-24T12:20:09+00:00\" \/>\n<meta property=\"og:image\" content=\"https:\/\/www.notibras.com\/site\/wp-content\/uploads\/2016\/03\/seudinheiro-brasil-esta-em-crise-635x396.jpg\" \/>\n\t<meta property=\"og:image:width\" content=\"635\" \/>\n\t<meta property=\"og:image:height\" content=\"396\" \/>\n\t<meta property=\"og:image:type\" content=\"image\/jpeg\" \/>\n<meta name=\"author\" content=\"Reda\u00e7\u00e3o\" \/>\n<meta name=\"twitter:card\" content=\"summary_large_image\" \/>\n<meta name=\"twitter:creator\" content=\"@Notibras\" \/>\n<meta name=\"twitter:site\" content=\"@Notibras\" \/>\n<meta name=\"twitter:label1\" content=\"Escrito por\" \/>\n\t<meta name=\"twitter:data1\" content=\"Reda\u00e7\u00e3o\" \/>\n\t<meta name=\"twitter:label2\" content=\"Est. tempo de leitura\" \/>\n\t<meta name=\"twitter:data2\" content=\"8 minutos\" \/>\n<script type=\"application\/ld+json\" class=\"yoast-schema-graph\">{\"@context\":\"https:\\\/\\\/schema.org\",\"@graph\":[{\"@type\":\"Article\",\"@id\":\"https:\\\/\\\/www.notibras.com\\\/site\\\/crise-vai-crise-vem-mas-o-brasil-exige-respeito-aqui-e-no-mundo-la-fora\\\/#article\",\"isPartOf\":{\"@id\":\"https:\\\/\\\/www.notibras.com\\\/site\\\/crise-vai-crise-vem-mas-o-brasil-exige-respeito-aqui-e-no-mundo-la-fora\\\/\"},\"author\":{\"name\":\"Reda\u00e7\u00e3o\",\"@id\":\"https:\\\/\\\/www.notibras.com\\\/site\\\/#\\\/schema\\\/person\\\/36ab0979449956132d3e5b517ea76ac8\"},\"headline\":\"Crise vai, crise vem, mas o Brasil exige respeito aqui e no mundo l\u00e1 fora\",\"datePublished\":\"2016-03-24T12:20:09+00:00\",\"mainEntityOfPage\":{\"@id\":\"https:\\\/\\\/www.notibras.com\\\/site\\\/crise-vai-crise-vem-mas-o-brasil-exige-respeito-aqui-e-no-mundo-la-fora\\\/\"},\"wordCount\":1689,\"commentCount\":0,\"publisher\":{\"@id\":\"https:\\\/\\\/www.notibras.com\\\/site\\\/#organization\"},\"image\":{\"@id\":\"https:\\\/\\\/www.notibras.com\\\/site\\\/crise-vai-crise-vem-mas-o-brasil-exige-respeito-aqui-e-no-mundo-la-fora\\\/#primaryimage\"},\"thumbnailUrl\":\"https:\\\/\\\/www.notibras.com\\\/site\\\/wp-content\\\/uploads\\\/2016\\\/03\\\/seudinheiro-brasil-esta-em-crise-635x396.jpg\",\"articleSection\":[\"Opina a\u00ed\"],\"inLanguage\":\"pt-BR\",\"potentialAction\":[{\"@type\":\"CommentAction\",\"name\":\"Comment\",\"target\":[\"https:\\\/\\\/www.notibras.com\\\/site\\\/crise-vai-crise-vem-mas-o-brasil-exige-respeito-aqui-e-no-mundo-la-fora\\\/#respond\"]}]},{\"@type\":\"WebPage\",\"@id\":\"https:\\\/\\\/www.notibras.com\\\/site\\\/crise-vai-crise-vem-mas-o-brasil-exige-respeito-aqui-e-no-mundo-la-fora\\\/\",\"url\":\"https:\\\/\\\/www.notibras.com\\\/site\\\/crise-vai-crise-vem-mas-o-brasil-exige-respeito-aqui-e-no-mundo-la-fora\\\/\",\"name\":\"Crise vai, crise vem, mas o Brasil exige respeito aqui e no mundo l\u00e1 fora - Notibras\",\"isPartOf\":{\"@id\":\"https:\\\/\\\/www.notibras.com\\\/site\\\/#website\"},\"primaryImageOfPage\":{\"@id\":\"https:\\\/\\\/www.notibras.com\\\/site\\\/crise-vai-crise-vem-mas-o-brasil-exige-respeito-aqui-e-no-mundo-la-fora\\\/#primaryimage\"},\"image\":{\"@id\":\"https:\\\/\\\/www.notibras.com\\\/site\\\/crise-vai-crise-vem-mas-o-brasil-exige-respeito-aqui-e-no-mundo-la-fora\\\/#primaryimage\"},\"thumbnailUrl\":\"https:\\\/\\\/www.notibras.com\\\/site\\\/wp-content\\\/uploads\\\/2016\\\/03\\\/seudinheiro-brasil-esta-em-crise-635x396.jpg\",\"datePublished\":\"2016-03-24T12:20:09+00:00\",\"breadcrumb\":{\"@id\":\"https:\\\/\\\/www.notibras.com\\\/site\\\/crise-vai-crise-vem-mas-o-brasil-exige-respeito-aqui-e-no-mundo-la-fora\\\/#breadcrumb\"},\"inLanguage\":\"pt-BR\",\"potentialAction\":[{\"@type\":\"ReadAction\",\"target\":[\"https:\\\/\\\/www.notibras.com\\\/site\\\/crise-vai-crise-vem-mas-o-brasil-exige-respeito-aqui-e-no-mundo-la-fora\\\/\"]}]},{\"@type\":\"ImageObject\",\"inLanguage\":\"pt-BR\",\"@id\":\"https:\\\/\\\/www.notibras.com\\\/site\\\/crise-vai-crise-vem-mas-o-brasil-exige-respeito-aqui-e-no-mundo-la-fora\\\/#primaryimage\",\"url\":\"https:\\\/\\\/www.notibras.com\\\/site\\\/wp-content\\\/uploads\\\/2016\\\/03\\\/seudinheiro-brasil-esta-em-crise-635x396.jpg\",\"contentUrl\":\"https:\\\/\\\/www.notibras.com\\\/site\\\/wp-content\\\/uploads\\\/2016\\\/03\\\/seudinheiro-brasil-esta-em-crise-635x396.jpg\",\"width\":635,\"height\":396},{\"@type\":\"BreadcrumbList\",\"@id\":\"https:\\\/\\\/www.notibras.com\\\/site\\\/crise-vai-crise-vem-mas-o-brasil-exige-respeito-aqui-e-no-mundo-la-fora\\\/#breadcrumb\",\"itemListElement\":[{\"@type\":\"ListItem\",\"position\":1,\"name\":\"In\u00edcio\",\"item\":\"https:\\\/\\\/www.notibras.com\\\/site\\\/\"},{\"@type\":\"ListItem\",\"position\":2,\"name\":\"Crise vai, crise vem, mas o Brasil exige respeito aqui e no mundo l\u00e1 fora\"}]},{\"@type\":\"WebSite\",\"@id\":\"https:\\\/\\\/www.notibras.com\\\/site\\\/#website\",\"url\":\"https:\\\/\\\/www.notibras.com\\\/site\\\/\",\"name\":\"Notibras\",\"description\":\"Not\u00edcias de Bras\u00edlia, do Brasil e do Mundo\",\"publisher\":{\"@id\":\"https:\\\/\\\/www.notibras.com\\\/site\\\/#organization\"},\"potentialAction\":[{\"@type\":\"SearchAction\",\"target\":{\"@type\":\"EntryPoint\",\"urlTemplate\":\"https:\\\/\\\/www.notibras.com\\\/site\\\/?s={search_term_string}\"},\"query-input\":{\"@type\":\"PropertyValueSpecification\",\"valueRequired\":true,\"valueName\":\"search_term_string\"}}],\"inLanguage\":\"pt-BR\"},{\"@type\":\"Organization\",\"@id\":\"https:\\\/\\\/www.notibras.com\\\/site\\\/#organization\",\"name\":\"Grupo Notibras de Comunica\u00e7\u00e3o\",\"url\":\"https:\\\/\\\/www.notibras.com\\\/site\\\/\",\"logo\":{\"@type\":\"ImageObject\",\"inLanguage\":\"pt-BR\",\"@id\":\"https:\\\/\\\/www.notibras.com\\\/site\\\/#\\\/schema\\\/logo\\\/image\\\/\",\"url\":\"https:\\\/\\\/www.notibras.com\\\/site\\\/wp-content\\\/uploads\\\/2023\\\/01\\\/notibras23.png\",\"contentUrl\":\"https:\\\/\\\/www.notibras.com\\\/site\\\/wp-content\\\/uploads\\\/2023\\\/01\\\/notibras23.png\",\"width\":350,\"height\":87,\"caption\":\"Grupo Notibras de Comunica\u00e7\u00e3o\"},\"image\":{\"@id\":\"https:\\\/\\\/www.notibras.com\\\/site\\\/#\\\/schema\\\/logo\\\/image\\\/\"},\"sameAs\":[\"https:\\\/\\\/www.facebook.com\\\/notibras\\\/\",\"https:\\\/\\\/x.com\\\/Notibras\",\"https:\\\/\\\/www.instagram.com\\\/notibras\\\/\"]},{\"@type\":\"Person\",\"@id\":\"https:\\\/\\\/www.notibras.com\\\/site\\\/#\\\/schema\\\/person\\\/36ab0979449956132d3e5b517ea76ac8\",\"name\":\"Reda\u00e7\u00e3o\",\"image\":{\"@type\":\"ImageObject\",\"inLanguage\":\"pt-BR\",\"@id\":\"https:\\\/\\\/secure.gravatar.com\\\/avatar\\\/e0a867bdedb85fd243eadf09663511f96fc81e0720a4a42581f334ad4303aa6b?s=96&d=mm&r=g\",\"url\":\"https:\\\/\\\/secure.gravatar.com\\\/avatar\\\/e0a867bdedb85fd243eadf09663511f96fc81e0720a4a42581f334ad4303aa6b?s=96&d=mm&r=g\",\"contentUrl\":\"https:\\\/\\\/secure.gravatar.com\\\/avatar\\\/e0a867bdedb85fd243eadf09663511f96fc81e0720a4a42581f334ad4303aa6b?s=96&d=mm&r=g\",\"caption\":\"Reda\u00e7\u00e3o\"}}]}<\/script>\n<!-- \/ Yoast SEO plugin. -->","yoast_head_json":{"title":"Crise vai, crise vem, mas o Brasil exige respeito aqui e no mundo l\u00e1 fora - Notibras","robots":{"index":"index","follow":"follow","max-snippet":"max-snippet:-1","max-image-preview":"max-image-preview:large","max-video-preview":"max-video-preview:-1"},"canonical":"https:\/\/www.notibras.com\/site\/crise-vai-crise-vem-mas-o-brasil-exige-respeito-aqui-e-no-mundo-la-fora\/","og_locale":"pt_BR","og_type":"article","og_title":"Crise vai, crise vem, mas o Brasil exige respeito aqui e no mundo l\u00e1 fora - Notibras","og_description":"Guilhermina Coimbra As quatro grandes crises da Hist\u00f3ria recente do Brasil &#8211; conhecidas como crises econ\u00f4micas \u2013 tiveram nas quest\u00f5es econ\u00f4micas o sintoma mais vis\u00edvel e resultaram nas revolu\u00e7\u00f5es seguintes: -1889 fim do Imp\u00e9rio; &#8211; 1930 fim da 1\u00aa. Rep\u00fablica; &#8211; 1964 in\u00edcio do Governo Militar; &#8211; 1985 Nova Rep\u00fablica. Todas se manifestavam como crises [&hellip;]","og_url":"https:\/\/www.notibras.com\/site\/crise-vai-crise-vem-mas-o-brasil-exige-respeito-aqui-e-no-mundo-la-fora\/","og_site_name":"Notibras","article_publisher":"https:\/\/www.facebook.com\/notibras\/","article_published_time":"2016-03-24T12:20:09+00:00","og_image":[{"width":635,"height":396,"url":"https:\/\/www.notibras.com\/site\/wp-content\/uploads\/2016\/03\/seudinheiro-brasil-esta-em-crise-635x396.jpg","type":"image\/jpeg"}],"author":"Reda\u00e7\u00e3o","twitter_card":"summary_large_image","twitter_creator":"@Notibras","twitter_site":"@Notibras","twitter_misc":{"Escrito por":"Reda\u00e7\u00e3o","Est. tempo de leitura":"8 minutos"},"schema":{"@context":"https:\/\/schema.org","@graph":[{"@type":"Article","@id":"https:\/\/www.notibras.com\/site\/crise-vai-crise-vem-mas-o-brasil-exige-respeito-aqui-e-no-mundo-la-fora\/#article","isPartOf":{"@id":"https:\/\/www.notibras.com\/site\/crise-vai-crise-vem-mas-o-brasil-exige-respeito-aqui-e-no-mundo-la-fora\/"},"author":{"name":"Reda\u00e7\u00e3o","@id":"https:\/\/www.notibras.com\/site\/#\/schema\/person\/36ab0979449956132d3e5b517ea76ac8"},"headline":"Crise vai, crise vem, mas o Brasil exige respeito aqui e no mundo l\u00e1 fora","datePublished":"2016-03-24T12:20:09+00:00","mainEntityOfPage":{"@id":"https:\/\/www.notibras.com\/site\/crise-vai-crise-vem-mas-o-brasil-exige-respeito-aqui-e-no-mundo-la-fora\/"},"wordCount":1689,"commentCount":0,"publisher":{"@id":"https:\/\/www.notibras.com\/site\/#organization"},"image":{"@id":"https:\/\/www.notibras.com\/site\/crise-vai-crise-vem-mas-o-brasil-exige-respeito-aqui-e-no-mundo-la-fora\/#primaryimage"},"thumbnailUrl":"https:\/\/www.notibras.com\/site\/wp-content\/uploads\/2016\/03\/seudinheiro-brasil-esta-em-crise-635x396.jpg","articleSection":["Opina a\u00ed"],"inLanguage":"pt-BR","potentialAction":[{"@type":"CommentAction","name":"Comment","target":["https:\/\/www.notibras.com\/site\/crise-vai-crise-vem-mas-o-brasil-exige-respeito-aqui-e-no-mundo-la-fora\/#respond"]}]},{"@type":"WebPage","@id":"https:\/\/www.notibras.com\/site\/crise-vai-crise-vem-mas-o-brasil-exige-respeito-aqui-e-no-mundo-la-fora\/","url":"https:\/\/www.notibras.com\/site\/crise-vai-crise-vem-mas-o-brasil-exige-respeito-aqui-e-no-mundo-la-fora\/","name":"Crise vai, crise vem, mas o Brasil exige respeito aqui e no mundo l\u00e1 fora - Notibras","isPartOf":{"@id":"https:\/\/www.notibras.com\/site\/#website"},"primaryImageOfPage":{"@id":"https:\/\/www.notibras.com\/site\/crise-vai-crise-vem-mas-o-brasil-exige-respeito-aqui-e-no-mundo-la-fora\/#primaryimage"},"image":{"@id":"https:\/\/www.notibras.com\/site\/crise-vai-crise-vem-mas-o-brasil-exige-respeito-aqui-e-no-mundo-la-fora\/#primaryimage"},"thumbnailUrl":"https:\/\/www.notibras.com\/site\/wp-content\/uploads\/2016\/03\/seudinheiro-brasil-esta-em-crise-635x396.jpg","datePublished":"2016-03-24T12:20:09+00:00","breadcrumb":{"@id":"https:\/\/www.notibras.com\/site\/crise-vai-crise-vem-mas-o-brasil-exige-respeito-aqui-e-no-mundo-la-fora\/#breadcrumb"},"inLanguage":"pt-BR","potentialAction":[{"@type":"ReadAction","target":["https:\/\/www.notibras.com\/site\/crise-vai-crise-vem-mas-o-brasil-exige-respeito-aqui-e-no-mundo-la-fora\/"]}]},{"@type":"ImageObject","inLanguage":"pt-BR","@id":"https:\/\/www.notibras.com\/site\/crise-vai-crise-vem-mas-o-brasil-exige-respeito-aqui-e-no-mundo-la-fora\/#primaryimage","url":"https:\/\/www.notibras.com\/site\/wp-content\/uploads\/2016\/03\/seudinheiro-brasil-esta-em-crise-635x396.jpg","contentUrl":"https:\/\/www.notibras.com\/site\/wp-content\/uploads\/2016\/03\/seudinheiro-brasil-esta-em-crise-635x396.jpg","width":635,"height":396},{"@type":"BreadcrumbList","@id":"https:\/\/www.notibras.com\/site\/crise-vai-crise-vem-mas-o-brasil-exige-respeito-aqui-e-no-mundo-la-fora\/#breadcrumb","itemListElement":[{"@type":"ListItem","position":1,"name":"In\u00edcio","item":"https:\/\/www.notibras.com\/site\/"},{"@type":"ListItem","position":2,"name":"Crise vai, crise vem, mas o Brasil exige respeito aqui e no mundo l\u00e1 fora"}]},{"@type":"WebSite","@id":"https:\/\/www.notibras.com\/site\/#website","url":"https:\/\/www.notibras.com\/site\/","name":"Notibras","description":"Not\u00edcias de Bras\u00edlia, do Brasil e do Mundo","publisher":{"@id":"https:\/\/www.notibras.com\/site\/#organization"},"potentialAction":[{"@type":"SearchAction","target":{"@type":"EntryPoint","urlTemplate":"https:\/\/www.notibras.com\/site\/?s={search_term_string}"},"query-input":{"@type":"PropertyValueSpecification","valueRequired":true,"valueName":"search_term_string"}}],"inLanguage":"pt-BR"},{"@type":"Organization","@id":"https:\/\/www.notibras.com\/site\/#organization","name":"Grupo Notibras de Comunica\u00e7\u00e3o","url":"https:\/\/www.notibras.com\/site\/","logo":{"@type":"ImageObject","inLanguage":"pt-BR","@id":"https:\/\/www.notibras.com\/site\/#\/schema\/logo\/image\/","url":"https:\/\/www.notibras.com\/site\/wp-content\/uploads\/2023\/01\/notibras23.png","contentUrl":"https:\/\/www.notibras.com\/site\/wp-content\/uploads\/2023\/01\/notibras23.png","width":350,"height":87,"caption":"Grupo Notibras de Comunica\u00e7\u00e3o"},"image":{"@id":"https:\/\/www.notibras.com\/site\/#\/schema\/logo\/image\/"},"sameAs":["https:\/\/www.facebook.com\/notibras\/","https:\/\/x.com\/Notibras","https:\/\/www.instagram.com\/notibras\/"]},{"@type":"Person","@id":"https:\/\/www.notibras.com\/site\/#\/schema\/person\/36ab0979449956132d3e5b517ea76ac8","name":"Reda\u00e7\u00e3o","image":{"@type":"ImageObject","inLanguage":"pt-BR","@id":"https:\/\/secure.gravatar.com\/avatar\/e0a867bdedb85fd243eadf09663511f96fc81e0720a4a42581f334ad4303aa6b?s=96&d=mm&r=g","url":"https:\/\/secure.gravatar.com\/avatar\/e0a867bdedb85fd243eadf09663511f96fc81e0720a4a42581f334ad4303aa6b?s=96&d=mm&r=g","contentUrl":"https:\/\/secure.gravatar.com\/avatar\/e0a867bdedb85fd243eadf09663511f96fc81e0720a4a42581f334ad4303aa6b?s=96&d=mm&r=g","caption":"Reda\u00e7\u00e3o"}}]}},"amp_enabled":true,"_links":{"self":[{"href":"https:\/\/www.notibras.com\/site\/wp-json\/wp\/v2\/posts\/95223","targetHints":{"allow":["GET"]}}],"collection":[{"href":"https:\/\/www.notibras.com\/site\/wp-json\/wp\/v2\/posts"}],"about":[{"href":"https:\/\/www.notibras.com\/site\/wp-json\/wp\/v2\/types\/post"}],"author":[{"embeddable":true,"href":"https:\/\/www.notibras.com\/site\/wp-json\/wp\/v2\/users\/2"}],"replies":[{"embeddable":true,"href":"https:\/\/www.notibras.com\/site\/wp-json\/wp\/v2\/comments?post=95223"}],"version-history":[{"count":1,"href":"https:\/\/www.notibras.com\/site\/wp-json\/wp\/v2\/posts\/95223\/revisions"}],"predecessor-version":[{"id":95225,"href":"https:\/\/www.notibras.com\/site\/wp-json\/wp\/v2\/posts\/95223\/revisions\/95225"}],"wp:featuredmedia":[{"embeddable":true,"href":"https:\/\/www.notibras.com\/site\/wp-json\/wp\/v2\/media\/95224"}],"wp:attachment":[{"href":"https:\/\/www.notibras.com\/site\/wp-json\/wp\/v2\/media?parent=95223"}],"wp:term":[{"taxonomy":"category","embeddable":true,"href":"https:\/\/www.notibras.com\/site\/wp-json\/wp\/v2\/categories?post=95223"},{"taxonomy":"post_tag","embeddable":true,"href":"https:\/\/www.notibras.com\/site\/wp-json\/wp\/v2\/tags?post=95223"}],"curies":[{"name":"wp","href":"https:\/\/api.w.org\/{rel}","templated":true}]}}