{"id":95226,"date":"2016-03-24T09:24:22","date_gmt":"2016-03-24T12:24:22","guid":{"rendered":"http:\/\/www.notibras.com\/site\/?p=95226"},"modified":"2016-03-24T09:24:22","modified_gmt":"2016-03-24T12:24:22","slug":"eleicoes-gerais-viram-pre-condicao-para-tirar-o-brasil-da-crise","status":"publish","type":"post","link":"https:\/\/www.notibras.com\/site\/eleicoes-gerais-viram-pre-condicao-para-tirar-o-brasil-da-crise\/","title":{"rendered":"Elei\u00e7\u00f5es gerais viram pr\u00e9-condi\u00e7\u00e3o para tirar o Brasil da crise"},"content":{"rendered":"<p><strong>Celso Lungaretti<\/strong><\/p>\n<p>Concordo plenamente com o artigo desta 5\u00aa feira (24\/3) do veteran\u00edssimo colunista Cl\u00f3vis Rossi, Nova elei\u00e7\u00e3o, \u00fanica sa\u00edda&#8230; at\u00e9 porque ele repete a mesm\u00edssima posi\u00e7\u00e3o que eu defendi tr\u00eas meses atr\u00e1s, em 22\/12\/2015: A \u00fanica proposta capaz de unir o povo brasileiro: uma nova elei\u00e7\u00e3o!<\/p>\n<p>N\u00e3o que eu esteja cobrando direitos autorais, ou coisa do g\u00eanero. Mas, como qualquer ser humano, ficou um pouco frustrado por estar sempre apontando caminhos que outros s\u00f3 v\u00eam a trilhar certo tempo depois, sem nunca me darem o cr\u00e9dito devido. Perceber antes os cen\u00e1rios que prevalecer\u00e3o no futuro n\u00e3o serve de muita coisa quando as pessoas ainda n\u00e3o est\u00e3o preparadas para enxerg\u00e1-los e aceit\u00e1-los&#8230; infelizmente.<\/p>\n<p>Isto para n\u00e3o falar no boicote a meus textos por parte de uma esquerda que regrediu a posturas e pr\u00e1ticas anteriores \u00e0s de 1968, quando uma gera\u00e7\u00e3o iluminada reconheceu o exerc\u00edcio do pensamento cr\u00edtico como um requisito essencial para mudarmos o mundo.<\/p>\n<p>Depois daquela magn\u00edfica primavera libert\u00e1ria, contudo, muitos males do stalinismo retornaram, como o simplismo, o utilitarismo, o manique\u00edsmo e a intoler\u00e2ncia selvagem para com as id\u00e9ias e as pr\u00f3prias pessoas dos advers\u00e1rios tamb\u00e9m pertencentes ao campo da esquerda.<\/p>\n<p>Da\u00ed decorreu o espantoso esgotamento intelectual do petismo: em 2014, a campanha para reelei\u00e7\u00e3o de Dilma Rousseff foi um cemit\u00e9rio de propostas, nada tinha de novo a dizer sobre praticamente assunto nenhum. Ent\u00e3o, \u00e0 falta de coisa melhor, optou pela mera negatividade, pela sataniza\u00e7\u00e3o do outro: n\u00e3o s\u00f3 do candidato que representava os inimigos de classe (A\u00e9cio Neves), como tamb\u00e9m, repulsivamente, de uma filha pr\u00f3diga do pr\u00f3prio PT (Marina Silva). Como consequ\u00eancia dessa vit\u00f3ria esp\u00faria, Dilma ganhou mas n\u00e3o levou, pois h\u00e1 15 meses n\u00e3o consegue governar&#8230;<\/p>\n<p>Enfim, voltando \u00e0 vaca fria, eis o que Cl\u00f3vis Rossi prop\u00f5e, sensatamente, como a sa\u00edda do labirinto em que nos encontramos. Ser\u00e1 bom que todos reflitam sobre ela, antes que, face \u00e0 omiss\u00e3o generalizada das for\u00e7as pol\u00edticas que t\u00eam o dever de ofereceram uma resposta civilizada \u00e0 crise de governabilidade, novos e indesej\u00e1veis atores, os minotauros fardados, ocupem o espa\u00e7o vazio. A natureza abomina o v\u00e1cuo&#8230; e a pol\u00edtica tamb\u00e9m!<\/p>\n<p>Meu amigo de Facebook Lucas Verzola, funcion\u00e1rio do Tribunal de Justi\u00e7a de S\u00e3o Paulo, comenta com fina ironia a lista dos mais de 200 pol\u00edticos apanhados na planilha da Odebrecht:<\/p>\n<p>&#8220;Se cair todo mundo que est\u00e1 na lista da Odebrecht, o segundo turno da elei\u00e7\u00e3o presidencial vai ser disputado entre Eymael [Jos\u00e9 Maria, O democrata-crist\u00e3o] e Levy Fidelix [o do aerotrem]&#8221;.<\/p>\n<p>\u00c9 um exagero, mas a situa\u00e7\u00e3o est\u00e1 t\u00e3o feia que encontra eco em uma an\u00e1lise acad\u00eamica, ainda por cima sa\u00edda de um grife como o Council on Foreign Relations:<\/p>\n<p>&#8220;H\u00e1 pouqu\u00edssimos pol\u00edticos que n\u00e3o tenham suas reputa\u00e7\u00f5es arruinadas por alega\u00e7\u00f5es e simultaneamente sejam capazes de montar uma coaliz\u00e3o necess\u00e1ria para aprovar qualquer reforma significativa para dar partida a uma economia moribunda&#8221;, escreve Matthew Taylor.<\/p>\n<p>\u00c9 por isso que a \u00fanica sa\u00edda para a tremenda crise em que o pa\u00eds mergulhou \u00e9 a realiza\u00e7\u00e3o de nova elei\u00e7\u00e3o presidencial, o que exige, antes, a cassa\u00e7\u00e3o da chapa completa, Dilma Rousseff\/Michel Temer.<\/p>\n<p>Por partes:<\/p>\n<p>1 &#8211; A decis\u00e3o sobre o impeachment ser\u00e1 recha\u00e7ada ou pelos que querem a sa\u00edda de Dilma (aos quais se somou nesta quarta-feira, 23, a revista The Economist), se ela escapar do processo na C\u00e2mara ou no Senado, ou pelos que o consideram golpe, se o Parlamento aprovar o afastamento da presidente.<\/p>\n<p>Pode-se at\u00e9 considerar que o bando contr\u00e1rio ao impeachment \u00e9 minorit\u00e1rio (68% a favor, 27% contra, segundo o mais recente Datafolha). Mas, ao contr\u00e1rio do outro bando, trata-se de uma tribo organizada e militante, capaz, portanto, de criar problemas para qualquer governo que surja do impeachment.<\/p>\n<p>2 &#8211; Mas se Dilma ficar, a dificuldade n\u00e3o ser\u00e1 menor, n\u00e3o s\u00f3 pela oposi\u00e7\u00e3o majorit\u00e1ria na sociedade \u00e0 sua perman\u00eancia como pela manifesta\u00e7\u00e3o expl\u00edcita de rejei\u00e7\u00e3o por parte do empresariado.<\/p>\n<p>Em qualquer hip\u00f3tese, portanto, a governabilidade seria capenga mesmo em circunst\u00e2ncias normais. Em uma situa\u00e7\u00e3o de recess\u00e3o in\u00e9dita desde os tristes anos 1930, ficaria ainda mais dif\u00edcil.<\/p>\n<p>3 &#8211; Vale ainda notar que o sucessor natural de Dilma, o vice Michel Temer, pode ser colhido, amanh\u00e3 ou depois, pela Lava Jato. A\u00ed o que se faz? Novo processo de impeachment, alongando a agonia de uma economia moribunda?<\/p>\n<p>Por falar em Lava Jato, ainda mais agora com a dela\u00e7\u00e3o premiada da Odebrecht, qualquer an\u00e1lise pol\u00edtica \u00e9 temer\u00e1ria porque pode ser atropelada a cada momento por uma nova revela\u00e7\u00e3o, como, por exemplo, a lista dos 200 e tantos pol\u00edticos que vazou nesta quarta.<\/p>\n<p>Feita essa ressalva indispens\u00e1vel, fechemos o teorema:<\/p>\n<p>4 &#8211; Uma nova elei\u00e7\u00e3o, obrigat\u00f3ria se a chapa completa for cassada, pode at\u00e9 ser disputada s\u00f3 por nanicos, se os gra\u00fados forem todos alvejados no que chamo de dela\u00e7\u00e3o do fim de mundo (e a lista de quarta-feira sugere que tenho raz\u00e3o, embora ela ainda n\u00e3o prove nada).<\/p>\n<p>N\u00e3o importa. Elei\u00e7\u00f5es livres, gerais e limpas s\u00e3o a \u00fanica maneira de dar legitimidade a um governo, pr\u00e9-condi\u00e7\u00e3o para come\u00e7ar a tirar da UTI um pa\u00eds que resvala para o IML.<\/p>\n","protected":false},"excerpt":{"rendered":"<p>Celso Lungaretti Concordo plenamente com o artigo desta 5\u00aa feira (24\/3) do veteran\u00edssimo colunista Cl\u00f3vis Rossi, Nova elei\u00e7\u00e3o, \u00fanica sa\u00edda&#8230; at\u00e9 porque ele repete a mesm\u00edssima posi\u00e7\u00e3o que eu defendi tr\u00eas meses atr\u00e1s, em 22\/12\/2015: A \u00fanica proposta capaz de unir o povo brasileiro: uma nova elei\u00e7\u00e3o! N\u00e3o que eu esteja cobrando direitos autorais, ou [&hellip;]<\/p>\n","protected":false},"author":2,"featured_media":95227,"comment_status":"open","ping_status":"closed","sticky":false,"template":"","format":"standard","meta":{"_acf_changed":false,"footnotes":""},"categories":[25],"tags":[],"class_list":["post-95226","post","type-post","status-publish","format-standard","has-post-thumbnail","hentry","category-opina-ai"],"acf":[],"yoast_head":"<!-- This site is optimized with the Yoast SEO plugin v27.5 - https:\/\/yoast.com\/product\/yoast-seo-wordpress\/ -->\n<title>Elei\u00e7\u00f5es gerais viram pr\u00e9-condi\u00e7\u00e3o para tirar o Brasil da crise - Notibras<\/title>\n<meta name=\"robots\" content=\"index, follow, max-snippet:-1, max-image-preview:large, max-video-preview:-1\" \/>\n<link rel=\"canonical\" href=\"https:\/\/www.notibras.com\/site\/eleicoes-gerais-viram-pre-condicao-para-tirar-o-brasil-da-crise\/\" \/>\n<meta property=\"og:locale\" content=\"pt_BR\" \/>\n<meta property=\"og:type\" content=\"article\" \/>\n<meta property=\"og:title\" content=\"Elei\u00e7\u00f5es gerais viram pr\u00e9-condi\u00e7\u00e3o para tirar o Brasil da crise - Notibras\" \/>\n<meta property=\"og:description\" content=\"Celso Lungaretti Concordo plenamente com o artigo desta 5\u00aa feira (24\/3) do veteran\u00edssimo colunista Cl\u00f3vis Rossi, Nova elei\u00e7\u00e3o, \u00fanica sa\u00edda&#8230; at\u00e9 porque ele repete a mesm\u00edssima posi\u00e7\u00e3o que eu defendi tr\u00eas meses atr\u00e1s, em 22\/12\/2015: A \u00fanica proposta capaz de unir o povo brasileiro: uma nova elei\u00e7\u00e3o! N\u00e3o que eu esteja cobrando direitos autorais, ou [&hellip;]\" \/>\n<meta property=\"og:url\" content=\"https:\/\/www.notibras.com\/site\/eleicoes-gerais-viram-pre-condicao-para-tirar-o-brasil-da-crise\/\" \/>\n<meta property=\"og:site_name\" content=\"Notibras\" \/>\n<meta property=\"article:publisher\" content=\"https:\/\/www.facebook.com\/notibras\/\" \/>\n<meta property=\"article:published_time\" content=\"2016-03-24T12:24:22+00:00\" \/>\n<meta property=\"og:image\" content=\"https:\/\/www.notibras.com\/site\/wp-content\/uploads\/2016\/03\/1426347650-3.jpg\" \/>\n\t<meta property=\"og:image:width\" content=\"960\" \/>\n\t<meta property=\"og:image:height\" content=\"620\" \/>\n\t<meta property=\"og:image:type\" content=\"image\/jpeg\" \/>\n<meta name=\"author\" content=\"Reda\u00e7\u00e3o\" \/>\n<meta name=\"twitter:card\" content=\"summary_large_image\" \/>\n<meta name=\"twitter:creator\" content=\"@Notibras\" \/>\n<meta name=\"twitter:site\" content=\"@Notibras\" \/>\n<meta name=\"twitter:label1\" content=\"Escrito por\" \/>\n\t<meta name=\"twitter:data1\" content=\"Reda\u00e7\u00e3o\" \/>\n\t<meta name=\"twitter:label2\" content=\"Est. tempo de leitura\" \/>\n\t<meta name=\"twitter:data2\" content=\"5 minutos\" \/>\n<script type=\"application\/ld+json\" class=\"yoast-schema-graph\">{\"@context\":\"https:\\\/\\\/schema.org\",\"@graph\":[{\"@type\":\"Article\",\"@id\":\"https:\\\/\\\/www.notibras.com\\\/site\\\/eleicoes-gerais-viram-pre-condicao-para-tirar-o-brasil-da-crise\\\/#article\",\"isPartOf\":{\"@id\":\"https:\\\/\\\/www.notibras.com\\\/site\\\/eleicoes-gerais-viram-pre-condicao-para-tirar-o-brasil-da-crise\\\/\"},\"author\":{\"name\":\"Reda\u00e7\u00e3o\",\"@id\":\"https:\\\/\\\/www.notibras.com\\\/site\\\/#\\\/schema\\\/person\\\/36ab0979449956132d3e5b517ea76ac8\"},\"headline\":\"Elei\u00e7\u00f5es gerais viram pr\u00e9-condi\u00e7\u00e3o para tirar o Brasil da crise\",\"datePublished\":\"2016-03-24T12:24:22+00:00\",\"mainEntityOfPage\":{\"@id\":\"https:\\\/\\\/www.notibras.com\\\/site\\\/eleicoes-gerais-viram-pre-condicao-para-tirar-o-brasil-da-crise\\\/\"},\"wordCount\":950,\"commentCount\":0,\"publisher\":{\"@id\":\"https:\\\/\\\/www.notibras.com\\\/site\\\/#organization\"},\"image\":{\"@id\":\"https:\\\/\\\/www.notibras.com\\\/site\\\/eleicoes-gerais-viram-pre-condicao-para-tirar-o-brasil-da-crise\\\/#primaryimage\"},\"thumbnailUrl\":\"https:\\\/\\\/www.notibras.com\\\/site\\\/wp-content\\\/uploads\\\/2016\\\/03\\\/1426347650-3.jpg\",\"articleSection\":[\"Opina a\u00ed\"],\"inLanguage\":\"pt-BR\",\"potentialAction\":[{\"@type\":\"CommentAction\",\"name\":\"Comment\",\"target\":[\"https:\\\/\\\/www.notibras.com\\\/site\\\/eleicoes-gerais-viram-pre-condicao-para-tirar-o-brasil-da-crise\\\/#respond\"]}]},{\"@type\":\"WebPage\",\"@id\":\"https:\\\/\\\/www.notibras.com\\\/site\\\/eleicoes-gerais-viram-pre-condicao-para-tirar-o-brasil-da-crise\\\/\",\"url\":\"https:\\\/\\\/www.notibras.com\\\/site\\\/eleicoes-gerais-viram-pre-condicao-para-tirar-o-brasil-da-crise\\\/\",\"name\":\"Elei\u00e7\u00f5es gerais viram pr\u00e9-condi\u00e7\u00e3o para tirar o Brasil da crise - Notibras\",\"isPartOf\":{\"@id\":\"https:\\\/\\\/www.notibras.com\\\/site\\\/#website\"},\"primaryImageOfPage\":{\"@id\":\"https:\\\/\\\/www.notibras.com\\\/site\\\/eleicoes-gerais-viram-pre-condicao-para-tirar-o-brasil-da-crise\\\/#primaryimage\"},\"image\":{\"@id\":\"https:\\\/\\\/www.notibras.com\\\/site\\\/eleicoes-gerais-viram-pre-condicao-para-tirar-o-brasil-da-crise\\\/#primaryimage\"},\"thumbnailUrl\":\"https:\\\/\\\/www.notibras.com\\\/site\\\/wp-content\\\/uploads\\\/2016\\\/03\\\/1426347650-3.jpg\",\"datePublished\":\"2016-03-24T12:24:22+00:00\",\"breadcrumb\":{\"@id\":\"https:\\\/\\\/www.notibras.com\\\/site\\\/eleicoes-gerais-viram-pre-condicao-para-tirar-o-brasil-da-crise\\\/#breadcrumb\"},\"inLanguage\":\"pt-BR\",\"potentialAction\":[{\"@type\":\"ReadAction\",\"target\":[\"https:\\\/\\\/www.notibras.com\\\/site\\\/eleicoes-gerais-viram-pre-condicao-para-tirar-o-brasil-da-crise\\\/\"]}]},{\"@type\":\"ImageObject\",\"inLanguage\":\"pt-BR\",\"@id\":\"https:\\\/\\\/www.notibras.com\\\/site\\\/eleicoes-gerais-viram-pre-condicao-para-tirar-o-brasil-da-crise\\\/#primaryimage\",\"url\":\"https:\\\/\\\/www.notibras.com\\\/site\\\/wp-content\\\/uploads\\\/2016\\\/03\\\/1426347650-3.jpg\",\"contentUrl\":\"https:\\\/\\\/www.notibras.com\\\/site\\\/wp-content\\\/uploads\\\/2016\\\/03\\\/1426347650-3.jpg\",\"width\":960,\"height\":620},{\"@type\":\"BreadcrumbList\",\"@id\":\"https:\\\/\\\/www.notibras.com\\\/site\\\/eleicoes-gerais-viram-pre-condicao-para-tirar-o-brasil-da-crise\\\/#breadcrumb\",\"itemListElement\":[{\"@type\":\"ListItem\",\"position\":1,\"name\":\"In\u00edcio\",\"item\":\"https:\\\/\\\/www.notibras.com\\\/site\\\/\"},{\"@type\":\"ListItem\",\"position\":2,\"name\":\"Elei\u00e7\u00f5es gerais viram pr\u00e9-condi\u00e7\u00e3o para tirar o Brasil da crise\"}]},{\"@type\":\"WebSite\",\"@id\":\"https:\\\/\\\/www.notibras.com\\\/site\\\/#website\",\"url\":\"https:\\\/\\\/www.notibras.com\\\/site\\\/\",\"name\":\"Notibras\",\"description\":\"Not\u00edcias de Bras\u00edlia, do Brasil e do Mundo\",\"publisher\":{\"@id\":\"https:\\\/\\\/www.notibras.com\\\/site\\\/#organization\"},\"potentialAction\":[{\"@type\":\"SearchAction\",\"target\":{\"@type\":\"EntryPoint\",\"urlTemplate\":\"https:\\\/\\\/www.notibras.com\\\/site\\\/?s={search_term_string}\"},\"query-input\":{\"@type\":\"PropertyValueSpecification\",\"valueRequired\":true,\"valueName\":\"search_term_string\"}}],\"inLanguage\":\"pt-BR\"},{\"@type\":\"Organization\",\"@id\":\"https:\\\/\\\/www.notibras.com\\\/site\\\/#organization\",\"name\":\"Grupo Notibras de Comunica\u00e7\u00e3o\",\"url\":\"https:\\\/\\\/www.notibras.com\\\/site\\\/\",\"logo\":{\"@type\":\"ImageObject\",\"inLanguage\":\"pt-BR\",\"@id\":\"https:\\\/\\\/www.notibras.com\\\/site\\\/#\\\/schema\\\/logo\\\/image\\\/\",\"url\":\"https:\\\/\\\/www.notibras.com\\\/site\\\/wp-content\\\/uploads\\\/2023\\\/01\\\/notibras23.png\",\"contentUrl\":\"https:\\\/\\\/www.notibras.com\\\/site\\\/wp-content\\\/uploads\\\/2023\\\/01\\\/notibras23.png\",\"width\":350,\"height\":87,\"caption\":\"Grupo Notibras de Comunica\u00e7\u00e3o\"},\"image\":{\"@id\":\"https:\\\/\\\/www.notibras.com\\\/site\\\/#\\\/schema\\\/logo\\\/image\\\/\"},\"sameAs\":[\"https:\\\/\\\/www.facebook.com\\\/notibras\\\/\",\"https:\\\/\\\/x.com\\\/Notibras\",\"https:\\\/\\\/www.instagram.com\\\/notibras\\\/\"]},{\"@type\":\"Person\",\"@id\":\"https:\\\/\\\/www.notibras.com\\\/site\\\/#\\\/schema\\\/person\\\/36ab0979449956132d3e5b517ea76ac8\",\"name\":\"Reda\u00e7\u00e3o\",\"image\":{\"@type\":\"ImageObject\",\"inLanguage\":\"pt-BR\",\"@id\":\"https:\\\/\\\/secure.gravatar.com\\\/avatar\\\/e0a867bdedb85fd243eadf09663511f96fc81e0720a4a42581f334ad4303aa6b?s=96&d=mm&r=g\",\"url\":\"https:\\\/\\\/secure.gravatar.com\\\/avatar\\\/e0a867bdedb85fd243eadf09663511f96fc81e0720a4a42581f334ad4303aa6b?s=96&d=mm&r=g\",\"contentUrl\":\"https:\\\/\\\/secure.gravatar.com\\\/avatar\\\/e0a867bdedb85fd243eadf09663511f96fc81e0720a4a42581f334ad4303aa6b?s=96&d=mm&r=g\",\"caption\":\"Reda\u00e7\u00e3o\"}}]}<\/script>\n<!-- \/ Yoast SEO plugin. -->","yoast_head_json":{"title":"Elei\u00e7\u00f5es gerais viram pr\u00e9-condi\u00e7\u00e3o para tirar o Brasil da crise - Notibras","robots":{"index":"index","follow":"follow","max-snippet":"max-snippet:-1","max-image-preview":"max-image-preview:large","max-video-preview":"max-video-preview:-1"},"canonical":"https:\/\/www.notibras.com\/site\/eleicoes-gerais-viram-pre-condicao-para-tirar-o-brasil-da-crise\/","og_locale":"pt_BR","og_type":"article","og_title":"Elei\u00e7\u00f5es gerais viram pr\u00e9-condi\u00e7\u00e3o para tirar o Brasil da crise - Notibras","og_description":"Celso Lungaretti Concordo plenamente com o artigo desta 5\u00aa feira (24\/3) do veteran\u00edssimo colunista Cl\u00f3vis Rossi, Nova elei\u00e7\u00e3o, \u00fanica sa\u00edda&#8230; at\u00e9 porque ele repete a mesm\u00edssima posi\u00e7\u00e3o que eu defendi tr\u00eas meses atr\u00e1s, em 22\/12\/2015: A \u00fanica proposta capaz de unir o povo brasileiro: uma nova elei\u00e7\u00e3o! N\u00e3o que eu esteja cobrando direitos autorais, ou [&hellip;]","og_url":"https:\/\/www.notibras.com\/site\/eleicoes-gerais-viram-pre-condicao-para-tirar-o-brasil-da-crise\/","og_site_name":"Notibras","article_publisher":"https:\/\/www.facebook.com\/notibras\/","article_published_time":"2016-03-24T12:24:22+00:00","og_image":[{"width":960,"height":620,"url":"https:\/\/www.notibras.com\/site\/wp-content\/uploads\/2016\/03\/1426347650-3.jpg","type":"image\/jpeg"}],"author":"Reda\u00e7\u00e3o","twitter_card":"summary_large_image","twitter_creator":"@Notibras","twitter_site":"@Notibras","twitter_misc":{"Escrito por":"Reda\u00e7\u00e3o","Est. tempo de leitura":"5 minutos"},"schema":{"@context":"https:\/\/schema.org","@graph":[{"@type":"Article","@id":"https:\/\/www.notibras.com\/site\/eleicoes-gerais-viram-pre-condicao-para-tirar-o-brasil-da-crise\/#article","isPartOf":{"@id":"https:\/\/www.notibras.com\/site\/eleicoes-gerais-viram-pre-condicao-para-tirar-o-brasil-da-crise\/"},"author":{"name":"Reda\u00e7\u00e3o","@id":"https:\/\/www.notibras.com\/site\/#\/schema\/person\/36ab0979449956132d3e5b517ea76ac8"},"headline":"Elei\u00e7\u00f5es gerais viram pr\u00e9-condi\u00e7\u00e3o para tirar o Brasil da crise","datePublished":"2016-03-24T12:24:22+00:00","mainEntityOfPage":{"@id":"https:\/\/www.notibras.com\/site\/eleicoes-gerais-viram-pre-condicao-para-tirar-o-brasil-da-crise\/"},"wordCount":950,"commentCount":0,"publisher":{"@id":"https:\/\/www.notibras.com\/site\/#organization"},"image":{"@id":"https:\/\/www.notibras.com\/site\/eleicoes-gerais-viram-pre-condicao-para-tirar-o-brasil-da-crise\/#primaryimage"},"thumbnailUrl":"https:\/\/www.notibras.com\/site\/wp-content\/uploads\/2016\/03\/1426347650-3.jpg","articleSection":["Opina a\u00ed"],"inLanguage":"pt-BR","potentialAction":[{"@type":"CommentAction","name":"Comment","target":["https:\/\/www.notibras.com\/site\/eleicoes-gerais-viram-pre-condicao-para-tirar-o-brasil-da-crise\/#respond"]}]},{"@type":"WebPage","@id":"https:\/\/www.notibras.com\/site\/eleicoes-gerais-viram-pre-condicao-para-tirar-o-brasil-da-crise\/","url":"https:\/\/www.notibras.com\/site\/eleicoes-gerais-viram-pre-condicao-para-tirar-o-brasil-da-crise\/","name":"Elei\u00e7\u00f5es gerais viram pr\u00e9-condi\u00e7\u00e3o para tirar o Brasil da crise - Notibras","isPartOf":{"@id":"https:\/\/www.notibras.com\/site\/#website"},"primaryImageOfPage":{"@id":"https:\/\/www.notibras.com\/site\/eleicoes-gerais-viram-pre-condicao-para-tirar-o-brasil-da-crise\/#primaryimage"},"image":{"@id":"https:\/\/www.notibras.com\/site\/eleicoes-gerais-viram-pre-condicao-para-tirar-o-brasil-da-crise\/#primaryimage"},"thumbnailUrl":"https:\/\/www.notibras.com\/site\/wp-content\/uploads\/2016\/03\/1426347650-3.jpg","datePublished":"2016-03-24T12:24:22+00:00","breadcrumb":{"@id":"https:\/\/www.notibras.com\/site\/eleicoes-gerais-viram-pre-condicao-para-tirar-o-brasil-da-crise\/#breadcrumb"},"inLanguage":"pt-BR","potentialAction":[{"@type":"ReadAction","target":["https:\/\/www.notibras.com\/site\/eleicoes-gerais-viram-pre-condicao-para-tirar-o-brasil-da-crise\/"]}]},{"@type":"ImageObject","inLanguage":"pt-BR","@id":"https:\/\/www.notibras.com\/site\/eleicoes-gerais-viram-pre-condicao-para-tirar-o-brasil-da-crise\/#primaryimage","url":"https:\/\/www.notibras.com\/site\/wp-content\/uploads\/2016\/03\/1426347650-3.jpg","contentUrl":"https:\/\/www.notibras.com\/site\/wp-content\/uploads\/2016\/03\/1426347650-3.jpg","width":960,"height":620},{"@type":"BreadcrumbList","@id":"https:\/\/www.notibras.com\/site\/eleicoes-gerais-viram-pre-condicao-para-tirar-o-brasil-da-crise\/#breadcrumb","itemListElement":[{"@type":"ListItem","position":1,"name":"In\u00edcio","item":"https:\/\/www.notibras.com\/site\/"},{"@type":"ListItem","position":2,"name":"Elei\u00e7\u00f5es gerais viram pr\u00e9-condi\u00e7\u00e3o para tirar o Brasil da crise"}]},{"@type":"WebSite","@id":"https:\/\/www.notibras.com\/site\/#website","url":"https:\/\/www.notibras.com\/site\/","name":"Notibras","description":"Not\u00edcias de Bras\u00edlia, do Brasil e do Mundo","publisher":{"@id":"https:\/\/www.notibras.com\/site\/#organization"},"potentialAction":[{"@type":"SearchAction","target":{"@type":"EntryPoint","urlTemplate":"https:\/\/www.notibras.com\/site\/?s={search_term_string}"},"query-input":{"@type":"PropertyValueSpecification","valueRequired":true,"valueName":"search_term_string"}}],"inLanguage":"pt-BR"},{"@type":"Organization","@id":"https:\/\/www.notibras.com\/site\/#organization","name":"Grupo Notibras de Comunica\u00e7\u00e3o","url":"https:\/\/www.notibras.com\/site\/","logo":{"@type":"ImageObject","inLanguage":"pt-BR","@id":"https:\/\/www.notibras.com\/site\/#\/schema\/logo\/image\/","url":"https:\/\/www.notibras.com\/site\/wp-content\/uploads\/2023\/01\/notibras23.png","contentUrl":"https:\/\/www.notibras.com\/site\/wp-content\/uploads\/2023\/01\/notibras23.png","width":350,"height":87,"caption":"Grupo Notibras de Comunica\u00e7\u00e3o"},"image":{"@id":"https:\/\/www.notibras.com\/site\/#\/schema\/logo\/image\/"},"sameAs":["https:\/\/www.facebook.com\/notibras\/","https:\/\/x.com\/Notibras","https:\/\/www.instagram.com\/notibras\/"]},{"@type":"Person","@id":"https:\/\/www.notibras.com\/site\/#\/schema\/person\/36ab0979449956132d3e5b517ea76ac8","name":"Reda\u00e7\u00e3o","image":{"@type":"ImageObject","inLanguage":"pt-BR","@id":"https:\/\/secure.gravatar.com\/avatar\/e0a867bdedb85fd243eadf09663511f96fc81e0720a4a42581f334ad4303aa6b?s=96&d=mm&r=g","url":"https:\/\/secure.gravatar.com\/avatar\/e0a867bdedb85fd243eadf09663511f96fc81e0720a4a42581f334ad4303aa6b?s=96&d=mm&r=g","contentUrl":"https:\/\/secure.gravatar.com\/avatar\/e0a867bdedb85fd243eadf09663511f96fc81e0720a4a42581f334ad4303aa6b?s=96&d=mm&r=g","caption":"Reda\u00e7\u00e3o"}}]}},"amp_enabled":true,"_links":{"self":[{"href":"https:\/\/www.notibras.com\/site\/wp-json\/wp\/v2\/posts\/95226","targetHints":{"allow":["GET"]}}],"collection":[{"href":"https:\/\/www.notibras.com\/site\/wp-json\/wp\/v2\/posts"}],"about":[{"href":"https:\/\/www.notibras.com\/site\/wp-json\/wp\/v2\/types\/post"}],"author":[{"embeddable":true,"href":"https:\/\/www.notibras.com\/site\/wp-json\/wp\/v2\/users\/2"}],"replies":[{"embeddable":true,"href":"https:\/\/www.notibras.com\/site\/wp-json\/wp\/v2\/comments?post=95226"}],"version-history":[{"count":1,"href":"https:\/\/www.notibras.com\/site\/wp-json\/wp\/v2\/posts\/95226\/revisions"}],"predecessor-version":[{"id":95228,"href":"https:\/\/www.notibras.com\/site\/wp-json\/wp\/v2\/posts\/95226\/revisions\/95228"}],"wp:featuredmedia":[{"embeddable":true,"href":"https:\/\/www.notibras.com\/site\/wp-json\/wp\/v2\/media\/95227"}],"wp:attachment":[{"href":"https:\/\/www.notibras.com\/site\/wp-json\/wp\/v2\/media?parent=95226"}],"wp:term":[{"taxonomy":"category","embeddable":true,"href":"https:\/\/www.notibras.com\/site\/wp-json\/wp\/v2\/categories?post=95226"},{"taxonomy":"post_tag","embeddable":true,"href":"https:\/\/www.notibras.com\/site\/wp-json\/wp\/v2\/tags?post=95226"}],"curies":[{"name":"wp","href":"https:\/\/api.w.org\/{rel}","templated":true}]}}