{"id":9620,"date":"2014-05-15T18:18:59","date_gmt":"2014-05-15T21:18:59","guid":{"rendered":"http:\/\/www.notibras.com\/site\/?p=9620"},"modified":"2014-05-15T18:18:59","modified_gmt":"2014-05-15T21:18:59","slug":"prefeituras-estao-falidas-e-dilma-ausente-e-alvo-de-vaias","status":"publish","type":"post","link":"https:\/\/www.notibras.com\/site\/prefeituras-estao-falidas-e-dilma-ausente-e-alvo-de-vaias\/","title":{"rendered":"Prefeituras est\u00e3o falidas. E Dilma, ausente, \u00e9 alvo de vaias"},"content":{"rendered":"<p>O munic\u00edpio \u00e9 um doente terminal hoje no Brasil, por conta da falta de recursos para honrar seus compromissos.<br \/>\nEste foi o recado trazido \u00e0 Bras\u00edlia, nesta semana, por cerca de 3 mil prefeitos, vice\u2013prefeitos\u00a0 e vereadores, que vieram em busca de caminhos que possam ajudar as prefeituras a sa\u00edrem da grave crise em que se encontram.<\/p>\n<p>De pires nas m\u00e3os, foram recebidos por ministros, estiveram no Congresso Nacional e dialogaram com os candidatos \u00e0 Presid\u00eancia da Rep\u00fablica.<\/p>\n<p>A presidente Dilma n\u00e3o compareceu \u00e0 abertura do encontro dos prefeitos, mandando, para represent\u00e1\u2013la, o sub chefe\u00a0 de Assuntos Federativos da Secretaria de Rela\u00e7\u00f5es Institucionais da Presid\u00eancia da Rep\u00fablica, Gilmar Dominici, que foi vaiado.<\/p>\n<p>Os dois principais presidenci\u00e1veis da oposi\u00e7\u00e3o, A\u00e9cio Neves (PSDM) e Eduardo Campos (PSB) aproveitaram a aus\u00eancia da presidente neste encontro dos prefeitos para prometer pol\u00edticas p\u00fablicas municipalistas e atacar o governo federal, acusando-o de centralizador. \u201cO pa\u00eds vive um per\u00edodo de crescimento p\u00edfio a infla\u00e7\u00e3o descontrolada, e de falta de credibilidade\u201d \u2013 destacou A\u00e9cio Neves.<\/p>\n<p>Os gestores municipais querem aprova\u00e7\u00e3o de proposta de emenda \u00e0 Constitui\u00e7\u00e3o que aumenta em dois pontos percentuais o tamanho do Fundo de Participa\u00e7\u00e3o dos Munic\u00edpios (FPM). Essa medida garantiria R$ 7 bilh\u00f5es a mais para as prefeituras. Se queixam os prefeitos da queda de arrecada\u00e7\u00e3o do Imposto sobre Produtos Industrializados\u00a0 (IPI), tributo que tem sido alvo de seguidas desonera\u00e7\u00f5es pelo governo, para atender interesses, principalmente, da industria automobil\u00edstica e dos equipamentos da linha branca. O FPM \u00e9 formado por 23,5% da arrecada\u00e7\u00e3o do IPI e do Imposto de Renda.<\/p>\n<p>Segundo relat\u00f3rio do Tribunal de Contas da Uni\u00e3o (TCU), as desonera\u00e7\u00f5es de IPI somaram R$ 80 bilh\u00f5es entre 2008 e 2012. J\u00e1 as desonera\u00e7\u00f5es do Imposto de Renda, no mesmo per\u00edodo, somaram R$ 247,7 bilh\u00f5es. O impacto das desonera\u00e7\u00f5es do IPI no FPM foi de R$ 18,8 bilh\u00f5es nesse per\u00edodo, enquanto o da ren\u00fancia fiscal do IR foi de R$ 58,2 bilh\u00f5es.<\/p>\n<p>Os prefeitos tamb\u00e9m pedem reformula\u00e7\u00e3o do Imposto Sobre Servi\u00e7os (ISS), cuja arrecada\u00e7\u00e3o \u00e9 concentrada hoje em grandes munic\u00edpios, segundo a Confedera\u00e7\u00e3o Nacional dos Munic\u00edpios.<\/p>\n<p>\u2018\u2019Os munic\u00edpios est\u00e3o sobrecarregados com a contrapartida de recursos que eles t\u00eam que dar para sustentar os programas do Governo Federal e com isso v\u00e1rios prefeitos se arriscam a ir para a cadeia como ficha suja se descumprirem a Lei de Responsabilidade fiscal- comentou o presidente da CNM, Paulo Ziulkoski referindo\u2013se a possibilidade de prefeitos ultrapassarem teto legal de gastos estipulados pela LRF e assim serem considerados ineleg\u00edveis pela lei eleitoral.<\/p>\n<p><strong>Cl\u00e1udio Coletti<\/strong><\/p>\n","protected":false},"excerpt":{"rendered":"<p>O munic\u00edpio \u00e9 um doente terminal hoje no Brasil, por conta da falta de recursos para honrar seus compromissos. Este foi o recado trazido \u00e0 Bras\u00edlia, nesta semana, por cerca de 3 mil prefeitos, vice\u2013prefeitos\u00a0 e vereadores, que vieram em busca de caminhos que possam ajudar as prefeituras a sa\u00edrem da grave crise em que [&hellip;]<\/p>\n","protected":false},"author":2,"featured_media":9623,"comment_status":"open","ping_status":"closed","sticky":false,"template":"","format":"standard","meta":{"_acf_changed":false,"footnotes":""},"categories":[25],"tags":[],"class_list":["post-9620","post","type-post","status-publish","format-standard","has-post-thumbnail","hentry","category-opina-ai"],"acf":[],"yoast_head":"<!-- This site is optimized with the Yoast SEO plugin v27.2 - https:\/\/yoast.com\/product\/yoast-seo-wordpress\/ -->\n<title>Prefeituras est\u00e3o falidas. E Dilma, ausente, \u00e9 alvo de vaias - Notibras<\/title>\n<meta name=\"robots\" content=\"index, follow, max-snippet:-1, max-image-preview:large, max-video-preview:-1\" \/>\n<link rel=\"canonical\" href=\"https:\/\/www.notibras.com\/site\/prefeituras-estao-falidas-e-dilma-ausente-e-alvo-de-vaias\/\" \/>\n<meta property=\"og:locale\" content=\"pt_BR\" \/>\n<meta property=\"og:type\" content=\"article\" \/>\n<meta property=\"og:title\" content=\"Prefeituras est\u00e3o falidas. E Dilma, ausente, \u00e9 alvo de vaias - Notibras\" \/>\n<meta property=\"og:description\" content=\"O munic\u00edpio \u00e9 um doente terminal hoje no Brasil, por conta da falta de recursos para honrar seus compromissos. Este foi o recado trazido \u00e0 Bras\u00edlia, nesta semana, por cerca de 3 mil prefeitos, vice\u2013prefeitos\u00a0 e vereadores, que vieram em busca de caminhos que possam ajudar as prefeituras a sa\u00edrem da grave crise em que [&hellip;]\" \/>\n<meta property=\"og:url\" content=\"https:\/\/www.notibras.com\/site\/prefeituras-estao-falidas-e-dilma-ausente-e-alvo-de-vaias\/\" \/>\n<meta property=\"og:site_name\" content=\"Notibras\" \/>\n<meta property=\"article:publisher\" content=\"https:\/\/www.facebook.com\/notibras\/\" \/>\n<meta property=\"article:published_time\" content=\"2014-05-15T21:18:59+00:00\" \/>\n<meta property=\"og:image\" content=\"https:\/\/www.notibras.com\/site\/wp-content\/uploads\/2014\/05\/Enquete.jpg\" \/>\n\t<meta property=\"og:image:width\" content=\"400\" \/>\n\t<meta property=\"og:image:height\" content=\"300\" \/>\n\t<meta property=\"og:image:type\" content=\"image\/jpeg\" \/>\n<meta name=\"author\" content=\"Reda\u00e7\u00e3o\" \/>\n<meta name=\"twitter:card\" content=\"summary_large_image\" \/>\n<meta name=\"twitter:creator\" content=\"@Notibras\" \/>\n<meta name=\"twitter:site\" content=\"@Notibras\" \/>\n<meta name=\"twitter:label1\" content=\"Escrito por\" \/>\n\t<meta name=\"twitter:data1\" content=\"Reda\u00e7\u00e3o\" \/>\n\t<meta name=\"twitter:label2\" content=\"Est. tempo de leitura\" \/>\n\t<meta name=\"twitter:data2\" content=\"2 minutos\" \/>\n<script type=\"application\/ld+json\" class=\"yoast-schema-graph\">{\"@context\":\"https:\/\/schema.org\",\"@graph\":[{\"@type\":\"Article\",\"@id\":\"https:\/\/www.notibras.com\/site\/prefeituras-estao-falidas-e-dilma-ausente-e-alvo-de-vaias\/#article\",\"isPartOf\":{\"@id\":\"https:\/\/www.notibras.com\/site\/prefeituras-estao-falidas-e-dilma-ausente-e-alvo-de-vaias\/\"},\"author\":{\"name\":\"Reda\u00e7\u00e3o\",\"@id\":\"https:\/\/www.notibras.com\/site\/#\/schema\/person\/36ab0979449956132d3e5b517ea76ac8\"},\"headline\":\"Prefeituras est\u00e3o falidas. E Dilma, ausente, \u00e9 alvo de vaias\",\"datePublished\":\"2014-05-15T21:18:59+00:00\",\"mainEntityOfPage\":{\"@id\":\"https:\/\/www.notibras.com\/site\/prefeituras-estao-falidas-e-dilma-ausente-e-alvo-de-vaias\/\"},\"wordCount\":466,\"commentCount\":0,\"publisher\":{\"@id\":\"https:\/\/www.notibras.com\/site\/#organization\"},\"image\":{\"@id\":\"https:\/\/www.notibras.com\/site\/prefeituras-estao-falidas-e-dilma-ausente-e-alvo-de-vaias\/#primaryimage\"},\"thumbnailUrl\":\"https:\/\/www.notibras.com\/site\/wp-content\/uploads\/2014\/05\/Enquete.jpg\",\"articleSection\":[\"Opina a\u00ed\"],\"inLanguage\":\"pt-BR\",\"potentialAction\":[{\"@type\":\"CommentAction\",\"name\":\"Comment\",\"target\":[\"https:\/\/www.notibras.com\/site\/prefeituras-estao-falidas-e-dilma-ausente-e-alvo-de-vaias\/#respond\"]}]},{\"@type\":\"WebPage\",\"@id\":\"https:\/\/www.notibras.com\/site\/prefeituras-estao-falidas-e-dilma-ausente-e-alvo-de-vaias\/\",\"url\":\"https:\/\/www.notibras.com\/site\/prefeituras-estao-falidas-e-dilma-ausente-e-alvo-de-vaias\/\",\"name\":\"Prefeituras est\u00e3o falidas. E Dilma, ausente, \u00e9 alvo de vaias - Notibras\",\"isPartOf\":{\"@id\":\"https:\/\/www.notibras.com\/site\/#website\"},\"primaryImageOfPage\":{\"@id\":\"https:\/\/www.notibras.com\/site\/prefeituras-estao-falidas-e-dilma-ausente-e-alvo-de-vaias\/#primaryimage\"},\"image\":{\"@id\":\"https:\/\/www.notibras.com\/site\/prefeituras-estao-falidas-e-dilma-ausente-e-alvo-de-vaias\/#primaryimage\"},\"thumbnailUrl\":\"https:\/\/www.notibras.com\/site\/wp-content\/uploads\/2014\/05\/Enquete.jpg\",\"datePublished\":\"2014-05-15T21:18:59+00:00\",\"breadcrumb\":{\"@id\":\"https:\/\/www.notibras.com\/site\/prefeituras-estao-falidas-e-dilma-ausente-e-alvo-de-vaias\/#breadcrumb\"},\"inLanguage\":\"pt-BR\",\"potentialAction\":[{\"@type\":\"ReadAction\",\"target\":[\"https:\/\/www.notibras.com\/site\/prefeituras-estao-falidas-e-dilma-ausente-e-alvo-de-vaias\/\"]}]},{\"@type\":\"ImageObject\",\"inLanguage\":\"pt-BR\",\"@id\":\"https:\/\/www.notibras.com\/site\/prefeituras-estao-falidas-e-dilma-ausente-e-alvo-de-vaias\/#primaryimage\",\"url\":\"https:\/\/www.notibras.com\/site\/wp-content\/uploads\/2014\/05\/Enquete.jpg\",\"contentUrl\":\"https:\/\/www.notibras.com\/site\/wp-content\/uploads\/2014\/05\/Enquete.jpg\",\"width\":400,\"height\":300},{\"@type\":\"BreadcrumbList\",\"@id\":\"https:\/\/www.notibras.com\/site\/prefeituras-estao-falidas-e-dilma-ausente-e-alvo-de-vaias\/#breadcrumb\",\"itemListElement\":[{\"@type\":\"ListItem\",\"position\":1,\"name\":\"In\u00edcio\",\"item\":\"https:\/\/www.notibras.com\/site\/\"},{\"@type\":\"ListItem\",\"position\":2,\"name\":\"Prefeituras est\u00e3o falidas. E Dilma, ausente, \u00e9 alvo de vaias\"}]},{\"@type\":\"WebSite\",\"@id\":\"https:\/\/www.notibras.com\/site\/#website\",\"url\":\"https:\/\/www.notibras.com\/site\/\",\"name\":\"Notibras\",\"description\":\"Not\u00edcias de Bras\u00edlia, do Brasil e do Mundo\",\"publisher\":{\"@id\":\"https:\/\/www.notibras.com\/site\/#organization\"},\"potentialAction\":[{\"@type\":\"SearchAction\",\"target\":{\"@type\":\"EntryPoint\",\"urlTemplate\":\"https:\/\/www.notibras.com\/site\/?s={search_term_string}\"},\"query-input\":{\"@type\":\"PropertyValueSpecification\",\"valueRequired\":true,\"valueName\":\"search_term_string\"}}],\"inLanguage\":\"pt-BR\"},{\"@type\":\"Organization\",\"@id\":\"https:\/\/www.notibras.com\/site\/#organization\",\"name\":\"Grupo Notibras de Comunica\u00e7\u00e3o\",\"url\":\"https:\/\/www.notibras.com\/site\/\",\"logo\":{\"@type\":\"ImageObject\",\"inLanguage\":\"pt-BR\",\"@id\":\"https:\/\/www.notibras.com\/site\/#\/schema\/logo\/image\/\",\"url\":\"https:\/\/www.notibras.com\/site\/wp-content\/uploads\/2023\/01\/notibras23.png\",\"contentUrl\":\"https:\/\/www.notibras.com\/site\/wp-content\/uploads\/2023\/01\/notibras23.png\",\"width\":350,\"height\":87,\"caption\":\"Grupo Notibras de Comunica\u00e7\u00e3o\"},\"image\":{\"@id\":\"https:\/\/www.notibras.com\/site\/#\/schema\/logo\/image\/\"},\"sameAs\":[\"https:\/\/www.facebook.com\/notibras\/\",\"https:\/\/x.com\/Notibras\",\"https:\/\/www.instagram.com\/notibras\/\"]},{\"@type\":\"Person\",\"@id\":\"https:\/\/www.notibras.com\/site\/#\/schema\/person\/36ab0979449956132d3e5b517ea76ac8\",\"name\":\"Reda\u00e7\u00e3o\",\"image\":{\"@type\":\"ImageObject\",\"inLanguage\":\"pt-BR\",\"@id\":\"https:\/\/secure.gravatar.com\/avatar\/e0a867bdedb85fd243eadf09663511f96fc81e0720a4a42581f334ad4303aa6b?s=96&d=mm&r=g\",\"url\":\"https:\/\/secure.gravatar.com\/avatar\/e0a867bdedb85fd243eadf09663511f96fc81e0720a4a42581f334ad4303aa6b?s=96&d=mm&r=g\",\"contentUrl\":\"https:\/\/secure.gravatar.com\/avatar\/e0a867bdedb85fd243eadf09663511f96fc81e0720a4a42581f334ad4303aa6b?s=96&d=mm&r=g\",\"caption\":\"Reda\u00e7\u00e3o\"}}]}<\/script>\n<!-- \/ Yoast SEO plugin. -->","yoast_head_json":{"title":"Prefeituras est\u00e3o falidas. E Dilma, ausente, \u00e9 alvo de vaias - Notibras","robots":{"index":"index","follow":"follow","max-snippet":"max-snippet:-1","max-image-preview":"max-image-preview:large","max-video-preview":"max-video-preview:-1"},"canonical":"https:\/\/www.notibras.com\/site\/prefeituras-estao-falidas-e-dilma-ausente-e-alvo-de-vaias\/","og_locale":"pt_BR","og_type":"article","og_title":"Prefeituras est\u00e3o falidas. E Dilma, ausente, \u00e9 alvo de vaias - Notibras","og_description":"O munic\u00edpio \u00e9 um doente terminal hoje no Brasil, por conta da falta de recursos para honrar seus compromissos. Este foi o recado trazido \u00e0 Bras\u00edlia, nesta semana, por cerca de 3 mil prefeitos, vice\u2013prefeitos\u00a0 e vereadores, que vieram em busca de caminhos que possam ajudar as prefeituras a sa\u00edrem da grave crise em que [&hellip;]","og_url":"https:\/\/www.notibras.com\/site\/prefeituras-estao-falidas-e-dilma-ausente-e-alvo-de-vaias\/","og_site_name":"Notibras","article_publisher":"https:\/\/www.facebook.com\/notibras\/","article_published_time":"2014-05-15T21:18:59+00:00","og_image":[{"width":400,"height":300,"url":"https:\/\/www.notibras.com\/site\/wp-content\/uploads\/2014\/05\/Enquete.jpg","type":"image\/jpeg"}],"author":"Reda\u00e7\u00e3o","twitter_card":"summary_large_image","twitter_creator":"@Notibras","twitter_site":"@Notibras","twitter_misc":{"Escrito por":"Reda\u00e7\u00e3o","Est. tempo de leitura":"2 minutos"},"schema":{"@context":"https:\/\/schema.org","@graph":[{"@type":"Article","@id":"https:\/\/www.notibras.com\/site\/prefeituras-estao-falidas-e-dilma-ausente-e-alvo-de-vaias\/#article","isPartOf":{"@id":"https:\/\/www.notibras.com\/site\/prefeituras-estao-falidas-e-dilma-ausente-e-alvo-de-vaias\/"},"author":{"name":"Reda\u00e7\u00e3o","@id":"https:\/\/www.notibras.com\/site\/#\/schema\/person\/36ab0979449956132d3e5b517ea76ac8"},"headline":"Prefeituras est\u00e3o falidas. E Dilma, ausente, \u00e9 alvo de vaias","datePublished":"2014-05-15T21:18:59+00:00","mainEntityOfPage":{"@id":"https:\/\/www.notibras.com\/site\/prefeituras-estao-falidas-e-dilma-ausente-e-alvo-de-vaias\/"},"wordCount":466,"commentCount":0,"publisher":{"@id":"https:\/\/www.notibras.com\/site\/#organization"},"image":{"@id":"https:\/\/www.notibras.com\/site\/prefeituras-estao-falidas-e-dilma-ausente-e-alvo-de-vaias\/#primaryimage"},"thumbnailUrl":"https:\/\/www.notibras.com\/site\/wp-content\/uploads\/2014\/05\/Enquete.jpg","articleSection":["Opina a\u00ed"],"inLanguage":"pt-BR","potentialAction":[{"@type":"CommentAction","name":"Comment","target":["https:\/\/www.notibras.com\/site\/prefeituras-estao-falidas-e-dilma-ausente-e-alvo-de-vaias\/#respond"]}]},{"@type":"WebPage","@id":"https:\/\/www.notibras.com\/site\/prefeituras-estao-falidas-e-dilma-ausente-e-alvo-de-vaias\/","url":"https:\/\/www.notibras.com\/site\/prefeituras-estao-falidas-e-dilma-ausente-e-alvo-de-vaias\/","name":"Prefeituras est\u00e3o falidas. E Dilma, ausente, \u00e9 alvo de vaias - Notibras","isPartOf":{"@id":"https:\/\/www.notibras.com\/site\/#website"},"primaryImageOfPage":{"@id":"https:\/\/www.notibras.com\/site\/prefeituras-estao-falidas-e-dilma-ausente-e-alvo-de-vaias\/#primaryimage"},"image":{"@id":"https:\/\/www.notibras.com\/site\/prefeituras-estao-falidas-e-dilma-ausente-e-alvo-de-vaias\/#primaryimage"},"thumbnailUrl":"https:\/\/www.notibras.com\/site\/wp-content\/uploads\/2014\/05\/Enquete.jpg","datePublished":"2014-05-15T21:18:59+00:00","breadcrumb":{"@id":"https:\/\/www.notibras.com\/site\/prefeituras-estao-falidas-e-dilma-ausente-e-alvo-de-vaias\/#breadcrumb"},"inLanguage":"pt-BR","potentialAction":[{"@type":"ReadAction","target":["https:\/\/www.notibras.com\/site\/prefeituras-estao-falidas-e-dilma-ausente-e-alvo-de-vaias\/"]}]},{"@type":"ImageObject","inLanguage":"pt-BR","@id":"https:\/\/www.notibras.com\/site\/prefeituras-estao-falidas-e-dilma-ausente-e-alvo-de-vaias\/#primaryimage","url":"https:\/\/www.notibras.com\/site\/wp-content\/uploads\/2014\/05\/Enquete.jpg","contentUrl":"https:\/\/www.notibras.com\/site\/wp-content\/uploads\/2014\/05\/Enquete.jpg","width":400,"height":300},{"@type":"BreadcrumbList","@id":"https:\/\/www.notibras.com\/site\/prefeituras-estao-falidas-e-dilma-ausente-e-alvo-de-vaias\/#breadcrumb","itemListElement":[{"@type":"ListItem","position":1,"name":"In\u00edcio","item":"https:\/\/www.notibras.com\/site\/"},{"@type":"ListItem","position":2,"name":"Prefeituras est\u00e3o falidas. E Dilma, ausente, \u00e9 alvo de vaias"}]},{"@type":"WebSite","@id":"https:\/\/www.notibras.com\/site\/#website","url":"https:\/\/www.notibras.com\/site\/","name":"Notibras","description":"Not\u00edcias de Bras\u00edlia, do Brasil e do Mundo","publisher":{"@id":"https:\/\/www.notibras.com\/site\/#organization"},"potentialAction":[{"@type":"SearchAction","target":{"@type":"EntryPoint","urlTemplate":"https:\/\/www.notibras.com\/site\/?s={search_term_string}"},"query-input":{"@type":"PropertyValueSpecification","valueRequired":true,"valueName":"search_term_string"}}],"inLanguage":"pt-BR"},{"@type":"Organization","@id":"https:\/\/www.notibras.com\/site\/#organization","name":"Grupo Notibras de Comunica\u00e7\u00e3o","url":"https:\/\/www.notibras.com\/site\/","logo":{"@type":"ImageObject","inLanguage":"pt-BR","@id":"https:\/\/www.notibras.com\/site\/#\/schema\/logo\/image\/","url":"https:\/\/www.notibras.com\/site\/wp-content\/uploads\/2023\/01\/notibras23.png","contentUrl":"https:\/\/www.notibras.com\/site\/wp-content\/uploads\/2023\/01\/notibras23.png","width":350,"height":87,"caption":"Grupo Notibras de Comunica\u00e7\u00e3o"},"image":{"@id":"https:\/\/www.notibras.com\/site\/#\/schema\/logo\/image\/"},"sameAs":["https:\/\/www.facebook.com\/notibras\/","https:\/\/x.com\/Notibras","https:\/\/www.instagram.com\/notibras\/"]},{"@type":"Person","@id":"https:\/\/www.notibras.com\/site\/#\/schema\/person\/36ab0979449956132d3e5b517ea76ac8","name":"Reda\u00e7\u00e3o","image":{"@type":"ImageObject","inLanguage":"pt-BR","@id":"https:\/\/secure.gravatar.com\/avatar\/e0a867bdedb85fd243eadf09663511f96fc81e0720a4a42581f334ad4303aa6b?s=96&d=mm&r=g","url":"https:\/\/secure.gravatar.com\/avatar\/e0a867bdedb85fd243eadf09663511f96fc81e0720a4a42581f334ad4303aa6b?s=96&d=mm&r=g","contentUrl":"https:\/\/secure.gravatar.com\/avatar\/e0a867bdedb85fd243eadf09663511f96fc81e0720a4a42581f334ad4303aa6b?s=96&d=mm&r=g","caption":"Reda\u00e7\u00e3o"}}]}},"amp_enabled":true,"_links":{"self":[{"href":"https:\/\/www.notibras.com\/site\/wp-json\/wp\/v2\/posts\/9620","targetHints":{"allow":["GET"]}}],"collection":[{"href":"https:\/\/www.notibras.com\/site\/wp-json\/wp\/v2\/posts"}],"about":[{"href":"https:\/\/www.notibras.com\/site\/wp-json\/wp\/v2\/types\/post"}],"author":[{"embeddable":true,"href":"https:\/\/www.notibras.com\/site\/wp-json\/wp\/v2\/users\/2"}],"replies":[{"embeddable":true,"href":"https:\/\/www.notibras.com\/site\/wp-json\/wp\/v2\/comments?post=9620"}],"version-history":[{"count":0,"href":"https:\/\/www.notibras.com\/site\/wp-json\/wp\/v2\/posts\/9620\/revisions"}],"wp:featuredmedia":[{"embeddable":true,"href":"https:\/\/www.notibras.com\/site\/wp-json\/wp\/v2\/media\/9623"}],"wp:attachment":[{"href":"https:\/\/www.notibras.com\/site\/wp-json\/wp\/v2\/media?parent=9620"}],"wp:term":[{"taxonomy":"category","embeddable":true,"href":"https:\/\/www.notibras.com\/site\/wp-json\/wp\/v2\/categories?post=9620"},{"taxonomy":"post_tag","embeddable":true,"href":"https:\/\/www.notibras.com\/site\/wp-json\/wp\/v2\/tags?post=9620"}],"curies":[{"name":"wp","href":"https:\/\/api.w.org\/{rel}","templated":true}]}}