{"id":96365,"date":"2016-04-01T07:46:06","date_gmt":"2016-04-01T10:46:06","guid":{"rendered":"http:\/\/www.notibras.com\/site\/?p=96365"},"modified":"2016-04-01T07:47:15","modified_gmt":"2016-04-01T10:47:15","slug":"existe-mais-coisa-para-se-ver-do-que-as-noticias-e-imagens-da-midia","status":"publish","type":"post","link":"https:\/\/www.notibras.com\/site\/existe-mais-coisa-para-se-ver-do-que-as-noticias-e-imagens-da-midia\/","title":{"rendered":"Existe mais coisa para se ler, ouvir e ver do que as not\u00edcias e imagens da m\u00eddia"},"content":{"rendered":"<p><strong>Adriano Benayon<\/strong><\/p>\n<p>Grande parte do povo brasileiro precisa livrar-se dos antolhos que o fazem enxergar somente o que lhes mostra a televis\u00e3o e as revistas de \u201copini\u00e3o\u201d da grande m\u00eddia. H\u00e1 tamb\u00e9m a vis\u00e3o monocular, que priva do sentido de profundidade.<\/p>\n<p>Falo dos instrumentos limitantes da vis\u00e3o pol\u00edtica, econ\u00f4mica e estrat\u00e9gica: a secular doutrina\u00e7\u00e3o ideol\u00f3gica e a massiva desinforma\u00e7\u00e3o, por parte da m\u00eddia movida a dinheiro e dos que a retroalimentam.<\/p>\n<p>N\u00e3o desminto a responsabilidade da atual chefe do Executivo, nem a do ex-presidente Lula, em alguns dos fatos que t\u00eam sido difundidos e magnificados pelos mentores do processo de desestabiliza\u00e7\u00e3o daquela e de desmoraliza\u00e7\u00e3o deste.<\/p>\n<p>Entretanto, n\u00e3o se deve ignorar que esse processo \u00e9 patrocinado e teleguiado do exterior, e que seu objetivo est\u00e1 longe de ser o bem do Pa\u00eds. Muito pelo contr\u00e1rio.<\/p>\n<p>Ele ganha corpo, desde o mensal\u00e3o, julgado no STF em 2012, e as manifesta\u00e7\u00f5es de 2013, para as quais foram divulgados os abusos nas despesas superfaturadas e desnecess\u00e1rias da constru\u00e7\u00e3o de est\u00e1dios e realiza\u00e7\u00e3o de obras para a Copa do Mundo de 2014.<\/p>\n<p>H\u00e1 corrup\u00e7\u00e3o em tudo isso, como tamb\u00e9m nas rela\u00e7\u00f5es das empresas de engenharia com a Petrobr\u00e1s. Mas isso ocorreu, em dimens\u00f5es at\u00e9 maiores, em administra\u00e7\u00f5es do PSDB e outras, sem que fosse deblaterado pela mesma m\u00eddia que vergasta os petistas. Mais grave, ainda: sem que sofra repress\u00e3o do Minist\u00e9rio P\u00fablico, da Pol\u00edcia Federal ou do Judici\u00e1rio.<\/p>\n<p>Exemplos de conduta conden\u00e1vel s\u00e3o as propinas de FHC para obter o apoio de deputados \u00e0 emenda da reelei\u00e7\u00e3o, o mensal\u00e3o mineiro do ex-governador Azeredo, o escandaloso superfaturamento de obras praticado por administra\u00e7\u00f5es do PSDB em S\u00e3o Paulo, como no anel rodovi\u00e1rio e no metr\u00f4. N\u00e3o menos gritantes, os neg\u00f3cios escusos com a Petrobr\u00e1s durante o governe FHC, o mais delet\u00e9rio que o Pa\u00eds j\u00e1 teve.<\/p>\n<p>Tamb\u00e9m as calamitosas negociatas do BANESTADO, em que foram desviados U$ 150 bilh\u00f5es ao exterior, nos anos 90, viabilizadas por regulamenta\u00e7\u00e3o das contas CC5, pelo pr\u00f3prio Banco Central.<\/p>\n<p>Veja-se a acusa\u00e7\u00e3o das procuradoras Valqu\u00edria Nunes e Raquel Branquinho, ajuizada em dezembro de 2003: (http:\/\/www.oficinainforma.com.br\/textos\/acaocivil.rtf) em que pedem a condena\u00e7\u00e3o por crime de improbidade administrativa de Gustavo Loyola, Gustavo Franco, Ricardo S\u00e9rgio de Oliveira e mais 12 ex-dirigentes do Banco Central e de mais cinco bancos.<\/p>\n<p>Que dizer das privatiza\u00e7\u00f5es lesivas ao patrim\u00f4nio p\u00fablico (dezenas de trilh\u00f5es de d\u00f3lares), cujas ilegalidades as fizeram ser impugnadas por decis\u00f5es judiciais, cassadas em liminares injustific\u00e1veis, at\u00e9 hoje pendentes de julgamento?<\/p>\n<p>Passando a coisas recentes, por que Eduardo Cunha permanece presidente da C\u00e2mara, embora acusado, com provas, de delitos grav\u00edssimos, pelo procurador-geral da Rep\u00fablica?<\/p>\n<p>Por que a grande m\u00eddia noticia t\u00e3o pouco e distorce o que acontece na Opera\u00e7\u00e3o Zelotes, a qual envolve sonega\u00e7\u00e3o de impostos de R$ 600 bilh\u00f5es? Ser\u00e1 porque est\u00e3o envolvidos Cunha e outros figur\u00f5es, al\u00e9m de grande empresa midi\u00e1tica e concentradores econ\u00f4micos?<\/p>\n<p>Em suma, por que t\u00e3o espantosa e inexplic\u00e1vel diferen\u00e7a de tratamento por parte da grande m\u00eddia, do MP, da PF e de inst\u00e2ncias judici\u00e1rias ?<\/p>\n<p>A resposta parecer ser que o regime tem regra constitucional n\u00e3o-escrita, que d\u00e1 liberdade de saquear e imunidade penal aos que prejudicam o interesse nacional.<\/p>\n<p>Outra regra diz: ser\u00e1 perseguido aquele que, mesmo fazendo enormes concess\u00f5es contr\u00e1rias ao Pa\u00eds, o favore\u00e7a em algum aspecto. Da\u00ed prov\u00e9m o ass\u00e9dio sobre Lula. N\u00e3o adianta jogar carne \u00e0s feras: o apetite delas n\u00e3o diminui: muito pelo contr\u00e1rio.<\/p>\n<p>O imp\u00e9rio, mesmo quando j\u00e1 obt\u00e9m mais de 90% do que deseja, quer 100%. Al\u00e9m disso, n\u00e3o admite qualquer governante ou partido que se pretenda manter, por dec\u00eanios, \u00e0 frente do Executivo. At\u00e9 Collor, que entregou tudo, foi deposto, porque almejava perpetuar-se, merc\u00ea de dinheiro e da compra de uma rede nacional de TV.<\/p>\n<p>Em artigo de 15.03.2016 &#8211; A Lavajato quer tirar Brasil do BRICS e CELAC \u2013 Beto Almeida observa que os governos petistas retomaram pol\u00edticas valiosas para a economia e a defesa nacionais, que remontam a medidas do presidente Geisel (1974-1978): apoio \u00e0s empresas de engenharia nacionais, que \u2013 gra\u00e7as ao poder de compra de Petrobr\u00e1s &#8211; desenvolveram capacidade competitiva em obras no exterior.<\/p>\n<p>Recorde-se Henry Kissinger: \u201cN\u00e3o podemos tolerar o surgimento de um novo Jap\u00e3o no Hemisf\u00e9rio Ocidental.\u201d O imp\u00e9rio assegurou seu objetivo, desde agosto de 1954, fazendo o Brasil entregar, com subs\u00eddios, \u00e0s empresas transnacionais o grosso dos mercados da ind\u00fastria, iniciando a desnacionaliza\u00e7\u00e3o da economia brasileira.<\/p>\n<p>Atualmente, com a Lavajato, o imp\u00e9rio anglo-americano faz demolir as empresas nacionais que sobreviveram \u00e0 inviabiliza\u00e7\u00e3o, pela pol\u00edtica econ\u00f4mica, de atividades de elevado valor agregado.<\/p>\n","protected":false},"excerpt":{"rendered":"<p>Adriano Benayon Grande parte do povo brasileiro precisa livrar-se dos antolhos que o fazem enxergar somente o que lhes mostra a televis\u00e3o e as revistas de \u201copini\u00e3o\u201d da grande m\u00eddia. H\u00e1 tamb\u00e9m a vis\u00e3o monocular, que priva do sentido de profundidade. Falo dos instrumentos limitantes da vis\u00e3o pol\u00edtica, econ\u00f4mica e estrat\u00e9gica: a secular doutrina\u00e7\u00e3o ideol\u00f3gica [&hellip;]<\/p>\n","protected":false},"author":2,"featured_media":96366,"comment_status":"open","ping_status":"closed","sticky":false,"template":"","format":"standard","meta":{"_acf_changed":false,"footnotes":""},"categories":[25],"tags":[],"class_list":["post-96365","post","type-post","status-publish","format-standard","has-post-thumbnail","hentry","category-opina-ai"],"acf":[],"yoast_head":"<!-- This site is optimized with the Yoast SEO plugin v27.5 - https:\/\/yoast.com\/product\/yoast-seo-wordpress\/ -->\n<title>Existe mais coisa para se ler, ouvir e ver do que as not\u00edcias e imagens da m\u00eddia - Notibras<\/title>\n<meta name=\"robots\" content=\"index, follow, max-snippet:-1, max-image-preview:large, max-video-preview:-1\" \/>\n<link rel=\"canonical\" href=\"https:\/\/www.notibras.com\/site\/existe-mais-coisa-para-se-ver-do-que-as-noticias-e-imagens-da-midia\/\" \/>\n<meta property=\"og:locale\" content=\"pt_BR\" \/>\n<meta property=\"og:type\" content=\"article\" \/>\n<meta property=\"og:title\" content=\"Existe mais coisa para se ler, ouvir e ver do que as not\u00edcias e imagens da m\u00eddia - Notibras\" \/>\n<meta property=\"og:description\" content=\"Adriano Benayon Grande parte do povo brasileiro precisa livrar-se dos antolhos que o fazem enxergar somente o que lhes mostra a televis\u00e3o e as revistas de \u201copini\u00e3o\u201d da grande m\u00eddia. H\u00e1 tamb\u00e9m a vis\u00e3o monocular, que priva do sentido de profundidade. Falo dos instrumentos limitantes da vis\u00e3o pol\u00edtica, econ\u00f4mica e estrat\u00e9gica: a secular doutrina\u00e7\u00e3o ideol\u00f3gica [&hellip;]\" \/>\n<meta property=\"og:url\" content=\"https:\/\/www.notibras.com\/site\/existe-mais-coisa-para-se-ver-do-que-as-noticias-e-imagens-da-midia\/\" \/>\n<meta property=\"og:site_name\" content=\"Notibras\" \/>\n<meta property=\"article:publisher\" content=\"https:\/\/www.facebook.com\/notibras\/\" \/>\n<meta property=\"article:published_time\" content=\"2016-04-01T10:46:06+00:00\" \/>\n<meta property=\"article:modified_time\" content=\"2016-04-01T10:47:15+00:00\" \/>\n<meta property=\"og:image\" content=\"https:\/\/www.notibras.com\/site\/wp-content\/uploads\/2016\/04\/burro1.jpg\" \/>\n\t<meta property=\"og:image:width\" content=\"620\" \/>\n\t<meta property=\"og:image:height\" content=\"481\" \/>\n\t<meta property=\"og:image:type\" content=\"image\/jpeg\" \/>\n<meta name=\"author\" content=\"Reda\u00e7\u00e3o\" \/>\n<meta name=\"twitter:card\" content=\"summary_large_image\" \/>\n<meta name=\"twitter:creator\" content=\"@Notibras\" \/>\n<meta name=\"twitter:site\" content=\"@Notibras\" \/>\n<meta name=\"twitter:label1\" content=\"Escrito por\" \/>\n\t<meta name=\"twitter:data1\" content=\"Reda\u00e7\u00e3o\" \/>\n\t<meta name=\"twitter:label2\" content=\"Est. tempo de leitura\" \/>\n\t<meta name=\"twitter:data2\" content=\"4 minutos\" \/>\n<script type=\"application\/ld+json\" class=\"yoast-schema-graph\">{\"@context\":\"https:\\\/\\\/schema.org\",\"@graph\":[{\"@type\":\"Article\",\"@id\":\"https:\\\/\\\/www.notibras.com\\\/site\\\/existe-mais-coisa-para-se-ver-do-que-as-noticias-e-imagens-da-midia\\\/#article\",\"isPartOf\":{\"@id\":\"https:\\\/\\\/www.notibras.com\\\/site\\\/existe-mais-coisa-para-se-ver-do-que-as-noticias-e-imagens-da-midia\\\/\"},\"author\":{\"name\":\"Reda\u00e7\u00e3o\",\"@id\":\"https:\\\/\\\/www.notibras.com\\\/site\\\/#\\\/schema\\\/person\\\/36ab0979449956132d3e5b517ea76ac8\"},\"headline\":\"Existe mais coisa para se ler, ouvir e ver do que as not\u00edcias e imagens da m\u00eddia\",\"datePublished\":\"2016-04-01T10:46:06+00:00\",\"dateModified\":\"2016-04-01T10:47:15+00:00\",\"mainEntityOfPage\":{\"@id\":\"https:\\\/\\\/www.notibras.com\\\/site\\\/existe-mais-coisa-para-se-ver-do-que-as-noticias-e-imagens-da-midia\\\/\"},\"wordCount\":867,\"commentCount\":0,\"publisher\":{\"@id\":\"https:\\\/\\\/www.notibras.com\\\/site\\\/#organization\"},\"image\":{\"@id\":\"https:\\\/\\\/www.notibras.com\\\/site\\\/existe-mais-coisa-para-se-ver-do-que-as-noticias-e-imagens-da-midia\\\/#primaryimage\"},\"thumbnailUrl\":\"https:\\\/\\\/www.notibras.com\\\/site\\\/wp-content\\\/uploads\\\/2016\\\/04\\\/burro1.jpg\",\"articleSection\":[\"Opina a\u00ed\"],\"inLanguage\":\"pt-BR\",\"potentialAction\":[{\"@type\":\"CommentAction\",\"name\":\"Comment\",\"target\":[\"https:\\\/\\\/www.notibras.com\\\/site\\\/existe-mais-coisa-para-se-ver-do-que-as-noticias-e-imagens-da-midia\\\/#respond\"]}]},{\"@type\":\"WebPage\",\"@id\":\"https:\\\/\\\/www.notibras.com\\\/site\\\/existe-mais-coisa-para-se-ver-do-que-as-noticias-e-imagens-da-midia\\\/\",\"url\":\"https:\\\/\\\/www.notibras.com\\\/site\\\/existe-mais-coisa-para-se-ver-do-que-as-noticias-e-imagens-da-midia\\\/\",\"name\":\"Existe mais coisa para se ler, ouvir e ver do que as not\u00edcias e imagens da m\u00eddia - Notibras\",\"isPartOf\":{\"@id\":\"https:\\\/\\\/www.notibras.com\\\/site\\\/#website\"},\"primaryImageOfPage\":{\"@id\":\"https:\\\/\\\/www.notibras.com\\\/site\\\/existe-mais-coisa-para-se-ver-do-que-as-noticias-e-imagens-da-midia\\\/#primaryimage\"},\"image\":{\"@id\":\"https:\\\/\\\/www.notibras.com\\\/site\\\/existe-mais-coisa-para-se-ver-do-que-as-noticias-e-imagens-da-midia\\\/#primaryimage\"},\"thumbnailUrl\":\"https:\\\/\\\/www.notibras.com\\\/site\\\/wp-content\\\/uploads\\\/2016\\\/04\\\/burro1.jpg\",\"datePublished\":\"2016-04-01T10:46:06+00:00\",\"dateModified\":\"2016-04-01T10:47:15+00:00\",\"breadcrumb\":{\"@id\":\"https:\\\/\\\/www.notibras.com\\\/site\\\/existe-mais-coisa-para-se-ver-do-que-as-noticias-e-imagens-da-midia\\\/#breadcrumb\"},\"inLanguage\":\"pt-BR\",\"potentialAction\":[{\"@type\":\"ReadAction\",\"target\":[\"https:\\\/\\\/www.notibras.com\\\/site\\\/existe-mais-coisa-para-se-ver-do-que-as-noticias-e-imagens-da-midia\\\/\"]}]},{\"@type\":\"ImageObject\",\"inLanguage\":\"pt-BR\",\"@id\":\"https:\\\/\\\/www.notibras.com\\\/site\\\/existe-mais-coisa-para-se-ver-do-que-as-noticias-e-imagens-da-midia\\\/#primaryimage\",\"url\":\"https:\\\/\\\/www.notibras.com\\\/site\\\/wp-content\\\/uploads\\\/2016\\\/04\\\/burro1.jpg\",\"contentUrl\":\"https:\\\/\\\/www.notibras.com\\\/site\\\/wp-content\\\/uploads\\\/2016\\\/04\\\/burro1.jpg\",\"width\":620,\"height\":481},{\"@type\":\"BreadcrumbList\",\"@id\":\"https:\\\/\\\/www.notibras.com\\\/site\\\/existe-mais-coisa-para-se-ver-do-que-as-noticias-e-imagens-da-midia\\\/#breadcrumb\",\"itemListElement\":[{\"@type\":\"ListItem\",\"position\":1,\"name\":\"In\u00edcio\",\"item\":\"https:\\\/\\\/www.notibras.com\\\/site\\\/\"},{\"@type\":\"ListItem\",\"position\":2,\"name\":\"Existe mais coisa para se ler, ouvir e ver do que as not\u00edcias e imagens da m\u00eddia\"}]},{\"@type\":\"WebSite\",\"@id\":\"https:\\\/\\\/www.notibras.com\\\/site\\\/#website\",\"url\":\"https:\\\/\\\/www.notibras.com\\\/site\\\/\",\"name\":\"Notibras\",\"description\":\"Not\u00edcias de Bras\u00edlia, do Brasil e do Mundo\",\"publisher\":{\"@id\":\"https:\\\/\\\/www.notibras.com\\\/site\\\/#organization\"},\"potentialAction\":[{\"@type\":\"SearchAction\",\"target\":{\"@type\":\"EntryPoint\",\"urlTemplate\":\"https:\\\/\\\/www.notibras.com\\\/site\\\/?s={search_term_string}\"},\"query-input\":{\"@type\":\"PropertyValueSpecification\",\"valueRequired\":true,\"valueName\":\"search_term_string\"}}],\"inLanguage\":\"pt-BR\"},{\"@type\":\"Organization\",\"@id\":\"https:\\\/\\\/www.notibras.com\\\/site\\\/#organization\",\"name\":\"Grupo Notibras de Comunica\u00e7\u00e3o\",\"url\":\"https:\\\/\\\/www.notibras.com\\\/site\\\/\",\"logo\":{\"@type\":\"ImageObject\",\"inLanguage\":\"pt-BR\",\"@id\":\"https:\\\/\\\/www.notibras.com\\\/site\\\/#\\\/schema\\\/logo\\\/image\\\/\",\"url\":\"https:\\\/\\\/www.notibras.com\\\/site\\\/wp-content\\\/uploads\\\/2023\\\/01\\\/notibras23.png\",\"contentUrl\":\"https:\\\/\\\/www.notibras.com\\\/site\\\/wp-content\\\/uploads\\\/2023\\\/01\\\/notibras23.png\",\"width\":350,\"height\":87,\"caption\":\"Grupo Notibras de Comunica\u00e7\u00e3o\"},\"image\":{\"@id\":\"https:\\\/\\\/www.notibras.com\\\/site\\\/#\\\/schema\\\/logo\\\/image\\\/\"},\"sameAs\":[\"https:\\\/\\\/www.facebook.com\\\/notibras\\\/\",\"https:\\\/\\\/x.com\\\/Notibras\",\"https:\\\/\\\/www.instagram.com\\\/notibras\\\/\"]},{\"@type\":\"Person\",\"@id\":\"https:\\\/\\\/www.notibras.com\\\/site\\\/#\\\/schema\\\/person\\\/36ab0979449956132d3e5b517ea76ac8\",\"name\":\"Reda\u00e7\u00e3o\",\"image\":{\"@type\":\"ImageObject\",\"inLanguage\":\"pt-BR\",\"@id\":\"https:\\\/\\\/secure.gravatar.com\\\/avatar\\\/e0a867bdedb85fd243eadf09663511f96fc81e0720a4a42581f334ad4303aa6b?s=96&d=mm&r=g\",\"url\":\"https:\\\/\\\/secure.gravatar.com\\\/avatar\\\/e0a867bdedb85fd243eadf09663511f96fc81e0720a4a42581f334ad4303aa6b?s=96&d=mm&r=g\",\"contentUrl\":\"https:\\\/\\\/secure.gravatar.com\\\/avatar\\\/e0a867bdedb85fd243eadf09663511f96fc81e0720a4a42581f334ad4303aa6b?s=96&d=mm&r=g\",\"caption\":\"Reda\u00e7\u00e3o\"}}]}<\/script>\n<!-- \/ Yoast SEO plugin. -->","yoast_head_json":{"title":"Existe mais coisa para se ler, ouvir e ver do que as not\u00edcias e imagens da m\u00eddia - Notibras","robots":{"index":"index","follow":"follow","max-snippet":"max-snippet:-1","max-image-preview":"max-image-preview:large","max-video-preview":"max-video-preview:-1"},"canonical":"https:\/\/www.notibras.com\/site\/existe-mais-coisa-para-se-ver-do-que-as-noticias-e-imagens-da-midia\/","og_locale":"pt_BR","og_type":"article","og_title":"Existe mais coisa para se ler, ouvir e ver do que as not\u00edcias e imagens da m\u00eddia - Notibras","og_description":"Adriano Benayon Grande parte do povo brasileiro precisa livrar-se dos antolhos que o fazem enxergar somente o que lhes mostra a televis\u00e3o e as revistas de \u201copini\u00e3o\u201d da grande m\u00eddia. H\u00e1 tamb\u00e9m a vis\u00e3o monocular, que priva do sentido de profundidade. Falo dos instrumentos limitantes da vis\u00e3o pol\u00edtica, econ\u00f4mica e estrat\u00e9gica: a secular doutrina\u00e7\u00e3o ideol\u00f3gica [&hellip;]","og_url":"https:\/\/www.notibras.com\/site\/existe-mais-coisa-para-se-ver-do-que-as-noticias-e-imagens-da-midia\/","og_site_name":"Notibras","article_publisher":"https:\/\/www.facebook.com\/notibras\/","article_published_time":"2016-04-01T10:46:06+00:00","article_modified_time":"2016-04-01T10:47:15+00:00","og_image":[{"width":620,"height":481,"url":"https:\/\/www.notibras.com\/site\/wp-content\/uploads\/2016\/04\/burro1.jpg","type":"image\/jpeg"}],"author":"Reda\u00e7\u00e3o","twitter_card":"summary_large_image","twitter_creator":"@Notibras","twitter_site":"@Notibras","twitter_misc":{"Escrito por":"Reda\u00e7\u00e3o","Est. tempo de leitura":"4 minutos"},"schema":{"@context":"https:\/\/schema.org","@graph":[{"@type":"Article","@id":"https:\/\/www.notibras.com\/site\/existe-mais-coisa-para-se-ver-do-que-as-noticias-e-imagens-da-midia\/#article","isPartOf":{"@id":"https:\/\/www.notibras.com\/site\/existe-mais-coisa-para-se-ver-do-que-as-noticias-e-imagens-da-midia\/"},"author":{"name":"Reda\u00e7\u00e3o","@id":"https:\/\/www.notibras.com\/site\/#\/schema\/person\/36ab0979449956132d3e5b517ea76ac8"},"headline":"Existe mais coisa para se ler, ouvir e ver do que as not\u00edcias e imagens da m\u00eddia","datePublished":"2016-04-01T10:46:06+00:00","dateModified":"2016-04-01T10:47:15+00:00","mainEntityOfPage":{"@id":"https:\/\/www.notibras.com\/site\/existe-mais-coisa-para-se-ver-do-que-as-noticias-e-imagens-da-midia\/"},"wordCount":867,"commentCount":0,"publisher":{"@id":"https:\/\/www.notibras.com\/site\/#organization"},"image":{"@id":"https:\/\/www.notibras.com\/site\/existe-mais-coisa-para-se-ver-do-que-as-noticias-e-imagens-da-midia\/#primaryimage"},"thumbnailUrl":"https:\/\/www.notibras.com\/site\/wp-content\/uploads\/2016\/04\/burro1.jpg","articleSection":["Opina a\u00ed"],"inLanguage":"pt-BR","potentialAction":[{"@type":"CommentAction","name":"Comment","target":["https:\/\/www.notibras.com\/site\/existe-mais-coisa-para-se-ver-do-que-as-noticias-e-imagens-da-midia\/#respond"]}]},{"@type":"WebPage","@id":"https:\/\/www.notibras.com\/site\/existe-mais-coisa-para-se-ver-do-que-as-noticias-e-imagens-da-midia\/","url":"https:\/\/www.notibras.com\/site\/existe-mais-coisa-para-se-ver-do-que-as-noticias-e-imagens-da-midia\/","name":"Existe mais coisa para se ler, ouvir e ver do que as not\u00edcias e imagens da m\u00eddia - Notibras","isPartOf":{"@id":"https:\/\/www.notibras.com\/site\/#website"},"primaryImageOfPage":{"@id":"https:\/\/www.notibras.com\/site\/existe-mais-coisa-para-se-ver-do-que-as-noticias-e-imagens-da-midia\/#primaryimage"},"image":{"@id":"https:\/\/www.notibras.com\/site\/existe-mais-coisa-para-se-ver-do-que-as-noticias-e-imagens-da-midia\/#primaryimage"},"thumbnailUrl":"https:\/\/www.notibras.com\/site\/wp-content\/uploads\/2016\/04\/burro1.jpg","datePublished":"2016-04-01T10:46:06+00:00","dateModified":"2016-04-01T10:47:15+00:00","breadcrumb":{"@id":"https:\/\/www.notibras.com\/site\/existe-mais-coisa-para-se-ver-do-que-as-noticias-e-imagens-da-midia\/#breadcrumb"},"inLanguage":"pt-BR","potentialAction":[{"@type":"ReadAction","target":["https:\/\/www.notibras.com\/site\/existe-mais-coisa-para-se-ver-do-que-as-noticias-e-imagens-da-midia\/"]}]},{"@type":"ImageObject","inLanguage":"pt-BR","@id":"https:\/\/www.notibras.com\/site\/existe-mais-coisa-para-se-ver-do-que-as-noticias-e-imagens-da-midia\/#primaryimage","url":"https:\/\/www.notibras.com\/site\/wp-content\/uploads\/2016\/04\/burro1.jpg","contentUrl":"https:\/\/www.notibras.com\/site\/wp-content\/uploads\/2016\/04\/burro1.jpg","width":620,"height":481},{"@type":"BreadcrumbList","@id":"https:\/\/www.notibras.com\/site\/existe-mais-coisa-para-se-ver-do-que-as-noticias-e-imagens-da-midia\/#breadcrumb","itemListElement":[{"@type":"ListItem","position":1,"name":"In\u00edcio","item":"https:\/\/www.notibras.com\/site\/"},{"@type":"ListItem","position":2,"name":"Existe mais coisa para se ler, ouvir e ver do que as not\u00edcias e imagens da m\u00eddia"}]},{"@type":"WebSite","@id":"https:\/\/www.notibras.com\/site\/#website","url":"https:\/\/www.notibras.com\/site\/","name":"Notibras","description":"Not\u00edcias de Bras\u00edlia, do Brasil e do Mundo","publisher":{"@id":"https:\/\/www.notibras.com\/site\/#organization"},"potentialAction":[{"@type":"SearchAction","target":{"@type":"EntryPoint","urlTemplate":"https:\/\/www.notibras.com\/site\/?s={search_term_string}"},"query-input":{"@type":"PropertyValueSpecification","valueRequired":true,"valueName":"search_term_string"}}],"inLanguage":"pt-BR"},{"@type":"Organization","@id":"https:\/\/www.notibras.com\/site\/#organization","name":"Grupo Notibras de Comunica\u00e7\u00e3o","url":"https:\/\/www.notibras.com\/site\/","logo":{"@type":"ImageObject","inLanguage":"pt-BR","@id":"https:\/\/www.notibras.com\/site\/#\/schema\/logo\/image\/","url":"https:\/\/www.notibras.com\/site\/wp-content\/uploads\/2023\/01\/notibras23.png","contentUrl":"https:\/\/www.notibras.com\/site\/wp-content\/uploads\/2023\/01\/notibras23.png","width":350,"height":87,"caption":"Grupo Notibras de Comunica\u00e7\u00e3o"},"image":{"@id":"https:\/\/www.notibras.com\/site\/#\/schema\/logo\/image\/"},"sameAs":["https:\/\/www.facebook.com\/notibras\/","https:\/\/x.com\/Notibras","https:\/\/www.instagram.com\/notibras\/"]},{"@type":"Person","@id":"https:\/\/www.notibras.com\/site\/#\/schema\/person\/36ab0979449956132d3e5b517ea76ac8","name":"Reda\u00e7\u00e3o","image":{"@type":"ImageObject","inLanguage":"pt-BR","@id":"https:\/\/secure.gravatar.com\/avatar\/e0a867bdedb85fd243eadf09663511f96fc81e0720a4a42581f334ad4303aa6b?s=96&d=mm&r=g","url":"https:\/\/secure.gravatar.com\/avatar\/e0a867bdedb85fd243eadf09663511f96fc81e0720a4a42581f334ad4303aa6b?s=96&d=mm&r=g","contentUrl":"https:\/\/secure.gravatar.com\/avatar\/e0a867bdedb85fd243eadf09663511f96fc81e0720a4a42581f334ad4303aa6b?s=96&d=mm&r=g","caption":"Reda\u00e7\u00e3o"}}]}},"amp_enabled":true,"_links":{"self":[{"href":"https:\/\/www.notibras.com\/site\/wp-json\/wp\/v2\/posts\/96365","targetHints":{"allow":["GET"]}}],"collection":[{"href":"https:\/\/www.notibras.com\/site\/wp-json\/wp\/v2\/posts"}],"about":[{"href":"https:\/\/www.notibras.com\/site\/wp-json\/wp\/v2\/types\/post"}],"author":[{"embeddable":true,"href":"https:\/\/www.notibras.com\/site\/wp-json\/wp\/v2\/users\/2"}],"replies":[{"embeddable":true,"href":"https:\/\/www.notibras.com\/site\/wp-json\/wp\/v2\/comments?post=96365"}],"version-history":[{"count":2,"href":"https:\/\/www.notibras.com\/site\/wp-json\/wp\/v2\/posts\/96365\/revisions"}],"predecessor-version":[{"id":96368,"href":"https:\/\/www.notibras.com\/site\/wp-json\/wp\/v2\/posts\/96365\/revisions\/96368"}],"wp:featuredmedia":[{"embeddable":true,"href":"https:\/\/www.notibras.com\/site\/wp-json\/wp\/v2\/media\/96366"}],"wp:attachment":[{"href":"https:\/\/www.notibras.com\/site\/wp-json\/wp\/v2\/media?parent=96365"}],"wp:term":[{"taxonomy":"category","embeddable":true,"href":"https:\/\/www.notibras.com\/site\/wp-json\/wp\/v2\/categories?post=96365"},{"taxonomy":"post_tag","embeddable":true,"href":"https:\/\/www.notibras.com\/site\/wp-json\/wp\/v2\/tags?post=96365"}],"curies":[{"name":"wp","href":"https:\/\/api.w.org\/{rel}","templated":true}]}}