{"id":9667,"date":"2014-05-15T21:46:19","date_gmt":"2014-05-16T00:46:19","guid":{"rendered":"http:\/\/www.notibras.com\/site\/?p=9667"},"modified":"2014-05-15T21:46:19","modified_gmt":"2014-05-16T00:46:19","slug":"paysandu-mostra-que-e-papao-e-sai-na-frente-do-sport-recife","status":"publish","type":"post","link":"https:\/\/www.notibras.com\/site\/paysandu-mostra-que-e-papao-e-sai-na-frente-do-sport-recife\/","title":{"rendered":"Paysandu mostra que \u00e9 &#8216;Pap\u00e3o&#8217; e sai na frente do Sport Recife"},"content":{"rendered":"<p>O Paysandu saiu na frente e venceu o Sport, por 2 a 1, no Mangueir\u00e3o, pela partida de ida da segunda fase da Copa do Brasil.<\/p>\n<p>Os gols aconteceram somente na etapa complementar. Logo no in\u00edcio, aos 5min, Yago Pikachu recebeu de Lima na pequena \u00e1rea e s\u00f3 teve o trabalho de empurrar para a rede, anotando o primeiro do Pap\u00e3o no duelo. Quatro minutos depois, Felipe Azevedo, em bela finaliza\u00e7\u00e3o, deixou tudo igual em Bel\u00e9m.<\/p>\n<p>Por\u00e9m, insistente, o Paysandu chegou ao triunfo. Marcos Paran\u00e1, que entrou na segunda etapa, aproveitou lan\u00e7amento na grande \u00e1rea e fuzilou a meta de Saulo para garantir a vit\u00f3ria do time anfitri\u00e3o. A partida de volta, em Recife, acontecer\u00e1 apenas ap\u00f3s a Copa do Mundo<\/p>\n","protected":false},"excerpt":{"rendered":"<p>O Paysandu saiu na frente e venceu o Sport, por 2 a 1, no Mangueir\u00e3o, pela partida de ida da segunda fase da Copa do Brasil. Os gols aconteceram somente na etapa complementar. Logo no in\u00edcio, aos 5min, Yago Pikachu recebeu de Lima na pequena \u00e1rea e s\u00f3 teve o trabalho de empurrar para a [&hellip;]<\/p>\n","protected":false},"author":2,"featured_media":9668,"comment_status":"open","ping_status":"closed","sticky":false,"template":"","format":"standard","meta":{"_acf_changed":false,"footnotes":""},"categories":[19,29],"tags":[],"class_list":["post-9667","post","type-post","status-publish","format-standard","has-post-thumbnail","hentry","category-esportes","category-futebol"],"acf":[],"yoast_head":"<!-- This site is optimized with the Yoast SEO plugin v27.2 - https:\/\/yoast.com\/product\/yoast-seo-wordpress\/ -->\n<title>Paysandu mostra que \u00e9 &#039;Pap\u00e3o&#039; e sai na frente do Sport Recife - Notibras<\/title>\n<meta name=\"robots\" content=\"index, follow, max-snippet:-1, max-image-preview:large, max-video-preview:-1\" \/>\n<link rel=\"canonical\" href=\"https:\/\/www.notibras.com\/site\/paysandu-mostra-que-e-papao-e-sai-na-frente-do-sport-recife\/\" \/>\n<meta property=\"og:locale\" content=\"pt_BR\" \/>\n<meta property=\"og:type\" content=\"article\" \/>\n<meta property=\"og:title\" content=\"Paysandu mostra que \u00e9 &#039;Pap\u00e3o&#039; e sai na frente do Sport Recife - Notibras\" \/>\n<meta property=\"og:description\" content=\"O Paysandu saiu na frente e venceu o Sport, por 2 a 1, no Mangueir\u00e3o, pela partida de ida da segunda fase da Copa do Brasil. Os gols aconteceram somente na etapa complementar. Logo no in\u00edcio, aos 5min, Yago Pikachu recebeu de Lima na pequena \u00e1rea e s\u00f3 teve o trabalho de empurrar para a [&hellip;]\" \/>\n<meta property=\"og:url\" content=\"https:\/\/www.notibras.com\/site\/paysandu-mostra-que-e-papao-e-sai-na-frente-do-sport-recife\/\" \/>\n<meta property=\"og:site_name\" content=\"Notibras\" \/>\n<meta property=\"article:publisher\" content=\"https:\/\/www.facebook.com\/notibras\/\" \/>\n<meta property=\"article:published_time\" content=\"2014-05-16T00:46:19+00:00\" \/>\n<meta property=\"og:image\" content=\"https:\/\/www.notibras.com\/site\/wp-content\/uploads\/2014\/05\/copa12.jpg\" \/>\n\t<meta property=\"og:image:width\" content=\"620\" \/>\n\t<meta property=\"og:image:height\" content=\"390\" \/>\n\t<meta property=\"og:image:type\" content=\"image\/jpeg\" \/>\n<meta name=\"author\" content=\"Reda\u00e7\u00e3o\" \/>\n<meta name=\"twitter:card\" content=\"summary_large_image\" \/>\n<meta name=\"twitter:creator\" content=\"@Notibras\" \/>\n<meta name=\"twitter:site\" content=\"@Notibras\" \/>\n<meta name=\"twitter:label1\" content=\"Escrito por\" \/>\n\t<meta name=\"twitter:data1\" content=\"Reda\u00e7\u00e3o\" \/>\n\t<meta name=\"twitter:label2\" content=\"Est. tempo de leitura\" \/>\n\t<meta name=\"twitter:data2\" content=\"1 minuto\" \/>\n<script type=\"application\/ld+json\" class=\"yoast-schema-graph\">{\"@context\":\"https:\/\/schema.org\",\"@graph\":[{\"@type\":\"Article\",\"@id\":\"https:\/\/www.notibras.com\/site\/paysandu-mostra-que-e-papao-e-sai-na-frente-do-sport-recife\/#article\",\"isPartOf\":{\"@id\":\"https:\/\/www.notibras.com\/site\/paysandu-mostra-que-e-papao-e-sai-na-frente-do-sport-recife\/\"},\"author\":{\"name\":\"Reda\u00e7\u00e3o\",\"@id\":\"https:\/\/www.notibras.com\/site\/#\/schema\/person\/36ab0979449956132d3e5b517ea76ac8\"},\"headline\":\"Paysandu mostra que \u00e9 &#8216;Pap\u00e3o&#8217; e sai na frente do Sport Recife\",\"datePublished\":\"2014-05-16T00:46:19+00:00\",\"mainEntityOfPage\":{\"@id\":\"https:\/\/www.notibras.com\/site\/paysandu-mostra-que-e-papao-e-sai-na-frente-do-sport-recife\/\"},\"wordCount\":141,\"commentCount\":0,\"publisher\":{\"@id\":\"https:\/\/www.notibras.com\/site\/#organization\"},\"image\":{\"@id\":\"https:\/\/www.notibras.com\/site\/paysandu-mostra-que-e-papao-e-sai-na-frente-do-sport-recife\/#primaryimage\"},\"thumbnailUrl\":\"https:\/\/www.notibras.com\/site\/wp-content\/uploads\/2014\/05\/copa12.jpg\",\"articleSection\":[\"Esportes\",\"Futebol\"],\"inLanguage\":\"pt-BR\",\"potentialAction\":[{\"@type\":\"CommentAction\",\"name\":\"Comment\",\"target\":[\"https:\/\/www.notibras.com\/site\/paysandu-mostra-que-e-papao-e-sai-na-frente-do-sport-recife\/#respond\"]}]},{\"@type\":\"WebPage\",\"@id\":\"https:\/\/www.notibras.com\/site\/paysandu-mostra-que-e-papao-e-sai-na-frente-do-sport-recife\/\",\"url\":\"https:\/\/www.notibras.com\/site\/paysandu-mostra-que-e-papao-e-sai-na-frente-do-sport-recife\/\",\"name\":\"Paysandu mostra que \u00e9 'Pap\u00e3o' e sai na frente do Sport Recife - Notibras\",\"isPartOf\":{\"@id\":\"https:\/\/www.notibras.com\/site\/#website\"},\"primaryImageOfPage\":{\"@id\":\"https:\/\/www.notibras.com\/site\/paysandu-mostra-que-e-papao-e-sai-na-frente-do-sport-recife\/#primaryimage\"},\"image\":{\"@id\":\"https:\/\/www.notibras.com\/site\/paysandu-mostra-que-e-papao-e-sai-na-frente-do-sport-recife\/#primaryimage\"},\"thumbnailUrl\":\"https:\/\/www.notibras.com\/site\/wp-content\/uploads\/2014\/05\/copa12.jpg\",\"datePublished\":\"2014-05-16T00:46:19+00:00\",\"breadcrumb\":{\"@id\":\"https:\/\/www.notibras.com\/site\/paysandu-mostra-que-e-papao-e-sai-na-frente-do-sport-recife\/#breadcrumb\"},\"inLanguage\":\"pt-BR\",\"potentialAction\":[{\"@type\":\"ReadAction\",\"target\":[\"https:\/\/www.notibras.com\/site\/paysandu-mostra-que-e-papao-e-sai-na-frente-do-sport-recife\/\"]}]},{\"@type\":\"ImageObject\",\"inLanguage\":\"pt-BR\",\"@id\":\"https:\/\/www.notibras.com\/site\/paysandu-mostra-que-e-papao-e-sai-na-frente-do-sport-recife\/#primaryimage\",\"url\":\"https:\/\/www.notibras.com\/site\/wp-content\/uploads\/2014\/05\/copa12.jpg\",\"contentUrl\":\"https:\/\/www.notibras.com\/site\/wp-content\/uploads\/2014\/05\/copa12.jpg\",\"width\":620,\"height\":390},{\"@type\":\"BreadcrumbList\",\"@id\":\"https:\/\/www.notibras.com\/site\/paysandu-mostra-que-e-papao-e-sai-na-frente-do-sport-recife\/#breadcrumb\",\"itemListElement\":[{\"@type\":\"ListItem\",\"position\":1,\"name\":\"In\u00edcio\",\"item\":\"https:\/\/www.notibras.com\/site\/\"},{\"@type\":\"ListItem\",\"position\":2,\"name\":\"Paysandu mostra que \u00e9 &#8216;Pap\u00e3o&#8217; e sai na frente do Sport Recife\"}]},{\"@type\":\"WebSite\",\"@id\":\"https:\/\/www.notibras.com\/site\/#website\",\"url\":\"https:\/\/www.notibras.com\/site\/\",\"name\":\"Notibras\",\"description\":\"Not\u00edcias de Bras\u00edlia, do Brasil e do Mundo\",\"publisher\":{\"@id\":\"https:\/\/www.notibras.com\/site\/#organization\"},\"potentialAction\":[{\"@type\":\"SearchAction\",\"target\":{\"@type\":\"EntryPoint\",\"urlTemplate\":\"https:\/\/www.notibras.com\/site\/?s={search_term_string}\"},\"query-input\":{\"@type\":\"PropertyValueSpecification\",\"valueRequired\":true,\"valueName\":\"search_term_string\"}}],\"inLanguage\":\"pt-BR\"},{\"@type\":\"Organization\",\"@id\":\"https:\/\/www.notibras.com\/site\/#organization\",\"name\":\"Grupo Notibras de Comunica\u00e7\u00e3o\",\"url\":\"https:\/\/www.notibras.com\/site\/\",\"logo\":{\"@type\":\"ImageObject\",\"inLanguage\":\"pt-BR\",\"@id\":\"https:\/\/www.notibras.com\/site\/#\/schema\/logo\/image\/\",\"url\":\"https:\/\/www.notibras.com\/site\/wp-content\/uploads\/2023\/01\/notibras23.png\",\"contentUrl\":\"https:\/\/www.notibras.com\/site\/wp-content\/uploads\/2023\/01\/notibras23.png\",\"width\":350,\"height\":87,\"caption\":\"Grupo Notibras de Comunica\u00e7\u00e3o\"},\"image\":{\"@id\":\"https:\/\/www.notibras.com\/site\/#\/schema\/logo\/image\/\"},\"sameAs\":[\"https:\/\/www.facebook.com\/notibras\/\",\"https:\/\/x.com\/Notibras\",\"https:\/\/www.instagram.com\/notibras\/\"]},{\"@type\":\"Person\",\"@id\":\"https:\/\/www.notibras.com\/site\/#\/schema\/person\/36ab0979449956132d3e5b517ea76ac8\",\"name\":\"Reda\u00e7\u00e3o\",\"image\":{\"@type\":\"ImageObject\",\"inLanguage\":\"pt-BR\",\"@id\":\"https:\/\/secure.gravatar.com\/avatar\/e0a867bdedb85fd243eadf09663511f96fc81e0720a4a42581f334ad4303aa6b?s=96&d=mm&r=g\",\"url\":\"https:\/\/secure.gravatar.com\/avatar\/e0a867bdedb85fd243eadf09663511f96fc81e0720a4a42581f334ad4303aa6b?s=96&d=mm&r=g\",\"contentUrl\":\"https:\/\/secure.gravatar.com\/avatar\/e0a867bdedb85fd243eadf09663511f96fc81e0720a4a42581f334ad4303aa6b?s=96&d=mm&r=g\",\"caption\":\"Reda\u00e7\u00e3o\"}}]}<\/script>\n<!-- \/ Yoast SEO plugin. -->","yoast_head_json":{"title":"Paysandu mostra que \u00e9 'Pap\u00e3o' e sai na frente do Sport Recife - Notibras","robots":{"index":"index","follow":"follow","max-snippet":"max-snippet:-1","max-image-preview":"max-image-preview:large","max-video-preview":"max-video-preview:-1"},"canonical":"https:\/\/www.notibras.com\/site\/paysandu-mostra-que-e-papao-e-sai-na-frente-do-sport-recife\/","og_locale":"pt_BR","og_type":"article","og_title":"Paysandu mostra que \u00e9 'Pap\u00e3o' e sai na frente do Sport Recife - Notibras","og_description":"O Paysandu saiu na frente e venceu o Sport, por 2 a 1, no Mangueir\u00e3o, pela partida de ida da segunda fase da Copa do Brasil. Os gols aconteceram somente na etapa complementar. Logo no in\u00edcio, aos 5min, Yago Pikachu recebeu de Lima na pequena \u00e1rea e s\u00f3 teve o trabalho de empurrar para a [&hellip;]","og_url":"https:\/\/www.notibras.com\/site\/paysandu-mostra-que-e-papao-e-sai-na-frente-do-sport-recife\/","og_site_name":"Notibras","article_publisher":"https:\/\/www.facebook.com\/notibras\/","article_published_time":"2014-05-16T00:46:19+00:00","og_image":[{"width":620,"height":390,"url":"https:\/\/www.notibras.com\/site\/wp-content\/uploads\/2014\/05\/copa12.jpg","type":"image\/jpeg"}],"author":"Reda\u00e7\u00e3o","twitter_card":"summary_large_image","twitter_creator":"@Notibras","twitter_site":"@Notibras","twitter_misc":{"Escrito por":"Reda\u00e7\u00e3o","Est. tempo de leitura":"1 minuto"},"schema":{"@context":"https:\/\/schema.org","@graph":[{"@type":"Article","@id":"https:\/\/www.notibras.com\/site\/paysandu-mostra-que-e-papao-e-sai-na-frente-do-sport-recife\/#article","isPartOf":{"@id":"https:\/\/www.notibras.com\/site\/paysandu-mostra-que-e-papao-e-sai-na-frente-do-sport-recife\/"},"author":{"name":"Reda\u00e7\u00e3o","@id":"https:\/\/www.notibras.com\/site\/#\/schema\/person\/36ab0979449956132d3e5b517ea76ac8"},"headline":"Paysandu mostra que \u00e9 &#8216;Pap\u00e3o&#8217; e sai na frente do Sport Recife","datePublished":"2014-05-16T00:46:19+00:00","mainEntityOfPage":{"@id":"https:\/\/www.notibras.com\/site\/paysandu-mostra-que-e-papao-e-sai-na-frente-do-sport-recife\/"},"wordCount":141,"commentCount":0,"publisher":{"@id":"https:\/\/www.notibras.com\/site\/#organization"},"image":{"@id":"https:\/\/www.notibras.com\/site\/paysandu-mostra-que-e-papao-e-sai-na-frente-do-sport-recife\/#primaryimage"},"thumbnailUrl":"https:\/\/www.notibras.com\/site\/wp-content\/uploads\/2014\/05\/copa12.jpg","articleSection":["Esportes","Futebol"],"inLanguage":"pt-BR","potentialAction":[{"@type":"CommentAction","name":"Comment","target":["https:\/\/www.notibras.com\/site\/paysandu-mostra-que-e-papao-e-sai-na-frente-do-sport-recife\/#respond"]}]},{"@type":"WebPage","@id":"https:\/\/www.notibras.com\/site\/paysandu-mostra-que-e-papao-e-sai-na-frente-do-sport-recife\/","url":"https:\/\/www.notibras.com\/site\/paysandu-mostra-que-e-papao-e-sai-na-frente-do-sport-recife\/","name":"Paysandu mostra que \u00e9 'Pap\u00e3o' e sai na frente do Sport Recife - Notibras","isPartOf":{"@id":"https:\/\/www.notibras.com\/site\/#website"},"primaryImageOfPage":{"@id":"https:\/\/www.notibras.com\/site\/paysandu-mostra-que-e-papao-e-sai-na-frente-do-sport-recife\/#primaryimage"},"image":{"@id":"https:\/\/www.notibras.com\/site\/paysandu-mostra-que-e-papao-e-sai-na-frente-do-sport-recife\/#primaryimage"},"thumbnailUrl":"https:\/\/www.notibras.com\/site\/wp-content\/uploads\/2014\/05\/copa12.jpg","datePublished":"2014-05-16T00:46:19+00:00","breadcrumb":{"@id":"https:\/\/www.notibras.com\/site\/paysandu-mostra-que-e-papao-e-sai-na-frente-do-sport-recife\/#breadcrumb"},"inLanguage":"pt-BR","potentialAction":[{"@type":"ReadAction","target":["https:\/\/www.notibras.com\/site\/paysandu-mostra-que-e-papao-e-sai-na-frente-do-sport-recife\/"]}]},{"@type":"ImageObject","inLanguage":"pt-BR","@id":"https:\/\/www.notibras.com\/site\/paysandu-mostra-que-e-papao-e-sai-na-frente-do-sport-recife\/#primaryimage","url":"https:\/\/www.notibras.com\/site\/wp-content\/uploads\/2014\/05\/copa12.jpg","contentUrl":"https:\/\/www.notibras.com\/site\/wp-content\/uploads\/2014\/05\/copa12.jpg","width":620,"height":390},{"@type":"BreadcrumbList","@id":"https:\/\/www.notibras.com\/site\/paysandu-mostra-que-e-papao-e-sai-na-frente-do-sport-recife\/#breadcrumb","itemListElement":[{"@type":"ListItem","position":1,"name":"In\u00edcio","item":"https:\/\/www.notibras.com\/site\/"},{"@type":"ListItem","position":2,"name":"Paysandu mostra que \u00e9 &#8216;Pap\u00e3o&#8217; e sai na frente do Sport Recife"}]},{"@type":"WebSite","@id":"https:\/\/www.notibras.com\/site\/#website","url":"https:\/\/www.notibras.com\/site\/","name":"Notibras","description":"Not\u00edcias de Bras\u00edlia, do Brasil e do Mundo","publisher":{"@id":"https:\/\/www.notibras.com\/site\/#organization"},"potentialAction":[{"@type":"SearchAction","target":{"@type":"EntryPoint","urlTemplate":"https:\/\/www.notibras.com\/site\/?s={search_term_string}"},"query-input":{"@type":"PropertyValueSpecification","valueRequired":true,"valueName":"search_term_string"}}],"inLanguage":"pt-BR"},{"@type":"Organization","@id":"https:\/\/www.notibras.com\/site\/#organization","name":"Grupo Notibras de Comunica\u00e7\u00e3o","url":"https:\/\/www.notibras.com\/site\/","logo":{"@type":"ImageObject","inLanguage":"pt-BR","@id":"https:\/\/www.notibras.com\/site\/#\/schema\/logo\/image\/","url":"https:\/\/www.notibras.com\/site\/wp-content\/uploads\/2023\/01\/notibras23.png","contentUrl":"https:\/\/www.notibras.com\/site\/wp-content\/uploads\/2023\/01\/notibras23.png","width":350,"height":87,"caption":"Grupo Notibras de Comunica\u00e7\u00e3o"},"image":{"@id":"https:\/\/www.notibras.com\/site\/#\/schema\/logo\/image\/"},"sameAs":["https:\/\/www.facebook.com\/notibras\/","https:\/\/x.com\/Notibras","https:\/\/www.instagram.com\/notibras\/"]},{"@type":"Person","@id":"https:\/\/www.notibras.com\/site\/#\/schema\/person\/36ab0979449956132d3e5b517ea76ac8","name":"Reda\u00e7\u00e3o","image":{"@type":"ImageObject","inLanguage":"pt-BR","@id":"https:\/\/secure.gravatar.com\/avatar\/e0a867bdedb85fd243eadf09663511f96fc81e0720a4a42581f334ad4303aa6b?s=96&d=mm&r=g","url":"https:\/\/secure.gravatar.com\/avatar\/e0a867bdedb85fd243eadf09663511f96fc81e0720a4a42581f334ad4303aa6b?s=96&d=mm&r=g","contentUrl":"https:\/\/secure.gravatar.com\/avatar\/e0a867bdedb85fd243eadf09663511f96fc81e0720a4a42581f334ad4303aa6b?s=96&d=mm&r=g","caption":"Reda\u00e7\u00e3o"}}]}},"amp_enabled":true,"_links":{"self":[{"href":"https:\/\/www.notibras.com\/site\/wp-json\/wp\/v2\/posts\/9667","targetHints":{"allow":["GET"]}}],"collection":[{"href":"https:\/\/www.notibras.com\/site\/wp-json\/wp\/v2\/posts"}],"about":[{"href":"https:\/\/www.notibras.com\/site\/wp-json\/wp\/v2\/types\/post"}],"author":[{"embeddable":true,"href":"https:\/\/www.notibras.com\/site\/wp-json\/wp\/v2\/users\/2"}],"replies":[{"embeddable":true,"href":"https:\/\/www.notibras.com\/site\/wp-json\/wp\/v2\/comments?post=9667"}],"version-history":[{"count":0,"href":"https:\/\/www.notibras.com\/site\/wp-json\/wp\/v2\/posts\/9667\/revisions"}],"wp:featuredmedia":[{"embeddable":true,"href":"https:\/\/www.notibras.com\/site\/wp-json\/wp\/v2\/media\/9668"}],"wp:attachment":[{"href":"https:\/\/www.notibras.com\/site\/wp-json\/wp\/v2\/media?parent=9667"}],"wp:term":[{"taxonomy":"category","embeddable":true,"href":"https:\/\/www.notibras.com\/site\/wp-json\/wp\/v2\/categories?post=9667"},{"taxonomy":"post_tag","embeddable":true,"href":"https:\/\/www.notibras.com\/site\/wp-json\/wp\/v2\/tags?post=9667"}],"curies":[{"name":"wp","href":"https:\/\/api.w.org\/{rel}","templated":true}]}}