{"id":96985,"date":"2016-04-06T10:50:05","date_gmt":"2016-04-06T13:50:05","guid":{"rendered":"http:\/\/www.notibras.com\/site\/?p=96985"},"modified":"2016-04-06T10:50:59","modified_gmt":"2016-04-06T13:50:59","slug":"no-quadro-politico-atual-nao-ha-como-ignorar-ou-desprezar-os-fatos","status":"publish","type":"post","link":"https:\/\/www.notibras.com\/site\/no-quadro-politico-atual-nao-ha-como-ignorar-ou-desprezar-os-fatos\/","title":{"rendered":"No quadro atual, n\u00e3o h\u00e1 como ignorar ou desprezar os fatos"},"content":{"rendered":"<p><strong>Adriano Benayon<\/strong><\/p>\n<p>A pol\u00edtica trata do poder. Como ensinou Maquiavel &#8211; o principal mestre da ci\u00eancia pol\u00edtica \u2013 a quest\u00e3o fundamental \u00e9 conquistar e manter o poder.<\/p>\n<p>O nome de Maquiavel ficou, para muitos, associado \u00e0 crua viol\u00eancia e \u00e0 falta de escr\u00fapulos que ele descreve, ao avaliar o jogo pol\u00edtico. Dizem e repetem que, para ele, os fins justificam os meios, e isso parece ser uma condena\u00e7\u00e3o definitiva.<\/p>\n<p>Antes de apreciar se essa condena\u00e7\u00e3o \u00e9 bem fundada, e o que est\u00e1 por tr\u00e1s dela, lembro que Maquiavel foi reverenciado por Spinoza, grande g\u00eanio da filosofia do S\u00e9culo XVII, quando, a meu ver, a filosofia atingiu seu cume.<\/p>\n<p>Pode ter havido fil\u00f3sofos (n\u00e3o muitos) de valor intelectual compar\u00e1vel a Spinoza, mas nenhum de seu porte \u00e9tico, o que \u00e9 interessante em rela\u00e7\u00e3o ao conceito que ele teve de Maquiavel.<\/p>\n<p>N\u00e3o h\u00e1 como ignorar ou desprezar os fatos. Eles recaem sobre as pessoas. Os povos e as na\u00e7\u00f5es t\u00eam sido v\u00edtimas de explora\u00e7\u00e3o, manipula\u00e7\u00f5es e viol\u00eancias inimagin\u00e1veis, por parte de oligarquias e tiranos. N\u00e3o \u00e9 f\u00e1cil conceber que se possam liberar de tais afrontas a suas vidas e \u00e0 sua dignidade, sem recurso aos meios que viabilizam dispor de poder.<\/p>\n<p>Na li\u00e7\u00e3o do pr\u00f3prio Maquiavel, esses meios s\u00e3o o ouro e as armas. No caso, entenda-se a palavra ouro representando a finan\u00e7a, incluindo os patrim\u00f4nios transform\u00e1veis em dinheiro, e o controle dos meios f\u00edsicos de produ\u00e7\u00e3o, ou seja, o poder econ\u00f4mico, em seu todo.<\/p>\n<p>N\u00e3o admira que as oligarquias cuidem ciosamente de concentrar esse poder, bem como de manter todo tipo de armas sob seu comando e controle.<\/p>\n<p>Diferenciemos os termos oligarquia e elite. Isso \u00e9, n\u00e3o s\u00f3 importante, como, ami\u00fade, deixado de lado. A oligarquia \u00e9 um grupo de pessoas ou fam\u00edlias que usam seu poder dominando e subjugando os povos e as na\u00e7\u00f5es.<\/p>\n<p>Elite tem dois sentidos. Um, gen\u00e9rico, abrange tamb\u00e9m a oligarquia e tamb\u00e9m qualquer grupo que se destaque por seu valor, incluindo dotes como lideran\u00e7a, coragem, intelig\u00eancia, know-how.<\/p>\n<p>Este \u00e9 a elite, propriamente dita, grupo dotado de valor, que tem por meta exercer o poder, assentado no consentimento e na participa\u00e7\u00e3o da maioria do povo, que precisa fortalecer, educar e preparar, at\u00e9 para enfrentar a oligarquia.<\/p>\n<p>Cabe, pois, \u00e0 verdadeira elite, \u00e0 qual devem ter acesso oriundos de estratos populares, ligar-se \u00e0 respectiva na\u00e7\u00e3o e lider\u00e1-la na formula\u00e7\u00e3o de seus projetos de desenvolvimento econ\u00f4mico e social.<\/p>\n<p>Maquiavel propugnava, para a It\u00e1lia de seu tempo (transi\u00e7\u00e3o do S\u00e9culo XIV para o XV), o comando de um pr\u00edncipe capaz de unificar a na\u00e7\u00e3o, dividida em numerosos Estados e tendo regi\u00f5es ocupadas por for\u00e7as militares de pot\u00eancias estrangeiras. Para ele, os pr\u00edncipes assentariam seu poder, tornando o povo contente.<\/p>\n<p>Evidentemente, n\u00e3o havia como alcan\u00e7ar tais objetivos a n\u00e3o ser pelos meios que secularmente sustentam o poder: ouro e armas.<\/p>\n<p>Nos tempos atuais, \u00e9 o imp\u00e9rio angloamericano que recorre a esses meios em doses colossais, aos quais agrega mais recursos, derivados desses dois: manipula\u00e7\u00e3o da informa\u00e7\u00e3o, pela grande m\u00eddia \u2013 que disp\u00f5e de recursos visuais e ac\u00fasticos eletr\u00f4nicos, t\u00e9cnicas de psicologia social aplicada etc. &#8211; e por institutos, entidades, universidades e outros centros formadores de opini\u00e3o.<\/p>\n<p>Ao mesmo tempo, concentra poder econ\u00f4mico, aumentando-o principalmente por meio da finan\u00e7a, controlada pela oligarquia banqueira, e faz na ind\u00fastria de armamentos o grosso dos investimentos materiais.<\/p>\n<p>\u00c0s na\u00e7\u00f5es \u00e9 oferecido \u2013 para se iludirem, imaginando participar do poder \u2013 o simulacro de elei\u00e7\u00f5es, cada vez mais manipuladas. Grana distribuindo recursos para as campanhas eleitorais e dominando a grande m\u00eddia, principalmente a televisiva, de maior impacto.<\/p>\n<p>Isso n\u00e3o tem bastado para assegurar, de modo completo, o aprofundamento da penetra\u00e7\u00e3o imperial. Da\u00ed as \u201crevolu\u00e7\u00f5es coloridas\u201d, movidas por servi\u00e7os secretos das pot\u00eancias imperiais e entidades a elas ligadas, ONGs etc., as quais promovem manifesta\u00e7\u00f5es de rua, atentados etc..<\/p>\n<p>Assim, realizam golpes institucionais, combinando a pretensa vontade de manifestantes com a infiltra\u00e7\u00e3o em poderes do Estado, inclusive pol\u00edcia federal e Minist\u00e9rio P\u00fablico.<\/p>\n","protected":false},"excerpt":{"rendered":"<p>Adriano Benayon A pol\u00edtica trata do poder. Como ensinou Maquiavel &#8211; o principal mestre da ci\u00eancia pol\u00edtica \u2013 a quest\u00e3o fundamental \u00e9 conquistar e manter o poder. O nome de Maquiavel ficou, para muitos, associado \u00e0 crua viol\u00eancia e \u00e0 falta de escr\u00fapulos que ele descreve, ao avaliar o jogo pol\u00edtico. Dizem e repetem que, [&hellip;]<\/p>\n","protected":false},"author":2,"featured_media":96986,"comment_status":"open","ping_status":"closed","sticky":false,"template":"","format":"standard","meta":{"_acf_changed":false,"footnotes":""},"categories":[25],"tags":[],"class_list":["post-96985","post","type-post","status-publish","format-standard","has-post-thumbnail","hentry","category-opina-ai"],"acf":[],"yoast_head":"<!-- This site is optimized with the Yoast SEO plugin v27.5 - https:\/\/yoast.com\/product\/yoast-seo-wordpress\/ -->\n<title>No quadro atual, n\u00e3o h\u00e1 como ignorar ou desprezar os fatos - Notibras<\/title>\n<meta name=\"robots\" content=\"index, follow, max-snippet:-1, max-image-preview:large, max-video-preview:-1\" \/>\n<link rel=\"canonical\" href=\"https:\/\/www.notibras.com\/site\/no-quadro-politico-atual-nao-ha-como-ignorar-ou-desprezar-os-fatos\/\" \/>\n<meta property=\"og:locale\" content=\"pt_BR\" \/>\n<meta property=\"og:type\" content=\"article\" \/>\n<meta property=\"og:title\" content=\"No quadro atual, n\u00e3o h\u00e1 como ignorar ou desprezar os fatos - Notibras\" \/>\n<meta property=\"og:description\" content=\"Adriano Benayon A pol\u00edtica trata do poder. Como ensinou Maquiavel &#8211; o principal mestre da ci\u00eancia pol\u00edtica \u2013 a quest\u00e3o fundamental \u00e9 conquistar e manter o poder. O nome de Maquiavel ficou, para muitos, associado \u00e0 crua viol\u00eancia e \u00e0 falta de escr\u00fapulos que ele descreve, ao avaliar o jogo pol\u00edtico. Dizem e repetem que, [&hellip;]\" \/>\n<meta property=\"og:url\" content=\"https:\/\/www.notibras.com\/site\/no-quadro-politico-atual-nao-ha-como-ignorar-ou-desprezar-os-fatos\/\" \/>\n<meta property=\"og:site_name\" content=\"Notibras\" \/>\n<meta property=\"article:publisher\" content=\"https:\/\/www.facebook.com\/notibras\/\" \/>\n<meta property=\"article:published_time\" content=\"2016-04-06T13:50:05+00:00\" \/>\n<meta property=\"article:modified_time\" content=\"2016-04-06T13:50:59+00:00\" \/>\n<meta property=\"og:image\" content=\"https:\/\/www.notibras.com\/site\/wp-content\/uploads\/2016\/04\/brop.png\" \/>\n\t<meta property=\"og:image:width\" content=\"698\" \/>\n\t<meta property=\"og:image:height\" content=\"400\" \/>\n\t<meta property=\"og:image:type\" content=\"image\/png\" \/>\n<meta name=\"author\" content=\"Reda\u00e7\u00e3o\" \/>\n<meta name=\"twitter:card\" content=\"summary_large_image\" \/>\n<meta name=\"twitter:creator\" content=\"@Notibras\" \/>\n<meta name=\"twitter:site\" content=\"@Notibras\" \/>\n<meta name=\"twitter:label1\" content=\"Escrito por\" \/>\n\t<meta name=\"twitter:data1\" content=\"Reda\u00e7\u00e3o\" \/>\n\t<meta name=\"twitter:label2\" content=\"Est. tempo de leitura\" \/>\n\t<meta name=\"twitter:data2\" content=\"4 minutos\" \/>\n<script type=\"application\/ld+json\" class=\"yoast-schema-graph\">{\"@context\":\"https:\\\/\\\/schema.org\",\"@graph\":[{\"@type\":\"Article\",\"@id\":\"https:\\\/\\\/www.notibras.com\\\/site\\\/no-quadro-politico-atual-nao-ha-como-ignorar-ou-desprezar-os-fatos\\\/#article\",\"isPartOf\":{\"@id\":\"https:\\\/\\\/www.notibras.com\\\/site\\\/no-quadro-politico-atual-nao-ha-como-ignorar-ou-desprezar-os-fatos\\\/\"},\"author\":{\"name\":\"Reda\u00e7\u00e3o\",\"@id\":\"https:\\\/\\\/www.notibras.com\\\/site\\\/#\\\/schema\\\/person\\\/36ab0979449956132d3e5b517ea76ac8\"},\"headline\":\"No quadro atual, n\u00e3o h\u00e1 como ignorar ou desprezar os fatos\",\"datePublished\":\"2016-04-06T13:50:05+00:00\",\"dateModified\":\"2016-04-06T13:50:59+00:00\",\"mainEntityOfPage\":{\"@id\":\"https:\\\/\\\/www.notibras.com\\\/site\\\/no-quadro-politico-atual-nao-ha-como-ignorar-ou-desprezar-os-fatos\\\/\"},\"wordCount\":734,\"commentCount\":0,\"publisher\":{\"@id\":\"https:\\\/\\\/www.notibras.com\\\/site\\\/#organization\"},\"image\":{\"@id\":\"https:\\\/\\\/www.notibras.com\\\/site\\\/no-quadro-politico-atual-nao-ha-como-ignorar-ou-desprezar-os-fatos\\\/#primaryimage\"},\"thumbnailUrl\":\"https:\\\/\\\/www.notibras.com\\\/site\\\/wp-content\\\/uploads\\\/2016\\\/04\\\/brop.png\",\"articleSection\":[\"Opina a\u00ed\"],\"inLanguage\":\"pt-BR\",\"potentialAction\":[{\"@type\":\"CommentAction\",\"name\":\"Comment\",\"target\":[\"https:\\\/\\\/www.notibras.com\\\/site\\\/no-quadro-politico-atual-nao-ha-como-ignorar-ou-desprezar-os-fatos\\\/#respond\"]}]},{\"@type\":\"WebPage\",\"@id\":\"https:\\\/\\\/www.notibras.com\\\/site\\\/no-quadro-politico-atual-nao-ha-como-ignorar-ou-desprezar-os-fatos\\\/\",\"url\":\"https:\\\/\\\/www.notibras.com\\\/site\\\/no-quadro-politico-atual-nao-ha-como-ignorar-ou-desprezar-os-fatos\\\/\",\"name\":\"No quadro atual, n\u00e3o h\u00e1 como ignorar ou desprezar os fatos - Notibras\",\"isPartOf\":{\"@id\":\"https:\\\/\\\/www.notibras.com\\\/site\\\/#website\"},\"primaryImageOfPage\":{\"@id\":\"https:\\\/\\\/www.notibras.com\\\/site\\\/no-quadro-politico-atual-nao-ha-como-ignorar-ou-desprezar-os-fatos\\\/#primaryimage\"},\"image\":{\"@id\":\"https:\\\/\\\/www.notibras.com\\\/site\\\/no-quadro-politico-atual-nao-ha-como-ignorar-ou-desprezar-os-fatos\\\/#primaryimage\"},\"thumbnailUrl\":\"https:\\\/\\\/www.notibras.com\\\/site\\\/wp-content\\\/uploads\\\/2016\\\/04\\\/brop.png\",\"datePublished\":\"2016-04-06T13:50:05+00:00\",\"dateModified\":\"2016-04-06T13:50:59+00:00\",\"breadcrumb\":{\"@id\":\"https:\\\/\\\/www.notibras.com\\\/site\\\/no-quadro-politico-atual-nao-ha-como-ignorar-ou-desprezar-os-fatos\\\/#breadcrumb\"},\"inLanguage\":\"pt-BR\",\"potentialAction\":[{\"@type\":\"ReadAction\",\"target\":[\"https:\\\/\\\/www.notibras.com\\\/site\\\/no-quadro-politico-atual-nao-ha-como-ignorar-ou-desprezar-os-fatos\\\/\"]}]},{\"@type\":\"ImageObject\",\"inLanguage\":\"pt-BR\",\"@id\":\"https:\\\/\\\/www.notibras.com\\\/site\\\/no-quadro-politico-atual-nao-ha-como-ignorar-ou-desprezar-os-fatos\\\/#primaryimage\",\"url\":\"https:\\\/\\\/www.notibras.com\\\/site\\\/wp-content\\\/uploads\\\/2016\\\/04\\\/brop.png\",\"contentUrl\":\"https:\\\/\\\/www.notibras.com\\\/site\\\/wp-content\\\/uploads\\\/2016\\\/04\\\/brop.png\",\"width\":698,\"height\":400},{\"@type\":\"BreadcrumbList\",\"@id\":\"https:\\\/\\\/www.notibras.com\\\/site\\\/no-quadro-politico-atual-nao-ha-como-ignorar-ou-desprezar-os-fatos\\\/#breadcrumb\",\"itemListElement\":[{\"@type\":\"ListItem\",\"position\":1,\"name\":\"In\u00edcio\",\"item\":\"https:\\\/\\\/www.notibras.com\\\/site\\\/\"},{\"@type\":\"ListItem\",\"position\":2,\"name\":\"No quadro atual, n\u00e3o h\u00e1 como ignorar ou desprezar os fatos\"}]},{\"@type\":\"WebSite\",\"@id\":\"https:\\\/\\\/www.notibras.com\\\/site\\\/#website\",\"url\":\"https:\\\/\\\/www.notibras.com\\\/site\\\/\",\"name\":\"Notibras\",\"description\":\"Not\u00edcias de Bras\u00edlia, do Brasil e do Mundo\",\"publisher\":{\"@id\":\"https:\\\/\\\/www.notibras.com\\\/site\\\/#organization\"},\"potentialAction\":[{\"@type\":\"SearchAction\",\"target\":{\"@type\":\"EntryPoint\",\"urlTemplate\":\"https:\\\/\\\/www.notibras.com\\\/site\\\/?s={search_term_string}\"},\"query-input\":{\"@type\":\"PropertyValueSpecification\",\"valueRequired\":true,\"valueName\":\"search_term_string\"}}],\"inLanguage\":\"pt-BR\"},{\"@type\":\"Organization\",\"@id\":\"https:\\\/\\\/www.notibras.com\\\/site\\\/#organization\",\"name\":\"Grupo Notibras de Comunica\u00e7\u00e3o\",\"url\":\"https:\\\/\\\/www.notibras.com\\\/site\\\/\",\"logo\":{\"@type\":\"ImageObject\",\"inLanguage\":\"pt-BR\",\"@id\":\"https:\\\/\\\/www.notibras.com\\\/site\\\/#\\\/schema\\\/logo\\\/image\\\/\",\"url\":\"https:\\\/\\\/www.notibras.com\\\/site\\\/wp-content\\\/uploads\\\/2023\\\/01\\\/notibras23.png\",\"contentUrl\":\"https:\\\/\\\/www.notibras.com\\\/site\\\/wp-content\\\/uploads\\\/2023\\\/01\\\/notibras23.png\",\"width\":350,\"height\":87,\"caption\":\"Grupo Notibras de Comunica\u00e7\u00e3o\"},\"image\":{\"@id\":\"https:\\\/\\\/www.notibras.com\\\/site\\\/#\\\/schema\\\/logo\\\/image\\\/\"},\"sameAs\":[\"https:\\\/\\\/www.facebook.com\\\/notibras\\\/\",\"https:\\\/\\\/x.com\\\/Notibras\",\"https:\\\/\\\/www.instagram.com\\\/notibras\\\/\"]},{\"@type\":\"Person\",\"@id\":\"https:\\\/\\\/www.notibras.com\\\/site\\\/#\\\/schema\\\/person\\\/36ab0979449956132d3e5b517ea76ac8\",\"name\":\"Reda\u00e7\u00e3o\",\"image\":{\"@type\":\"ImageObject\",\"inLanguage\":\"pt-BR\",\"@id\":\"https:\\\/\\\/secure.gravatar.com\\\/avatar\\\/e0a867bdedb85fd243eadf09663511f96fc81e0720a4a42581f334ad4303aa6b?s=96&d=mm&r=g\",\"url\":\"https:\\\/\\\/secure.gravatar.com\\\/avatar\\\/e0a867bdedb85fd243eadf09663511f96fc81e0720a4a42581f334ad4303aa6b?s=96&d=mm&r=g\",\"contentUrl\":\"https:\\\/\\\/secure.gravatar.com\\\/avatar\\\/e0a867bdedb85fd243eadf09663511f96fc81e0720a4a42581f334ad4303aa6b?s=96&d=mm&r=g\",\"caption\":\"Reda\u00e7\u00e3o\"}}]}<\/script>\n<!-- \/ Yoast SEO plugin. -->","yoast_head_json":{"title":"No quadro atual, n\u00e3o h\u00e1 como ignorar ou desprezar os fatos - Notibras","robots":{"index":"index","follow":"follow","max-snippet":"max-snippet:-1","max-image-preview":"max-image-preview:large","max-video-preview":"max-video-preview:-1"},"canonical":"https:\/\/www.notibras.com\/site\/no-quadro-politico-atual-nao-ha-como-ignorar-ou-desprezar-os-fatos\/","og_locale":"pt_BR","og_type":"article","og_title":"No quadro atual, n\u00e3o h\u00e1 como ignorar ou desprezar os fatos - Notibras","og_description":"Adriano Benayon A pol\u00edtica trata do poder. Como ensinou Maquiavel &#8211; o principal mestre da ci\u00eancia pol\u00edtica \u2013 a quest\u00e3o fundamental \u00e9 conquistar e manter o poder. O nome de Maquiavel ficou, para muitos, associado \u00e0 crua viol\u00eancia e \u00e0 falta de escr\u00fapulos que ele descreve, ao avaliar o jogo pol\u00edtico. Dizem e repetem que, [&hellip;]","og_url":"https:\/\/www.notibras.com\/site\/no-quadro-politico-atual-nao-ha-como-ignorar-ou-desprezar-os-fatos\/","og_site_name":"Notibras","article_publisher":"https:\/\/www.facebook.com\/notibras\/","article_published_time":"2016-04-06T13:50:05+00:00","article_modified_time":"2016-04-06T13:50:59+00:00","og_image":[{"width":698,"height":400,"url":"https:\/\/www.notibras.com\/site\/wp-content\/uploads\/2016\/04\/brop.png","type":"image\/png"}],"author":"Reda\u00e7\u00e3o","twitter_card":"summary_large_image","twitter_creator":"@Notibras","twitter_site":"@Notibras","twitter_misc":{"Escrito por":"Reda\u00e7\u00e3o","Est. tempo de leitura":"4 minutos"},"schema":{"@context":"https:\/\/schema.org","@graph":[{"@type":"Article","@id":"https:\/\/www.notibras.com\/site\/no-quadro-politico-atual-nao-ha-como-ignorar-ou-desprezar-os-fatos\/#article","isPartOf":{"@id":"https:\/\/www.notibras.com\/site\/no-quadro-politico-atual-nao-ha-como-ignorar-ou-desprezar-os-fatos\/"},"author":{"name":"Reda\u00e7\u00e3o","@id":"https:\/\/www.notibras.com\/site\/#\/schema\/person\/36ab0979449956132d3e5b517ea76ac8"},"headline":"No quadro atual, n\u00e3o h\u00e1 como ignorar ou desprezar os fatos","datePublished":"2016-04-06T13:50:05+00:00","dateModified":"2016-04-06T13:50:59+00:00","mainEntityOfPage":{"@id":"https:\/\/www.notibras.com\/site\/no-quadro-politico-atual-nao-ha-como-ignorar-ou-desprezar-os-fatos\/"},"wordCount":734,"commentCount":0,"publisher":{"@id":"https:\/\/www.notibras.com\/site\/#organization"},"image":{"@id":"https:\/\/www.notibras.com\/site\/no-quadro-politico-atual-nao-ha-como-ignorar-ou-desprezar-os-fatos\/#primaryimage"},"thumbnailUrl":"https:\/\/www.notibras.com\/site\/wp-content\/uploads\/2016\/04\/brop.png","articleSection":["Opina a\u00ed"],"inLanguage":"pt-BR","potentialAction":[{"@type":"CommentAction","name":"Comment","target":["https:\/\/www.notibras.com\/site\/no-quadro-politico-atual-nao-ha-como-ignorar-ou-desprezar-os-fatos\/#respond"]}]},{"@type":"WebPage","@id":"https:\/\/www.notibras.com\/site\/no-quadro-politico-atual-nao-ha-como-ignorar-ou-desprezar-os-fatos\/","url":"https:\/\/www.notibras.com\/site\/no-quadro-politico-atual-nao-ha-como-ignorar-ou-desprezar-os-fatos\/","name":"No quadro atual, n\u00e3o h\u00e1 como ignorar ou desprezar os fatos - Notibras","isPartOf":{"@id":"https:\/\/www.notibras.com\/site\/#website"},"primaryImageOfPage":{"@id":"https:\/\/www.notibras.com\/site\/no-quadro-politico-atual-nao-ha-como-ignorar-ou-desprezar-os-fatos\/#primaryimage"},"image":{"@id":"https:\/\/www.notibras.com\/site\/no-quadro-politico-atual-nao-ha-como-ignorar-ou-desprezar-os-fatos\/#primaryimage"},"thumbnailUrl":"https:\/\/www.notibras.com\/site\/wp-content\/uploads\/2016\/04\/brop.png","datePublished":"2016-04-06T13:50:05+00:00","dateModified":"2016-04-06T13:50:59+00:00","breadcrumb":{"@id":"https:\/\/www.notibras.com\/site\/no-quadro-politico-atual-nao-ha-como-ignorar-ou-desprezar-os-fatos\/#breadcrumb"},"inLanguage":"pt-BR","potentialAction":[{"@type":"ReadAction","target":["https:\/\/www.notibras.com\/site\/no-quadro-politico-atual-nao-ha-como-ignorar-ou-desprezar-os-fatos\/"]}]},{"@type":"ImageObject","inLanguage":"pt-BR","@id":"https:\/\/www.notibras.com\/site\/no-quadro-politico-atual-nao-ha-como-ignorar-ou-desprezar-os-fatos\/#primaryimage","url":"https:\/\/www.notibras.com\/site\/wp-content\/uploads\/2016\/04\/brop.png","contentUrl":"https:\/\/www.notibras.com\/site\/wp-content\/uploads\/2016\/04\/brop.png","width":698,"height":400},{"@type":"BreadcrumbList","@id":"https:\/\/www.notibras.com\/site\/no-quadro-politico-atual-nao-ha-como-ignorar-ou-desprezar-os-fatos\/#breadcrumb","itemListElement":[{"@type":"ListItem","position":1,"name":"In\u00edcio","item":"https:\/\/www.notibras.com\/site\/"},{"@type":"ListItem","position":2,"name":"No quadro atual, n\u00e3o h\u00e1 como ignorar ou desprezar os fatos"}]},{"@type":"WebSite","@id":"https:\/\/www.notibras.com\/site\/#website","url":"https:\/\/www.notibras.com\/site\/","name":"Notibras","description":"Not\u00edcias de Bras\u00edlia, do Brasil e do Mundo","publisher":{"@id":"https:\/\/www.notibras.com\/site\/#organization"},"potentialAction":[{"@type":"SearchAction","target":{"@type":"EntryPoint","urlTemplate":"https:\/\/www.notibras.com\/site\/?s={search_term_string}"},"query-input":{"@type":"PropertyValueSpecification","valueRequired":true,"valueName":"search_term_string"}}],"inLanguage":"pt-BR"},{"@type":"Organization","@id":"https:\/\/www.notibras.com\/site\/#organization","name":"Grupo Notibras de Comunica\u00e7\u00e3o","url":"https:\/\/www.notibras.com\/site\/","logo":{"@type":"ImageObject","inLanguage":"pt-BR","@id":"https:\/\/www.notibras.com\/site\/#\/schema\/logo\/image\/","url":"https:\/\/www.notibras.com\/site\/wp-content\/uploads\/2023\/01\/notibras23.png","contentUrl":"https:\/\/www.notibras.com\/site\/wp-content\/uploads\/2023\/01\/notibras23.png","width":350,"height":87,"caption":"Grupo Notibras de Comunica\u00e7\u00e3o"},"image":{"@id":"https:\/\/www.notibras.com\/site\/#\/schema\/logo\/image\/"},"sameAs":["https:\/\/www.facebook.com\/notibras\/","https:\/\/x.com\/Notibras","https:\/\/www.instagram.com\/notibras\/"]},{"@type":"Person","@id":"https:\/\/www.notibras.com\/site\/#\/schema\/person\/36ab0979449956132d3e5b517ea76ac8","name":"Reda\u00e7\u00e3o","image":{"@type":"ImageObject","inLanguage":"pt-BR","@id":"https:\/\/secure.gravatar.com\/avatar\/e0a867bdedb85fd243eadf09663511f96fc81e0720a4a42581f334ad4303aa6b?s=96&d=mm&r=g","url":"https:\/\/secure.gravatar.com\/avatar\/e0a867bdedb85fd243eadf09663511f96fc81e0720a4a42581f334ad4303aa6b?s=96&d=mm&r=g","contentUrl":"https:\/\/secure.gravatar.com\/avatar\/e0a867bdedb85fd243eadf09663511f96fc81e0720a4a42581f334ad4303aa6b?s=96&d=mm&r=g","caption":"Reda\u00e7\u00e3o"}}]}},"amp_enabled":true,"_links":{"self":[{"href":"https:\/\/www.notibras.com\/site\/wp-json\/wp\/v2\/posts\/96985","targetHints":{"allow":["GET"]}}],"collection":[{"href":"https:\/\/www.notibras.com\/site\/wp-json\/wp\/v2\/posts"}],"about":[{"href":"https:\/\/www.notibras.com\/site\/wp-json\/wp\/v2\/types\/post"}],"author":[{"embeddable":true,"href":"https:\/\/www.notibras.com\/site\/wp-json\/wp\/v2\/users\/2"}],"replies":[{"embeddable":true,"href":"https:\/\/www.notibras.com\/site\/wp-json\/wp\/v2\/comments?post=96985"}],"version-history":[{"count":2,"href":"https:\/\/www.notibras.com\/site\/wp-json\/wp\/v2\/posts\/96985\/revisions"}],"predecessor-version":[{"id":96988,"href":"https:\/\/www.notibras.com\/site\/wp-json\/wp\/v2\/posts\/96985\/revisions\/96988"}],"wp:featuredmedia":[{"embeddable":true,"href":"https:\/\/www.notibras.com\/site\/wp-json\/wp\/v2\/media\/96986"}],"wp:attachment":[{"href":"https:\/\/www.notibras.com\/site\/wp-json\/wp\/v2\/media?parent=96985"}],"wp:term":[{"taxonomy":"category","embeddable":true,"href":"https:\/\/www.notibras.com\/site\/wp-json\/wp\/v2\/categories?post=96985"},{"taxonomy":"post_tag","embeddable":true,"href":"https:\/\/www.notibras.com\/site\/wp-json\/wp\/v2\/tags?post=96985"}],"curies":[{"name":"wp","href":"https:\/\/api.w.org\/{rel}","templated":true}]}}