{"id":9706,"date":"2014-05-15T23:58:38","date_gmt":"2014-05-16T02:58:38","guid":{"rendered":"http:\/\/www.notibras.com\/site\/?p=9706"},"modified":"2014-05-15T23:58:38","modified_gmt":"2014-05-16T02:58:38","slug":"com-greve-em-pernambuco-cbf-adia-jogos-de-nautico-e-sport","status":"publish","type":"post","link":"https:\/\/www.notibras.com\/site\/com-greve-em-pernambuco-cbf-adia-jogos-de-nautico-e-sport\/","title":{"rendered":"Com greve em Pernambuco, CBF adia jogos de N\u00e1utico e Sport"},"content":{"rendered":"<p>A Confedera\u00e7\u00e3o Brasileira de Futebol (CBF) acolheu pedido da Federa\u00e7\u00e3o Pernambucana de Futebol (FPF) e adiou duas partidas que seriam realizadas por competi\u00e7\u00f5es nacionais neste fim de semana no Estado. O pedido foi oriundo da greve de policiais em Pernambuco e afetou jogos da S\u00e9rie A e da S\u00e9rie B. As informa\u00e7\u00f5es s\u00e3o da vers\u00e3o online do jornal Lance!.<\/p>\n<p class=\"text\">Os jogos adiados no fim de semana s\u00e3o N\u00e1utico x Vasco, que seria realizado neste s\u00e1bado pela S\u00e9rie B do Campeonato Brasileiro na Arena Pernambucano, e Sport x Bahia, inicialmente marcado para este domingo na Ilha do Retiro. A partida entre N\u00e1utico e Vasco ficou para o dia 6 de junho. J\u00e1 o Sport deve enfrentar o Bahia no pr\u00f3ximo dia dia 4, comas ambas as partidas marcadas para as 21h.<\/p>\n<p class=\"text\">&#8220;Fiz o pedido e o Virg\u00edlio El\u00edsio (diretor de competi\u00e7\u00f5es) j\u00e1 confirmou. Seria irresponsabilidade realizar os jogos com essa situa\u00e7\u00e3o. Eu at\u00e9 poderia tentar puxar o m\u00e1ximo do baixo efetivo que est\u00e1 em a\u00e7\u00e3o para o est\u00e1dio, mas a\u00ed as ruas ficariam desprotegidas. Se acontecesse uma trag\u00e9dia, iriam colocar a culpa no futebol&#8221;, afirmou Evandro Carvalho, presidente da Federa\u00e7\u00e3o de Pernambuco, \u00e0 vers\u00e3o online do jornal Lance!.<\/p>\n<p class=\"text\">A greve dos policiais de Pernambuco foi deflagrada na \u00faltima ter\u00e7a-feira. A For\u00e7a Nacional e a Pol\u00edcia Civil aumentaram o efetivo no Estado durante o per\u00edodo, mas as federa\u00e7\u00f5es acharam melhor adiar as partidas deste fim de semana.<\/p>\n","protected":false},"excerpt":{"rendered":"<p>A Confedera\u00e7\u00e3o Brasileira de Futebol (CBF) acolheu pedido da Federa\u00e7\u00e3o Pernambucana de Futebol (FPF) e adiou duas partidas que seriam realizadas por competi\u00e7\u00f5es nacionais neste fim de semana no Estado. O pedido foi oriundo da greve de policiais em Pernambuco e afetou jogos da S\u00e9rie A e da S\u00e9rie B. As informa\u00e7\u00f5es s\u00e3o da vers\u00e3o [&hellip;]<\/p>\n","protected":false},"author":2,"featured_media":9707,"comment_status":"open","ping_status":"closed","sticky":false,"template":"","format":"standard","meta":{"_acf_changed":false,"footnotes":""},"categories":[19,29],"tags":[],"class_list":["post-9706","post","type-post","status-publish","format-standard","has-post-thumbnail","hentry","category-esportes","category-futebol"],"acf":[],"yoast_head":"<!-- This site is optimized with the Yoast SEO plugin v27.2 - https:\/\/yoast.com\/product\/yoast-seo-wordpress\/ -->\n<title>Com greve em Pernambuco, CBF adia jogos de N\u00e1utico e Sport - Notibras<\/title>\n<meta name=\"robots\" content=\"index, follow, max-snippet:-1, max-image-preview:large, max-video-preview:-1\" \/>\n<link rel=\"canonical\" href=\"https:\/\/www.notibras.com\/site\/com-greve-em-pernambuco-cbf-adia-jogos-de-nautico-e-sport\/\" \/>\n<meta property=\"og:locale\" content=\"pt_BR\" \/>\n<meta property=\"og:type\" content=\"article\" \/>\n<meta property=\"og:title\" content=\"Com greve em Pernambuco, CBF adia jogos de N\u00e1utico e Sport - Notibras\" \/>\n<meta property=\"og:description\" content=\"A Confedera\u00e7\u00e3o Brasileira de Futebol (CBF) acolheu pedido da Federa\u00e7\u00e3o Pernambucana de Futebol (FPF) e adiou duas partidas que seriam realizadas por competi\u00e7\u00f5es nacionais neste fim de semana no Estado. O pedido foi oriundo da greve de policiais em Pernambuco e afetou jogos da S\u00e9rie A e da S\u00e9rie B. As informa\u00e7\u00f5es s\u00e3o da vers\u00e3o [&hellip;]\" \/>\n<meta property=\"og:url\" content=\"https:\/\/www.notibras.com\/site\/com-greve-em-pernambuco-cbf-adia-jogos-de-nautico-e-sport\/\" \/>\n<meta property=\"og:site_name\" content=\"Notibras\" \/>\n<meta property=\"article:publisher\" content=\"https:\/\/www.facebook.com\/notibras\/\" \/>\n<meta property=\"article:published_time\" content=\"2014-05-16T02:58:38+00:00\" \/>\n<meta property=\"og:image\" content=\"https:\/\/www.notibras.com\/site\/wp-content\/uploads\/2014\/05\/20140407-1905-1-vasco-derrotou-o-nautico-na-arena-dom-pedro-ii.jpg\" \/>\n\t<meta property=\"og:image:width\" content=\"584\" \/>\n\t<meta property=\"og:image:height\" content=\"438\" \/>\n\t<meta property=\"og:image:type\" content=\"image\/jpeg\" \/>\n<meta name=\"author\" content=\"Reda\u00e7\u00e3o\" \/>\n<meta name=\"twitter:card\" content=\"summary_large_image\" \/>\n<meta name=\"twitter:creator\" content=\"@Notibras\" \/>\n<meta name=\"twitter:site\" content=\"@Notibras\" \/>\n<meta name=\"twitter:label1\" content=\"Escrito por\" \/>\n\t<meta name=\"twitter:data1\" content=\"Reda\u00e7\u00e3o\" \/>\n\t<meta name=\"twitter:label2\" content=\"Est. tempo de leitura\" \/>\n\t<meta name=\"twitter:data2\" content=\"1 minuto\" \/>\n<script type=\"application\/ld+json\" class=\"yoast-schema-graph\">{\"@context\":\"https:\/\/schema.org\",\"@graph\":[{\"@type\":\"Article\",\"@id\":\"https:\/\/www.notibras.com\/site\/com-greve-em-pernambuco-cbf-adia-jogos-de-nautico-e-sport\/#article\",\"isPartOf\":{\"@id\":\"https:\/\/www.notibras.com\/site\/com-greve-em-pernambuco-cbf-adia-jogos-de-nautico-e-sport\/\"},\"author\":{\"name\":\"Reda\u00e7\u00e3o\",\"@id\":\"https:\/\/www.notibras.com\/site\/#\/schema\/person\/36ab0979449956132d3e5b517ea76ac8\"},\"headline\":\"Com greve em Pernambuco, CBF adia jogos de N\u00e1utico e Sport\",\"datePublished\":\"2014-05-16T02:58:38+00:00\",\"mainEntityOfPage\":{\"@id\":\"https:\/\/www.notibras.com\/site\/com-greve-em-pernambuco-cbf-adia-jogos-de-nautico-e-sport\/\"},\"wordCount\":273,\"commentCount\":0,\"publisher\":{\"@id\":\"https:\/\/www.notibras.com\/site\/#organization\"},\"image\":{\"@id\":\"https:\/\/www.notibras.com\/site\/com-greve-em-pernambuco-cbf-adia-jogos-de-nautico-e-sport\/#primaryimage\"},\"thumbnailUrl\":\"https:\/\/www.notibras.com\/site\/wp-content\/uploads\/2014\/05\/20140407-1905-1-vasco-derrotou-o-nautico-na-arena-dom-pedro-ii.jpg\",\"articleSection\":[\"Esportes\",\"Futebol\"],\"inLanguage\":\"pt-BR\",\"potentialAction\":[{\"@type\":\"CommentAction\",\"name\":\"Comment\",\"target\":[\"https:\/\/www.notibras.com\/site\/com-greve-em-pernambuco-cbf-adia-jogos-de-nautico-e-sport\/#respond\"]}]},{\"@type\":\"WebPage\",\"@id\":\"https:\/\/www.notibras.com\/site\/com-greve-em-pernambuco-cbf-adia-jogos-de-nautico-e-sport\/\",\"url\":\"https:\/\/www.notibras.com\/site\/com-greve-em-pernambuco-cbf-adia-jogos-de-nautico-e-sport\/\",\"name\":\"Com greve em Pernambuco, CBF adia jogos de N\u00e1utico e Sport - Notibras\",\"isPartOf\":{\"@id\":\"https:\/\/www.notibras.com\/site\/#website\"},\"primaryImageOfPage\":{\"@id\":\"https:\/\/www.notibras.com\/site\/com-greve-em-pernambuco-cbf-adia-jogos-de-nautico-e-sport\/#primaryimage\"},\"image\":{\"@id\":\"https:\/\/www.notibras.com\/site\/com-greve-em-pernambuco-cbf-adia-jogos-de-nautico-e-sport\/#primaryimage\"},\"thumbnailUrl\":\"https:\/\/www.notibras.com\/site\/wp-content\/uploads\/2014\/05\/20140407-1905-1-vasco-derrotou-o-nautico-na-arena-dom-pedro-ii.jpg\",\"datePublished\":\"2014-05-16T02:58:38+00:00\",\"breadcrumb\":{\"@id\":\"https:\/\/www.notibras.com\/site\/com-greve-em-pernambuco-cbf-adia-jogos-de-nautico-e-sport\/#breadcrumb\"},\"inLanguage\":\"pt-BR\",\"potentialAction\":[{\"@type\":\"ReadAction\",\"target\":[\"https:\/\/www.notibras.com\/site\/com-greve-em-pernambuco-cbf-adia-jogos-de-nautico-e-sport\/\"]}]},{\"@type\":\"ImageObject\",\"inLanguage\":\"pt-BR\",\"@id\":\"https:\/\/www.notibras.com\/site\/com-greve-em-pernambuco-cbf-adia-jogos-de-nautico-e-sport\/#primaryimage\",\"url\":\"https:\/\/www.notibras.com\/site\/wp-content\/uploads\/2014\/05\/20140407-1905-1-vasco-derrotou-o-nautico-na-arena-dom-pedro-ii.jpg\",\"contentUrl\":\"https:\/\/www.notibras.com\/site\/wp-content\/uploads\/2014\/05\/20140407-1905-1-vasco-derrotou-o-nautico-na-arena-dom-pedro-ii.jpg\",\"width\":584,\"height\":438},{\"@type\":\"BreadcrumbList\",\"@id\":\"https:\/\/www.notibras.com\/site\/com-greve-em-pernambuco-cbf-adia-jogos-de-nautico-e-sport\/#breadcrumb\",\"itemListElement\":[{\"@type\":\"ListItem\",\"position\":1,\"name\":\"In\u00edcio\",\"item\":\"https:\/\/www.notibras.com\/site\/\"},{\"@type\":\"ListItem\",\"position\":2,\"name\":\"Com greve em Pernambuco, CBF adia jogos de N\u00e1utico e Sport\"}]},{\"@type\":\"WebSite\",\"@id\":\"https:\/\/www.notibras.com\/site\/#website\",\"url\":\"https:\/\/www.notibras.com\/site\/\",\"name\":\"Notibras\",\"description\":\"Not\u00edcias de Bras\u00edlia, do Brasil e do Mundo\",\"publisher\":{\"@id\":\"https:\/\/www.notibras.com\/site\/#organization\"},\"potentialAction\":[{\"@type\":\"SearchAction\",\"target\":{\"@type\":\"EntryPoint\",\"urlTemplate\":\"https:\/\/www.notibras.com\/site\/?s={search_term_string}\"},\"query-input\":{\"@type\":\"PropertyValueSpecification\",\"valueRequired\":true,\"valueName\":\"search_term_string\"}}],\"inLanguage\":\"pt-BR\"},{\"@type\":\"Organization\",\"@id\":\"https:\/\/www.notibras.com\/site\/#organization\",\"name\":\"Grupo Notibras de Comunica\u00e7\u00e3o\",\"url\":\"https:\/\/www.notibras.com\/site\/\",\"logo\":{\"@type\":\"ImageObject\",\"inLanguage\":\"pt-BR\",\"@id\":\"https:\/\/www.notibras.com\/site\/#\/schema\/logo\/image\/\",\"url\":\"https:\/\/www.notibras.com\/site\/wp-content\/uploads\/2023\/01\/notibras23.png\",\"contentUrl\":\"https:\/\/www.notibras.com\/site\/wp-content\/uploads\/2023\/01\/notibras23.png\",\"width\":350,\"height\":87,\"caption\":\"Grupo Notibras de Comunica\u00e7\u00e3o\"},\"image\":{\"@id\":\"https:\/\/www.notibras.com\/site\/#\/schema\/logo\/image\/\"},\"sameAs\":[\"https:\/\/www.facebook.com\/notibras\/\",\"https:\/\/x.com\/Notibras\",\"https:\/\/www.instagram.com\/notibras\/\"]},{\"@type\":\"Person\",\"@id\":\"https:\/\/www.notibras.com\/site\/#\/schema\/person\/36ab0979449956132d3e5b517ea76ac8\",\"name\":\"Reda\u00e7\u00e3o\",\"image\":{\"@type\":\"ImageObject\",\"inLanguage\":\"pt-BR\",\"@id\":\"https:\/\/secure.gravatar.com\/avatar\/e0a867bdedb85fd243eadf09663511f96fc81e0720a4a42581f334ad4303aa6b?s=96&d=mm&r=g\",\"url\":\"https:\/\/secure.gravatar.com\/avatar\/e0a867bdedb85fd243eadf09663511f96fc81e0720a4a42581f334ad4303aa6b?s=96&d=mm&r=g\",\"contentUrl\":\"https:\/\/secure.gravatar.com\/avatar\/e0a867bdedb85fd243eadf09663511f96fc81e0720a4a42581f334ad4303aa6b?s=96&d=mm&r=g\",\"caption\":\"Reda\u00e7\u00e3o\"}}]}<\/script>\n<!-- \/ Yoast SEO plugin. -->","yoast_head_json":{"title":"Com greve em Pernambuco, CBF adia jogos de N\u00e1utico e Sport - Notibras","robots":{"index":"index","follow":"follow","max-snippet":"max-snippet:-1","max-image-preview":"max-image-preview:large","max-video-preview":"max-video-preview:-1"},"canonical":"https:\/\/www.notibras.com\/site\/com-greve-em-pernambuco-cbf-adia-jogos-de-nautico-e-sport\/","og_locale":"pt_BR","og_type":"article","og_title":"Com greve em Pernambuco, CBF adia jogos de N\u00e1utico e Sport - Notibras","og_description":"A Confedera\u00e7\u00e3o Brasileira de Futebol (CBF) acolheu pedido da Federa\u00e7\u00e3o Pernambucana de Futebol (FPF) e adiou duas partidas que seriam realizadas por competi\u00e7\u00f5es nacionais neste fim de semana no Estado. O pedido foi oriundo da greve de policiais em Pernambuco e afetou jogos da S\u00e9rie A e da S\u00e9rie B. As informa\u00e7\u00f5es s\u00e3o da vers\u00e3o [&hellip;]","og_url":"https:\/\/www.notibras.com\/site\/com-greve-em-pernambuco-cbf-adia-jogos-de-nautico-e-sport\/","og_site_name":"Notibras","article_publisher":"https:\/\/www.facebook.com\/notibras\/","article_published_time":"2014-05-16T02:58:38+00:00","og_image":[{"width":584,"height":438,"url":"https:\/\/www.notibras.com\/site\/wp-content\/uploads\/2014\/05\/20140407-1905-1-vasco-derrotou-o-nautico-na-arena-dom-pedro-ii.jpg","type":"image\/jpeg"}],"author":"Reda\u00e7\u00e3o","twitter_card":"summary_large_image","twitter_creator":"@Notibras","twitter_site":"@Notibras","twitter_misc":{"Escrito por":"Reda\u00e7\u00e3o","Est. tempo de leitura":"1 minuto"},"schema":{"@context":"https:\/\/schema.org","@graph":[{"@type":"Article","@id":"https:\/\/www.notibras.com\/site\/com-greve-em-pernambuco-cbf-adia-jogos-de-nautico-e-sport\/#article","isPartOf":{"@id":"https:\/\/www.notibras.com\/site\/com-greve-em-pernambuco-cbf-adia-jogos-de-nautico-e-sport\/"},"author":{"name":"Reda\u00e7\u00e3o","@id":"https:\/\/www.notibras.com\/site\/#\/schema\/person\/36ab0979449956132d3e5b517ea76ac8"},"headline":"Com greve em Pernambuco, CBF adia jogos de N\u00e1utico e Sport","datePublished":"2014-05-16T02:58:38+00:00","mainEntityOfPage":{"@id":"https:\/\/www.notibras.com\/site\/com-greve-em-pernambuco-cbf-adia-jogos-de-nautico-e-sport\/"},"wordCount":273,"commentCount":0,"publisher":{"@id":"https:\/\/www.notibras.com\/site\/#organization"},"image":{"@id":"https:\/\/www.notibras.com\/site\/com-greve-em-pernambuco-cbf-adia-jogos-de-nautico-e-sport\/#primaryimage"},"thumbnailUrl":"https:\/\/www.notibras.com\/site\/wp-content\/uploads\/2014\/05\/20140407-1905-1-vasco-derrotou-o-nautico-na-arena-dom-pedro-ii.jpg","articleSection":["Esportes","Futebol"],"inLanguage":"pt-BR","potentialAction":[{"@type":"CommentAction","name":"Comment","target":["https:\/\/www.notibras.com\/site\/com-greve-em-pernambuco-cbf-adia-jogos-de-nautico-e-sport\/#respond"]}]},{"@type":"WebPage","@id":"https:\/\/www.notibras.com\/site\/com-greve-em-pernambuco-cbf-adia-jogos-de-nautico-e-sport\/","url":"https:\/\/www.notibras.com\/site\/com-greve-em-pernambuco-cbf-adia-jogos-de-nautico-e-sport\/","name":"Com greve em Pernambuco, CBF adia jogos de N\u00e1utico e Sport - Notibras","isPartOf":{"@id":"https:\/\/www.notibras.com\/site\/#website"},"primaryImageOfPage":{"@id":"https:\/\/www.notibras.com\/site\/com-greve-em-pernambuco-cbf-adia-jogos-de-nautico-e-sport\/#primaryimage"},"image":{"@id":"https:\/\/www.notibras.com\/site\/com-greve-em-pernambuco-cbf-adia-jogos-de-nautico-e-sport\/#primaryimage"},"thumbnailUrl":"https:\/\/www.notibras.com\/site\/wp-content\/uploads\/2014\/05\/20140407-1905-1-vasco-derrotou-o-nautico-na-arena-dom-pedro-ii.jpg","datePublished":"2014-05-16T02:58:38+00:00","breadcrumb":{"@id":"https:\/\/www.notibras.com\/site\/com-greve-em-pernambuco-cbf-adia-jogos-de-nautico-e-sport\/#breadcrumb"},"inLanguage":"pt-BR","potentialAction":[{"@type":"ReadAction","target":["https:\/\/www.notibras.com\/site\/com-greve-em-pernambuco-cbf-adia-jogos-de-nautico-e-sport\/"]}]},{"@type":"ImageObject","inLanguage":"pt-BR","@id":"https:\/\/www.notibras.com\/site\/com-greve-em-pernambuco-cbf-adia-jogos-de-nautico-e-sport\/#primaryimage","url":"https:\/\/www.notibras.com\/site\/wp-content\/uploads\/2014\/05\/20140407-1905-1-vasco-derrotou-o-nautico-na-arena-dom-pedro-ii.jpg","contentUrl":"https:\/\/www.notibras.com\/site\/wp-content\/uploads\/2014\/05\/20140407-1905-1-vasco-derrotou-o-nautico-na-arena-dom-pedro-ii.jpg","width":584,"height":438},{"@type":"BreadcrumbList","@id":"https:\/\/www.notibras.com\/site\/com-greve-em-pernambuco-cbf-adia-jogos-de-nautico-e-sport\/#breadcrumb","itemListElement":[{"@type":"ListItem","position":1,"name":"In\u00edcio","item":"https:\/\/www.notibras.com\/site\/"},{"@type":"ListItem","position":2,"name":"Com greve em Pernambuco, CBF adia jogos de N\u00e1utico e Sport"}]},{"@type":"WebSite","@id":"https:\/\/www.notibras.com\/site\/#website","url":"https:\/\/www.notibras.com\/site\/","name":"Notibras","description":"Not\u00edcias de Bras\u00edlia, do Brasil e do Mundo","publisher":{"@id":"https:\/\/www.notibras.com\/site\/#organization"},"potentialAction":[{"@type":"SearchAction","target":{"@type":"EntryPoint","urlTemplate":"https:\/\/www.notibras.com\/site\/?s={search_term_string}"},"query-input":{"@type":"PropertyValueSpecification","valueRequired":true,"valueName":"search_term_string"}}],"inLanguage":"pt-BR"},{"@type":"Organization","@id":"https:\/\/www.notibras.com\/site\/#organization","name":"Grupo Notibras de Comunica\u00e7\u00e3o","url":"https:\/\/www.notibras.com\/site\/","logo":{"@type":"ImageObject","inLanguage":"pt-BR","@id":"https:\/\/www.notibras.com\/site\/#\/schema\/logo\/image\/","url":"https:\/\/www.notibras.com\/site\/wp-content\/uploads\/2023\/01\/notibras23.png","contentUrl":"https:\/\/www.notibras.com\/site\/wp-content\/uploads\/2023\/01\/notibras23.png","width":350,"height":87,"caption":"Grupo Notibras de Comunica\u00e7\u00e3o"},"image":{"@id":"https:\/\/www.notibras.com\/site\/#\/schema\/logo\/image\/"},"sameAs":["https:\/\/www.facebook.com\/notibras\/","https:\/\/x.com\/Notibras","https:\/\/www.instagram.com\/notibras\/"]},{"@type":"Person","@id":"https:\/\/www.notibras.com\/site\/#\/schema\/person\/36ab0979449956132d3e5b517ea76ac8","name":"Reda\u00e7\u00e3o","image":{"@type":"ImageObject","inLanguage":"pt-BR","@id":"https:\/\/secure.gravatar.com\/avatar\/e0a867bdedb85fd243eadf09663511f96fc81e0720a4a42581f334ad4303aa6b?s=96&d=mm&r=g","url":"https:\/\/secure.gravatar.com\/avatar\/e0a867bdedb85fd243eadf09663511f96fc81e0720a4a42581f334ad4303aa6b?s=96&d=mm&r=g","contentUrl":"https:\/\/secure.gravatar.com\/avatar\/e0a867bdedb85fd243eadf09663511f96fc81e0720a4a42581f334ad4303aa6b?s=96&d=mm&r=g","caption":"Reda\u00e7\u00e3o"}}]}},"amp_enabled":true,"_links":{"self":[{"href":"https:\/\/www.notibras.com\/site\/wp-json\/wp\/v2\/posts\/9706","targetHints":{"allow":["GET"]}}],"collection":[{"href":"https:\/\/www.notibras.com\/site\/wp-json\/wp\/v2\/posts"}],"about":[{"href":"https:\/\/www.notibras.com\/site\/wp-json\/wp\/v2\/types\/post"}],"author":[{"embeddable":true,"href":"https:\/\/www.notibras.com\/site\/wp-json\/wp\/v2\/users\/2"}],"replies":[{"embeddable":true,"href":"https:\/\/www.notibras.com\/site\/wp-json\/wp\/v2\/comments?post=9706"}],"version-history":[{"count":0,"href":"https:\/\/www.notibras.com\/site\/wp-json\/wp\/v2\/posts\/9706\/revisions"}],"wp:featuredmedia":[{"embeddable":true,"href":"https:\/\/www.notibras.com\/site\/wp-json\/wp\/v2\/media\/9707"}],"wp:attachment":[{"href":"https:\/\/www.notibras.com\/site\/wp-json\/wp\/v2\/media?parent=9706"}],"wp:term":[{"taxonomy":"category","embeddable":true,"href":"https:\/\/www.notibras.com\/site\/wp-json\/wp\/v2\/categories?post=9706"},{"taxonomy":"post_tag","embeddable":true,"href":"https:\/\/www.notibras.com\/site\/wp-json\/wp\/v2\/tags?post=9706"}],"curies":[{"name":"wp","href":"https:\/\/api.w.org\/{rel}","templated":true}]}}