{"id":9709,"date":"2014-05-16T00:00:17","date_gmt":"2014-05-16T03:00:17","guid":{"rendered":"http:\/\/www.notibras.com\/site\/?p=9709"},"modified":"2014-05-16T00:00:17","modified_gmt":"2014-05-16T03:00:17","slug":"santos-avanca-na-copa-do-brasil-com-goleada-no-princesa","status":"publish","type":"post","link":"https:\/\/www.notibras.com\/site\/santos-avanca-na-copa-do-brasil-com-goleada-no-princesa\/","title":{"rendered":"Santos avan\u00e7a na Copa do Brasil com goleada no Princesa"},"content":{"rendered":"<p>O Santos venceu o Princesa do Solim\u00f5es por 4 a 2 nesta quinta-feira, na Vila Belmiro, e se classificou para a terceira fase da Copa do Brasil, j\u00e1 que venceu o jogo de ida por 2 a 1. A vit\u00f3ria contra o time de Amazonas \u00e9 a terceira consecutiva da equipe santista sem a presen\u00e7a de Leandro Dami\u00e3o em campo.<\/p>\n<p>Al\u00e9m de vencer o Princesa duas vezes nesse per\u00edodo, o Santos tamb\u00e9m derrotou o Figueirense por 2 a 0 no \u00faltimo domingo. Dami\u00e3o perdeu a posi\u00e7\u00e3o de titular e ainda sofreu uma inflama\u00e7\u00e3o no p\u00fabis, que pode tir\u00e1-lo dos gramados por at\u00e9 60 dias.<\/p>\n<p>A vit\u00f3ria na Copa do Brasil tamb\u00e9m marca a despedida do Santos na Vila Belmiro no primeiro semestre deste ano. Isso porque a equipe santista ceder\u00e1 o seu est\u00e1dio para a prepara\u00e7\u00e3o da sele\u00e7\u00e3o da Costa Rica na Copa do Mundo e s\u00f3 voltar\u00e1 atuar no al\u00e7ap\u00e3o ap\u00f3s o Mundial no Brasil.<\/p>\n<p>Ap\u00f3s eliminar o Princesa do Solim\u00f5es, o Santos volta a campo no pr\u00f3ximo domingo, quando enfrenta o Atl\u00e9tico-MG, \u00e0s 18h30 (de Bras\u00edlia), na Arena Pantanal, em jogo v\u00e1lido pela quinta rodada do Campeonato Brasileiro.<\/p>\n<p>J\u00e1 pela Copa do Brasil, a equipe santista s\u00f3 atuar\u00e1 ap\u00f3s a Copa do Mundo, no dia 23 de julho, diante do Londrina-PR, que eliminou o Gr\u00eamio Barueri e tamb\u00e9m se classificou para a terceira fase da competi\u00e7\u00e3o.<\/p>\n<p>O Santos entrou em campo sem o atacante Leandro Dami\u00e3o, que est\u00e1 com uma inflama\u00e7\u00e3o no p\u00fabis e pode desfalcar o time por at\u00e9 60 dias. Al\u00e9m do camisa 9, o volante C\u00edcero tamb\u00e9m n\u00e3o atuou contra o Princesa do Solim\u00f5es por causa de uma inflama\u00e7\u00e3o na garganta.<\/p>\n<p>Com isso, o t\u00e9cnico Oswaldo de Oliveira promoveu o retorno do atacante Geuv\u00e2nio, que ganhou o pr\u00eamio de revela\u00e7\u00e3o do Campeonato Paulista, mas perdeu a posi\u00e7\u00e3o de titular no in\u00edcio do Brasileir\u00e3o. E foi dos p\u00e9s de Geuv\u00e2nio que saiu o primeiro gol do Santos na partida. Ele deu uma linda assist\u00eancia para Gabriel, que driblou o goleiro e chutou rasteiro para abrir o marcador.<\/p>\n<p>Cicinho, ap\u00f3s cruzamento de Mena, marcou o segundo seis minutos depois. O Princesa do Solim\u00f5es descontou ainda no primeiro tempo. Marinelson deixou Jubal no ch\u00e3o ap\u00f3s um drible dentro da \u00e1rea e tocou rasteiro para tr\u00e1s nos p\u00e9s de Michel Parintins, que chutou rasteiro no canto direito de Aranha para diminuir o marcador.<\/p>\n<p>Na segunda etapa, o Santos marcou mais dois gols. O zagueiro He-Man foi cortar cruzamento de Lucas Lima e acertou o pr\u00f3prio gol, marcando o terceiro gol santista. O time de Amazonas amea\u00e7ou uma nova rea\u00e7\u00e3o, com o gol do zagueiro Deurick, mas o time paulista fechou o placar com Thiago Ribeiro.<\/p>\n","protected":false},"excerpt":{"rendered":"<p>O Santos venceu o Princesa do Solim\u00f5es por 4 a 2 nesta quinta-feira, na Vila Belmiro, e se classificou para a terceira fase da Copa do Brasil, j\u00e1 que venceu o jogo de ida por 2 a 1. A vit\u00f3ria contra o time de Amazonas \u00e9 a terceira consecutiva da equipe santista sem a presen\u00e7a [&hellip;]<\/p>\n","protected":false},"author":2,"featured_media":9710,"comment_status":"open","ping_status":"closed","sticky":false,"template":"","format":"standard","meta":{"_acf_changed":false,"footnotes":""},"categories":[19,29],"tags":[],"class_list":["post-9709","post","type-post","status-publish","format-standard","has-post-thumbnail","hentry","category-esportes","category-futebol"],"acf":[],"yoast_head":"<!-- This site is optimized with the Yoast SEO plugin v27.2 - https:\/\/yoast.com\/product\/yoast-seo-wordpress\/ -->\n<title>Santos avan\u00e7a na Copa do Brasil com goleada no Princesa - Notibras<\/title>\n<meta name=\"robots\" content=\"index, follow, max-snippet:-1, max-image-preview:large, max-video-preview:-1\" \/>\n<link rel=\"canonical\" href=\"https:\/\/www.notibras.com\/site\/santos-avanca-na-copa-do-brasil-com-goleada-no-princesa\/\" \/>\n<meta property=\"og:locale\" content=\"pt_BR\" \/>\n<meta property=\"og:type\" content=\"article\" \/>\n<meta property=\"og:title\" content=\"Santos avan\u00e7a na Copa do Brasil com goleada no Princesa - Notibras\" \/>\n<meta property=\"og:description\" content=\"O Santos venceu o Princesa do Solim\u00f5es por 4 a 2 nesta quinta-feira, na Vila Belmiro, e se classificou para a terceira fase da Copa do Brasil, j\u00e1 que venceu o jogo de ida por 2 a 1. A vit\u00f3ria contra o time de Amazonas \u00e9 a terceira consecutiva da equipe santista sem a presen\u00e7a [&hellip;]\" \/>\n<meta property=\"og:url\" content=\"https:\/\/www.notibras.com\/site\/santos-avanca-na-copa-do-brasil-com-goleada-no-princesa\/\" \/>\n<meta property=\"og:site_name\" content=\"Notibras\" \/>\n<meta property=\"article:publisher\" content=\"https:\/\/www.facebook.com\/notibras\/\" \/>\n<meta property=\"article:published_time\" content=\"2014-05-16T03:00:17+00:00\" \/>\n<meta property=\"og:image\" content=\"https:\/\/www.notibras.com\/site\/wp-content\/uploads\/2014\/05\/geuvanio-e-gabriel-ao-lado-de-thiago-ribeiro-marcaram-cinco-gols-cada-na-vila-belmiro-em-2014-1395786633149_615x300.jpg\" \/>\n\t<meta property=\"og:image:width\" content=\"615\" \/>\n\t<meta property=\"og:image:height\" content=\"300\" \/>\n\t<meta property=\"og:image:type\" content=\"image\/jpeg\" \/>\n<meta name=\"author\" content=\"Reda\u00e7\u00e3o\" \/>\n<meta name=\"twitter:card\" content=\"summary_large_image\" \/>\n<meta name=\"twitter:creator\" content=\"@Notibras\" \/>\n<meta name=\"twitter:site\" content=\"@Notibras\" \/>\n<meta name=\"twitter:label1\" content=\"Escrito por\" \/>\n\t<meta name=\"twitter:data1\" content=\"Reda\u00e7\u00e3o\" \/>\n\t<meta name=\"twitter:label2\" content=\"Est. tempo de leitura\" \/>\n\t<meta name=\"twitter:data2\" content=\"2 minutos\" \/>\n<script type=\"application\/ld+json\" class=\"yoast-schema-graph\">{\"@context\":\"https:\/\/schema.org\",\"@graph\":[{\"@type\":\"Article\",\"@id\":\"https:\/\/www.notibras.com\/site\/santos-avanca-na-copa-do-brasil-com-goleada-no-princesa\/#article\",\"isPartOf\":{\"@id\":\"https:\/\/www.notibras.com\/site\/santos-avanca-na-copa-do-brasil-com-goleada-no-princesa\/\"},\"author\":{\"name\":\"Reda\u00e7\u00e3o\",\"@id\":\"https:\/\/www.notibras.com\/site\/#\/schema\/person\/36ab0979449956132d3e5b517ea76ac8\"},\"headline\":\"Santos avan\u00e7a na Copa do Brasil com goleada no Princesa\",\"datePublished\":\"2014-05-16T03:00:17+00:00\",\"mainEntityOfPage\":{\"@id\":\"https:\/\/www.notibras.com\/site\/santos-avanca-na-copa-do-brasil-com-goleada-no-princesa\/\"},\"wordCount\":504,\"commentCount\":0,\"publisher\":{\"@id\":\"https:\/\/www.notibras.com\/site\/#organization\"},\"image\":{\"@id\":\"https:\/\/www.notibras.com\/site\/santos-avanca-na-copa-do-brasil-com-goleada-no-princesa\/#primaryimage\"},\"thumbnailUrl\":\"https:\/\/www.notibras.com\/site\/wp-content\/uploads\/2014\/05\/geuvanio-e-gabriel-ao-lado-de-thiago-ribeiro-marcaram-cinco-gols-cada-na-vila-belmiro-em-2014-1395786633149_615x300.jpg\",\"articleSection\":[\"Esportes\",\"Futebol\"],\"inLanguage\":\"pt-BR\",\"potentialAction\":[{\"@type\":\"CommentAction\",\"name\":\"Comment\",\"target\":[\"https:\/\/www.notibras.com\/site\/santos-avanca-na-copa-do-brasil-com-goleada-no-princesa\/#respond\"]}]},{\"@type\":\"WebPage\",\"@id\":\"https:\/\/www.notibras.com\/site\/santos-avanca-na-copa-do-brasil-com-goleada-no-princesa\/\",\"url\":\"https:\/\/www.notibras.com\/site\/santos-avanca-na-copa-do-brasil-com-goleada-no-princesa\/\",\"name\":\"Santos avan\u00e7a na Copa do Brasil com goleada no Princesa - Notibras\",\"isPartOf\":{\"@id\":\"https:\/\/www.notibras.com\/site\/#website\"},\"primaryImageOfPage\":{\"@id\":\"https:\/\/www.notibras.com\/site\/santos-avanca-na-copa-do-brasil-com-goleada-no-princesa\/#primaryimage\"},\"image\":{\"@id\":\"https:\/\/www.notibras.com\/site\/santos-avanca-na-copa-do-brasil-com-goleada-no-princesa\/#primaryimage\"},\"thumbnailUrl\":\"https:\/\/www.notibras.com\/site\/wp-content\/uploads\/2014\/05\/geuvanio-e-gabriel-ao-lado-de-thiago-ribeiro-marcaram-cinco-gols-cada-na-vila-belmiro-em-2014-1395786633149_615x300.jpg\",\"datePublished\":\"2014-05-16T03:00:17+00:00\",\"breadcrumb\":{\"@id\":\"https:\/\/www.notibras.com\/site\/santos-avanca-na-copa-do-brasil-com-goleada-no-princesa\/#breadcrumb\"},\"inLanguage\":\"pt-BR\",\"potentialAction\":[{\"@type\":\"ReadAction\",\"target\":[\"https:\/\/www.notibras.com\/site\/santos-avanca-na-copa-do-brasil-com-goleada-no-princesa\/\"]}]},{\"@type\":\"ImageObject\",\"inLanguage\":\"pt-BR\",\"@id\":\"https:\/\/www.notibras.com\/site\/santos-avanca-na-copa-do-brasil-com-goleada-no-princesa\/#primaryimage\",\"url\":\"https:\/\/www.notibras.com\/site\/wp-content\/uploads\/2014\/05\/geuvanio-e-gabriel-ao-lado-de-thiago-ribeiro-marcaram-cinco-gols-cada-na-vila-belmiro-em-2014-1395786633149_615x300.jpg\",\"contentUrl\":\"https:\/\/www.notibras.com\/site\/wp-content\/uploads\/2014\/05\/geuvanio-e-gabriel-ao-lado-de-thiago-ribeiro-marcaram-cinco-gols-cada-na-vila-belmiro-em-2014-1395786633149_615x300.jpg\",\"width\":615,\"height\":300},{\"@type\":\"BreadcrumbList\",\"@id\":\"https:\/\/www.notibras.com\/site\/santos-avanca-na-copa-do-brasil-com-goleada-no-princesa\/#breadcrumb\",\"itemListElement\":[{\"@type\":\"ListItem\",\"position\":1,\"name\":\"In\u00edcio\",\"item\":\"https:\/\/www.notibras.com\/site\/\"},{\"@type\":\"ListItem\",\"position\":2,\"name\":\"Santos avan\u00e7a na Copa do Brasil com goleada no Princesa\"}]},{\"@type\":\"WebSite\",\"@id\":\"https:\/\/www.notibras.com\/site\/#website\",\"url\":\"https:\/\/www.notibras.com\/site\/\",\"name\":\"Notibras\",\"description\":\"Not\u00edcias de Bras\u00edlia, do Brasil e do Mundo\",\"publisher\":{\"@id\":\"https:\/\/www.notibras.com\/site\/#organization\"},\"potentialAction\":[{\"@type\":\"SearchAction\",\"target\":{\"@type\":\"EntryPoint\",\"urlTemplate\":\"https:\/\/www.notibras.com\/site\/?s={search_term_string}\"},\"query-input\":{\"@type\":\"PropertyValueSpecification\",\"valueRequired\":true,\"valueName\":\"search_term_string\"}}],\"inLanguage\":\"pt-BR\"},{\"@type\":\"Organization\",\"@id\":\"https:\/\/www.notibras.com\/site\/#organization\",\"name\":\"Grupo Notibras de Comunica\u00e7\u00e3o\",\"url\":\"https:\/\/www.notibras.com\/site\/\",\"logo\":{\"@type\":\"ImageObject\",\"inLanguage\":\"pt-BR\",\"@id\":\"https:\/\/www.notibras.com\/site\/#\/schema\/logo\/image\/\",\"url\":\"https:\/\/www.notibras.com\/site\/wp-content\/uploads\/2023\/01\/notibras23.png\",\"contentUrl\":\"https:\/\/www.notibras.com\/site\/wp-content\/uploads\/2023\/01\/notibras23.png\",\"width\":350,\"height\":87,\"caption\":\"Grupo Notibras de Comunica\u00e7\u00e3o\"},\"image\":{\"@id\":\"https:\/\/www.notibras.com\/site\/#\/schema\/logo\/image\/\"},\"sameAs\":[\"https:\/\/www.facebook.com\/notibras\/\",\"https:\/\/x.com\/Notibras\",\"https:\/\/www.instagram.com\/notibras\/\"]},{\"@type\":\"Person\",\"@id\":\"https:\/\/www.notibras.com\/site\/#\/schema\/person\/36ab0979449956132d3e5b517ea76ac8\",\"name\":\"Reda\u00e7\u00e3o\",\"image\":{\"@type\":\"ImageObject\",\"inLanguage\":\"pt-BR\",\"@id\":\"https:\/\/secure.gravatar.com\/avatar\/e0a867bdedb85fd243eadf09663511f96fc81e0720a4a42581f334ad4303aa6b?s=96&d=mm&r=g\",\"url\":\"https:\/\/secure.gravatar.com\/avatar\/e0a867bdedb85fd243eadf09663511f96fc81e0720a4a42581f334ad4303aa6b?s=96&d=mm&r=g\",\"contentUrl\":\"https:\/\/secure.gravatar.com\/avatar\/e0a867bdedb85fd243eadf09663511f96fc81e0720a4a42581f334ad4303aa6b?s=96&d=mm&r=g\",\"caption\":\"Reda\u00e7\u00e3o\"}}]}<\/script>\n<!-- \/ Yoast SEO plugin. -->","yoast_head_json":{"title":"Santos avan\u00e7a na Copa do Brasil com goleada no Princesa - Notibras","robots":{"index":"index","follow":"follow","max-snippet":"max-snippet:-1","max-image-preview":"max-image-preview:large","max-video-preview":"max-video-preview:-1"},"canonical":"https:\/\/www.notibras.com\/site\/santos-avanca-na-copa-do-brasil-com-goleada-no-princesa\/","og_locale":"pt_BR","og_type":"article","og_title":"Santos avan\u00e7a na Copa do Brasil com goleada no Princesa - Notibras","og_description":"O Santos venceu o Princesa do Solim\u00f5es por 4 a 2 nesta quinta-feira, na Vila Belmiro, e se classificou para a terceira fase da Copa do Brasil, j\u00e1 que venceu o jogo de ida por 2 a 1. A vit\u00f3ria contra o time de Amazonas \u00e9 a terceira consecutiva da equipe santista sem a presen\u00e7a [&hellip;]","og_url":"https:\/\/www.notibras.com\/site\/santos-avanca-na-copa-do-brasil-com-goleada-no-princesa\/","og_site_name":"Notibras","article_publisher":"https:\/\/www.facebook.com\/notibras\/","article_published_time":"2014-05-16T03:00:17+00:00","og_image":[{"width":615,"height":300,"url":"https:\/\/www.notibras.com\/site\/wp-content\/uploads\/2014\/05\/geuvanio-e-gabriel-ao-lado-de-thiago-ribeiro-marcaram-cinco-gols-cada-na-vila-belmiro-em-2014-1395786633149_615x300.jpg","type":"image\/jpeg"}],"author":"Reda\u00e7\u00e3o","twitter_card":"summary_large_image","twitter_creator":"@Notibras","twitter_site":"@Notibras","twitter_misc":{"Escrito por":"Reda\u00e7\u00e3o","Est. tempo de leitura":"2 minutos"},"schema":{"@context":"https:\/\/schema.org","@graph":[{"@type":"Article","@id":"https:\/\/www.notibras.com\/site\/santos-avanca-na-copa-do-brasil-com-goleada-no-princesa\/#article","isPartOf":{"@id":"https:\/\/www.notibras.com\/site\/santos-avanca-na-copa-do-brasil-com-goleada-no-princesa\/"},"author":{"name":"Reda\u00e7\u00e3o","@id":"https:\/\/www.notibras.com\/site\/#\/schema\/person\/36ab0979449956132d3e5b517ea76ac8"},"headline":"Santos avan\u00e7a na Copa do Brasil com goleada no Princesa","datePublished":"2014-05-16T03:00:17+00:00","mainEntityOfPage":{"@id":"https:\/\/www.notibras.com\/site\/santos-avanca-na-copa-do-brasil-com-goleada-no-princesa\/"},"wordCount":504,"commentCount":0,"publisher":{"@id":"https:\/\/www.notibras.com\/site\/#organization"},"image":{"@id":"https:\/\/www.notibras.com\/site\/santos-avanca-na-copa-do-brasil-com-goleada-no-princesa\/#primaryimage"},"thumbnailUrl":"https:\/\/www.notibras.com\/site\/wp-content\/uploads\/2014\/05\/geuvanio-e-gabriel-ao-lado-de-thiago-ribeiro-marcaram-cinco-gols-cada-na-vila-belmiro-em-2014-1395786633149_615x300.jpg","articleSection":["Esportes","Futebol"],"inLanguage":"pt-BR","potentialAction":[{"@type":"CommentAction","name":"Comment","target":["https:\/\/www.notibras.com\/site\/santos-avanca-na-copa-do-brasil-com-goleada-no-princesa\/#respond"]}]},{"@type":"WebPage","@id":"https:\/\/www.notibras.com\/site\/santos-avanca-na-copa-do-brasil-com-goleada-no-princesa\/","url":"https:\/\/www.notibras.com\/site\/santos-avanca-na-copa-do-brasil-com-goleada-no-princesa\/","name":"Santos avan\u00e7a na Copa do Brasil com goleada no Princesa - Notibras","isPartOf":{"@id":"https:\/\/www.notibras.com\/site\/#website"},"primaryImageOfPage":{"@id":"https:\/\/www.notibras.com\/site\/santos-avanca-na-copa-do-brasil-com-goleada-no-princesa\/#primaryimage"},"image":{"@id":"https:\/\/www.notibras.com\/site\/santos-avanca-na-copa-do-brasil-com-goleada-no-princesa\/#primaryimage"},"thumbnailUrl":"https:\/\/www.notibras.com\/site\/wp-content\/uploads\/2014\/05\/geuvanio-e-gabriel-ao-lado-de-thiago-ribeiro-marcaram-cinco-gols-cada-na-vila-belmiro-em-2014-1395786633149_615x300.jpg","datePublished":"2014-05-16T03:00:17+00:00","breadcrumb":{"@id":"https:\/\/www.notibras.com\/site\/santos-avanca-na-copa-do-brasil-com-goleada-no-princesa\/#breadcrumb"},"inLanguage":"pt-BR","potentialAction":[{"@type":"ReadAction","target":["https:\/\/www.notibras.com\/site\/santos-avanca-na-copa-do-brasil-com-goleada-no-princesa\/"]}]},{"@type":"ImageObject","inLanguage":"pt-BR","@id":"https:\/\/www.notibras.com\/site\/santos-avanca-na-copa-do-brasil-com-goleada-no-princesa\/#primaryimage","url":"https:\/\/www.notibras.com\/site\/wp-content\/uploads\/2014\/05\/geuvanio-e-gabriel-ao-lado-de-thiago-ribeiro-marcaram-cinco-gols-cada-na-vila-belmiro-em-2014-1395786633149_615x300.jpg","contentUrl":"https:\/\/www.notibras.com\/site\/wp-content\/uploads\/2014\/05\/geuvanio-e-gabriel-ao-lado-de-thiago-ribeiro-marcaram-cinco-gols-cada-na-vila-belmiro-em-2014-1395786633149_615x300.jpg","width":615,"height":300},{"@type":"BreadcrumbList","@id":"https:\/\/www.notibras.com\/site\/santos-avanca-na-copa-do-brasil-com-goleada-no-princesa\/#breadcrumb","itemListElement":[{"@type":"ListItem","position":1,"name":"In\u00edcio","item":"https:\/\/www.notibras.com\/site\/"},{"@type":"ListItem","position":2,"name":"Santos avan\u00e7a na Copa do Brasil com goleada no Princesa"}]},{"@type":"WebSite","@id":"https:\/\/www.notibras.com\/site\/#website","url":"https:\/\/www.notibras.com\/site\/","name":"Notibras","description":"Not\u00edcias de Bras\u00edlia, do Brasil e do Mundo","publisher":{"@id":"https:\/\/www.notibras.com\/site\/#organization"},"potentialAction":[{"@type":"SearchAction","target":{"@type":"EntryPoint","urlTemplate":"https:\/\/www.notibras.com\/site\/?s={search_term_string}"},"query-input":{"@type":"PropertyValueSpecification","valueRequired":true,"valueName":"search_term_string"}}],"inLanguage":"pt-BR"},{"@type":"Organization","@id":"https:\/\/www.notibras.com\/site\/#organization","name":"Grupo Notibras de Comunica\u00e7\u00e3o","url":"https:\/\/www.notibras.com\/site\/","logo":{"@type":"ImageObject","inLanguage":"pt-BR","@id":"https:\/\/www.notibras.com\/site\/#\/schema\/logo\/image\/","url":"https:\/\/www.notibras.com\/site\/wp-content\/uploads\/2023\/01\/notibras23.png","contentUrl":"https:\/\/www.notibras.com\/site\/wp-content\/uploads\/2023\/01\/notibras23.png","width":350,"height":87,"caption":"Grupo Notibras de Comunica\u00e7\u00e3o"},"image":{"@id":"https:\/\/www.notibras.com\/site\/#\/schema\/logo\/image\/"},"sameAs":["https:\/\/www.facebook.com\/notibras\/","https:\/\/x.com\/Notibras","https:\/\/www.instagram.com\/notibras\/"]},{"@type":"Person","@id":"https:\/\/www.notibras.com\/site\/#\/schema\/person\/36ab0979449956132d3e5b517ea76ac8","name":"Reda\u00e7\u00e3o","image":{"@type":"ImageObject","inLanguage":"pt-BR","@id":"https:\/\/secure.gravatar.com\/avatar\/e0a867bdedb85fd243eadf09663511f96fc81e0720a4a42581f334ad4303aa6b?s=96&d=mm&r=g","url":"https:\/\/secure.gravatar.com\/avatar\/e0a867bdedb85fd243eadf09663511f96fc81e0720a4a42581f334ad4303aa6b?s=96&d=mm&r=g","contentUrl":"https:\/\/secure.gravatar.com\/avatar\/e0a867bdedb85fd243eadf09663511f96fc81e0720a4a42581f334ad4303aa6b?s=96&d=mm&r=g","caption":"Reda\u00e7\u00e3o"}}]}},"amp_enabled":true,"_links":{"self":[{"href":"https:\/\/www.notibras.com\/site\/wp-json\/wp\/v2\/posts\/9709","targetHints":{"allow":["GET"]}}],"collection":[{"href":"https:\/\/www.notibras.com\/site\/wp-json\/wp\/v2\/posts"}],"about":[{"href":"https:\/\/www.notibras.com\/site\/wp-json\/wp\/v2\/types\/post"}],"author":[{"embeddable":true,"href":"https:\/\/www.notibras.com\/site\/wp-json\/wp\/v2\/users\/2"}],"replies":[{"embeddable":true,"href":"https:\/\/www.notibras.com\/site\/wp-json\/wp\/v2\/comments?post=9709"}],"version-history":[{"count":0,"href":"https:\/\/www.notibras.com\/site\/wp-json\/wp\/v2\/posts\/9709\/revisions"}],"wp:featuredmedia":[{"embeddable":true,"href":"https:\/\/www.notibras.com\/site\/wp-json\/wp\/v2\/media\/9710"}],"wp:attachment":[{"href":"https:\/\/www.notibras.com\/site\/wp-json\/wp\/v2\/media?parent=9709"}],"wp:term":[{"taxonomy":"category","embeddable":true,"href":"https:\/\/www.notibras.com\/site\/wp-json\/wp\/v2\/categories?post=9709"},{"taxonomy":"post_tag","embeddable":true,"href":"https:\/\/www.notibras.com\/site\/wp-json\/wp\/v2\/tags?post=9709"}],"curies":[{"name":"wp","href":"https:\/\/api.w.org\/{rel}","templated":true}]}}