{"id":97562,"date":"2016-04-11T09:22:29","date_gmt":"2016-04-11T12:22:29","guid":{"rendered":"http:\/\/www.notibras.com\/site\/?p=97562"},"modified":"2016-04-11T09:22:29","modified_gmt":"2016-04-11T12:22:29","slug":"itamaraty-science-fiction-skyline-enfim-abre-as-portas-em-brasilia","status":"publish","type":"post","link":"https:\/\/www.notibras.com\/site\/itamaraty-science-fiction-skyline-enfim-abre-as-portas-em-brasilia\/","title":{"rendered":"Itamaraty, &#8216;science-fiction skyline&#8217;, enfim abre as portas em Bras\u00edlia"},"content":{"rendered":"<p><strong>Jos\u00e9 Escarlate<\/strong><\/p>\n<p>20 de abril de 1970. Dia do Diplomata, tempo de festa com a inaugura\u00e7\u00e3o do Pal\u00e1cio Itamaraty, pelo presidente da Rep\u00fablica e pelo chanceler Mario Gibson Barbosa. A transfer\u00eancia do MRE para Bras\u00edlia mobilizou muitas idas e vindas, durante anos, com a forma\u00e7\u00e3o de diversos grupos pr\u00f3 e contra a mudan\u00e7a.<\/p>\n<p>Segundo o jornalista Manuel Mendes, que seria pouco tempo depois meu colega no Correio Braziliense, e que cobria a \u00e1rea das Rela\u00e7\u00f5es Exteriores, um diplomata disse ser compreens\u00edvel \u201co esfor\u00e7o que muitos faziam para impedir ou mesmo retardar as mudan\u00e7a para Bras\u00edlia\u201d.<\/p>\n<p>Poucos dias antes da inaugura\u00e7\u00e3o, atearam fogo ao sistema de ar refrigerado do pr\u00e9dio. Em duas semanas tudo foi recomposto. O diplomata explicava: \u201cN\u00e3o nos parecia f\u00e1cil deixar o Rio, nossas fam\u00edlias e amigos, as praias, a vida rotineira de cada um. Mas a mudan\u00e7a a\u00ed est\u00e1, completa, decisiva, indiscut\u00edvel. O melhor agora \u00e9 procurar cada um se integrar \u00e0 vida de Bras\u00edlia e nos acostumarmos com ela, com o que a cidade tem. Seria tolice exigir de Bras\u00edlia uma Copacabana, mas em compensa\u00e7\u00e3o, aqui temos um clima realmente magn\u00edfico e os apartamentos que nos deram n\u00e3o os ter\u00edamos no Rio\u201d.<\/p>\n<p>A grande festa come\u00e7ou \u00e0s 11 horas, com o hasteamento, pela primeira vez, do pavilh\u00e3o brasileiro no alto do mastro de 18 metros, em frente ao novo pal\u00e1cio. A seu lado, tremulava a bandeira-s\u00edmbolo do Presidente da Rep\u00fablica. Presen\u00e7a de ministros, membros do Corpo Diplom\u00e1tico e convidados especiais, M\u00e9dici, o vice Augusto Rademaker e Gibson Barbosa entregam as 115 condecora\u00e7\u00f5es da Ordem do Rio Branco, nos seus diversos graus, a personalidades de destaque.<\/p>\n<p>Entre os agraciados estava \u00c9dson Arantes do Nascimento, o Pel\u00e9, que tr\u00eas meses depois se consagraria tri-campe\u00e3o mundial de futebol, na Copa do M\u00e9xico. Pel\u00e9 recebeu a Ordem Nacional do Rio Branco, no grau de Grande Oficial, e foi o dono da festa. Apesar da seguran\u00e7a refor\u00e7ada, jornalistas invadiram a \u00e1rea reservada aos agraciados, depois evacuada. No belo audit\u00f3rio, com suas 330 poltronas totalmente ocupadas, 50 novos diplomatas receberam os seus diplomas.<\/p>\n<p>O curioso da cerim\u00f4nia de formatura dos novos diplomatas foi que, quebrando uma tradi\u00e7\u00e3o, a turma de 1970 n\u00e3o teve orador oficial e muito menos um paraninfo, uma das mais r\u00edgidas tradi\u00e7\u00f5es do Instituto Rio Branco. Naquela \u00e9poca, o governo revolucion\u00e1rio tinha medo de tudo. Via chifre em cabe\u00e7a de cavalo. Em solenidades desse tipo temia discursos de protesto e at\u00e9 mesmo a escolha de paraninfos que n\u00e3o fossem alinhados ou aben\u00e7oados pelo regime. E, normalmente, nas cerim\u00f4nias de cola\u00e7\u00e3o de grau da nova turma de diplomatas, o orador oficial teria que ser o primeiro colocado no curso.<\/p>\n<p>\u00c0 \u00e9poca, o embaixador Geraldo Eul\u00e1lio do Nascimento e Silva era o Diretor do Instituto Rio Branco e o diplomata primeiro colocado da turma era Gelson Fonseca J\u00fanior, que ganhou a medalha de ouro, seguindo-se Luiz Fernando de Oliveira e Cruz Benedini, segundo colocado, agraciado com a medalha de prata.<\/p>\n<p>M\u00e9dici e dona Scila, a primeira dama, percorreram o Itamaraty, com Mario Gibson Barbosa e sua esposa, dona Yolanda, o embaixador Jorge de Carvalho e Silva e senhora e o embaixador Andr\u00e9 Mesquita, que chefiava o Cerimonial do minist\u00e9rio. \u00c0 noite, Bras\u00edlia viveu seu momento de eleg\u00e2ncia e beleza, marcando de forma indel\u00e9vel a inaugura\u00e7\u00e3o do Pal\u00e1cio Itamaraty, uma das mais belas obras criadas pelo g\u00eanio de Oscar Niemeyer.<\/p>\n<p>O desfile era completo, com vestidos longos, casacas condecoradas de maneira distinta e excepcionalmente elegantes, e gravatas pretas. \u00c0 entrada, os Drag\u00f5es da Independ\u00eancia, em seus uniformes de gala, formavam a grande ala por onde caminhavam os convidados pela passarela, onde a bela escultura \u201cMeteoro\u201d parecia flutuar no espelho d\u2019\u00e1gua do novo pal\u00e1cio. Surpresa maior para todos era a linda e majestosa escada helicoidal, logo \u00e0 entrada do grande sal\u00e3o.<\/p>\n<p>Tudo no Itamaraty, al\u00e9m de novo, era de extremo bom gosto. O buffet foi um show \u00e0 parte, enfeitado por candelabros e diversos tipos de orqu\u00eddeas. Naquele momento, o Brasil j\u00e1 come\u00e7ava a viver o seu milagre econ\u00f4mico. O sonho, em meio \u00e0 crise. Os jornais do mundo inteiro deram destaque \u00e0 inaugura\u00e7\u00e3o e todas as mat\u00e9rias eram acompanhadas de fotos do novo pal\u00e1cio. A imprensa estrangeira ficou extasiada. Um jornal americano, o \u201cSun\u201d, disse que Bras\u00edlia criou a \u201cscience-fiction skyline\u201d.<\/p>\n<p><img loading=\"lazy\" decoding=\"async\" class=\"alignnone size-full wp-image-83053\" src=\"http:\/\/www.notibras.com\/site\/wp-content\/uploads\/2016\/01\/PV.png\" alt=\"PV\" width=\"122\" height=\"26\" \/><\/p>\n","protected":false},"excerpt":{"rendered":"<p>Jos\u00e9 Escarlate 20 de abril de 1970. Dia do Diplomata, tempo de festa com a inaugura\u00e7\u00e3o do Pal\u00e1cio Itamaraty, pelo presidente da Rep\u00fablica e pelo chanceler Mario Gibson Barbosa. A transfer\u00eancia do MRE para Bras\u00edlia mobilizou muitas idas e vindas, durante anos, com a forma\u00e7\u00e3o de diversos grupos pr\u00f3 e contra a mudan\u00e7a. Segundo o [&hellip;]<\/p>\n","protected":false},"author":2,"featured_media":97563,"comment_status":"open","ping_status":"closed","sticky":false,"template":"","format":"standard","meta":{"_acf_changed":false,"footnotes":""},"categories":[63],"tags":[],"class_list":["post-97562","post","type-post","status-publish","format-standard","has-post-thumbnail","hentry","category-paginas-viradas"],"acf":[],"_links":{"self":[{"href":"https:\/\/www.notibras.com\/site\/wp-json\/wp\/v2\/posts\/97562","targetHints":{"allow":["GET"]}}],"collection":[{"href":"https:\/\/www.notibras.com\/site\/wp-json\/wp\/v2\/posts"}],"about":[{"href":"https:\/\/www.notibras.com\/site\/wp-json\/wp\/v2\/types\/post"}],"author":[{"embeddable":true,"href":"https:\/\/www.notibras.com\/site\/wp-json\/wp\/v2\/users\/2"}],"replies":[{"embeddable":true,"href":"https:\/\/www.notibras.com\/site\/wp-json\/wp\/v2\/comments?post=97562"}],"version-history":[{"count":1,"href":"https:\/\/www.notibras.com\/site\/wp-json\/wp\/v2\/posts\/97562\/revisions"}],"predecessor-version":[{"id":97564,"href":"https:\/\/www.notibras.com\/site\/wp-json\/wp\/v2\/posts\/97562\/revisions\/97564"}],"wp:featuredmedia":[{"embeddable":true,"href":"https:\/\/www.notibras.com\/site\/wp-json\/wp\/v2\/media\/97563"}],"wp:attachment":[{"href":"https:\/\/www.notibras.com\/site\/wp-json\/wp\/v2\/media?parent=97562"}],"wp:term":[{"taxonomy":"category","embeddable":true,"href":"https:\/\/www.notibras.com\/site\/wp-json\/wp\/v2\/categories?post=97562"},{"taxonomy":"post_tag","embeddable":true,"href":"https:\/\/www.notibras.com\/site\/wp-json\/wp\/v2\/tags?post=97562"}],"curies":[{"name":"wp","href":"https:\/\/api.w.org\/{rel}","templated":true}]}}