{"id":97951,"date":"2016-04-13T20:35:29","date_gmt":"2016-04-13T23:35:29","guid":{"rendered":"http:\/\/www.notibras.com\/site\/?p=97951"},"modified":"2016-04-14T06:38:29","modified_gmt":"2016-04-14T09:38:29","slug":"tia-eron-chega-da-bahia-e-senta-no-conselho-de-etica-para-livrar-cunha-da-cassacao","status":"publish","type":"post","link":"https:\/\/www.notibras.com\/site\/tia-eron-chega-da-bahia-e-senta-no-conselho-de-etica-para-livrar-cunha-da-cassacao\/","title":{"rendered":"Tia Eron chega da Bahia e senta no Conselho de \u00c9tica para livrar Cunha da cassa\u00e7\u00e3o"},"content":{"rendered":"<h6 class=\"Assina\"><strong>Daiene Cardoso<\/strong><\/h6>\n<p>O PRB indicou para a vaga do deputado Fausto Pinato (PRB-SP) no Conselho de \u00c9tica a novata Tia Eron (BA). Membros do Conselho de \u00c9tica foram surpreendidos com a decis\u00e3o de Pinato, que era segundo vice-presidente do colegiado, em renunciar \u00e0 vaga de titular.<\/p>\n<p>Pinato foi relator do processo por quebra de decoro parlamentar contra o presidente da C\u00e2mara, Eduardo Cunha (PMDB-RJ). Era um dos votos contr\u00e1rios ao peemedebista no colegiado. Com Pinato, o colegiado teve 11 votos a 10 favor\u00e1veis a admissibilidade do processo disciplinar. &#8220;\u00c9 estranho&#8221;, resumiu o atual relator do processo, deputado Marcos Rog\u00e9rio (DEM-RO).<\/p>\n<p>A vaga de Pinato fazia parte da cota de indica\u00e7\u00f5es do PRB. Segundo relatos, o vice-l\u00edder da bancada, Marcelo Squassoni (SP), solicitou a vaga alegando que o espa\u00e7o era importante para o partido. Pinato migrou para o PP e cedeu ao pedido do PRB. Nem Squassoni, nem o l\u00edder Celso Russomanno (SP) e a deputada retornaram as liga\u00e7\u00f5es telef\u00f4nicas do Broadcast Pol\u00edtico, servi\u00e7o em tempo real da Ag\u00eancia Estado.<\/p>\n<p>Os colegas de conselho n\u00e3o foram informados com anteced\u00eancia da decis\u00e3o de Pinato e ainda buscam informa\u00e7\u00f5es sobre o perfil da deputada. &#8220;Me parece que ela \u00e9 uma boa pessoa&#8221;, comentou o vice-presidente do conselho, deputado Sandro Alex (PSD-PR).<\/p>\n<p>H\u00e1 um temor na ala contr\u00e1ria ao peemedebista de que a mudan\u00e7a influencie na correla\u00e7\u00e3o de for\u00e7as no colegiado e venha influenciar no futuro o resultado do processo que pode culminar com a cassa\u00e7\u00e3o do mandato de Cunha.<\/p>\n<p><img loading=\"lazy\" decoding=\"async\" class=\"alignnone size-full wp-image-70065\" src=\"http:\/\/www.notibras.com\/site\/wp-content\/uploads\/2015\/10\/estadao.png\" alt=\"estadao\" width=\"99\" height=\"16\" \/><\/p>\n","protected":false},"excerpt":{"rendered":"<p>Daiene Cardoso O PRB indicou para a vaga do deputado Fausto Pinato (PRB-SP) no Conselho de \u00c9tica a novata Tia Eron (BA). Membros do Conselho de \u00c9tica foram surpreendidos com a decis\u00e3o de Pinato, que era segundo vice-presidente do colegiado, em renunciar \u00e0 vaga de titular. Pinato foi relator do processo por quebra de decoro [&hellip;]<\/p>\n","protected":false},"author":2,"featured_media":97952,"comment_status":"open","ping_status":"closed","sticky":false,"template":"","format":"standard","meta":{"_acf_changed":false,"footnotes":""},"categories":[16],"tags":[],"class_list":["post-97951","post","type-post","status-publish","format-standard","has-post-thumbnail","hentry","category-brasil"],"acf":[],"_links":{"self":[{"href":"https:\/\/www.notibras.com\/site\/wp-json\/wp\/v2\/posts\/97951","targetHints":{"allow":["GET"]}}],"collection":[{"href":"https:\/\/www.notibras.com\/site\/wp-json\/wp\/v2\/posts"}],"about":[{"href":"https:\/\/www.notibras.com\/site\/wp-json\/wp\/v2\/types\/post"}],"author":[{"embeddable":true,"href":"https:\/\/www.notibras.com\/site\/wp-json\/wp\/v2\/users\/2"}],"replies":[{"embeddable":true,"href":"https:\/\/www.notibras.com\/site\/wp-json\/wp\/v2\/comments?post=97951"}],"version-history":[{"count":1,"href":"https:\/\/www.notibras.com\/site\/wp-json\/wp\/v2\/posts\/97951\/revisions"}],"predecessor-version":[{"id":97953,"href":"https:\/\/www.notibras.com\/site\/wp-json\/wp\/v2\/posts\/97951\/revisions\/97953"}],"wp:featuredmedia":[{"embeddable":true,"href":"https:\/\/www.notibras.com\/site\/wp-json\/wp\/v2\/media\/97952"}],"wp:attachment":[{"href":"https:\/\/www.notibras.com\/site\/wp-json\/wp\/v2\/media?parent=97951"}],"wp:term":[{"taxonomy":"category","embeddable":true,"href":"https:\/\/www.notibras.com\/site\/wp-json\/wp\/v2\/categories?post=97951"},{"taxonomy":"post_tag","embeddable":true,"href":"https:\/\/www.notibras.com\/site\/wp-json\/wp\/v2\/tags?post=97951"}],"curies":[{"name":"wp","href":"https:\/\/api.w.org\/{rel}","templated":true}]}}