{"id":97962,"date":"2016-04-13T18:50:02","date_gmt":"2016-04-13T21:50:02","guid":{"rendered":"http:\/\/www.notibras.com\/site\/?p=97962"},"modified":"2016-04-14T07:09:26","modified_gmt":"2016-04-14T10:09:26","slug":"kassab-cede-aos-deputados-garante-autonomia-e-bancada-decide-contrariar-planalto","status":"publish","type":"post","link":"https:\/\/www.notibras.com\/site\/kassab-cede-aos-deputados-garante-autonomia-e-bancada-decide-contrariar-planalto\/","title":{"rendered":"Kassab cede aos deputados, garante autonomia e bancada decide contrariar Planalto"},"content":{"rendered":"<h6 class=\"Assina\"><strong>Daniel Carvalho<\/strong><\/h6>\n<p>O PSD anunciou na noite desta quarta-feira, 13, que apoiar\u00e1 o impeachment da presidente Dilma Rousseff na vota\u00e7\u00e3o de domingo, 17. Dos agora 38 deputados do partido, 30 s\u00e3o favor\u00e1veis ao impedimento da petista. Apesar da movimenta\u00e7\u00e3o da bancada, o ministro das Cidades, Gilberto Kassab, ainda n\u00e3o informou se entregar\u00e1 o cargo.<\/p>\n<p>O governo, que acredita ter 11 votos na bancada, ainda tenta segurar o partido. Mesmo ap\u00f3s o an\u00fancio do PSD, um dos negociadores do Planalto no Congresso informou que a oferta do Minist\u00e9rio do Turismo ainda est\u00e1 de p\u00e9.<\/p>\n<p>O PSD j\u00e1 havia liberado seus deputados para votarem como quisessem. No entanto, a maioria da bancada cobrou uma posi\u00e7\u00e3o definida da legenda. &#8220;Mudamos de liberado para favor\u00e1vel, mas respeitando a posi\u00e7\u00e3o dos deputados divergentes&#8221;, disse o l\u00edder do PSD na C\u00e2mara, Rog\u00e9rio Rosso (DF), que afirmou que os dissidentes n\u00e3o ser\u00e3o punidos.<\/p>\n<p>Os parlamentares da legenda entenderam que era preciso que o partido tivesse posi\u00e7\u00e3o clara, principalmente em fun\u00e7\u00e3o das elei\u00e7\u00f5es municipais que ocorrem em outubro.<\/p>\n<p>Presidente licenciado do PSD, Gilberto Kassab participou de parte da reuni\u00e3o com os deputados pela manh\u00e3. &#8220;O ministro Kassab deixou claro que a bancada \u00e9 soberana. O ministro Kassab tem a caracter\u00edstica de que sempre respeitou a posi\u00e7\u00e3o da bancada&#8221;, afirmou Rosso.<\/p>\n<p><img loading=\"lazy\" decoding=\"async\" class=\"alignnone size-full wp-image-70065\" src=\"http:\/\/www.notibras.com\/site\/wp-content\/uploads\/2015\/10\/estadao.png\" alt=\"estadao\" width=\"99\" height=\"16\" \/><\/p>\n","protected":false},"excerpt":{"rendered":"<p>Daniel Carvalho O PSD anunciou na noite desta quarta-feira, 13, que apoiar\u00e1 o impeachment da presidente Dilma Rousseff na vota\u00e7\u00e3o de domingo, 17. Dos agora 38 deputados do partido, 30 s\u00e3o favor\u00e1veis ao impedimento da petista. Apesar da movimenta\u00e7\u00e3o da bancada, o ministro das Cidades, Gilberto Kassab, ainda n\u00e3o informou se entregar\u00e1 o cargo. O [&hellip;]<\/p>\n","protected":false},"author":2,"featured_media":97963,"comment_status":"open","ping_status":"closed","sticky":false,"template":"","format":"standard","meta":{"_acf_changed":false,"footnotes":""},"categories":[16],"tags":[],"class_list":["post-97962","post","type-post","status-publish","format-standard","has-post-thumbnail","hentry","category-brasil"],"acf":[],"_links":{"self":[{"href":"https:\/\/www.notibras.com\/site\/wp-json\/wp\/v2\/posts\/97962","targetHints":{"allow":["GET"]}}],"collection":[{"href":"https:\/\/www.notibras.com\/site\/wp-json\/wp\/v2\/posts"}],"about":[{"href":"https:\/\/www.notibras.com\/site\/wp-json\/wp\/v2\/types\/post"}],"author":[{"embeddable":true,"href":"https:\/\/www.notibras.com\/site\/wp-json\/wp\/v2\/users\/2"}],"replies":[{"embeddable":true,"href":"https:\/\/www.notibras.com\/site\/wp-json\/wp\/v2\/comments?post=97962"}],"version-history":[{"count":2,"href":"https:\/\/www.notibras.com\/site\/wp-json\/wp\/v2\/posts\/97962\/revisions"}],"predecessor-version":[{"id":97965,"href":"https:\/\/www.notibras.com\/site\/wp-json\/wp\/v2\/posts\/97962\/revisions\/97965"}],"wp:featuredmedia":[{"embeddable":true,"href":"https:\/\/www.notibras.com\/site\/wp-json\/wp\/v2\/media\/97963"}],"wp:attachment":[{"href":"https:\/\/www.notibras.com\/site\/wp-json\/wp\/v2\/media?parent=97962"}],"wp:term":[{"taxonomy":"category","embeddable":true,"href":"https:\/\/www.notibras.com\/site\/wp-json\/wp\/v2\/categories?post=97962"},{"taxonomy":"post_tag","embeddable":true,"href":"https:\/\/www.notibras.com\/site\/wp-json\/wp\/v2\/tags?post=97962"}],"curies":[{"name":"wp","href":"https:\/\/api.w.org\/{rel}","templated":true}]}}