{"id":9807,"date":"2014-05-17T04:42:14","date_gmt":"2014-05-17T07:42:14","guid":{"rendered":"http:\/\/www.notibras.com\/site\/?p=9807"},"modified":"2014-05-17T04:42:14","modified_gmt":"2014-05-17T07:42:14","slug":"fim-da-pobreza-nao-e-ter-pao-e-preciso-ter-cidadania","status":"publish","type":"post","link":"https:\/\/www.notibras.com\/site\/fim-da-pobreza-nao-e-ter-pao-e-preciso-ter-cidadania\/","title":{"rendered":"Fim da pobreza n\u00e3o \u00e9 ter p\u00e3o; \u00e9 preciso ter cidadania"},"content":{"rendered":"<p>O Brasil passou a acreditar que 22 milh\u00f5es de brasileiros teriam sa\u00eddo da pobreza extrema. Este discurso se baseava na ideia de que estas fam\u00edlias passaram a receber complemento de renda suficiente para ultrapassar a linha de R$ 70 por pessoa por m\u00eas. Esta vis\u00e3o aritm\u00e9tica n\u00e3o resiste a uma an\u00e1lise social que efetivamente cuide da pobreza.<\/p>\n<p>Nada indica que uma fam\u00edlia sem adequada provis\u00e3o de escola, sa\u00fade, cultura, seguran\u00e7a, moradia, \u00e1gua e esgoto saia da pobreza apenas porque pode comprar aproximadamente oito p\u00e3es por pessoa a cada dia. A linha da pobreza n\u00e3o deve ser horizontal, separando quem tem mais de R$ 2,33 por dia e quem n\u00e3o tem, mas uma linha vertical, separando quem tem e quem n\u00e3o tem acesso aos bens e servi\u00e7os essenciais.<\/p>\n<p>\u00c9 como se, na \u00e9poca da escravid\u00e3o, o povo fosse convencido de que o pa\u00eds era menos escravocrata apenas porque o propriet\u00e1rio gastava mais dinheiro na alimenta\u00e7\u00e3o de seus escravos. A separa\u00e7\u00e3o entre o escravo e o trabalhador livre n\u00e3o era uma linha horizontal definida aritmeticamente pela quantidade de comida que recebia, mas uma linha vertical separando quem tinha e quem n\u00e3o tinha liberdade. Hoje, a linha da pobreza efetiva deve ser determinada por quem tem e por quem n\u00e3o tem acesso aos bens e servi\u00e7os essenciais. E neste sentido, o Brasil n\u00e3o est\u00e1 avan\u00e7ando na educa\u00e7\u00e3o, na sa\u00fade, no transporte e na seguran\u00e7a.<\/p>\n<p>Mesmo dentro de sua l\u00f3gica, o argumento aritm\u00e9tico fica fr\u00e1gil quando se observa como a renda dos pobres avan\u00e7a e regride dependendo da infla\u00e7\u00e3o. Entre mar\u00e7o de 2011 e abril deste ano, a infla\u00e7\u00e3o medida pelo INPC foi de aproximadamente 19,6%, fazendo com que cerca de tr\u00eas milh\u00f5es de brasileiros tenham regredido abaixo da linha aritm\u00e9tica da pobreza extrema. Mesmo com o aumento de 10%, anunciado dia 1\u00ba de maio, 1,5 milh\u00e3o de pessoas regrediram abaixo dessa linha.<\/p>\n<p>Outra forma de ver a fragilidade do argumento aritm\u00e9tico est\u00e1 na depend\u00eancia em rela\u00e7\u00e3o ao valor do c\u00e2mbio. Pela paridade do poder de compra, em mar\u00e7o de 2011, o benef\u00edcio b\u00e1sico do Bolsa Fam\u00edlia era equivalente a US$ 1,25 por pessoa, por dia, valor adotado pela ONU como abaixo da linha da qual se caracteriza a pobreza extrema. Com a desvaloriza\u00e7\u00e3o cambial, houve uma perda de poder aquisitivo de aproximadamente 20%. Portanto, cerca de quatro milh\u00f5es de brasileiros est\u00e3o de volta \u00e0 pobreza (mesmo considerando o aumento de 10%). Pelo conceito social, n\u00e3o aritm\u00e9tico, de pobreza, considerando acesso \u00e0 sa\u00fade, \u00e0 educa\u00e7\u00e3o e ao transporte de qualidade, o Brasil tem hoje pelo menos 22 milh\u00f5es de brasileiros abaixo da linha da pobreza extrema, n\u00famero que n\u00e3o diminuiu nestes \u00faltimos anos.<\/p>\n<p>Cento e trinta e seis anos atr\u00e1s, o Brasil n\u00e3o aumentou a quantidade de comida nos pratos dos escravos, fez a Lei \u00c1urea que os libertou. A Lei \u00c1urea n\u00e3o foi um argumento aritm\u00e9tico, mas social. Por isso, ela se fez permanente, e n\u00f3s a comemoramos nesta semana sem reca\u00eddas ocasionadas pela infla\u00e7\u00e3o ou pelo c\u00e2mbio, sem a pobreza aritm\u00e9tica.<\/p>\n<p><em>Cristovam Buarque <\/em><\/p>\n","protected":false},"excerpt":{"rendered":"<p>O Brasil passou a acreditar que 22 milh\u00f5es de brasileiros teriam sa\u00eddo da pobreza extrema. Este discurso se baseava na ideia de que estas fam\u00edlias passaram a receber complemento de renda suficiente para ultrapassar a linha de R$ 70 por pessoa por m\u00eas. Esta vis\u00e3o aritm\u00e9tica n\u00e3o resiste a uma an\u00e1lise social que efetivamente cuide [&hellip;]<\/p>\n","protected":false},"author":2,"featured_media":9808,"comment_status":"open","ping_status":"closed","sticky":false,"template":"","format":"standard","meta":{"_acf_changed":false,"footnotes":""},"categories":[25],"tags":[],"class_list":["post-9807","post","type-post","status-publish","format-standard","has-post-thumbnail","hentry","category-opina-ai"],"acf":[],"yoast_head":"<!-- This site is optimized with the Yoast SEO plugin v27.5 - https:\/\/yoast.com\/product\/yoast-seo-wordpress\/ -->\n<title>Fim da pobreza n\u00e3o \u00e9 ter p\u00e3o; \u00e9 preciso ter cidadania - Notibras<\/title>\n<meta name=\"robots\" content=\"index, follow, max-snippet:-1, max-image-preview:large, max-video-preview:-1\" \/>\n<link rel=\"canonical\" href=\"https:\/\/www.notibras.com\/site\/fim-da-pobreza-nao-e-ter-pao-e-preciso-ter-cidadania\/\" \/>\n<meta property=\"og:locale\" content=\"pt_BR\" \/>\n<meta property=\"og:type\" content=\"article\" \/>\n<meta property=\"og:title\" content=\"Fim da pobreza n\u00e3o \u00e9 ter p\u00e3o; \u00e9 preciso ter cidadania - Notibras\" \/>\n<meta property=\"og:description\" content=\"O Brasil passou a acreditar que 22 milh\u00f5es de brasileiros teriam sa\u00eddo da pobreza extrema. Este discurso se baseava na ideia de que estas fam\u00edlias passaram a receber complemento de renda suficiente para ultrapassar a linha de R$ 70 por pessoa por m\u00eas. Esta vis\u00e3o aritm\u00e9tica n\u00e3o resiste a uma an\u00e1lise social que efetivamente cuide [&hellip;]\" \/>\n<meta property=\"og:url\" content=\"https:\/\/www.notibras.com\/site\/fim-da-pobreza-nao-e-ter-pao-e-preciso-ter-cidadania\/\" \/>\n<meta property=\"og:site_name\" content=\"Notibras\" \/>\n<meta property=\"article:publisher\" content=\"https:\/\/www.facebook.com\/notibras\/\" \/>\n<meta property=\"article:published_time\" content=\"2014-05-17T07:42:14+00:00\" \/>\n<meta property=\"og:image\" content=\"https:\/\/www.notibras.com\/site\/wp-content\/uploads\/2014\/05\/31_PHG_pais_cristovam.jpg\" \/>\n\t<meta property=\"og:image:width\" content=\"720\" \/>\n\t<meta property=\"og:image:height\" content=\"460\" \/>\n\t<meta property=\"og:image:type\" content=\"image\/jpeg\" \/>\n<meta name=\"author\" content=\"Reda\u00e7\u00e3o\" \/>\n<meta name=\"twitter:card\" content=\"summary_large_image\" \/>\n<meta name=\"twitter:creator\" content=\"@Notibras\" \/>\n<meta name=\"twitter:site\" content=\"@Notibras\" \/>\n<meta name=\"twitter:label1\" content=\"Escrito por\" \/>\n\t<meta name=\"twitter:data1\" content=\"Reda\u00e7\u00e3o\" \/>\n\t<meta name=\"twitter:label2\" content=\"Est. tempo de leitura\" \/>\n\t<meta name=\"twitter:data2\" content=\"3 minutos\" \/>\n<script type=\"application\/ld+json\" class=\"yoast-schema-graph\">{\"@context\":\"https:\\\/\\\/schema.org\",\"@graph\":[{\"@type\":\"Article\",\"@id\":\"https:\\\/\\\/www.notibras.com\\\/site\\\/fim-da-pobreza-nao-e-ter-pao-e-preciso-ter-cidadania\\\/#article\",\"isPartOf\":{\"@id\":\"https:\\\/\\\/www.notibras.com\\\/site\\\/fim-da-pobreza-nao-e-ter-pao-e-preciso-ter-cidadania\\\/\"},\"author\":{\"name\":\"Reda\u00e7\u00e3o\",\"@id\":\"https:\\\/\\\/www.notibras.com\\\/site\\\/#\\\/schema\\\/person\\\/36ab0979449956132d3e5b517ea76ac8\"},\"headline\":\"Fim da pobreza n\u00e3o \u00e9 ter p\u00e3o; \u00e9 preciso ter cidadania\",\"datePublished\":\"2014-05-17T07:42:14+00:00\",\"mainEntityOfPage\":{\"@id\":\"https:\\\/\\\/www.notibras.com\\\/site\\\/fim-da-pobreza-nao-e-ter-pao-e-preciso-ter-cidadania\\\/\"},\"wordCount\":564,\"commentCount\":0,\"publisher\":{\"@id\":\"https:\\\/\\\/www.notibras.com\\\/site\\\/#organization\"},\"image\":{\"@id\":\"https:\\\/\\\/www.notibras.com\\\/site\\\/fim-da-pobreza-nao-e-ter-pao-e-preciso-ter-cidadania\\\/#primaryimage\"},\"thumbnailUrl\":\"https:\\\/\\\/www.notibras.com\\\/site\\\/wp-content\\\/uploads\\\/2014\\\/05\\\/31_PHG_pais_cristovam.jpg\",\"articleSection\":[\"Opina a\u00ed\"],\"inLanguage\":\"pt-BR\",\"potentialAction\":[{\"@type\":\"CommentAction\",\"name\":\"Comment\",\"target\":[\"https:\\\/\\\/www.notibras.com\\\/site\\\/fim-da-pobreza-nao-e-ter-pao-e-preciso-ter-cidadania\\\/#respond\"]}]},{\"@type\":\"WebPage\",\"@id\":\"https:\\\/\\\/www.notibras.com\\\/site\\\/fim-da-pobreza-nao-e-ter-pao-e-preciso-ter-cidadania\\\/\",\"url\":\"https:\\\/\\\/www.notibras.com\\\/site\\\/fim-da-pobreza-nao-e-ter-pao-e-preciso-ter-cidadania\\\/\",\"name\":\"Fim da pobreza n\u00e3o \u00e9 ter p\u00e3o; \u00e9 preciso ter cidadania - Notibras\",\"isPartOf\":{\"@id\":\"https:\\\/\\\/www.notibras.com\\\/site\\\/#website\"},\"primaryImageOfPage\":{\"@id\":\"https:\\\/\\\/www.notibras.com\\\/site\\\/fim-da-pobreza-nao-e-ter-pao-e-preciso-ter-cidadania\\\/#primaryimage\"},\"image\":{\"@id\":\"https:\\\/\\\/www.notibras.com\\\/site\\\/fim-da-pobreza-nao-e-ter-pao-e-preciso-ter-cidadania\\\/#primaryimage\"},\"thumbnailUrl\":\"https:\\\/\\\/www.notibras.com\\\/site\\\/wp-content\\\/uploads\\\/2014\\\/05\\\/31_PHG_pais_cristovam.jpg\",\"datePublished\":\"2014-05-17T07:42:14+00:00\",\"breadcrumb\":{\"@id\":\"https:\\\/\\\/www.notibras.com\\\/site\\\/fim-da-pobreza-nao-e-ter-pao-e-preciso-ter-cidadania\\\/#breadcrumb\"},\"inLanguage\":\"pt-BR\",\"potentialAction\":[{\"@type\":\"ReadAction\",\"target\":[\"https:\\\/\\\/www.notibras.com\\\/site\\\/fim-da-pobreza-nao-e-ter-pao-e-preciso-ter-cidadania\\\/\"]}]},{\"@type\":\"ImageObject\",\"inLanguage\":\"pt-BR\",\"@id\":\"https:\\\/\\\/www.notibras.com\\\/site\\\/fim-da-pobreza-nao-e-ter-pao-e-preciso-ter-cidadania\\\/#primaryimage\",\"url\":\"https:\\\/\\\/www.notibras.com\\\/site\\\/wp-content\\\/uploads\\\/2014\\\/05\\\/31_PHG_pais_cristovam.jpg\",\"contentUrl\":\"https:\\\/\\\/www.notibras.com\\\/site\\\/wp-content\\\/uploads\\\/2014\\\/05\\\/31_PHG_pais_cristovam.jpg\",\"width\":720,\"height\":460},{\"@type\":\"BreadcrumbList\",\"@id\":\"https:\\\/\\\/www.notibras.com\\\/site\\\/fim-da-pobreza-nao-e-ter-pao-e-preciso-ter-cidadania\\\/#breadcrumb\",\"itemListElement\":[{\"@type\":\"ListItem\",\"position\":1,\"name\":\"In\u00edcio\",\"item\":\"https:\\\/\\\/www.notibras.com\\\/site\\\/\"},{\"@type\":\"ListItem\",\"position\":2,\"name\":\"Fim da pobreza n\u00e3o \u00e9 ter p\u00e3o; \u00e9 preciso ter cidadania\"}]},{\"@type\":\"WebSite\",\"@id\":\"https:\\\/\\\/www.notibras.com\\\/site\\\/#website\",\"url\":\"https:\\\/\\\/www.notibras.com\\\/site\\\/\",\"name\":\"Notibras\",\"description\":\"Not\u00edcias de Bras\u00edlia, do Brasil e do Mundo\",\"publisher\":{\"@id\":\"https:\\\/\\\/www.notibras.com\\\/site\\\/#organization\"},\"potentialAction\":[{\"@type\":\"SearchAction\",\"target\":{\"@type\":\"EntryPoint\",\"urlTemplate\":\"https:\\\/\\\/www.notibras.com\\\/site\\\/?s={search_term_string}\"},\"query-input\":{\"@type\":\"PropertyValueSpecification\",\"valueRequired\":true,\"valueName\":\"search_term_string\"}}],\"inLanguage\":\"pt-BR\"},{\"@type\":\"Organization\",\"@id\":\"https:\\\/\\\/www.notibras.com\\\/site\\\/#organization\",\"name\":\"Grupo Notibras de Comunica\u00e7\u00e3o\",\"url\":\"https:\\\/\\\/www.notibras.com\\\/site\\\/\",\"logo\":{\"@type\":\"ImageObject\",\"inLanguage\":\"pt-BR\",\"@id\":\"https:\\\/\\\/www.notibras.com\\\/site\\\/#\\\/schema\\\/logo\\\/image\\\/\",\"url\":\"https:\\\/\\\/www.notibras.com\\\/site\\\/wp-content\\\/uploads\\\/2023\\\/01\\\/notibras23.png\",\"contentUrl\":\"https:\\\/\\\/www.notibras.com\\\/site\\\/wp-content\\\/uploads\\\/2023\\\/01\\\/notibras23.png\",\"width\":350,\"height\":87,\"caption\":\"Grupo Notibras de Comunica\u00e7\u00e3o\"},\"image\":{\"@id\":\"https:\\\/\\\/www.notibras.com\\\/site\\\/#\\\/schema\\\/logo\\\/image\\\/\"},\"sameAs\":[\"https:\\\/\\\/www.facebook.com\\\/notibras\\\/\",\"https:\\\/\\\/x.com\\\/Notibras\",\"https:\\\/\\\/www.instagram.com\\\/notibras\\\/\"]},{\"@type\":\"Person\",\"@id\":\"https:\\\/\\\/www.notibras.com\\\/site\\\/#\\\/schema\\\/person\\\/36ab0979449956132d3e5b517ea76ac8\",\"name\":\"Reda\u00e7\u00e3o\",\"image\":{\"@type\":\"ImageObject\",\"inLanguage\":\"pt-BR\",\"@id\":\"https:\\\/\\\/secure.gravatar.com\\\/avatar\\\/e0a867bdedb85fd243eadf09663511f96fc81e0720a4a42581f334ad4303aa6b?s=96&d=mm&r=g\",\"url\":\"https:\\\/\\\/secure.gravatar.com\\\/avatar\\\/e0a867bdedb85fd243eadf09663511f96fc81e0720a4a42581f334ad4303aa6b?s=96&d=mm&r=g\",\"contentUrl\":\"https:\\\/\\\/secure.gravatar.com\\\/avatar\\\/e0a867bdedb85fd243eadf09663511f96fc81e0720a4a42581f334ad4303aa6b?s=96&d=mm&r=g\",\"caption\":\"Reda\u00e7\u00e3o\"}}]}<\/script>\n<!-- \/ Yoast SEO plugin. -->","yoast_head_json":{"title":"Fim da pobreza n\u00e3o \u00e9 ter p\u00e3o; \u00e9 preciso ter cidadania - Notibras","robots":{"index":"index","follow":"follow","max-snippet":"max-snippet:-1","max-image-preview":"max-image-preview:large","max-video-preview":"max-video-preview:-1"},"canonical":"https:\/\/www.notibras.com\/site\/fim-da-pobreza-nao-e-ter-pao-e-preciso-ter-cidadania\/","og_locale":"pt_BR","og_type":"article","og_title":"Fim da pobreza n\u00e3o \u00e9 ter p\u00e3o; \u00e9 preciso ter cidadania - Notibras","og_description":"O Brasil passou a acreditar que 22 milh\u00f5es de brasileiros teriam sa\u00eddo da pobreza extrema. Este discurso se baseava na ideia de que estas fam\u00edlias passaram a receber complemento de renda suficiente para ultrapassar a linha de R$ 70 por pessoa por m\u00eas. Esta vis\u00e3o aritm\u00e9tica n\u00e3o resiste a uma an\u00e1lise social que efetivamente cuide [&hellip;]","og_url":"https:\/\/www.notibras.com\/site\/fim-da-pobreza-nao-e-ter-pao-e-preciso-ter-cidadania\/","og_site_name":"Notibras","article_publisher":"https:\/\/www.facebook.com\/notibras\/","article_published_time":"2014-05-17T07:42:14+00:00","og_image":[{"width":720,"height":460,"url":"https:\/\/www.notibras.com\/site\/wp-content\/uploads\/2014\/05\/31_PHG_pais_cristovam.jpg","type":"image\/jpeg"}],"author":"Reda\u00e7\u00e3o","twitter_card":"summary_large_image","twitter_creator":"@Notibras","twitter_site":"@Notibras","twitter_misc":{"Escrito por":"Reda\u00e7\u00e3o","Est. tempo de leitura":"3 minutos"},"schema":{"@context":"https:\/\/schema.org","@graph":[{"@type":"Article","@id":"https:\/\/www.notibras.com\/site\/fim-da-pobreza-nao-e-ter-pao-e-preciso-ter-cidadania\/#article","isPartOf":{"@id":"https:\/\/www.notibras.com\/site\/fim-da-pobreza-nao-e-ter-pao-e-preciso-ter-cidadania\/"},"author":{"name":"Reda\u00e7\u00e3o","@id":"https:\/\/www.notibras.com\/site\/#\/schema\/person\/36ab0979449956132d3e5b517ea76ac8"},"headline":"Fim da pobreza n\u00e3o \u00e9 ter p\u00e3o; \u00e9 preciso ter cidadania","datePublished":"2014-05-17T07:42:14+00:00","mainEntityOfPage":{"@id":"https:\/\/www.notibras.com\/site\/fim-da-pobreza-nao-e-ter-pao-e-preciso-ter-cidadania\/"},"wordCount":564,"commentCount":0,"publisher":{"@id":"https:\/\/www.notibras.com\/site\/#organization"},"image":{"@id":"https:\/\/www.notibras.com\/site\/fim-da-pobreza-nao-e-ter-pao-e-preciso-ter-cidadania\/#primaryimage"},"thumbnailUrl":"https:\/\/www.notibras.com\/site\/wp-content\/uploads\/2014\/05\/31_PHG_pais_cristovam.jpg","articleSection":["Opina a\u00ed"],"inLanguage":"pt-BR","potentialAction":[{"@type":"CommentAction","name":"Comment","target":["https:\/\/www.notibras.com\/site\/fim-da-pobreza-nao-e-ter-pao-e-preciso-ter-cidadania\/#respond"]}]},{"@type":"WebPage","@id":"https:\/\/www.notibras.com\/site\/fim-da-pobreza-nao-e-ter-pao-e-preciso-ter-cidadania\/","url":"https:\/\/www.notibras.com\/site\/fim-da-pobreza-nao-e-ter-pao-e-preciso-ter-cidadania\/","name":"Fim da pobreza n\u00e3o \u00e9 ter p\u00e3o; \u00e9 preciso ter cidadania - Notibras","isPartOf":{"@id":"https:\/\/www.notibras.com\/site\/#website"},"primaryImageOfPage":{"@id":"https:\/\/www.notibras.com\/site\/fim-da-pobreza-nao-e-ter-pao-e-preciso-ter-cidadania\/#primaryimage"},"image":{"@id":"https:\/\/www.notibras.com\/site\/fim-da-pobreza-nao-e-ter-pao-e-preciso-ter-cidadania\/#primaryimage"},"thumbnailUrl":"https:\/\/www.notibras.com\/site\/wp-content\/uploads\/2014\/05\/31_PHG_pais_cristovam.jpg","datePublished":"2014-05-17T07:42:14+00:00","breadcrumb":{"@id":"https:\/\/www.notibras.com\/site\/fim-da-pobreza-nao-e-ter-pao-e-preciso-ter-cidadania\/#breadcrumb"},"inLanguage":"pt-BR","potentialAction":[{"@type":"ReadAction","target":["https:\/\/www.notibras.com\/site\/fim-da-pobreza-nao-e-ter-pao-e-preciso-ter-cidadania\/"]}]},{"@type":"ImageObject","inLanguage":"pt-BR","@id":"https:\/\/www.notibras.com\/site\/fim-da-pobreza-nao-e-ter-pao-e-preciso-ter-cidadania\/#primaryimage","url":"https:\/\/www.notibras.com\/site\/wp-content\/uploads\/2014\/05\/31_PHG_pais_cristovam.jpg","contentUrl":"https:\/\/www.notibras.com\/site\/wp-content\/uploads\/2014\/05\/31_PHG_pais_cristovam.jpg","width":720,"height":460},{"@type":"BreadcrumbList","@id":"https:\/\/www.notibras.com\/site\/fim-da-pobreza-nao-e-ter-pao-e-preciso-ter-cidadania\/#breadcrumb","itemListElement":[{"@type":"ListItem","position":1,"name":"In\u00edcio","item":"https:\/\/www.notibras.com\/site\/"},{"@type":"ListItem","position":2,"name":"Fim da pobreza n\u00e3o \u00e9 ter p\u00e3o; \u00e9 preciso ter cidadania"}]},{"@type":"WebSite","@id":"https:\/\/www.notibras.com\/site\/#website","url":"https:\/\/www.notibras.com\/site\/","name":"Notibras","description":"Not\u00edcias de Bras\u00edlia, do Brasil e do Mundo","publisher":{"@id":"https:\/\/www.notibras.com\/site\/#organization"},"potentialAction":[{"@type":"SearchAction","target":{"@type":"EntryPoint","urlTemplate":"https:\/\/www.notibras.com\/site\/?s={search_term_string}"},"query-input":{"@type":"PropertyValueSpecification","valueRequired":true,"valueName":"search_term_string"}}],"inLanguage":"pt-BR"},{"@type":"Organization","@id":"https:\/\/www.notibras.com\/site\/#organization","name":"Grupo Notibras de Comunica\u00e7\u00e3o","url":"https:\/\/www.notibras.com\/site\/","logo":{"@type":"ImageObject","inLanguage":"pt-BR","@id":"https:\/\/www.notibras.com\/site\/#\/schema\/logo\/image\/","url":"https:\/\/www.notibras.com\/site\/wp-content\/uploads\/2023\/01\/notibras23.png","contentUrl":"https:\/\/www.notibras.com\/site\/wp-content\/uploads\/2023\/01\/notibras23.png","width":350,"height":87,"caption":"Grupo Notibras de Comunica\u00e7\u00e3o"},"image":{"@id":"https:\/\/www.notibras.com\/site\/#\/schema\/logo\/image\/"},"sameAs":["https:\/\/www.facebook.com\/notibras\/","https:\/\/x.com\/Notibras","https:\/\/www.instagram.com\/notibras\/"]},{"@type":"Person","@id":"https:\/\/www.notibras.com\/site\/#\/schema\/person\/36ab0979449956132d3e5b517ea76ac8","name":"Reda\u00e7\u00e3o","image":{"@type":"ImageObject","inLanguage":"pt-BR","@id":"https:\/\/secure.gravatar.com\/avatar\/e0a867bdedb85fd243eadf09663511f96fc81e0720a4a42581f334ad4303aa6b?s=96&d=mm&r=g","url":"https:\/\/secure.gravatar.com\/avatar\/e0a867bdedb85fd243eadf09663511f96fc81e0720a4a42581f334ad4303aa6b?s=96&d=mm&r=g","contentUrl":"https:\/\/secure.gravatar.com\/avatar\/e0a867bdedb85fd243eadf09663511f96fc81e0720a4a42581f334ad4303aa6b?s=96&d=mm&r=g","caption":"Reda\u00e7\u00e3o"}}]}},"amp_enabled":true,"_links":{"self":[{"href":"https:\/\/www.notibras.com\/site\/wp-json\/wp\/v2\/posts\/9807","targetHints":{"allow":["GET"]}}],"collection":[{"href":"https:\/\/www.notibras.com\/site\/wp-json\/wp\/v2\/posts"}],"about":[{"href":"https:\/\/www.notibras.com\/site\/wp-json\/wp\/v2\/types\/post"}],"author":[{"embeddable":true,"href":"https:\/\/www.notibras.com\/site\/wp-json\/wp\/v2\/users\/2"}],"replies":[{"embeddable":true,"href":"https:\/\/www.notibras.com\/site\/wp-json\/wp\/v2\/comments?post=9807"}],"version-history":[{"count":0,"href":"https:\/\/www.notibras.com\/site\/wp-json\/wp\/v2\/posts\/9807\/revisions"}],"wp:featuredmedia":[{"embeddable":true,"href":"https:\/\/www.notibras.com\/site\/wp-json\/wp\/v2\/media\/9808"}],"wp:attachment":[{"href":"https:\/\/www.notibras.com\/site\/wp-json\/wp\/v2\/media?parent=9807"}],"wp:term":[{"taxonomy":"category","embeddable":true,"href":"https:\/\/www.notibras.com\/site\/wp-json\/wp\/v2\/categories?post=9807"},{"taxonomy":"post_tag","embeddable":true,"href":"https:\/\/www.notibras.com\/site\/wp-json\/wp\/v2\/tags?post=9807"}],"curies":[{"name":"wp","href":"https:\/\/api.w.org\/{rel}","templated":true}]}}