{"id":9817,"date":"2014-05-17T05:01:53","date_gmt":"2014-05-17T08:01:53","guid":{"rendered":"http:\/\/www.notibras.com\/site\/?p=9817"},"modified":"2014-05-17T05:01:53","modified_gmt":"2014-05-17T08:01:53","slug":"retrocessos-de-dilma-podem-comprometer-avancos-no-brasil","status":"publish","type":"post","link":"https:\/\/www.notibras.com\/site\/retrocessos-de-dilma-podem-comprometer-avancos-no-brasil\/","title":{"rendered":"Retrocessos de Dilma podem comprometer avan\u00e7os no Brasil"},"content":{"rendered":"<p>O senador Humberto Costa (PT-PE) escreveu artigo (veiculado pelo Uol) com o objetivo de apontar o suposto vazio do discurso pol\u00edtico de Eduardo Campos, pr\u00e9-candidato presidencial da alian\u00e7a PSB\/Rede\/PPS\/PPL. Segundo o ex-ministro da Sa\u00fade, Eduardo &#8220;vende um &#8220;novo Brasil&#8221; como se viv\u00eassemos numa propaganda de TV&#8221;.<\/p>\n<p>Costa \u00e9 verborr\u00e1gico, mas n\u00e3o apresenta um \u00fanico argumento que aponte para o suposto car\u00e1ter publicit\u00e1rio da pr\u00e9-candidatura de Eduardo. A &#8220;prova&#8221; seria a semelhan\u00e7a do discurso do ex-governador pernambucano com o de Barack Obama na campanha de 2008. Costa reproduz uma frase dita ent\u00e3o pelo atual presidente americano. &#8220;[O povo] se levanta e insiste em novas ideias e nova lideran\u00e7a, uma nova pol\u00edtica para um novo tempo.&#8221;<\/p>\n<p>O senador petista pergunta ent\u00e3o ao leitor se ele acha que essas palavras s\u00e3o de Eduardo Campos. &#8220;N\u00e3o&#8221;, responde Costa, &#8220;elas foram ditas por Barack Obama em 2008, quando ele disputou pela primeira vez a Presid\u00eancia dos Estados Unidos&#8221;.<\/p>\n<p>A herc\u00falea tarefa de desconstruir o advers\u00e1rio pol\u00edtico faz o parlamentar pernambucano omitir deliberadamente\u00a0aquilo que todo conterr\u00e2neo seu sabe e o Brasil come\u00e7a a conhecer: Eduardo deixou o governo de Pernambuco com a maior taxa de aprova\u00e7\u00e3o entre seus pares de outros Estados.<\/p>\n<p>Sua gest\u00e3o, focada na supera\u00e7\u00e3o das car\u00eancias locais, foi reconhecida pela ONU como exemplar, e a sua disposi\u00e7\u00e3o para compartilhar essa experi\u00eancia com o Brasil permitiu o\u00a0 encontro com a ex-ministra Marina Silva para se incorporar \u00e0 pauta da sustentabilidade, de reconhecer que o desenvolvimento social e econ\u00f4mico do pa\u00eds exige tamb\u00e9m o cuidado com a preserva\u00e7\u00e3o de seu patrim\u00f4nio ambiental.<\/p>\n<p>O pr\u00e9-candidato do PSB \u00e0 presid\u00eancia n\u00e3o tem apenas o &#8220;discurso do novo&#8221;. Eduardo est\u00e1, de fato, comprometido com a defesa de uma nova forma de fazer pol\u00edtica. Reconhece as conquistas econ\u00f4micas e sociais obtidas durante os governos do PSDB e do PT, mas acredita que n\u00e3o \u00e9 poss\u00edvel governar o pa\u00eds distribuindo peda\u00e7os do Estado.<\/p>\n<p>Sabe que as pol\u00edticas p\u00fablicas n\u00e3o podem ser concebidas e executadas apenas para a perpetua\u00e7\u00e3o de um grupo no poder. Conhece os riscos criados por uma l\u00f3gica de governan\u00e7a puramente eleitoreira.<\/p>\n<p>As consequ\u00eancias do fisiologismo hoje em vigor est\u00e3o \u00e0 vista de todos. \u00c9 uma pol\u00edtica que compromete o futuro de empresas como a Petrobras e a Eletrobr\u00e1s, coloca em risco a estabilidade fiscal do pa\u00eds e estimula a infla\u00e7\u00e3o. Alta de pre\u00e7os que amea\u00e7a a renda do trabalhador.<\/p>\n<p>Nenhuma das pr\u00e9-candidaturas at\u00e9 agora colocadas tem a densidade pol\u00edtica da alian\u00e7a criada em torno de Eduardo Campos. Desde o an\u00fancio da alian\u00e7a entre o Partido Socialista Brasileiro e a Rede Sustentabilidade, os principais esfor\u00e7os acontecem na discuss\u00e3o do futuro programa de governo. Foi criada uma plataforma aberta a todos os eleitores,\u00a0que abriga sugest\u00f5es dos mais variados setores de nossa sociedade.<\/p>\n<p>J\u00e1 foram realizados quatro grandes encontros regionais para discutir as diretrizes program\u00e1ticas. E h\u00e1 duas semanas come\u00e7aram a ser realizadas oficinas sobre temas espec\u00edficos, como pol\u00edticas econ\u00f4mica e energ\u00e9tica, reunindo alguns dos mais renomados estudiosos brasileiros. H\u00e1 outra pr\u00e9-candidatura comprometida a esse ponto com a constru\u00e7\u00e3o de uma agenda estrat\u00e9gica para o Brasil?<\/p>\n<p>De fato, ao contr\u00e1rio do que afirma o senador, o partido que se especializou em esvaziar o discurso pol\u00edtico em favor da l\u00f3gica publicit\u00e1ria foi o PT.<\/p>\n<p><strong>V<\/strong>oltemos \u00e0 frase de Obama. &#8220;uma nova pol\u00edtica para um novo tempo&#8221;. O eleitor paulistano sabe bem quem copiou quem. &#8220;O homem novo para um tempo novo&#8221; foi o mote usado pelo publicit\u00e1rio Jo\u00e3o Santana para vender a candidatura de Fernando Haddad \u00e0 prefeitura de S\u00e3o Paulo. O mesmo Santana que fez as \u00faltimas campanhas de Lula e hoje se dedica \u00e0 tortuosa tarefa de convencer o eleitor brasileiro das excel\u00eancias do governo Dilma.<\/p>\n<p>O governo &#8220;revolucion\u00e1rio&#8221; de Costa tem, na verdade, a marca do retrocesso. Na economia, abandonou os fundamentos da estabilidade e provocou a desindustrializa\u00e7\u00e3o. Na pol\u00edtica, estimulou o fisiologismo e o patrimonialismo. Na energia, deixa o pa\u00eds com o risco do racionamento \u00e0 porta. Na quest\u00e3o ambiental, as taxas de desmatamento se ampliaram. Na seguran\u00e7a p\u00fablica, o medo domina a vida das pessoas. Na infraestrutura, as p\u00e9ssimas estradas e os portos ineficientes provocam perdas para nossos exportadores.<\/p>\n<p>Novamente pela &#8220;criatividade&#8221; de Jo\u00e3o Santana, a &#8220;revolu\u00e7\u00e3o silenciosa&#8221; do petista agora ganhou sua vertente do terror, presente nos processos pol\u00edticos discricion\u00e1rios. Em vez de se expor ao debate sobre os desafios do Brasil, o PT usa a publicidade partid\u00e1ria para amea\u00e7ar o eleitor com &#8220;fantasmas&#8221; que s\u00f3 est\u00e3o no imagin\u00e1rio de quem teme a altern\u00e2ncia democr\u00e1tica na condu\u00e7\u00e3o do pa\u00eds.<\/p>\n<p>Nesse cen\u00e1rio, d\u00e1 para entender porque 74% dos eleitores brasileiros querem mudan\u00e7as. Infelizmente, para o senador Humberto Costa, todos devem ser uns frouxos.<\/p>\n<p><strong>Rodrigo Rollemberg<\/strong><\/p>\n","protected":false},"excerpt":{"rendered":"<p>O senador Humberto Costa (PT-PE) escreveu artigo (veiculado pelo Uol) com o objetivo de apontar o suposto vazio do discurso pol\u00edtico de Eduardo Campos, pr\u00e9-candidato presidencial da alian\u00e7a PSB\/Rede\/PPS\/PPL. Segundo o ex-ministro da Sa\u00fade, Eduardo &#8220;vende um &#8220;novo Brasil&#8221; como se viv\u00eassemos numa propaganda de TV&#8221;. Costa \u00e9 verborr\u00e1gico, mas n\u00e3o apresenta um \u00fanico argumento [&hellip;]<\/p>\n","protected":false},"author":2,"featured_media":9818,"comment_status":"open","ping_status":"closed","sticky":false,"template":"","format":"standard","meta":{"_acf_changed":false,"footnotes":""},"categories":[25],"tags":[],"class_list":["post-9817","post","type-post","status-publish","format-standard","has-post-thumbnail","hentry","category-opina-ai"],"acf":[],"yoast_head":"<!-- This site is optimized with the Yoast SEO plugin v27.5 - https:\/\/yoast.com\/product\/yoast-seo-wordpress\/ -->\n<title>Retrocessos de Dilma podem comprometer avan\u00e7os no Brasil - Notibras<\/title>\n<meta name=\"robots\" content=\"index, follow, max-snippet:-1, max-image-preview:large, max-video-preview:-1\" \/>\n<link rel=\"canonical\" href=\"https:\/\/www.notibras.com\/site\/retrocessos-de-dilma-podem-comprometer-avancos-no-brasil\/\" \/>\n<meta property=\"og:locale\" content=\"pt_BR\" \/>\n<meta property=\"og:type\" content=\"article\" \/>\n<meta property=\"og:title\" content=\"Retrocessos de Dilma podem comprometer avan\u00e7os no Brasil - Notibras\" \/>\n<meta property=\"og:description\" content=\"O senador Humberto Costa (PT-PE) escreveu artigo (veiculado pelo Uol) com o objetivo de apontar o suposto vazio do discurso pol\u00edtico de Eduardo Campos, pr\u00e9-candidato presidencial da alian\u00e7a PSB\/Rede\/PPS\/PPL. Segundo o ex-ministro da Sa\u00fade, Eduardo &#8220;vende um &#8220;novo Brasil&#8221; como se viv\u00eassemos numa propaganda de TV&#8221;. Costa \u00e9 verborr\u00e1gico, mas n\u00e3o apresenta um \u00fanico argumento [&hellip;]\" \/>\n<meta property=\"og:url\" content=\"https:\/\/www.notibras.com\/site\/retrocessos-de-dilma-podem-comprometer-avancos-no-brasil\/\" \/>\n<meta property=\"og:site_name\" content=\"Notibras\" \/>\n<meta property=\"article:publisher\" content=\"https:\/\/www.facebook.com\/notibras\/\" \/>\n<meta property=\"article:published_time\" content=\"2014-05-17T08:01:53+00:00\" \/>\n<meta property=\"og:image\" content=\"https:\/\/www.notibras.com\/site\/wp-content\/uploads\/2014\/05\/2012062519654.jpg\" \/>\n\t<meta property=\"og:image:width\" content=\"876\" \/>\n\t<meta property=\"og:image:height\" content=\"683\" \/>\n\t<meta property=\"og:image:type\" content=\"image\/jpeg\" \/>\n<meta name=\"author\" content=\"Reda\u00e7\u00e3o\" \/>\n<meta name=\"twitter:card\" content=\"summary_large_image\" \/>\n<meta name=\"twitter:creator\" content=\"@Notibras\" \/>\n<meta name=\"twitter:site\" content=\"@Notibras\" \/>\n<meta name=\"twitter:label1\" content=\"Escrito por\" \/>\n\t<meta name=\"twitter:data1\" content=\"Reda\u00e7\u00e3o\" \/>\n\t<meta name=\"twitter:label2\" content=\"Est. tempo de leitura\" \/>\n\t<meta name=\"twitter:data2\" content=\"4 minutos\" \/>\n<script type=\"application\/ld+json\" class=\"yoast-schema-graph\">{\"@context\":\"https:\\\/\\\/schema.org\",\"@graph\":[{\"@type\":\"Article\",\"@id\":\"https:\\\/\\\/www.notibras.com\\\/site\\\/retrocessos-de-dilma-podem-comprometer-avancos-no-brasil\\\/#article\",\"isPartOf\":{\"@id\":\"https:\\\/\\\/www.notibras.com\\\/site\\\/retrocessos-de-dilma-podem-comprometer-avancos-no-brasil\\\/\"},\"author\":{\"name\":\"Reda\u00e7\u00e3o\",\"@id\":\"https:\\\/\\\/www.notibras.com\\\/site\\\/#\\\/schema\\\/person\\\/36ab0979449956132d3e5b517ea76ac8\"},\"headline\":\"Retrocessos de Dilma podem comprometer avan\u00e7os no Brasil\",\"datePublished\":\"2014-05-17T08:01:53+00:00\",\"mainEntityOfPage\":{\"@id\":\"https:\\\/\\\/www.notibras.com\\\/site\\\/retrocessos-de-dilma-podem-comprometer-avancos-no-brasil\\\/\"},\"wordCount\":875,\"commentCount\":0,\"publisher\":{\"@id\":\"https:\\\/\\\/www.notibras.com\\\/site\\\/#organization\"},\"image\":{\"@id\":\"https:\\\/\\\/www.notibras.com\\\/site\\\/retrocessos-de-dilma-podem-comprometer-avancos-no-brasil\\\/#primaryimage\"},\"thumbnailUrl\":\"https:\\\/\\\/www.notibras.com\\\/site\\\/wp-content\\\/uploads\\\/2014\\\/05\\\/2012062519654.jpg\",\"articleSection\":[\"Opina a\u00ed\"],\"inLanguage\":\"pt-BR\",\"potentialAction\":[{\"@type\":\"CommentAction\",\"name\":\"Comment\",\"target\":[\"https:\\\/\\\/www.notibras.com\\\/site\\\/retrocessos-de-dilma-podem-comprometer-avancos-no-brasil\\\/#respond\"]}]},{\"@type\":\"WebPage\",\"@id\":\"https:\\\/\\\/www.notibras.com\\\/site\\\/retrocessos-de-dilma-podem-comprometer-avancos-no-brasil\\\/\",\"url\":\"https:\\\/\\\/www.notibras.com\\\/site\\\/retrocessos-de-dilma-podem-comprometer-avancos-no-brasil\\\/\",\"name\":\"Retrocessos de Dilma podem comprometer avan\u00e7os no Brasil - Notibras\",\"isPartOf\":{\"@id\":\"https:\\\/\\\/www.notibras.com\\\/site\\\/#website\"},\"primaryImageOfPage\":{\"@id\":\"https:\\\/\\\/www.notibras.com\\\/site\\\/retrocessos-de-dilma-podem-comprometer-avancos-no-brasil\\\/#primaryimage\"},\"image\":{\"@id\":\"https:\\\/\\\/www.notibras.com\\\/site\\\/retrocessos-de-dilma-podem-comprometer-avancos-no-brasil\\\/#primaryimage\"},\"thumbnailUrl\":\"https:\\\/\\\/www.notibras.com\\\/site\\\/wp-content\\\/uploads\\\/2014\\\/05\\\/2012062519654.jpg\",\"datePublished\":\"2014-05-17T08:01:53+00:00\",\"breadcrumb\":{\"@id\":\"https:\\\/\\\/www.notibras.com\\\/site\\\/retrocessos-de-dilma-podem-comprometer-avancos-no-brasil\\\/#breadcrumb\"},\"inLanguage\":\"pt-BR\",\"potentialAction\":[{\"@type\":\"ReadAction\",\"target\":[\"https:\\\/\\\/www.notibras.com\\\/site\\\/retrocessos-de-dilma-podem-comprometer-avancos-no-brasil\\\/\"]}]},{\"@type\":\"ImageObject\",\"inLanguage\":\"pt-BR\",\"@id\":\"https:\\\/\\\/www.notibras.com\\\/site\\\/retrocessos-de-dilma-podem-comprometer-avancos-no-brasil\\\/#primaryimage\",\"url\":\"https:\\\/\\\/www.notibras.com\\\/site\\\/wp-content\\\/uploads\\\/2014\\\/05\\\/2012062519654.jpg\",\"contentUrl\":\"https:\\\/\\\/www.notibras.com\\\/site\\\/wp-content\\\/uploads\\\/2014\\\/05\\\/2012062519654.jpg\",\"width\":876,\"height\":683},{\"@type\":\"BreadcrumbList\",\"@id\":\"https:\\\/\\\/www.notibras.com\\\/site\\\/retrocessos-de-dilma-podem-comprometer-avancos-no-brasil\\\/#breadcrumb\",\"itemListElement\":[{\"@type\":\"ListItem\",\"position\":1,\"name\":\"In\u00edcio\",\"item\":\"https:\\\/\\\/www.notibras.com\\\/site\\\/\"},{\"@type\":\"ListItem\",\"position\":2,\"name\":\"Retrocessos de Dilma podem comprometer avan\u00e7os no Brasil\"}]},{\"@type\":\"WebSite\",\"@id\":\"https:\\\/\\\/www.notibras.com\\\/site\\\/#website\",\"url\":\"https:\\\/\\\/www.notibras.com\\\/site\\\/\",\"name\":\"Notibras\",\"description\":\"Not\u00edcias de Bras\u00edlia, do Brasil e do Mundo\",\"publisher\":{\"@id\":\"https:\\\/\\\/www.notibras.com\\\/site\\\/#organization\"},\"potentialAction\":[{\"@type\":\"SearchAction\",\"target\":{\"@type\":\"EntryPoint\",\"urlTemplate\":\"https:\\\/\\\/www.notibras.com\\\/site\\\/?s={search_term_string}\"},\"query-input\":{\"@type\":\"PropertyValueSpecification\",\"valueRequired\":true,\"valueName\":\"search_term_string\"}}],\"inLanguage\":\"pt-BR\"},{\"@type\":\"Organization\",\"@id\":\"https:\\\/\\\/www.notibras.com\\\/site\\\/#organization\",\"name\":\"Grupo Notibras de Comunica\u00e7\u00e3o\",\"url\":\"https:\\\/\\\/www.notibras.com\\\/site\\\/\",\"logo\":{\"@type\":\"ImageObject\",\"inLanguage\":\"pt-BR\",\"@id\":\"https:\\\/\\\/www.notibras.com\\\/site\\\/#\\\/schema\\\/logo\\\/image\\\/\",\"url\":\"https:\\\/\\\/www.notibras.com\\\/site\\\/wp-content\\\/uploads\\\/2023\\\/01\\\/notibras23.png\",\"contentUrl\":\"https:\\\/\\\/www.notibras.com\\\/site\\\/wp-content\\\/uploads\\\/2023\\\/01\\\/notibras23.png\",\"width\":350,\"height\":87,\"caption\":\"Grupo Notibras de Comunica\u00e7\u00e3o\"},\"image\":{\"@id\":\"https:\\\/\\\/www.notibras.com\\\/site\\\/#\\\/schema\\\/logo\\\/image\\\/\"},\"sameAs\":[\"https:\\\/\\\/www.facebook.com\\\/notibras\\\/\",\"https:\\\/\\\/x.com\\\/Notibras\",\"https:\\\/\\\/www.instagram.com\\\/notibras\\\/\"]},{\"@type\":\"Person\",\"@id\":\"https:\\\/\\\/www.notibras.com\\\/site\\\/#\\\/schema\\\/person\\\/36ab0979449956132d3e5b517ea76ac8\",\"name\":\"Reda\u00e7\u00e3o\",\"image\":{\"@type\":\"ImageObject\",\"inLanguage\":\"pt-BR\",\"@id\":\"https:\\\/\\\/secure.gravatar.com\\\/avatar\\\/e0a867bdedb85fd243eadf09663511f96fc81e0720a4a42581f334ad4303aa6b?s=96&d=mm&r=g\",\"url\":\"https:\\\/\\\/secure.gravatar.com\\\/avatar\\\/e0a867bdedb85fd243eadf09663511f96fc81e0720a4a42581f334ad4303aa6b?s=96&d=mm&r=g\",\"contentUrl\":\"https:\\\/\\\/secure.gravatar.com\\\/avatar\\\/e0a867bdedb85fd243eadf09663511f96fc81e0720a4a42581f334ad4303aa6b?s=96&d=mm&r=g\",\"caption\":\"Reda\u00e7\u00e3o\"}}]}<\/script>\n<!-- \/ Yoast SEO plugin. -->","yoast_head_json":{"title":"Retrocessos de Dilma podem comprometer avan\u00e7os no Brasil - Notibras","robots":{"index":"index","follow":"follow","max-snippet":"max-snippet:-1","max-image-preview":"max-image-preview:large","max-video-preview":"max-video-preview:-1"},"canonical":"https:\/\/www.notibras.com\/site\/retrocessos-de-dilma-podem-comprometer-avancos-no-brasil\/","og_locale":"pt_BR","og_type":"article","og_title":"Retrocessos de Dilma podem comprometer avan\u00e7os no Brasil - Notibras","og_description":"O senador Humberto Costa (PT-PE) escreveu artigo (veiculado pelo Uol) com o objetivo de apontar o suposto vazio do discurso pol\u00edtico de Eduardo Campos, pr\u00e9-candidato presidencial da alian\u00e7a PSB\/Rede\/PPS\/PPL. Segundo o ex-ministro da Sa\u00fade, Eduardo &#8220;vende um &#8220;novo Brasil&#8221; como se viv\u00eassemos numa propaganda de TV&#8221;. Costa \u00e9 verborr\u00e1gico, mas n\u00e3o apresenta um \u00fanico argumento [&hellip;]","og_url":"https:\/\/www.notibras.com\/site\/retrocessos-de-dilma-podem-comprometer-avancos-no-brasil\/","og_site_name":"Notibras","article_publisher":"https:\/\/www.facebook.com\/notibras\/","article_published_time":"2014-05-17T08:01:53+00:00","og_image":[{"width":876,"height":683,"url":"https:\/\/www.notibras.com\/site\/wp-content\/uploads\/2014\/05\/2012062519654.jpg","type":"image\/jpeg"}],"author":"Reda\u00e7\u00e3o","twitter_card":"summary_large_image","twitter_creator":"@Notibras","twitter_site":"@Notibras","twitter_misc":{"Escrito por":"Reda\u00e7\u00e3o","Est. tempo de leitura":"4 minutos"},"schema":{"@context":"https:\/\/schema.org","@graph":[{"@type":"Article","@id":"https:\/\/www.notibras.com\/site\/retrocessos-de-dilma-podem-comprometer-avancos-no-brasil\/#article","isPartOf":{"@id":"https:\/\/www.notibras.com\/site\/retrocessos-de-dilma-podem-comprometer-avancos-no-brasil\/"},"author":{"name":"Reda\u00e7\u00e3o","@id":"https:\/\/www.notibras.com\/site\/#\/schema\/person\/36ab0979449956132d3e5b517ea76ac8"},"headline":"Retrocessos de Dilma podem comprometer avan\u00e7os no Brasil","datePublished":"2014-05-17T08:01:53+00:00","mainEntityOfPage":{"@id":"https:\/\/www.notibras.com\/site\/retrocessos-de-dilma-podem-comprometer-avancos-no-brasil\/"},"wordCount":875,"commentCount":0,"publisher":{"@id":"https:\/\/www.notibras.com\/site\/#organization"},"image":{"@id":"https:\/\/www.notibras.com\/site\/retrocessos-de-dilma-podem-comprometer-avancos-no-brasil\/#primaryimage"},"thumbnailUrl":"https:\/\/www.notibras.com\/site\/wp-content\/uploads\/2014\/05\/2012062519654.jpg","articleSection":["Opina a\u00ed"],"inLanguage":"pt-BR","potentialAction":[{"@type":"CommentAction","name":"Comment","target":["https:\/\/www.notibras.com\/site\/retrocessos-de-dilma-podem-comprometer-avancos-no-brasil\/#respond"]}]},{"@type":"WebPage","@id":"https:\/\/www.notibras.com\/site\/retrocessos-de-dilma-podem-comprometer-avancos-no-brasil\/","url":"https:\/\/www.notibras.com\/site\/retrocessos-de-dilma-podem-comprometer-avancos-no-brasil\/","name":"Retrocessos de Dilma podem comprometer avan\u00e7os no Brasil - Notibras","isPartOf":{"@id":"https:\/\/www.notibras.com\/site\/#website"},"primaryImageOfPage":{"@id":"https:\/\/www.notibras.com\/site\/retrocessos-de-dilma-podem-comprometer-avancos-no-brasil\/#primaryimage"},"image":{"@id":"https:\/\/www.notibras.com\/site\/retrocessos-de-dilma-podem-comprometer-avancos-no-brasil\/#primaryimage"},"thumbnailUrl":"https:\/\/www.notibras.com\/site\/wp-content\/uploads\/2014\/05\/2012062519654.jpg","datePublished":"2014-05-17T08:01:53+00:00","breadcrumb":{"@id":"https:\/\/www.notibras.com\/site\/retrocessos-de-dilma-podem-comprometer-avancos-no-brasil\/#breadcrumb"},"inLanguage":"pt-BR","potentialAction":[{"@type":"ReadAction","target":["https:\/\/www.notibras.com\/site\/retrocessos-de-dilma-podem-comprometer-avancos-no-brasil\/"]}]},{"@type":"ImageObject","inLanguage":"pt-BR","@id":"https:\/\/www.notibras.com\/site\/retrocessos-de-dilma-podem-comprometer-avancos-no-brasil\/#primaryimage","url":"https:\/\/www.notibras.com\/site\/wp-content\/uploads\/2014\/05\/2012062519654.jpg","contentUrl":"https:\/\/www.notibras.com\/site\/wp-content\/uploads\/2014\/05\/2012062519654.jpg","width":876,"height":683},{"@type":"BreadcrumbList","@id":"https:\/\/www.notibras.com\/site\/retrocessos-de-dilma-podem-comprometer-avancos-no-brasil\/#breadcrumb","itemListElement":[{"@type":"ListItem","position":1,"name":"In\u00edcio","item":"https:\/\/www.notibras.com\/site\/"},{"@type":"ListItem","position":2,"name":"Retrocessos de Dilma podem comprometer avan\u00e7os no Brasil"}]},{"@type":"WebSite","@id":"https:\/\/www.notibras.com\/site\/#website","url":"https:\/\/www.notibras.com\/site\/","name":"Notibras","description":"Not\u00edcias de Bras\u00edlia, do Brasil e do Mundo","publisher":{"@id":"https:\/\/www.notibras.com\/site\/#organization"},"potentialAction":[{"@type":"SearchAction","target":{"@type":"EntryPoint","urlTemplate":"https:\/\/www.notibras.com\/site\/?s={search_term_string}"},"query-input":{"@type":"PropertyValueSpecification","valueRequired":true,"valueName":"search_term_string"}}],"inLanguage":"pt-BR"},{"@type":"Organization","@id":"https:\/\/www.notibras.com\/site\/#organization","name":"Grupo Notibras de Comunica\u00e7\u00e3o","url":"https:\/\/www.notibras.com\/site\/","logo":{"@type":"ImageObject","inLanguage":"pt-BR","@id":"https:\/\/www.notibras.com\/site\/#\/schema\/logo\/image\/","url":"https:\/\/www.notibras.com\/site\/wp-content\/uploads\/2023\/01\/notibras23.png","contentUrl":"https:\/\/www.notibras.com\/site\/wp-content\/uploads\/2023\/01\/notibras23.png","width":350,"height":87,"caption":"Grupo Notibras de Comunica\u00e7\u00e3o"},"image":{"@id":"https:\/\/www.notibras.com\/site\/#\/schema\/logo\/image\/"},"sameAs":["https:\/\/www.facebook.com\/notibras\/","https:\/\/x.com\/Notibras","https:\/\/www.instagram.com\/notibras\/"]},{"@type":"Person","@id":"https:\/\/www.notibras.com\/site\/#\/schema\/person\/36ab0979449956132d3e5b517ea76ac8","name":"Reda\u00e7\u00e3o","image":{"@type":"ImageObject","inLanguage":"pt-BR","@id":"https:\/\/secure.gravatar.com\/avatar\/e0a867bdedb85fd243eadf09663511f96fc81e0720a4a42581f334ad4303aa6b?s=96&d=mm&r=g","url":"https:\/\/secure.gravatar.com\/avatar\/e0a867bdedb85fd243eadf09663511f96fc81e0720a4a42581f334ad4303aa6b?s=96&d=mm&r=g","contentUrl":"https:\/\/secure.gravatar.com\/avatar\/e0a867bdedb85fd243eadf09663511f96fc81e0720a4a42581f334ad4303aa6b?s=96&d=mm&r=g","caption":"Reda\u00e7\u00e3o"}}]}},"amp_enabled":true,"_links":{"self":[{"href":"https:\/\/www.notibras.com\/site\/wp-json\/wp\/v2\/posts\/9817","targetHints":{"allow":["GET"]}}],"collection":[{"href":"https:\/\/www.notibras.com\/site\/wp-json\/wp\/v2\/posts"}],"about":[{"href":"https:\/\/www.notibras.com\/site\/wp-json\/wp\/v2\/types\/post"}],"author":[{"embeddable":true,"href":"https:\/\/www.notibras.com\/site\/wp-json\/wp\/v2\/users\/2"}],"replies":[{"embeddable":true,"href":"https:\/\/www.notibras.com\/site\/wp-json\/wp\/v2\/comments?post=9817"}],"version-history":[{"count":0,"href":"https:\/\/www.notibras.com\/site\/wp-json\/wp\/v2\/posts\/9817\/revisions"}],"wp:featuredmedia":[{"embeddable":true,"href":"https:\/\/www.notibras.com\/site\/wp-json\/wp\/v2\/media\/9818"}],"wp:attachment":[{"href":"https:\/\/www.notibras.com\/site\/wp-json\/wp\/v2\/media?parent=9817"}],"wp:term":[{"taxonomy":"category","embeddable":true,"href":"https:\/\/www.notibras.com\/site\/wp-json\/wp\/v2\/categories?post=9817"},{"taxonomy":"post_tag","embeddable":true,"href":"https:\/\/www.notibras.com\/site\/wp-json\/wp\/v2\/tags?post=9817"}],"curies":[{"name":"wp","href":"https:\/\/api.w.org\/{rel}","templated":true}]}}