{"id":98266,"date":"2016-04-17T00:46:49","date_gmt":"2016-04-17T03:46:49","guid":{"rendered":"http:\/\/www.notibras.com\/site\/?p=98266"},"modified":"2016-04-18T13:36:13","modified_gmt":"2016-04-18T16:36:13","slug":"chuvas-torrenciais-deixam-quatro-milhoes-de-chilenos-sem-acesso-a-agua-potavel","status":"publish","type":"post","link":"https:\/\/www.notibras.com\/site\/chuvas-torrenciais-deixam-quatro-milhoes-de-chilenos-sem-acesso-a-agua-potavel\/","title":{"rendered":"Chuvas torrenciais deixam quatro milh\u00f5es de chilenos sem acesso a \u00e1gua pot\u00e1vel"},"content":{"rendered":"<p>Cerca de quatro milh\u00f5es de pessoas ficaram sem \u00e1gua pot\u00e1vel em Santiago do Chile, devido ao efeito das fortes chuvas nos rios Maipo e Mapocho, que abastecem a cidade. \u201cO n\u00famero de pessoas afetadas superou os quatro milh\u00f5es\u201d, afirmou o governador de Santiago do Chile, Claudio Orrego.<\/p>\n<p>Devido aos efeitos do mau tempo, foi declarado \u201calerta vermelho\u201d para a zona metropolitana, uma medida que permite a mobiliza\u00e7\u00e3o de \u201ctodos os recursos necess\u00e1rios e dispon\u00edveis\u201d em face da sua \u201cextens\u00e3o e gravidade\u201d, indicou o Gabinete Nacional de Emerg\u00eancia.<\/p>\n<p>\u201cEstamos ativando um plano de emerg\u00eancia que t\u00ednhamos definido para esta eventualidade. No ano passado, compramos tanques especiais de acumula\u00e7\u00e3o de \u00e1gua e ativamos uma rede de 60 caminh\u00f5es com cisterna\u201d, explicou Claudio Orrego.<\/p>\n<p>Segundo a Ag\u00eancia Meteorol\u00f3gica do Chile, as chuvas \u201cmoderadas a fortes\u201d v\u00e3o continuar nas pr\u00f3ximas horas, embora com menor intensidade.<\/p>\n","protected":false},"excerpt":{"rendered":"<p>Cerca de quatro milh\u00f5es de pessoas ficaram sem \u00e1gua pot\u00e1vel em Santiago do Chile, devido ao efeito das fortes chuvas nos rios Maipo e Mapocho, que abastecem a cidade. \u201cO n\u00famero de pessoas afetadas superou os quatro milh\u00f5es\u201d, afirmou o governador de Santiago do Chile, Claudio Orrego. Devido aos efeitos do mau tempo, foi declarado [&hellip;]<\/p>\n","protected":false},"author":2,"featured_media":98267,"comment_status":"open","ping_status":"closed","sticky":false,"template":"","format":"standard","meta":{"_acf_changed":false,"footnotes":""},"categories":[17],"tags":[],"class_list":["post-98266","post","type-post","status-publish","format-standard","has-post-thumbnail","hentry","category-mundo"],"acf":[],"_links":{"self":[{"href":"https:\/\/www.notibras.com\/site\/wp-json\/wp\/v2\/posts\/98266","targetHints":{"allow":["GET"]}}],"collection":[{"href":"https:\/\/www.notibras.com\/site\/wp-json\/wp\/v2\/posts"}],"about":[{"href":"https:\/\/www.notibras.com\/site\/wp-json\/wp\/v2\/types\/post"}],"author":[{"embeddable":true,"href":"https:\/\/www.notibras.com\/site\/wp-json\/wp\/v2\/users\/2"}],"replies":[{"embeddable":true,"href":"https:\/\/www.notibras.com\/site\/wp-json\/wp\/v2\/comments?post=98266"}],"version-history":[{"count":1,"href":"https:\/\/www.notibras.com\/site\/wp-json\/wp\/v2\/posts\/98266\/revisions"}],"predecessor-version":[{"id":98268,"href":"https:\/\/www.notibras.com\/site\/wp-json\/wp\/v2\/posts\/98266\/revisions\/98268"}],"wp:featuredmedia":[{"embeddable":true,"href":"https:\/\/www.notibras.com\/site\/wp-json\/wp\/v2\/media\/98267"}],"wp:attachment":[{"href":"https:\/\/www.notibras.com\/site\/wp-json\/wp\/v2\/media?parent=98266"}],"wp:term":[{"taxonomy":"category","embeddable":true,"href":"https:\/\/www.notibras.com\/site\/wp-json\/wp\/v2\/categories?post=98266"},{"taxonomy":"post_tag","embeddable":true,"href":"https:\/\/www.notibras.com\/site\/wp-json\/wp\/v2\/tags?post=98266"}],"curies":[{"name":"wp","href":"https:\/\/api.w.org\/{rel}","templated":true}]}}