{"id":9828,"date":"2014-05-17T05:27:26","date_gmt":"2014-05-17T08:27:26","guid":{"rendered":"http:\/\/www.notibras.com\/site\/?p=9828"},"modified":"2014-05-17T05:27:26","modified_gmt":"2014-05-17T08:27:26","slug":"guaruja-se-pinta-de-azul-e-amarelo-para-receber-selecao-da-bosnia","status":"publish","type":"post","link":"https:\/\/www.notibras.com\/site\/guaruja-se-pinta-de-azul-e-amarelo-para-receber-selecao-da-bosnia\/","title":{"rendered":"Guaruj\u00e1 se pinta de azul e amarelo para receber sele\u00e7\u00e3o da B\u00f3snia"},"content":{"rendered":"<p>om vista para o mar, os jogadores da B\u00f3snia realizar\u00e3o v\u00e1rios sonhos no Brasil: estrear\u00e3o em uma Copa do Mundo contra Lionel Messi no m\u00edtico Maracan\u00e3 e ser\u00e3o vizinhos, durante estadia no Guaruj\u00e1, em S\u00e3o Paulo, de ningu\u00e9m menos que o Rei Pel\u00e9.<\/p>\n<p>Al\u00e9m do &#8220;verde e amarelo&#8221; dos anfitri\u00f5es, a cidade da Baixada Santista, localizada a cerca de 90 quil\u00f4metros da capital, adotou o azul e amarelo da B\u00f3snia. A ex-rep\u00fablica iugoslava far\u00e1 seu primeiro jogo na competi\u00e7\u00e3o em 15 de junho, contra a Argentina no Maracan\u00e3, com torcida garantida de todos no Guaruj\u00e1.<\/p>\n<p>&#8220;Os dirigentes da B\u00f3snia nos convidaram para ver o jogo contra a Argentina no Maracan\u00e3. E evidentemente vamos ter de torcer pela B\u00f3snia&#8221;, disse entre risos \u00e0 Ag\u00eancia Efe o vice-prefeito e secret\u00e1rio de Obras P\u00fablicas, Duino Verri Fernandes.<\/p>\n<p>Um dos atrativos para a sele\u00e7\u00e3o em que se destaca o atacante Edin Dzeko, campe\u00e3o ingl\u00eas com Manchester City, foi o clima e a paisagem de Guaruj\u00e1, al\u00e9m do &#8220;vizinho&#8221;, Pel\u00e9.<\/p>\n<p>&#8220;Um dos pedidos que os jogadores fizeram foi conhecer o Pel\u00e9, que enviou um Fuleco (mascote da Copa) autografado aos dirigentes que visitaram a cidade recentemente&#8221;, revelou o vice-prefeito.<\/p>\n<p>Oper\u00e1rios trabalharam durante 11 meses na reforma do Est\u00e1dio Municipal Ant\u00f4nio Fernandes, que passa pela etapa final de coloca\u00e7\u00e3o do gramado e t\u00e9rmino das novas arquibancadas. O local, rodeado pela Mata Atl\u00e2ntica, fica a 200 metros da praia.<\/p>\n<p>O Guaruj\u00e1, por ser um centro de treinamento escolhido por uma sele\u00e7\u00e3o, teve direito a receber uma verba de R$ 12 milh\u00f5es do governo do Estado de S\u00e3o Paulo e outros R$ 4,5 milh\u00f5es do governo federal para equipar o est\u00e1dio.<\/p>\n<p>Entre as obras no est\u00e1dio para oferecer uma melhor estrutura para a sele\u00e7\u00e3o est\u00e3o a instala\u00e7\u00e3o de uma hidromassagem, uma sala de muscula\u00e7\u00e3o, elevadores, gramado no padr\u00e3o Fifa e novas arquibancadas.<\/p>\n<p>&#8220;Os b\u00f3snios gostaram do centro de treinamento e da tranquilidade por estarem rodeados de morros. Com a chegada da B\u00f3snia, o Guaruj\u00e1 ser\u00e1 mais conhecido internacionalmente&#8221;, disse a secret\u00e1ria adjunta de turismo e respons\u00e1vel por assuntos da Copa do Mundo no munic\u00edpio, Eunice Le\u00e3o Grotzinger.<\/p>\n<p>Nas escolas p\u00fablicas do Guaruj\u00e1, os alunos est\u00e3o estudando e fazendo trabalhos pr\u00e1ticos sobre o pa\u00eds, e tamb\u00e9m sobre o sofrimento de sua popula\u00e7\u00e3o ap\u00f3s a guerra dos Balc\u00e3s, ocorrida nos anos 90.<\/p>\n<p>A prefeitura contratou a \u00fanica balc\u00e2nica residente no Guaruj\u00e1, uma croata casada com um brasileiro, para preparar a estadia dos b\u00f3snios de acordo com seus costumes e gostos, al\u00e9m de organizar passeios para as fam\u00edlias dos jogadores.<\/p>\n<p>Al\u00e9m disso, o restaurante Dalmo B\u00e1rbaro, que fica em frente \u00e0 Praia da Enseada, oferece mariscos e pescados em meio a bandeiras da B\u00f3snia e do Brasil, para celebrar a presen\u00e7a dos visitantes.<\/p>\n<p>O time b\u00f3snio ficar\u00e1 hospedado no resort Casa Grande, que fica na mesma praia. A sele\u00e7\u00e3o reservou 88 quartos e ainda levar\u00e1 um chef.<\/p>\n<p>&#8220;N\u00f3s esperamos muito da sele\u00e7\u00e3o brasileira, mas nos jogos da B\u00f3snia vamos torcer por eles com certeza. Trabalhamos com muito empenho para receb\u00ea-los&#8221;, disse \u00e0 Efe Francisvaldo Santos e Silva, oper\u00e1rio da constru\u00e7\u00e3o do est\u00e1dio.<\/p>\n<p>Al\u00e9m do jogo contra a Argentina no Maracan\u00e3, os b\u00f3snios enfrentar\u00e3o a Nig\u00e9ria na Arena Pantanal, em 21 de junho, e o Ir\u00e3 na Arena Fonte Nova, quatro dias depois.<\/p>\n","protected":false},"excerpt":{"rendered":"<p>om vista para o mar, os jogadores da B\u00f3snia realizar\u00e3o v\u00e1rios sonhos no Brasil: estrear\u00e3o em uma Copa do Mundo contra Lionel Messi no m\u00edtico Maracan\u00e3 e ser\u00e3o vizinhos, durante estadia no Guaruj\u00e1, em S\u00e3o Paulo, de ningu\u00e9m menos que o Rei Pel\u00e9. Al\u00e9m do &#8220;verde e amarelo&#8221; dos anfitri\u00f5es, a cidade da Baixada Santista, [&hellip;]<\/p>\n","protected":false},"author":2,"featured_media":9829,"comment_status":"open","ping_status":"closed","sticky":false,"template":"","format":"standard","meta":{"_acf_changed":false,"footnotes":""},"categories":[19],"tags":[],"class_list":["post-9828","post","type-post","status-publish","format-standard","has-post-thumbnail","hentry","category-esportes"],"acf":[],"_links":{"self":[{"href":"https:\/\/www.notibras.com\/site\/wp-json\/wp\/v2\/posts\/9828","targetHints":{"allow":["GET"]}}],"collection":[{"href":"https:\/\/www.notibras.com\/site\/wp-json\/wp\/v2\/posts"}],"about":[{"href":"https:\/\/www.notibras.com\/site\/wp-json\/wp\/v2\/types\/post"}],"author":[{"embeddable":true,"href":"https:\/\/www.notibras.com\/site\/wp-json\/wp\/v2\/users\/2"}],"replies":[{"embeddable":true,"href":"https:\/\/www.notibras.com\/site\/wp-json\/wp\/v2\/comments?post=9828"}],"version-history":[{"count":0,"href":"https:\/\/www.notibras.com\/site\/wp-json\/wp\/v2\/posts\/9828\/revisions"}],"wp:featuredmedia":[{"embeddable":true,"href":"https:\/\/www.notibras.com\/site\/wp-json\/wp\/v2\/media\/9829"}],"wp:attachment":[{"href":"https:\/\/www.notibras.com\/site\/wp-json\/wp\/v2\/media?parent=9828"}],"wp:term":[{"taxonomy":"category","embeddable":true,"href":"https:\/\/www.notibras.com\/site\/wp-json\/wp\/v2\/categories?post=9828"},{"taxonomy":"post_tag","embeddable":true,"href":"https:\/\/www.notibras.com\/site\/wp-json\/wp\/v2\/tags?post=9828"}],"curies":[{"name":"wp","href":"https:\/\/api.w.org\/{rel}","templated":true}]}}