{"id":9832,"date":"2014-05-17T10:38:36","date_gmt":"2014-05-17T13:38:36","guid":{"rendered":"http:\/\/www.notibras.com\/site\/?p=9832"},"modified":"2014-05-17T10:39:44","modified_gmt":"2014-05-17T13:39:44","slug":"amanda-19-modelo-vai-a-china-para-faturar-alto-e-acaba-na-cadeia","status":"publish","type":"post","link":"https:\/\/www.notibras.com\/site\/amanda-19-modelo-vai-a-china-para-faturar-alto-e-acaba-na-cadeia\/","title":{"rendered":"Amanda, 19, modelo, vai \u00e0 China para faturar alto mas vai parar na cadeia"},"content":{"rendered":"<p>A Embaixada do Brasil em Pequim informou na madrugada desta sexta (madrugada de s\u00e1bado na China) que um advogado foi contratado pelo Itamaraty para defender a modelo brasileira Amanda Griza, 19, que foi detida h\u00e1 nove dias em opera\u00e7\u00e3o da pol\u00edcia chinesa contra trabalhadores ilegais no pa\u00eds. A liberta\u00e7\u00e3o da modelo est\u00e1 sendo tratada pelos canais diplom\u00e1ticos, mas ainda n\u00e3o h\u00e1 um prazo para que aconte\u00e7a. As informa\u00e7\u00f5es s\u00e3o do Uol.<\/p>\n<p>Amanda narrou para os pais ao vivo o momento de sua pris\u00e3o, entre 7h30 e 10h30 do dia 8, \u00faltimo contato que teve com a fam\u00edlia. Ela usou um aplicativo de celular chamado wechat para a comunica\u00e7\u00e3o. Alternando momentos de tranquilidade com apreens\u00e3o, ela contou que seu passaporte foi apreendido e que alegaram que ela &#8220;n\u00e3o estava legal no pa\u00eds&#8221;. Desde ent\u00e3o est\u00e1 incomunic\u00e1vel.<\/p>\n<p>Os pais, Edson e Elena Griza, pediram socorro ao Itamaraty na segunda-feira (12). Na manh\u00e3 desta sexta, o pai se queixou: &#8220;Desde o in\u00edcio do rolo, n\u00e3o recebi nenhum telefonema sequer do Itamaraty ou do governo brasileiro. Estou sem contato com minha filha, presa no exterior, era obriga\u00e7\u00e3o deles fazer alguma coisa por ela&#8221;.<\/p>\n<p>O Itamaraty informou que entrou em contato com o governo chin\u00eas para garantir o retorno ao Brasil da modelo, mas n\u00e3o deu detalhes de como isso foi feito.<\/p>\n<p>Uma funcion\u00e1ria consular em Pequim, identificada como Carmelita, teria levado para Amanda uma carta escrita pela m\u00e3e (e repassada ao consulado por e-mail). A funcion\u00e1ria informou aos pais que a modelo est\u00e1 sendo bem tratada pelas autoridades chinesas.<\/p>\n<p>Edson Griza engajou na defesa da filha o deputado federal Vieira da Cunha (PDT-RS), ex-presidente da Comiss\u00e3o de Rela\u00e7\u00f5es Exteriores da C\u00e2mara Federal e amigo da fam\u00edlia. O deputado \u00e9 que conseguiu a visita de Carmelita a Amanda. Ele tamb\u00e9m fez contato com o diplomata chin\u00eas Jia Yao, que serviu no Brasil, pedindo que ele intercedesse junto \u00e0 pol\u00edcia chinesa em favor dela.<\/p>\n<p>Vieira da Cunha disse na manh\u00e3 desta sexta que &#8220;a pris\u00e3o de Amanda \u00e9 injustificada. Ela obteve um visto de trabalho no Consulado da China em S\u00e3o Paulo antes da viagem, seguindo instru\u00e7\u00f5es de seu agente e contato na China. N\u00e3o poderia ter sido presa. Isto foi uma irresponsabilidade da ag\u00eancia de modelos&#8221;.<\/p>\n<p>No seu perfil do Facebook, Amanda escreve que \u00e9 agenciada pela empresa M2, com filiais em Nova York, Miami e Tel Aviv. O pai disse que nesta viagem, que deveria durar quatro meses, ela teria sido agenciada por um booker (profissional que contrata modelos para desfiles) independente, cujo nome ele quis preservar.<\/p>\n<p>Amanda \u00e9 ga\u00facha e morava em Santa Catarina havia sete anos, com os pais e um irm\u00e3o pequeno. Ela virou modelo aos 11 anos e seu primeiro trabalho foi para uma concession\u00e1ria da General Motors, em Os\u00f3rio (100 km de Porto Alegre).<\/p>\n<p>Em 2009, aos 14, j\u00e1 em Balne\u00e1rio Cambori\u00fa, ela retomou a carreira. Fez parte das ag\u00eancias Ford Models e M!, tendo trabalhado tamb\u00e9m no M\u00e9xico.<\/p>\n<p>Este ano, passou no vestibular para o curso de Publicidade da Univali (Universidade do Vale do Itaja\u00ed), mas trancou os estudos para viajar \u00e0 China.<\/p>\n<p>O curr\u00edculo de Amanda, segundo Edson, &#8220;\u00e9 suficiente para mostrar que minha filha \u00e9 uma profissional&#8221;. &#8220;Antes de sair ela disse que iria ganhar bem e fazia planos de nos ajudar&#8221;, disse ele.<\/p>\n<p>Por telefone, o pai contou que &#8220;a menina saiu de casa para batalhar&#8221; e que agora ele est\u00e1 preocupado &#8220;com o lado psicol\u00f3gico&#8221; dela. &#8220;N\u00e3o sei o que ela est\u00e1 passando, isto nos deixa muito estressados aqui&#8221;.<\/p>\n<p>&#8220;Eu queria que ela ficasse em casa, disse pra ela que a gente poderia abrir outro sal\u00e3o, um neg\u00f3cio est\u00e1vel, mas ela quis arriscar fazer seu pr\u00f3prio caminho&#8221;, disse. Os pais s\u00e3o donos de um sal\u00e3o de beleza dentro do Hipermercado Big de Balne\u00e1rio Cambori\u00fa , 80 km de Florian\u00f3polis.<\/p>\n","protected":false},"excerpt":{"rendered":"<p>A Embaixada do Brasil em Pequim informou na madrugada desta sexta (madrugada de s\u00e1bado na China) que um advogado foi contratado pelo Itamaraty para defender a modelo brasileira Amanda Griza, 19, que foi detida h\u00e1 nove dias em opera\u00e7\u00e3o da pol\u00edcia chinesa contra trabalhadores ilegais no pa\u00eds. A liberta\u00e7\u00e3o da modelo est\u00e1 sendo tratada pelos [&hellip;]<\/p>\n","protected":false},"author":2,"featured_media":9833,"comment_status":"open","ping_status":"closed","sticky":false,"template":"","format":"standard","meta":{"_acf_changed":false,"footnotes":""},"categories":[16],"tags":[],"class_list":["post-9832","post","type-post","status-publish","format-standard","has-post-thumbnail","hentry","category-brasil"],"acf":[],"yoast_head":"<!-- This site is optimized with the Yoast SEO plugin v27.2 - https:\/\/yoast.com\/product\/yoast-seo-wordpress\/ -->\n<title>Amanda, 19, modelo, vai \u00e0 China para faturar alto mas vai parar na cadeia - Notibras<\/title>\n<meta name=\"robots\" content=\"index, follow, max-snippet:-1, max-image-preview:large, max-video-preview:-1\" \/>\n<link rel=\"canonical\" href=\"https:\/\/www.notibras.com\/site\/amanda-19-modelo-vai-a-china-para-faturar-alto-e-acaba-na-cadeia\/\" \/>\n<meta property=\"og:locale\" content=\"pt_BR\" \/>\n<meta property=\"og:type\" content=\"article\" \/>\n<meta property=\"og:title\" content=\"Amanda, 19, modelo, vai \u00e0 China para faturar alto mas vai parar na cadeia - Notibras\" \/>\n<meta property=\"og:description\" content=\"A Embaixada do Brasil em Pequim informou na madrugada desta sexta (madrugada de s\u00e1bado na China) que um advogado foi contratado pelo Itamaraty para defender a modelo brasileira Amanda Griza, 19, que foi detida h\u00e1 nove dias em opera\u00e7\u00e3o da pol\u00edcia chinesa contra trabalhadores ilegais no pa\u00eds. A liberta\u00e7\u00e3o da modelo est\u00e1 sendo tratada pelos [&hellip;]\" \/>\n<meta property=\"og:url\" content=\"https:\/\/www.notibras.com\/site\/amanda-19-modelo-vai-a-china-para-faturar-alto-e-acaba-na-cadeia\/\" \/>\n<meta property=\"og:site_name\" content=\"Notibras\" \/>\n<meta property=\"article:publisher\" content=\"https:\/\/www.facebook.com\/notibras\/\" \/>\n<meta property=\"article:published_time\" content=\"2014-05-17T13:38:36+00:00\" \/>\n<meta property=\"article:modified_time\" content=\"2014-05-17T13:39:44+00:00\" \/>\n<meta property=\"og:image\" content=\"https:\/\/www.notibras.com\/site\/wp-content\/uploads\/2014\/05\/mo.jpg\" \/>\n\t<meta property=\"og:image:width\" content=\"300\" \/>\n\t<meta property=\"og:image:height\" content=\"300\" \/>\n\t<meta property=\"og:image:type\" content=\"image\/jpeg\" \/>\n<meta name=\"author\" content=\"Reda\u00e7\u00e3o\" \/>\n<meta name=\"twitter:card\" content=\"summary_large_image\" \/>\n<meta name=\"twitter:creator\" content=\"@Notibras\" \/>\n<meta name=\"twitter:site\" content=\"@Notibras\" \/>\n<meta name=\"twitter:label1\" content=\"Escrito por\" \/>\n\t<meta name=\"twitter:data1\" content=\"Reda\u00e7\u00e3o\" \/>\n\t<meta name=\"twitter:label2\" content=\"Est. tempo de leitura\" \/>\n\t<meta name=\"twitter:data2\" content=\"3 minutos\" \/>\n<script type=\"application\/ld+json\" class=\"yoast-schema-graph\">{\"@context\":\"https:\/\/schema.org\",\"@graph\":[{\"@type\":\"Article\",\"@id\":\"https:\/\/www.notibras.com\/site\/amanda-19-modelo-vai-a-china-para-faturar-alto-e-acaba-na-cadeia\/#article\",\"isPartOf\":{\"@id\":\"https:\/\/www.notibras.com\/site\/amanda-19-modelo-vai-a-china-para-faturar-alto-e-acaba-na-cadeia\/\"},\"author\":{\"name\":\"Reda\u00e7\u00e3o\",\"@id\":\"https:\/\/www.notibras.com\/site\/#\/schema\/person\/36ab0979449956132d3e5b517ea76ac8\"},\"headline\":\"Amanda, 19, modelo, vai \u00e0 China para faturar alto mas vai parar na cadeia\",\"datePublished\":\"2014-05-17T13:38:36+00:00\",\"dateModified\":\"2014-05-17T13:39:44+00:00\",\"mainEntityOfPage\":{\"@id\":\"https:\/\/www.notibras.com\/site\/amanda-19-modelo-vai-a-china-para-faturar-alto-e-acaba-na-cadeia\/\"},\"wordCount\":687,\"commentCount\":0,\"publisher\":{\"@id\":\"https:\/\/www.notibras.com\/site\/#organization\"},\"image\":{\"@id\":\"https:\/\/www.notibras.com\/site\/amanda-19-modelo-vai-a-china-para-faturar-alto-e-acaba-na-cadeia\/#primaryimage\"},\"thumbnailUrl\":\"https:\/\/www.notibras.com\/site\/wp-content\/uploads\/2014\/05\/mo.jpg\",\"articleSection\":[\"Brasil\"],\"inLanguage\":\"pt-BR\",\"potentialAction\":[{\"@type\":\"CommentAction\",\"name\":\"Comment\",\"target\":[\"https:\/\/www.notibras.com\/site\/amanda-19-modelo-vai-a-china-para-faturar-alto-e-acaba-na-cadeia\/#respond\"]}]},{\"@type\":\"WebPage\",\"@id\":\"https:\/\/www.notibras.com\/site\/amanda-19-modelo-vai-a-china-para-faturar-alto-e-acaba-na-cadeia\/\",\"url\":\"https:\/\/www.notibras.com\/site\/amanda-19-modelo-vai-a-china-para-faturar-alto-e-acaba-na-cadeia\/\",\"name\":\"Amanda, 19, modelo, vai \u00e0 China para faturar alto mas vai parar na cadeia - Notibras\",\"isPartOf\":{\"@id\":\"https:\/\/www.notibras.com\/site\/#website\"},\"primaryImageOfPage\":{\"@id\":\"https:\/\/www.notibras.com\/site\/amanda-19-modelo-vai-a-china-para-faturar-alto-e-acaba-na-cadeia\/#primaryimage\"},\"image\":{\"@id\":\"https:\/\/www.notibras.com\/site\/amanda-19-modelo-vai-a-china-para-faturar-alto-e-acaba-na-cadeia\/#primaryimage\"},\"thumbnailUrl\":\"https:\/\/www.notibras.com\/site\/wp-content\/uploads\/2014\/05\/mo.jpg\",\"datePublished\":\"2014-05-17T13:38:36+00:00\",\"dateModified\":\"2014-05-17T13:39:44+00:00\",\"breadcrumb\":{\"@id\":\"https:\/\/www.notibras.com\/site\/amanda-19-modelo-vai-a-china-para-faturar-alto-e-acaba-na-cadeia\/#breadcrumb\"},\"inLanguage\":\"pt-BR\",\"potentialAction\":[{\"@type\":\"ReadAction\",\"target\":[\"https:\/\/www.notibras.com\/site\/amanda-19-modelo-vai-a-china-para-faturar-alto-e-acaba-na-cadeia\/\"]}]},{\"@type\":\"ImageObject\",\"inLanguage\":\"pt-BR\",\"@id\":\"https:\/\/www.notibras.com\/site\/amanda-19-modelo-vai-a-china-para-faturar-alto-e-acaba-na-cadeia\/#primaryimage\",\"url\":\"https:\/\/www.notibras.com\/site\/wp-content\/uploads\/2014\/05\/mo.jpg\",\"contentUrl\":\"https:\/\/www.notibras.com\/site\/wp-content\/uploads\/2014\/05\/mo.jpg\",\"width\":300,\"height\":300},{\"@type\":\"BreadcrumbList\",\"@id\":\"https:\/\/www.notibras.com\/site\/amanda-19-modelo-vai-a-china-para-faturar-alto-e-acaba-na-cadeia\/#breadcrumb\",\"itemListElement\":[{\"@type\":\"ListItem\",\"position\":1,\"name\":\"In\u00edcio\",\"item\":\"https:\/\/www.notibras.com\/site\/\"},{\"@type\":\"ListItem\",\"position\":2,\"name\":\"Amanda, 19, modelo, vai \u00e0 China para faturar alto mas vai parar na cadeia\"}]},{\"@type\":\"WebSite\",\"@id\":\"https:\/\/www.notibras.com\/site\/#website\",\"url\":\"https:\/\/www.notibras.com\/site\/\",\"name\":\"Notibras\",\"description\":\"Not\u00edcias de Bras\u00edlia, do Brasil e do Mundo\",\"publisher\":{\"@id\":\"https:\/\/www.notibras.com\/site\/#organization\"},\"potentialAction\":[{\"@type\":\"SearchAction\",\"target\":{\"@type\":\"EntryPoint\",\"urlTemplate\":\"https:\/\/www.notibras.com\/site\/?s={search_term_string}\"},\"query-input\":{\"@type\":\"PropertyValueSpecification\",\"valueRequired\":true,\"valueName\":\"search_term_string\"}}],\"inLanguage\":\"pt-BR\"},{\"@type\":\"Organization\",\"@id\":\"https:\/\/www.notibras.com\/site\/#organization\",\"name\":\"Grupo Notibras de Comunica\u00e7\u00e3o\",\"url\":\"https:\/\/www.notibras.com\/site\/\",\"logo\":{\"@type\":\"ImageObject\",\"inLanguage\":\"pt-BR\",\"@id\":\"https:\/\/www.notibras.com\/site\/#\/schema\/logo\/image\/\",\"url\":\"https:\/\/www.notibras.com\/site\/wp-content\/uploads\/2023\/01\/notibras23.png\",\"contentUrl\":\"https:\/\/www.notibras.com\/site\/wp-content\/uploads\/2023\/01\/notibras23.png\",\"width\":350,\"height\":87,\"caption\":\"Grupo Notibras de Comunica\u00e7\u00e3o\"},\"image\":{\"@id\":\"https:\/\/www.notibras.com\/site\/#\/schema\/logo\/image\/\"},\"sameAs\":[\"https:\/\/www.facebook.com\/notibras\/\",\"https:\/\/x.com\/Notibras\",\"https:\/\/www.instagram.com\/notibras\/\"]},{\"@type\":\"Person\",\"@id\":\"https:\/\/www.notibras.com\/site\/#\/schema\/person\/36ab0979449956132d3e5b517ea76ac8\",\"name\":\"Reda\u00e7\u00e3o\",\"image\":{\"@type\":\"ImageObject\",\"inLanguage\":\"pt-BR\",\"@id\":\"https:\/\/secure.gravatar.com\/avatar\/e0a867bdedb85fd243eadf09663511f96fc81e0720a4a42581f334ad4303aa6b?s=96&d=mm&r=g\",\"url\":\"https:\/\/secure.gravatar.com\/avatar\/e0a867bdedb85fd243eadf09663511f96fc81e0720a4a42581f334ad4303aa6b?s=96&d=mm&r=g\",\"contentUrl\":\"https:\/\/secure.gravatar.com\/avatar\/e0a867bdedb85fd243eadf09663511f96fc81e0720a4a42581f334ad4303aa6b?s=96&d=mm&r=g\",\"caption\":\"Reda\u00e7\u00e3o\"}}]}<\/script>\n<!-- \/ Yoast SEO plugin. -->","yoast_head_json":{"title":"Amanda, 19, modelo, vai \u00e0 China para faturar alto mas vai parar na cadeia - Notibras","robots":{"index":"index","follow":"follow","max-snippet":"max-snippet:-1","max-image-preview":"max-image-preview:large","max-video-preview":"max-video-preview:-1"},"canonical":"https:\/\/www.notibras.com\/site\/amanda-19-modelo-vai-a-china-para-faturar-alto-e-acaba-na-cadeia\/","og_locale":"pt_BR","og_type":"article","og_title":"Amanda, 19, modelo, vai \u00e0 China para faturar alto mas vai parar na cadeia - Notibras","og_description":"A Embaixada do Brasil em Pequim informou na madrugada desta sexta (madrugada de s\u00e1bado na China) que um advogado foi contratado pelo Itamaraty para defender a modelo brasileira Amanda Griza, 19, que foi detida h\u00e1 nove dias em opera\u00e7\u00e3o da pol\u00edcia chinesa contra trabalhadores ilegais no pa\u00eds. A liberta\u00e7\u00e3o da modelo est\u00e1 sendo tratada pelos [&hellip;]","og_url":"https:\/\/www.notibras.com\/site\/amanda-19-modelo-vai-a-china-para-faturar-alto-e-acaba-na-cadeia\/","og_site_name":"Notibras","article_publisher":"https:\/\/www.facebook.com\/notibras\/","article_published_time":"2014-05-17T13:38:36+00:00","article_modified_time":"2014-05-17T13:39:44+00:00","og_image":[{"width":300,"height":300,"url":"https:\/\/www.notibras.com\/site\/wp-content\/uploads\/2014\/05\/mo.jpg","type":"image\/jpeg"}],"author":"Reda\u00e7\u00e3o","twitter_card":"summary_large_image","twitter_creator":"@Notibras","twitter_site":"@Notibras","twitter_misc":{"Escrito por":"Reda\u00e7\u00e3o","Est. tempo de leitura":"3 minutos"},"schema":{"@context":"https:\/\/schema.org","@graph":[{"@type":"Article","@id":"https:\/\/www.notibras.com\/site\/amanda-19-modelo-vai-a-china-para-faturar-alto-e-acaba-na-cadeia\/#article","isPartOf":{"@id":"https:\/\/www.notibras.com\/site\/amanda-19-modelo-vai-a-china-para-faturar-alto-e-acaba-na-cadeia\/"},"author":{"name":"Reda\u00e7\u00e3o","@id":"https:\/\/www.notibras.com\/site\/#\/schema\/person\/36ab0979449956132d3e5b517ea76ac8"},"headline":"Amanda, 19, modelo, vai \u00e0 China para faturar alto mas vai parar na cadeia","datePublished":"2014-05-17T13:38:36+00:00","dateModified":"2014-05-17T13:39:44+00:00","mainEntityOfPage":{"@id":"https:\/\/www.notibras.com\/site\/amanda-19-modelo-vai-a-china-para-faturar-alto-e-acaba-na-cadeia\/"},"wordCount":687,"commentCount":0,"publisher":{"@id":"https:\/\/www.notibras.com\/site\/#organization"},"image":{"@id":"https:\/\/www.notibras.com\/site\/amanda-19-modelo-vai-a-china-para-faturar-alto-e-acaba-na-cadeia\/#primaryimage"},"thumbnailUrl":"https:\/\/www.notibras.com\/site\/wp-content\/uploads\/2014\/05\/mo.jpg","articleSection":["Brasil"],"inLanguage":"pt-BR","potentialAction":[{"@type":"CommentAction","name":"Comment","target":["https:\/\/www.notibras.com\/site\/amanda-19-modelo-vai-a-china-para-faturar-alto-e-acaba-na-cadeia\/#respond"]}]},{"@type":"WebPage","@id":"https:\/\/www.notibras.com\/site\/amanda-19-modelo-vai-a-china-para-faturar-alto-e-acaba-na-cadeia\/","url":"https:\/\/www.notibras.com\/site\/amanda-19-modelo-vai-a-china-para-faturar-alto-e-acaba-na-cadeia\/","name":"Amanda, 19, modelo, vai \u00e0 China para faturar alto mas vai parar na cadeia - Notibras","isPartOf":{"@id":"https:\/\/www.notibras.com\/site\/#website"},"primaryImageOfPage":{"@id":"https:\/\/www.notibras.com\/site\/amanda-19-modelo-vai-a-china-para-faturar-alto-e-acaba-na-cadeia\/#primaryimage"},"image":{"@id":"https:\/\/www.notibras.com\/site\/amanda-19-modelo-vai-a-china-para-faturar-alto-e-acaba-na-cadeia\/#primaryimage"},"thumbnailUrl":"https:\/\/www.notibras.com\/site\/wp-content\/uploads\/2014\/05\/mo.jpg","datePublished":"2014-05-17T13:38:36+00:00","dateModified":"2014-05-17T13:39:44+00:00","breadcrumb":{"@id":"https:\/\/www.notibras.com\/site\/amanda-19-modelo-vai-a-china-para-faturar-alto-e-acaba-na-cadeia\/#breadcrumb"},"inLanguage":"pt-BR","potentialAction":[{"@type":"ReadAction","target":["https:\/\/www.notibras.com\/site\/amanda-19-modelo-vai-a-china-para-faturar-alto-e-acaba-na-cadeia\/"]}]},{"@type":"ImageObject","inLanguage":"pt-BR","@id":"https:\/\/www.notibras.com\/site\/amanda-19-modelo-vai-a-china-para-faturar-alto-e-acaba-na-cadeia\/#primaryimage","url":"https:\/\/www.notibras.com\/site\/wp-content\/uploads\/2014\/05\/mo.jpg","contentUrl":"https:\/\/www.notibras.com\/site\/wp-content\/uploads\/2014\/05\/mo.jpg","width":300,"height":300},{"@type":"BreadcrumbList","@id":"https:\/\/www.notibras.com\/site\/amanda-19-modelo-vai-a-china-para-faturar-alto-e-acaba-na-cadeia\/#breadcrumb","itemListElement":[{"@type":"ListItem","position":1,"name":"In\u00edcio","item":"https:\/\/www.notibras.com\/site\/"},{"@type":"ListItem","position":2,"name":"Amanda, 19, modelo, vai \u00e0 China para faturar alto mas vai parar na cadeia"}]},{"@type":"WebSite","@id":"https:\/\/www.notibras.com\/site\/#website","url":"https:\/\/www.notibras.com\/site\/","name":"Notibras","description":"Not\u00edcias de Bras\u00edlia, do Brasil e do Mundo","publisher":{"@id":"https:\/\/www.notibras.com\/site\/#organization"},"potentialAction":[{"@type":"SearchAction","target":{"@type":"EntryPoint","urlTemplate":"https:\/\/www.notibras.com\/site\/?s={search_term_string}"},"query-input":{"@type":"PropertyValueSpecification","valueRequired":true,"valueName":"search_term_string"}}],"inLanguage":"pt-BR"},{"@type":"Organization","@id":"https:\/\/www.notibras.com\/site\/#organization","name":"Grupo Notibras de Comunica\u00e7\u00e3o","url":"https:\/\/www.notibras.com\/site\/","logo":{"@type":"ImageObject","inLanguage":"pt-BR","@id":"https:\/\/www.notibras.com\/site\/#\/schema\/logo\/image\/","url":"https:\/\/www.notibras.com\/site\/wp-content\/uploads\/2023\/01\/notibras23.png","contentUrl":"https:\/\/www.notibras.com\/site\/wp-content\/uploads\/2023\/01\/notibras23.png","width":350,"height":87,"caption":"Grupo Notibras de Comunica\u00e7\u00e3o"},"image":{"@id":"https:\/\/www.notibras.com\/site\/#\/schema\/logo\/image\/"},"sameAs":["https:\/\/www.facebook.com\/notibras\/","https:\/\/x.com\/Notibras","https:\/\/www.instagram.com\/notibras\/"]},{"@type":"Person","@id":"https:\/\/www.notibras.com\/site\/#\/schema\/person\/36ab0979449956132d3e5b517ea76ac8","name":"Reda\u00e7\u00e3o","image":{"@type":"ImageObject","inLanguage":"pt-BR","@id":"https:\/\/secure.gravatar.com\/avatar\/e0a867bdedb85fd243eadf09663511f96fc81e0720a4a42581f334ad4303aa6b?s=96&d=mm&r=g","url":"https:\/\/secure.gravatar.com\/avatar\/e0a867bdedb85fd243eadf09663511f96fc81e0720a4a42581f334ad4303aa6b?s=96&d=mm&r=g","contentUrl":"https:\/\/secure.gravatar.com\/avatar\/e0a867bdedb85fd243eadf09663511f96fc81e0720a4a42581f334ad4303aa6b?s=96&d=mm&r=g","caption":"Reda\u00e7\u00e3o"}}]}},"amp_enabled":true,"_links":{"self":[{"href":"https:\/\/www.notibras.com\/site\/wp-json\/wp\/v2\/posts\/9832","targetHints":{"allow":["GET"]}}],"collection":[{"href":"https:\/\/www.notibras.com\/site\/wp-json\/wp\/v2\/posts"}],"about":[{"href":"https:\/\/www.notibras.com\/site\/wp-json\/wp\/v2\/types\/post"}],"author":[{"embeddable":true,"href":"https:\/\/www.notibras.com\/site\/wp-json\/wp\/v2\/users\/2"}],"replies":[{"embeddable":true,"href":"https:\/\/www.notibras.com\/site\/wp-json\/wp\/v2\/comments?post=9832"}],"version-history":[{"count":0,"href":"https:\/\/www.notibras.com\/site\/wp-json\/wp\/v2\/posts\/9832\/revisions"}],"wp:featuredmedia":[{"embeddable":true,"href":"https:\/\/www.notibras.com\/site\/wp-json\/wp\/v2\/media\/9833"}],"wp:attachment":[{"href":"https:\/\/www.notibras.com\/site\/wp-json\/wp\/v2\/media?parent=9832"}],"wp:term":[{"taxonomy":"category","embeddable":true,"href":"https:\/\/www.notibras.com\/site\/wp-json\/wp\/v2\/categories?post=9832"},{"taxonomy":"post_tag","embeddable":true,"href":"https:\/\/www.notibras.com\/site\/wp-json\/wp\/v2\/tags?post=9832"}],"curies":[{"name":"wp","href":"https:\/\/api.w.org\/{rel}","templated":true}]}}