{"id":9853,"date":"2014-05-17T18:28:13","date_gmt":"2014-05-17T21:28:13","guid":{"rendered":"http:\/\/www.notibras.com\/site\/?p=9853"},"modified":"2014-05-17T18:28:13","modified_gmt":"2014-05-17T21:28:13","slug":"portuguesa-cai-para-america-de-natal-no-caninde-de-virada","status":"publish","type":"post","link":"https:\/\/www.notibras.com\/site\/portuguesa-cai-para-america-de-natal-no-caninde-de-virada\/","title":{"rendered":"Portuguesa cai para Am\u00e9rica de Natal no Canind\u00e9 de virada"},"content":{"rendered":"<p>O Canind\u00e9 recebeu neste s\u00e1bado a partida entre Portuguesa e Am\u00e9rica-RN, pela quinta rodada da S\u00e9rie B do Campeonato Brasileiro. Os visitantes conseguiram virar a partida nos quatro minutos finais e venceram por 2 a 1.<\/p>\n<p>A Portuguesa teve mais uma oportunidade para tentar esquecer os problemas externos e se recuperar na S\u00e9rie B do Campeonato Brasileiro. A rodada come\u00e7ou com o time na vice-lanterna, buscando a primeira vit\u00f3ria na competi\u00e7\u00e3o. Do outro lado, o Am\u00e9rica-RN aparecia com quatro pontos na tabela.<\/p>\n<p>Nos quatro primeiros jogos da Lusa, foram dois empates e duas derrotas. Precisando do resultado, o time da casa n\u00e3o tinha outra op\u00e7\u00e3o al\u00e9m de atacar, mas quem levou perigo primeiro foi o Am\u00e9rica, aos 13 minutos. O goleiro Tom fez boa defesa ap\u00f3s finaliza\u00e7\u00e3o de Marcelinho e impediu que os visitantes abrissem o placar.<\/p>\n<p>Depois do susto, o jogo ficou concentrado no meio de campo, com as equipes abusando dos equ\u00edvocos na hora do passe. Mas o erro que causou mais revolta na primeira etapa foi o de Caio. O atacante da Portuguesa recebeu de La\u00e9rcio na entrada da pequena \u00e1rea, mas falhou na finaliza\u00e7\u00e3o e o goleiro Fernando Henrique colocou para escanteio.<\/p>\n<p>Nos minutos finais do primeiro tempo, a Portuguesa esbo\u00e7ou uma press\u00e3o, mas n\u00e3o conseguiu marcar. Por\u00e9m logo no in\u00edcio da etapa complementar o gol saiu. Ap\u00f3s finaliza\u00e7\u00e3o errada de Caio, a bola sobrou para Allan Dias, que n\u00e3o teve dificuldades para colocar a bola nas redes aos cinco minutos.<\/p>\n<p>Em seguida, o Am\u00e9rica respondeu na bola parada. Marcelinho cobrou falta da entrada da \u00e1rea e levou perigo ao gol de Tom. Para garantir a vit\u00f3ria, o time paulista se fechou e dificultava a cria\u00e7\u00e3o de jogadas do visitante. Mas aos 44min, Daniel Costa recebeu pela esquerda e finalizou para deixar tudo igual no marcador.<\/p>\n<p>Aos 49 minutos, o Am\u00e9rica-RN conseguiu o que parecia improv\u00e1vel. Rodrigo Pimp\u00e3o aproveitou o rebote na pequena \u00e1rea e virou o placar. Com a derrota, a Portuguesa continua na degola, com dois pontos. O Am\u00e9rica vai aos sete e fica mais pr\u00f3ximo das primeiras posi\u00e7\u00f5es.<\/p>\n","protected":false},"excerpt":{"rendered":"<p>O Canind\u00e9 recebeu neste s\u00e1bado a partida entre Portuguesa e Am\u00e9rica-RN, pela quinta rodada da S\u00e9rie B do Campeonato Brasileiro. Os visitantes conseguiram virar a partida nos quatro minutos finais e venceram por 2 a 1. A Portuguesa teve mais uma oportunidade para tentar esquecer os problemas externos e se recuperar na S\u00e9rie B do [&hellip;]<\/p>\n","protected":false},"author":2,"featured_media":9854,"comment_status":"open","ping_status":"closed","sticky":false,"template":"","format":"standard","meta":{"_acf_changed":false,"footnotes":""},"categories":[19,29],"tags":[],"class_list":["post-9853","post","type-post","status-publish","format-standard","has-post-thumbnail","hentry","category-esportes","category-futebol"],"acf":[],"yoast_head":"<!-- This site is optimized with the Yoast SEO plugin v27.2 - https:\/\/yoast.com\/product\/yoast-seo-wordpress\/ -->\n<title>Portuguesa cai para Am\u00e9rica de Natal no Canind\u00e9 de virada - Notibras<\/title>\n<meta name=\"robots\" content=\"index, follow, max-snippet:-1, max-image-preview:large, max-video-preview:-1\" \/>\n<link rel=\"canonical\" href=\"https:\/\/www.notibras.com\/site\/portuguesa-cai-para-america-de-natal-no-caninde-de-virada\/\" \/>\n<meta property=\"og:locale\" content=\"pt_BR\" \/>\n<meta property=\"og:type\" content=\"article\" \/>\n<meta property=\"og:title\" content=\"Portuguesa cai para Am\u00e9rica de Natal no Canind\u00e9 de virada - Notibras\" \/>\n<meta property=\"og:description\" content=\"O Canind\u00e9 recebeu neste s\u00e1bado a partida entre Portuguesa e Am\u00e9rica-RN, pela quinta rodada da S\u00e9rie B do Campeonato Brasileiro. Os visitantes conseguiram virar a partida nos quatro minutos finais e venceram por 2 a 1. A Portuguesa teve mais uma oportunidade para tentar esquecer os problemas externos e se recuperar na S\u00e9rie B do [&hellip;]\" \/>\n<meta property=\"og:url\" content=\"https:\/\/www.notibras.com\/site\/portuguesa-cai-para-america-de-natal-no-caninde-de-virada\/\" \/>\n<meta property=\"og:site_name\" content=\"Notibras\" \/>\n<meta property=\"article:publisher\" content=\"https:\/\/www.facebook.com\/notibras\/\" \/>\n<meta property=\"article:published_time\" content=\"2014-05-17T21:28:13+00:00\" \/>\n<meta property=\"og:image\" content=\"https:\/\/www.notibras.com\/site\/wp-content\/uploads\/2014\/05\/2adalberto_america_rn_augustogomes03.jpg\" \/>\n\t<meta property=\"og:image:width\" content=\"620\" \/>\n\t<meta property=\"og:image:height\" content=\"390\" \/>\n\t<meta property=\"og:image:type\" content=\"image\/jpeg\" \/>\n<meta name=\"author\" content=\"Reda\u00e7\u00e3o\" \/>\n<meta name=\"twitter:card\" content=\"summary_large_image\" \/>\n<meta name=\"twitter:creator\" content=\"@Notibras\" \/>\n<meta name=\"twitter:site\" content=\"@Notibras\" \/>\n<meta name=\"twitter:label1\" content=\"Escrito por\" \/>\n\t<meta name=\"twitter:data1\" content=\"Reda\u00e7\u00e3o\" \/>\n\t<meta name=\"twitter:label2\" content=\"Est. tempo de leitura\" \/>\n\t<meta name=\"twitter:data2\" content=\"2 minutos\" \/>\n<script type=\"application\/ld+json\" class=\"yoast-schema-graph\">{\"@context\":\"https:\/\/schema.org\",\"@graph\":[{\"@type\":\"Article\",\"@id\":\"https:\/\/www.notibras.com\/site\/portuguesa-cai-para-america-de-natal-no-caninde-de-virada\/#article\",\"isPartOf\":{\"@id\":\"https:\/\/www.notibras.com\/site\/portuguesa-cai-para-america-de-natal-no-caninde-de-virada\/\"},\"author\":{\"name\":\"Reda\u00e7\u00e3o\",\"@id\":\"https:\/\/www.notibras.com\/site\/#\/schema\/person\/36ab0979449956132d3e5b517ea76ac8\"},\"headline\":\"Portuguesa cai para Am\u00e9rica de Natal no Canind\u00e9 de virada\",\"datePublished\":\"2014-05-17T21:28:13+00:00\",\"mainEntityOfPage\":{\"@id\":\"https:\/\/www.notibras.com\/site\/portuguesa-cai-para-america-de-natal-no-caninde-de-virada\/\"},\"wordCount\":386,\"commentCount\":0,\"publisher\":{\"@id\":\"https:\/\/www.notibras.com\/site\/#organization\"},\"image\":{\"@id\":\"https:\/\/www.notibras.com\/site\/portuguesa-cai-para-america-de-natal-no-caninde-de-virada\/#primaryimage\"},\"thumbnailUrl\":\"https:\/\/www.notibras.com\/site\/wp-content\/uploads\/2014\/05\/2adalberto_america_rn_augustogomes03.jpg\",\"articleSection\":[\"Esportes\",\"Futebol\"],\"inLanguage\":\"pt-BR\",\"potentialAction\":[{\"@type\":\"CommentAction\",\"name\":\"Comment\",\"target\":[\"https:\/\/www.notibras.com\/site\/portuguesa-cai-para-america-de-natal-no-caninde-de-virada\/#respond\"]}]},{\"@type\":\"WebPage\",\"@id\":\"https:\/\/www.notibras.com\/site\/portuguesa-cai-para-america-de-natal-no-caninde-de-virada\/\",\"url\":\"https:\/\/www.notibras.com\/site\/portuguesa-cai-para-america-de-natal-no-caninde-de-virada\/\",\"name\":\"Portuguesa cai para Am\u00e9rica de Natal no Canind\u00e9 de virada - Notibras\",\"isPartOf\":{\"@id\":\"https:\/\/www.notibras.com\/site\/#website\"},\"primaryImageOfPage\":{\"@id\":\"https:\/\/www.notibras.com\/site\/portuguesa-cai-para-america-de-natal-no-caninde-de-virada\/#primaryimage\"},\"image\":{\"@id\":\"https:\/\/www.notibras.com\/site\/portuguesa-cai-para-america-de-natal-no-caninde-de-virada\/#primaryimage\"},\"thumbnailUrl\":\"https:\/\/www.notibras.com\/site\/wp-content\/uploads\/2014\/05\/2adalberto_america_rn_augustogomes03.jpg\",\"datePublished\":\"2014-05-17T21:28:13+00:00\",\"breadcrumb\":{\"@id\":\"https:\/\/www.notibras.com\/site\/portuguesa-cai-para-america-de-natal-no-caninde-de-virada\/#breadcrumb\"},\"inLanguage\":\"pt-BR\",\"potentialAction\":[{\"@type\":\"ReadAction\",\"target\":[\"https:\/\/www.notibras.com\/site\/portuguesa-cai-para-america-de-natal-no-caninde-de-virada\/\"]}]},{\"@type\":\"ImageObject\",\"inLanguage\":\"pt-BR\",\"@id\":\"https:\/\/www.notibras.com\/site\/portuguesa-cai-para-america-de-natal-no-caninde-de-virada\/#primaryimage\",\"url\":\"https:\/\/www.notibras.com\/site\/wp-content\/uploads\/2014\/05\/2adalberto_america_rn_augustogomes03.jpg\",\"contentUrl\":\"https:\/\/www.notibras.com\/site\/wp-content\/uploads\/2014\/05\/2adalberto_america_rn_augustogomes03.jpg\",\"width\":620,\"height\":390},{\"@type\":\"BreadcrumbList\",\"@id\":\"https:\/\/www.notibras.com\/site\/portuguesa-cai-para-america-de-natal-no-caninde-de-virada\/#breadcrumb\",\"itemListElement\":[{\"@type\":\"ListItem\",\"position\":1,\"name\":\"In\u00edcio\",\"item\":\"https:\/\/www.notibras.com\/site\/\"},{\"@type\":\"ListItem\",\"position\":2,\"name\":\"Portuguesa cai para Am\u00e9rica de Natal no Canind\u00e9 de virada\"}]},{\"@type\":\"WebSite\",\"@id\":\"https:\/\/www.notibras.com\/site\/#website\",\"url\":\"https:\/\/www.notibras.com\/site\/\",\"name\":\"Notibras\",\"description\":\"Not\u00edcias de Bras\u00edlia, do Brasil e do Mundo\",\"publisher\":{\"@id\":\"https:\/\/www.notibras.com\/site\/#organization\"},\"potentialAction\":[{\"@type\":\"SearchAction\",\"target\":{\"@type\":\"EntryPoint\",\"urlTemplate\":\"https:\/\/www.notibras.com\/site\/?s={search_term_string}\"},\"query-input\":{\"@type\":\"PropertyValueSpecification\",\"valueRequired\":true,\"valueName\":\"search_term_string\"}}],\"inLanguage\":\"pt-BR\"},{\"@type\":\"Organization\",\"@id\":\"https:\/\/www.notibras.com\/site\/#organization\",\"name\":\"Grupo Notibras de Comunica\u00e7\u00e3o\",\"url\":\"https:\/\/www.notibras.com\/site\/\",\"logo\":{\"@type\":\"ImageObject\",\"inLanguage\":\"pt-BR\",\"@id\":\"https:\/\/www.notibras.com\/site\/#\/schema\/logo\/image\/\",\"url\":\"https:\/\/www.notibras.com\/site\/wp-content\/uploads\/2023\/01\/notibras23.png\",\"contentUrl\":\"https:\/\/www.notibras.com\/site\/wp-content\/uploads\/2023\/01\/notibras23.png\",\"width\":350,\"height\":87,\"caption\":\"Grupo Notibras de Comunica\u00e7\u00e3o\"},\"image\":{\"@id\":\"https:\/\/www.notibras.com\/site\/#\/schema\/logo\/image\/\"},\"sameAs\":[\"https:\/\/www.facebook.com\/notibras\/\",\"https:\/\/x.com\/Notibras\",\"https:\/\/www.instagram.com\/notibras\/\"]},{\"@type\":\"Person\",\"@id\":\"https:\/\/www.notibras.com\/site\/#\/schema\/person\/36ab0979449956132d3e5b517ea76ac8\",\"name\":\"Reda\u00e7\u00e3o\",\"image\":{\"@type\":\"ImageObject\",\"inLanguage\":\"pt-BR\",\"@id\":\"https:\/\/secure.gravatar.com\/avatar\/e0a867bdedb85fd243eadf09663511f96fc81e0720a4a42581f334ad4303aa6b?s=96&d=mm&r=g\",\"url\":\"https:\/\/secure.gravatar.com\/avatar\/e0a867bdedb85fd243eadf09663511f96fc81e0720a4a42581f334ad4303aa6b?s=96&d=mm&r=g\",\"contentUrl\":\"https:\/\/secure.gravatar.com\/avatar\/e0a867bdedb85fd243eadf09663511f96fc81e0720a4a42581f334ad4303aa6b?s=96&d=mm&r=g\",\"caption\":\"Reda\u00e7\u00e3o\"}}]}<\/script>\n<!-- \/ Yoast SEO plugin. -->","yoast_head_json":{"title":"Portuguesa cai para Am\u00e9rica de Natal no Canind\u00e9 de virada - Notibras","robots":{"index":"index","follow":"follow","max-snippet":"max-snippet:-1","max-image-preview":"max-image-preview:large","max-video-preview":"max-video-preview:-1"},"canonical":"https:\/\/www.notibras.com\/site\/portuguesa-cai-para-america-de-natal-no-caninde-de-virada\/","og_locale":"pt_BR","og_type":"article","og_title":"Portuguesa cai para Am\u00e9rica de Natal no Canind\u00e9 de virada - Notibras","og_description":"O Canind\u00e9 recebeu neste s\u00e1bado a partida entre Portuguesa e Am\u00e9rica-RN, pela quinta rodada da S\u00e9rie B do Campeonato Brasileiro. Os visitantes conseguiram virar a partida nos quatro minutos finais e venceram por 2 a 1. A Portuguesa teve mais uma oportunidade para tentar esquecer os problemas externos e se recuperar na S\u00e9rie B do [&hellip;]","og_url":"https:\/\/www.notibras.com\/site\/portuguesa-cai-para-america-de-natal-no-caninde-de-virada\/","og_site_name":"Notibras","article_publisher":"https:\/\/www.facebook.com\/notibras\/","article_published_time":"2014-05-17T21:28:13+00:00","og_image":[{"width":620,"height":390,"url":"https:\/\/www.notibras.com\/site\/wp-content\/uploads\/2014\/05\/2adalberto_america_rn_augustogomes03.jpg","type":"image\/jpeg"}],"author":"Reda\u00e7\u00e3o","twitter_card":"summary_large_image","twitter_creator":"@Notibras","twitter_site":"@Notibras","twitter_misc":{"Escrito por":"Reda\u00e7\u00e3o","Est. tempo de leitura":"2 minutos"},"schema":{"@context":"https:\/\/schema.org","@graph":[{"@type":"Article","@id":"https:\/\/www.notibras.com\/site\/portuguesa-cai-para-america-de-natal-no-caninde-de-virada\/#article","isPartOf":{"@id":"https:\/\/www.notibras.com\/site\/portuguesa-cai-para-america-de-natal-no-caninde-de-virada\/"},"author":{"name":"Reda\u00e7\u00e3o","@id":"https:\/\/www.notibras.com\/site\/#\/schema\/person\/36ab0979449956132d3e5b517ea76ac8"},"headline":"Portuguesa cai para Am\u00e9rica de Natal no Canind\u00e9 de virada","datePublished":"2014-05-17T21:28:13+00:00","mainEntityOfPage":{"@id":"https:\/\/www.notibras.com\/site\/portuguesa-cai-para-america-de-natal-no-caninde-de-virada\/"},"wordCount":386,"commentCount":0,"publisher":{"@id":"https:\/\/www.notibras.com\/site\/#organization"},"image":{"@id":"https:\/\/www.notibras.com\/site\/portuguesa-cai-para-america-de-natal-no-caninde-de-virada\/#primaryimage"},"thumbnailUrl":"https:\/\/www.notibras.com\/site\/wp-content\/uploads\/2014\/05\/2adalberto_america_rn_augustogomes03.jpg","articleSection":["Esportes","Futebol"],"inLanguage":"pt-BR","potentialAction":[{"@type":"CommentAction","name":"Comment","target":["https:\/\/www.notibras.com\/site\/portuguesa-cai-para-america-de-natal-no-caninde-de-virada\/#respond"]}]},{"@type":"WebPage","@id":"https:\/\/www.notibras.com\/site\/portuguesa-cai-para-america-de-natal-no-caninde-de-virada\/","url":"https:\/\/www.notibras.com\/site\/portuguesa-cai-para-america-de-natal-no-caninde-de-virada\/","name":"Portuguesa cai para Am\u00e9rica de Natal no Canind\u00e9 de virada - Notibras","isPartOf":{"@id":"https:\/\/www.notibras.com\/site\/#website"},"primaryImageOfPage":{"@id":"https:\/\/www.notibras.com\/site\/portuguesa-cai-para-america-de-natal-no-caninde-de-virada\/#primaryimage"},"image":{"@id":"https:\/\/www.notibras.com\/site\/portuguesa-cai-para-america-de-natal-no-caninde-de-virada\/#primaryimage"},"thumbnailUrl":"https:\/\/www.notibras.com\/site\/wp-content\/uploads\/2014\/05\/2adalberto_america_rn_augustogomes03.jpg","datePublished":"2014-05-17T21:28:13+00:00","breadcrumb":{"@id":"https:\/\/www.notibras.com\/site\/portuguesa-cai-para-america-de-natal-no-caninde-de-virada\/#breadcrumb"},"inLanguage":"pt-BR","potentialAction":[{"@type":"ReadAction","target":["https:\/\/www.notibras.com\/site\/portuguesa-cai-para-america-de-natal-no-caninde-de-virada\/"]}]},{"@type":"ImageObject","inLanguage":"pt-BR","@id":"https:\/\/www.notibras.com\/site\/portuguesa-cai-para-america-de-natal-no-caninde-de-virada\/#primaryimage","url":"https:\/\/www.notibras.com\/site\/wp-content\/uploads\/2014\/05\/2adalberto_america_rn_augustogomes03.jpg","contentUrl":"https:\/\/www.notibras.com\/site\/wp-content\/uploads\/2014\/05\/2adalberto_america_rn_augustogomes03.jpg","width":620,"height":390},{"@type":"BreadcrumbList","@id":"https:\/\/www.notibras.com\/site\/portuguesa-cai-para-america-de-natal-no-caninde-de-virada\/#breadcrumb","itemListElement":[{"@type":"ListItem","position":1,"name":"In\u00edcio","item":"https:\/\/www.notibras.com\/site\/"},{"@type":"ListItem","position":2,"name":"Portuguesa cai para Am\u00e9rica de Natal no Canind\u00e9 de virada"}]},{"@type":"WebSite","@id":"https:\/\/www.notibras.com\/site\/#website","url":"https:\/\/www.notibras.com\/site\/","name":"Notibras","description":"Not\u00edcias de Bras\u00edlia, do Brasil e do Mundo","publisher":{"@id":"https:\/\/www.notibras.com\/site\/#organization"},"potentialAction":[{"@type":"SearchAction","target":{"@type":"EntryPoint","urlTemplate":"https:\/\/www.notibras.com\/site\/?s={search_term_string}"},"query-input":{"@type":"PropertyValueSpecification","valueRequired":true,"valueName":"search_term_string"}}],"inLanguage":"pt-BR"},{"@type":"Organization","@id":"https:\/\/www.notibras.com\/site\/#organization","name":"Grupo Notibras de Comunica\u00e7\u00e3o","url":"https:\/\/www.notibras.com\/site\/","logo":{"@type":"ImageObject","inLanguage":"pt-BR","@id":"https:\/\/www.notibras.com\/site\/#\/schema\/logo\/image\/","url":"https:\/\/www.notibras.com\/site\/wp-content\/uploads\/2023\/01\/notibras23.png","contentUrl":"https:\/\/www.notibras.com\/site\/wp-content\/uploads\/2023\/01\/notibras23.png","width":350,"height":87,"caption":"Grupo Notibras de Comunica\u00e7\u00e3o"},"image":{"@id":"https:\/\/www.notibras.com\/site\/#\/schema\/logo\/image\/"},"sameAs":["https:\/\/www.facebook.com\/notibras\/","https:\/\/x.com\/Notibras","https:\/\/www.instagram.com\/notibras\/"]},{"@type":"Person","@id":"https:\/\/www.notibras.com\/site\/#\/schema\/person\/36ab0979449956132d3e5b517ea76ac8","name":"Reda\u00e7\u00e3o","image":{"@type":"ImageObject","inLanguage":"pt-BR","@id":"https:\/\/secure.gravatar.com\/avatar\/e0a867bdedb85fd243eadf09663511f96fc81e0720a4a42581f334ad4303aa6b?s=96&d=mm&r=g","url":"https:\/\/secure.gravatar.com\/avatar\/e0a867bdedb85fd243eadf09663511f96fc81e0720a4a42581f334ad4303aa6b?s=96&d=mm&r=g","contentUrl":"https:\/\/secure.gravatar.com\/avatar\/e0a867bdedb85fd243eadf09663511f96fc81e0720a4a42581f334ad4303aa6b?s=96&d=mm&r=g","caption":"Reda\u00e7\u00e3o"}}]}},"amp_enabled":true,"_links":{"self":[{"href":"https:\/\/www.notibras.com\/site\/wp-json\/wp\/v2\/posts\/9853","targetHints":{"allow":["GET"]}}],"collection":[{"href":"https:\/\/www.notibras.com\/site\/wp-json\/wp\/v2\/posts"}],"about":[{"href":"https:\/\/www.notibras.com\/site\/wp-json\/wp\/v2\/types\/post"}],"author":[{"embeddable":true,"href":"https:\/\/www.notibras.com\/site\/wp-json\/wp\/v2\/users\/2"}],"replies":[{"embeddable":true,"href":"https:\/\/www.notibras.com\/site\/wp-json\/wp\/v2\/comments?post=9853"}],"version-history":[{"count":0,"href":"https:\/\/www.notibras.com\/site\/wp-json\/wp\/v2\/posts\/9853\/revisions"}],"wp:featuredmedia":[{"embeddable":true,"href":"https:\/\/www.notibras.com\/site\/wp-json\/wp\/v2\/media\/9854"}],"wp:attachment":[{"href":"https:\/\/www.notibras.com\/site\/wp-json\/wp\/v2\/media?parent=9853"}],"wp:term":[{"taxonomy":"category","embeddable":true,"href":"https:\/\/www.notibras.com\/site\/wp-json\/wp\/v2\/categories?post=9853"},{"taxonomy":"post_tag","embeddable":true,"href":"https:\/\/www.notibras.com\/site\/wp-json\/wp\/v2\/tags?post=9853"}],"curies":[{"name":"wp","href":"https:\/\/api.w.org\/{rel}","templated":true}]}}