{"id":9861,"date":"2014-05-17T18:46:44","date_gmt":"2014-05-17T21:46:44","guid":{"rendered":"http:\/\/www.notibras.com\/site\/?p=9861"},"modified":"2014-05-17T18:46:44","modified_gmt":"2014-05-17T21:46:44","slug":"america-mineiro-bate-lanterna-e-assume-ponta-na-segundona","status":"publish","type":"post","link":"https:\/\/www.notibras.com\/site\/america-mineiro-bate-lanterna-e-assume-ponta-na-segundona\/","title":{"rendered":"Am\u00e9rica Mineiro bate lanterna e assume ponta na Segundona"},"content":{"rendered":"<p>O Am\u00e9rica-MG demonstrou n\u00e3o ter sentido a elimina\u00e7\u00e3o para o Bahia, na Copa do Brasil, venceu o lanterna Vila Nova-GO, por 2 a 0, neste s\u00e1bado, no Independ\u00eancia, reassumindo a lideran\u00e7a, embora de forma provis\u00f3ria, da S\u00e9rie B do Brasileiro, com 13 pontos. O time goiano, que estreou o t\u00e9cnico Waldemar Lemos, sofreu sua quarta derrota consecutiva na competi\u00e7\u00e3o e segue sem marcar nenhum gol, com apenas um ponto em 15 poss\u00edveis.<\/p>\n<p>J\u00e1 o time americano confirmou seu bom momento na S\u00e9rie B, ao ganhar o quarto jogo seguido, depois de empatar com o Vasco, no Rio, na estreia no certame. Foram dois triunfos fora de casa e outros dois como mandante. Para terminar a quinta rodada na primeira coloca\u00e7\u00e3o, o Am\u00e9rica ter\u00e1 que torcer por pelo menos um empate do Joinville, que tem 12 pontos e enfrenta o Atl\u00e9tico-GO, em Goi\u00e2nia, \u00e0s 21h. O Vila Nova visitar\u00e1 a Ponte Preta, em Campinas.<\/p>\n<p>No Vila Nova, o estreante Waldemar Lemos n\u00e3o teve o lateral \u00c2ngelo e o volante Radam\u00e9s, ambos contundidos e substitu\u00eddos, por Thiago Furlan, com Arthur passando para a direita, e Nen\u00ea Bonilha. J\u00e1 o volante Bruno Veiga cumpriu suspens\u00e3o. A equipe goiana entrou em campo com o dif\u00edcil objetivo de conseguir sua primeira vit\u00f3ria, para iniciar a rea\u00e7\u00e3o na S\u00e9rie B.<\/p>\n<p>Como era esperado, o Am\u00e9rica-MG iniciou o jogo partindo para a press\u00e3o, na tentativa de encurralar o advers\u00e1rio. O t\u00e9cnico Moacir J\u00fanior escalou quatro jogadores ofensivos \u2013 Mancini, Willians, Ricardinho e Obina \u2013, que tentaram criar jogadas para abrir o marcador rapidamente. O Vila Nova, por sua vez, se fechou inteiro e jogava claramente para tentar um contra-ataque, que n\u00e3o conseguia encaixar.<\/p>\n<p>A estrat\u00e9gia americana deu certo. Aos 12 min, Victor Hugo, de cabe\u00e7a, aproveitando cruzamento de Mancini, da esquerda, colocou a bola nas redes do goleiro Cl\u00e9ber Alves. O gol n\u00e3o mudou o panorama da partida. A equipe da casa continuou atacando, criando boas chances para ampliar o marcador, enquanto o Vila Nova at\u00e9 que tentava sair mais para o jogo, mas n\u00e3o conseguia chegar com perigo ao gol defendido por Matheus.<\/p>\n<p>Aos poucos, no entanto, o Am\u00e9rica diminuiu o \u00edmpeto e come\u00e7ou a errar passes em excesso, especialmente na sa\u00edda da defesa para o ataque. O Vila Nova aproveitou-se e equilibrou a situa\u00e7\u00e3o, por volta dos 30 minutos, mas n\u00e3o teve for\u00e7a ofensiva para chegar ao empate. Ao contr\u00e1rio, vacilou nos acr\u00e9scimos e permitiu ao Am\u00e9rica-MG ampliar a vantagem, aos 47 min, por meio de Ricardinho, completando jogada de Willians.<\/p>\n<p>&#8220;Precisamos ter o m\u00e1ximo de cuidado no segundo tempo. O jogo n\u00e3o \u00e9 f\u00e1cil, n\u00f3s estamos fazendo com que o jogo fique f\u00e1cil. Mas temos de continuar com a mesma seriedade&#8221;, destacou o experiente atacante Obina, no intervalo da partida. O time americano voltou sem altera\u00e7\u00f5es, enquanto o Vila Nova veio com duas altera\u00e7\u00f5es: Daniel e Gustavo nos lugares de Gilmak e Thiago Furlan.<\/p>\n<p>O Vila Nova foi obrigado a sair mais para o jogo e se exp\u00f4s aos contra-ataques americanos. Aos 9 min, por exemplo, Obina falhou na finaliza\u00e7\u00e3o, quando estava livre, desperdi\u00e7ando a chance do terceiro. Na base da vontade, o time goiano ensaiou press\u00e3o, obrigando o goleiro Matheus a fazer duas boas defesas seguidas, al\u00e9m de mandar outras bolas para fora. Esporadicamente, o Am\u00e9rica aparecia com perigo no ataque, como aos 23 min, quando Obina novamente desperdi\u00e7ou a oportunidade. Dez minutos depois, foi a vez do time de Waldemar lemos desperdi\u00e7ar grande chance, quando Arthur mandou a bola na trave, em cobran\u00e7a de falta. Nos acr\u00e9scimos, Ricardinho chutou Arthur deitado e foi expulso. \u00c1lvaro tamb\u00e9m levou o vermelho por ter tirado satisfa\u00e7\u00f5es com o atacante americano.<\/p>\n","protected":false},"excerpt":{"rendered":"<p>O Am\u00e9rica-MG demonstrou n\u00e3o ter sentido a elimina\u00e7\u00e3o para o Bahia, na Copa do Brasil, venceu o lanterna Vila Nova-GO, por 2 a 0, neste s\u00e1bado, no Independ\u00eancia, reassumindo a lideran\u00e7a, embora de forma provis\u00f3ria, da S\u00e9rie B do Brasileiro, com 13 pontos. O time goiano, que estreou o t\u00e9cnico Waldemar Lemos, sofreu sua quarta [&hellip;]<\/p>\n","protected":false},"author":2,"featured_media":9862,"comment_status":"open","ping_status":"closed","sticky":false,"template":"","format":"standard","meta":{"_acf_changed":false,"footnotes":""},"categories":[19,29],"tags":[],"class_list":["post-9861","post","type-post","status-publish","format-standard","has-post-thumbnail","hentry","category-esportes","category-futebol"],"acf":[],"yoast_head":"<!-- This site is optimized with the Yoast SEO plugin v27.2 - https:\/\/yoast.com\/product\/yoast-seo-wordpress\/ -->\n<title>Am\u00e9rica Mineiro bate lanterna e assume ponta na Segundona - Notibras<\/title>\n<meta name=\"robots\" content=\"index, follow, max-snippet:-1, max-image-preview:large, max-video-preview:-1\" \/>\n<link rel=\"canonical\" href=\"https:\/\/www.notibras.com\/site\/america-mineiro-bate-lanterna-e-assume-ponta-na-segundona\/\" \/>\n<meta property=\"og:locale\" content=\"pt_BR\" \/>\n<meta property=\"og:type\" content=\"article\" \/>\n<meta property=\"og:title\" content=\"Am\u00e9rica Mineiro bate lanterna e assume ponta na Segundona - Notibras\" \/>\n<meta property=\"og:description\" content=\"O Am\u00e9rica-MG demonstrou n\u00e3o ter sentido a elimina\u00e7\u00e3o para o Bahia, na Copa do Brasil, venceu o lanterna Vila Nova-GO, por 2 a 0, neste s\u00e1bado, no Independ\u00eancia, reassumindo a lideran\u00e7a, embora de forma provis\u00f3ria, da S\u00e9rie B do Brasileiro, com 13 pontos. O time goiano, que estreou o t\u00e9cnico Waldemar Lemos, sofreu sua quarta [&hellip;]\" \/>\n<meta property=\"og:url\" content=\"https:\/\/www.notibras.com\/site\/america-mineiro-bate-lanterna-e-assume-ponta-na-segundona\/\" \/>\n<meta property=\"og:site_name\" content=\"Notibras\" \/>\n<meta property=\"article:publisher\" content=\"https:\/\/www.facebook.com\/notibras\/\" \/>\n<meta property=\"article:published_time\" content=\"2014-05-17T21:46:44+00:00\" \/>\n<meta property=\"og:image\" content=\"https:\/\/www.notibras.com\/site\/wp-content\/uploads\/2014\/05\/dsc_0072.jpg\" \/>\n\t<meta property=\"og:image:width\" content=\"628\" \/>\n\t<meta property=\"og:image:height\" content=\"370\" \/>\n\t<meta property=\"og:image:type\" content=\"image\/jpeg\" \/>\n<meta name=\"author\" content=\"Reda\u00e7\u00e3o\" \/>\n<meta name=\"twitter:card\" content=\"summary_large_image\" \/>\n<meta name=\"twitter:creator\" content=\"@Notibras\" \/>\n<meta name=\"twitter:site\" content=\"@Notibras\" \/>\n<meta name=\"twitter:label1\" content=\"Escrito por\" \/>\n\t<meta name=\"twitter:data1\" content=\"Reda\u00e7\u00e3o\" \/>\n\t<meta name=\"twitter:label2\" content=\"Est. tempo de leitura\" \/>\n\t<meta name=\"twitter:data2\" content=\"3 minutos\" \/>\n<script type=\"application\/ld+json\" class=\"yoast-schema-graph\">{\"@context\":\"https:\/\/schema.org\",\"@graph\":[{\"@type\":\"Article\",\"@id\":\"https:\/\/www.notibras.com\/site\/america-mineiro-bate-lanterna-e-assume-ponta-na-segundona\/#article\",\"isPartOf\":{\"@id\":\"https:\/\/www.notibras.com\/site\/america-mineiro-bate-lanterna-e-assume-ponta-na-segundona\/\"},\"author\":{\"name\":\"Reda\u00e7\u00e3o\",\"@id\":\"https:\/\/www.notibras.com\/site\/#\/schema\/person\/36ab0979449956132d3e5b517ea76ac8\"},\"headline\":\"Am\u00e9rica Mineiro bate lanterna e assume ponta na Segundona\",\"datePublished\":\"2014-05-17T21:46:44+00:00\",\"mainEntityOfPage\":{\"@id\":\"https:\/\/www.notibras.com\/site\/america-mineiro-bate-lanterna-e-assume-ponta-na-segundona\/\"},\"wordCount\":665,\"commentCount\":0,\"publisher\":{\"@id\":\"https:\/\/www.notibras.com\/site\/#organization\"},\"image\":{\"@id\":\"https:\/\/www.notibras.com\/site\/america-mineiro-bate-lanterna-e-assume-ponta-na-segundona\/#primaryimage\"},\"thumbnailUrl\":\"https:\/\/www.notibras.com\/site\/wp-content\/uploads\/2014\/05\/dsc_0072.jpg\",\"articleSection\":[\"Esportes\",\"Futebol\"],\"inLanguage\":\"pt-BR\",\"potentialAction\":[{\"@type\":\"CommentAction\",\"name\":\"Comment\",\"target\":[\"https:\/\/www.notibras.com\/site\/america-mineiro-bate-lanterna-e-assume-ponta-na-segundona\/#respond\"]}]},{\"@type\":\"WebPage\",\"@id\":\"https:\/\/www.notibras.com\/site\/america-mineiro-bate-lanterna-e-assume-ponta-na-segundona\/\",\"url\":\"https:\/\/www.notibras.com\/site\/america-mineiro-bate-lanterna-e-assume-ponta-na-segundona\/\",\"name\":\"Am\u00e9rica Mineiro bate lanterna e assume ponta na Segundona - Notibras\",\"isPartOf\":{\"@id\":\"https:\/\/www.notibras.com\/site\/#website\"},\"primaryImageOfPage\":{\"@id\":\"https:\/\/www.notibras.com\/site\/america-mineiro-bate-lanterna-e-assume-ponta-na-segundona\/#primaryimage\"},\"image\":{\"@id\":\"https:\/\/www.notibras.com\/site\/america-mineiro-bate-lanterna-e-assume-ponta-na-segundona\/#primaryimage\"},\"thumbnailUrl\":\"https:\/\/www.notibras.com\/site\/wp-content\/uploads\/2014\/05\/dsc_0072.jpg\",\"datePublished\":\"2014-05-17T21:46:44+00:00\",\"breadcrumb\":{\"@id\":\"https:\/\/www.notibras.com\/site\/america-mineiro-bate-lanterna-e-assume-ponta-na-segundona\/#breadcrumb\"},\"inLanguage\":\"pt-BR\",\"potentialAction\":[{\"@type\":\"ReadAction\",\"target\":[\"https:\/\/www.notibras.com\/site\/america-mineiro-bate-lanterna-e-assume-ponta-na-segundona\/\"]}]},{\"@type\":\"ImageObject\",\"inLanguage\":\"pt-BR\",\"@id\":\"https:\/\/www.notibras.com\/site\/america-mineiro-bate-lanterna-e-assume-ponta-na-segundona\/#primaryimage\",\"url\":\"https:\/\/www.notibras.com\/site\/wp-content\/uploads\/2014\/05\/dsc_0072.jpg\",\"contentUrl\":\"https:\/\/www.notibras.com\/site\/wp-content\/uploads\/2014\/05\/dsc_0072.jpg\",\"width\":628,\"height\":370},{\"@type\":\"BreadcrumbList\",\"@id\":\"https:\/\/www.notibras.com\/site\/america-mineiro-bate-lanterna-e-assume-ponta-na-segundona\/#breadcrumb\",\"itemListElement\":[{\"@type\":\"ListItem\",\"position\":1,\"name\":\"In\u00edcio\",\"item\":\"https:\/\/www.notibras.com\/site\/\"},{\"@type\":\"ListItem\",\"position\":2,\"name\":\"Am\u00e9rica Mineiro bate lanterna e assume ponta na Segundona\"}]},{\"@type\":\"WebSite\",\"@id\":\"https:\/\/www.notibras.com\/site\/#website\",\"url\":\"https:\/\/www.notibras.com\/site\/\",\"name\":\"Notibras\",\"description\":\"Not\u00edcias de Bras\u00edlia, do Brasil e do Mundo\",\"publisher\":{\"@id\":\"https:\/\/www.notibras.com\/site\/#organization\"},\"potentialAction\":[{\"@type\":\"SearchAction\",\"target\":{\"@type\":\"EntryPoint\",\"urlTemplate\":\"https:\/\/www.notibras.com\/site\/?s={search_term_string}\"},\"query-input\":{\"@type\":\"PropertyValueSpecification\",\"valueRequired\":true,\"valueName\":\"search_term_string\"}}],\"inLanguage\":\"pt-BR\"},{\"@type\":\"Organization\",\"@id\":\"https:\/\/www.notibras.com\/site\/#organization\",\"name\":\"Grupo Notibras de Comunica\u00e7\u00e3o\",\"url\":\"https:\/\/www.notibras.com\/site\/\",\"logo\":{\"@type\":\"ImageObject\",\"inLanguage\":\"pt-BR\",\"@id\":\"https:\/\/www.notibras.com\/site\/#\/schema\/logo\/image\/\",\"url\":\"https:\/\/www.notibras.com\/site\/wp-content\/uploads\/2023\/01\/notibras23.png\",\"contentUrl\":\"https:\/\/www.notibras.com\/site\/wp-content\/uploads\/2023\/01\/notibras23.png\",\"width\":350,\"height\":87,\"caption\":\"Grupo Notibras de Comunica\u00e7\u00e3o\"},\"image\":{\"@id\":\"https:\/\/www.notibras.com\/site\/#\/schema\/logo\/image\/\"},\"sameAs\":[\"https:\/\/www.facebook.com\/notibras\/\",\"https:\/\/x.com\/Notibras\",\"https:\/\/www.instagram.com\/notibras\/\"]},{\"@type\":\"Person\",\"@id\":\"https:\/\/www.notibras.com\/site\/#\/schema\/person\/36ab0979449956132d3e5b517ea76ac8\",\"name\":\"Reda\u00e7\u00e3o\",\"image\":{\"@type\":\"ImageObject\",\"inLanguage\":\"pt-BR\",\"@id\":\"https:\/\/secure.gravatar.com\/avatar\/e0a867bdedb85fd243eadf09663511f96fc81e0720a4a42581f334ad4303aa6b?s=96&d=mm&r=g\",\"url\":\"https:\/\/secure.gravatar.com\/avatar\/e0a867bdedb85fd243eadf09663511f96fc81e0720a4a42581f334ad4303aa6b?s=96&d=mm&r=g\",\"contentUrl\":\"https:\/\/secure.gravatar.com\/avatar\/e0a867bdedb85fd243eadf09663511f96fc81e0720a4a42581f334ad4303aa6b?s=96&d=mm&r=g\",\"caption\":\"Reda\u00e7\u00e3o\"}}]}<\/script>\n<!-- \/ Yoast SEO plugin. -->","yoast_head_json":{"title":"Am\u00e9rica Mineiro bate lanterna e assume ponta na Segundona - Notibras","robots":{"index":"index","follow":"follow","max-snippet":"max-snippet:-1","max-image-preview":"max-image-preview:large","max-video-preview":"max-video-preview:-1"},"canonical":"https:\/\/www.notibras.com\/site\/america-mineiro-bate-lanterna-e-assume-ponta-na-segundona\/","og_locale":"pt_BR","og_type":"article","og_title":"Am\u00e9rica Mineiro bate lanterna e assume ponta na Segundona - Notibras","og_description":"O Am\u00e9rica-MG demonstrou n\u00e3o ter sentido a elimina\u00e7\u00e3o para o Bahia, na Copa do Brasil, venceu o lanterna Vila Nova-GO, por 2 a 0, neste s\u00e1bado, no Independ\u00eancia, reassumindo a lideran\u00e7a, embora de forma provis\u00f3ria, da S\u00e9rie B do Brasileiro, com 13 pontos. O time goiano, que estreou o t\u00e9cnico Waldemar Lemos, sofreu sua quarta [&hellip;]","og_url":"https:\/\/www.notibras.com\/site\/america-mineiro-bate-lanterna-e-assume-ponta-na-segundona\/","og_site_name":"Notibras","article_publisher":"https:\/\/www.facebook.com\/notibras\/","article_published_time":"2014-05-17T21:46:44+00:00","og_image":[{"width":628,"height":370,"url":"https:\/\/www.notibras.com\/site\/wp-content\/uploads\/2014\/05\/dsc_0072.jpg","type":"image\/jpeg"}],"author":"Reda\u00e7\u00e3o","twitter_card":"summary_large_image","twitter_creator":"@Notibras","twitter_site":"@Notibras","twitter_misc":{"Escrito por":"Reda\u00e7\u00e3o","Est. tempo de leitura":"3 minutos"},"schema":{"@context":"https:\/\/schema.org","@graph":[{"@type":"Article","@id":"https:\/\/www.notibras.com\/site\/america-mineiro-bate-lanterna-e-assume-ponta-na-segundona\/#article","isPartOf":{"@id":"https:\/\/www.notibras.com\/site\/america-mineiro-bate-lanterna-e-assume-ponta-na-segundona\/"},"author":{"name":"Reda\u00e7\u00e3o","@id":"https:\/\/www.notibras.com\/site\/#\/schema\/person\/36ab0979449956132d3e5b517ea76ac8"},"headline":"Am\u00e9rica Mineiro bate lanterna e assume ponta na Segundona","datePublished":"2014-05-17T21:46:44+00:00","mainEntityOfPage":{"@id":"https:\/\/www.notibras.com\/site\/america-mineiro-bate-lanterna-e-assume-ponta-na-segundona\/"},"wordCount":665,"commentCount":0,"publisher":{"@id":"https:\/\/www.notibras.com\/site\/#organization"},"image":{"@id":"https:\/\/www.notibras.com\/site\/america-mineiro-bate-lanterna-e-assume-ponta-na-segundona\/#primaryimage"},"thumbnailUrl":"https:\/\/www.notibras.com\/site\/wp-content\/uploads\/2014\/05\/dsc_0072.jpg","articleSection":["Esportes","Futebol"],"inLanguage":"pt-BR","potentialAction":[{"@type":"CommentAction","name":"Comment","target":["https:\/\/www.notibras.com\/site\/america-mineiro-bate-lanterna-e-assume-ponta-na-segundona\/#respond"]}]},{"@type":"WebPage","@id":"https:\/\/www.notibras.com\/site\/america-mineiro-bate-lanterna-e-assume-ponta-na-segundona\/","url":"https:\/\/www.notibras.com\/site\/america-mineiro-bate-lanterna-e-assume-ponta-na-segundona\/","name":"Am\u00e9rica Mineiro bate lanterna e assume ponta na Segundona - Notibras","isPartOf":{"@id":"https:\/\/www.notibras.com\/site\/#website"},"primaryImageOfPage":{"@id":"https:\/\/www.notibras.com\/site\/america-mineiro-bate-lanterna-e-assume-ponta-na-segundona\/#primaryimage"},"image":{"@id":"https:\/\/www.notibras.com\/site\/america-mineiro-bate-lanterna-e-assume-ponta-na-segundona\/#primaryimage"},"thumbnailUrl":"https:\/\/www.notibras.com\/site\/wp-content\/uploads\/2014\/05\/dsc_0072.jpg","datePublished":"2014-05-17T21:46:44+00:00","breadcrumb":{"@id":"https:\/\/www.notibras.com\/site\/america-mineiro-bate-lanterna-e-assume-ponta-na-segundona\/#breadcrumb"},"inLanguage":"pt-BR","potentialAction":[{"@type":"ReadAction","target":["https:\/\/www.notibras.com\/site\/america-mineiro-bate-lanterna-e-assume-ponta-na-segundona\/"]}]},{"@type":"ImageObject","inLanguage":"pt-BR","@id":"https:\/\/www.notibras.com\/site\/america-mineiro-bate-lanterna-e-assume-ponta-na-segundona\/#primaryimage","url":"https:\/\/www.notibras.com\/site\/wp-content\/uploads\/2014\/05\/dsc_0072.jpg","contentUrl":"https:\/\/www.notibras.com\/site\/wp-content\/uploads\/2014\/05\/dsc_0072.jpg","width":628,"height":370},{"@type":"BreadcrumbList","@id":"https:\/\/www.notibras.com\/site\/america-mineiro-bate-lanterna-e-assume-ponta-na-segundona\/#breadcrumb","itemListElement":[{"@type":"ListItem","position":1,"name":"In\u00edcio","item":"https:\/\/www.notibras.com\/site\/"},{"@type":"ListItem","position":2,"name":"Am\u00e9rica Mineiro bate lanterna e assume ponta na Segundona"}]},{"@type":"WebSite","@id":"https:\/\/www.notibras.com\/site\/#website","url":"https:\/\/www.notibras.com\/site\/","name":"Notibras","description":"Not\u00edcias de Bras\u00edlia, do Brasil e do Mundo","publisher":{"@id":"https:\/\/www.notibras.com\/site\/#organization"},"potentialAction":[{"@type":"SearchAction","target":{"@type":"EntryPoint","urlTemplate":"https:\/\/www.notibras.com\/site\/?s={search_term_string}"},"query-input":{"@type":"PropertyValueSpecification","valueRequired":true,"valueName":"search_term_string"}}],"inLanguage":"pt-BR"},{"@type":"Organization","@id":"https:\/\/www.notibras.com\/site\/#organization","name":"Grupo Notibras de Comunica\u00e7\u00e3o","url":"https:\/\/www.notibras.com\/site\/","logo":{"@type":"ImageObject","inLanguage":"pt-BR","@id":"https:\/\/www.notibras.com\/site\/#\/schema\/logo\/image\/","url":"https:\/\/www.notibras.com\/site\/wp-content\/uploads\/2023\/01\/notibras23.png","contentUrl":"https:\/\/www.notibras.com\/site\/wp-content\/uploads\/2023\/01\/notibras23.png","width":350,"height":87,"caption":"Grupo Notibras de Comunica\u00e7\u00e3o"},"image":{"@id":"https:\/\/www.notibras.com\/site\/#\/schema\/logo\/image\/"},"sameAs":["https:\/\/www.facebook.com\/notibras\/","https:\/\/x.com\/Notibras","https:\/\/www.instagram.com\/notibras\/"]},{"@type":"Person","@id":"https:\/\/www.notibras.com\/site\/#\/schema\/person\/36ab0979449956132d3e5b517ea76ac8","name":"Reda\u00e7\u00e3o","image":{"@type":"ImageObject","inLanguage":"pt-BR","@id":"https:\/\/secure.gravatar.com\/avatar\/e0a867bdedb85fd243eadf09663511f96fc81e0720a4a42581f334ad4303aa6b?s=96&d=mm&r=g","url":"https:\/\/secure.gravatar.com\/avatar\/e0a867bdedb85fd243eadf09663511f96fc81e0720a4a42581f334ad4303aa6b?s=96&d=mm&r=g","contentUrl":"https:\/\/secure.gravatar.com\/avatar\/e0a867bdedb85fd243eadf09663511f96fc81e0720a4a42581f334ad4303aa6b?s=96&d=mm&r=g","caption":"Reda\u00e7\u00e3o"}}]}},"amp_enabled":true,"_links":{"self":[{"href":"https:\/\/www.notibras.com\/site\/wp-json\/wp\/v2\/posts\/9861","targetHints":{"allow":["GET"]}}],"collection":[{"href":"https:\/\/www.notibras.com\/site\/wp-json\/wp\/v2\/posts"}],"about":[{"href":"https:\/\/www.notibras.com\/site\/wp-json\/wp\/v2\/types\/post"}],"author":[{"embeddable":true,"href":"https:\/\/www.notibras.com\/site\/wp-json\/wp\/v2\/users\/2"}],"replies":[{"embeddable":true,"href":"https:\/\/www.notibras.com\/site\/wp-json\/wp\/v2\/comments?post=9861"}],"version-history":[{"count":0,"href":"https:\/\/www.notibras.com\/site\/wp-json\/wp\/v2\/posts\/9861\/revisions"}],"wp:featuredmedia":[{"embeddable":true,"href":"https:\/\/www.notibras.com\/site\/wp-json\/wp\/v2\/media\/9862"}],"wp:attachment":[{"href":"https:\/\/www.notibras.com\/site\/wp-json\/wp\/v2\/media?parent=9861"}],"wp:term":[{"taxonomy":"category","embeddable":true,"href":"https:\/\/www.notibras.com\/site\/wp-json\/wp\/v2\/categories?post=9861"},{"taxonomy":"post_tag","embeddable":true,"href":"https:\/\/www.notibras.com\/site\/wp-json\/wp\/v2\/tags?post=9861"}],"curies":[{"name":"wp","href":"https:\/\/api.w.org\/{rel}","templated":true}]}}