{"id":9864,"date":"2014-05-17T20:31:48","date_gmt":"2014-05-17T23:31:48","guid":{"rendered":"http:\/\/www.notibras.com\/site\/?p=9864"},"modified":"2014-05-18T18:04:54","modified_gmt":"2014-05-18T21:04:54","slug":"cruzeiro-da-a-volta-por-cima-e-passa-pelo-coritiba-em-casa-sem-sustos","status":"publish","type":"post","link":"https:\/\/www.notibras.com\/site\/cruzeiro-da-a-volta-por-cima-e-passa-pelo-coritiba-em-casa-sem-sustos\/","title":{"rendered":"Cruzeiro d\u00e1 a volta por cima e passa pelo Coritiba sem sustos"},"content":{"rendered":"<p>O Cruzeiro parece ter conseguido se recuperar do golpe sentido com a elimina\u00e7\u00e3o da Copa Libertadores. Neste s\u00e1bado 17, jogando em casa, voltou a mostrar um bom futebol &#8211; apesar de falhas na defesa &#8211; e passou pelo Coritiba pelo placar de 3 a 2.<\/p>\n<p>Com o resultado, os mineiros se aproximam da ponta da tabela. J\u00e1 o Coritiba est\u00e1 na 18\u00aa posi\u00e7\u00e3o, ainda sem triunfo. E a partida teve como caracter\u00edstica a volta por cima de dois jogadores, que andavam por baixo na Toca da Raposa: Ricardo Goulart, que marcou dois tentos celestes, e Borges, que fez o terceiro, ap\u00f3s a equipe visitante ter empatado duas vezes.<\/p>\n<p>O Cruzeiro foi a 10 pontos, mesmo n\u00famero do Internacional e Goi\u00e1s, mas ficou em segundo lugar por ter um gol a menos que o time ga\u00facho \u2013 dois a tr\u00eas, mas mais gols marcados que o clube esmeraldino, o terceiro: 10 a quatro. O Coritiba, de Alex e Celso Roth, que havia empatado tr\u00eas jogos nas quatro primeiras rodadas, sofreu sua segunda derrota seguida. No domingo passado, o time paranaense perdeu para o Sport, em casa, por 1 a 0, e segue com apenas tr\u00eas pontos em 15 poss\u00edveis.<\/p>\n<p>A partida n\u00e3o teve grande n\u00edvel t\u00e9cnico, mas, especialmente no segundo tempo, foi muito movimentada, cheia de alternativas, com cinco gols, lances pol\u00eamicos e jogadas bonitas dos dois lados.<\/p>\n<p>Estreando a camisa amarela, lan\u00e7ada na v\u00e9spera em iniciativa do departamento de marketing por causa da Copa do Mundo, o Cruzeiro reviu Alex, principal jogador da conquista da Tr\u00edplice Coroa, em 2003 e que voltou ao Mineir\u00e3o 10 anos depois. O atual camisa dez do Coritiba foi saudado pelos torcedores celestes, que gritaram em coro o seu nome. &#8220;Emociona. As lembran\u00e7as v\u00eam \u00e0 tona, mesmo n\u00e3o sendo o Mineir\u00e3o da minha \u00e9poca. Como deve ser o \u00faltimo jogo meu no Mineir\u00e3o, vamos desfrutar&#8221;, comentou o jogador, antes de a bola rolar.<\/p>\n<p>J\u00e1 o t\u00e9cnico Celso Roth, antecessor de Marcelo Oliveira, e que comandou o time cruzeirense no Brasileir\u00e3o de 2012, sem deixar saudades, da torcida, passou despercebido para os celestes, que compareceram em pequeno n\u00famero ao Mineir\u00e3o, no jogo seguinte ao da elimina\u00e7\u00e3o do clube na Libertadores, pelo San Lorenzo, na \u00faltima quarta-feira. Os que acreditaram viram o Cruzeiro sair \u00e0 frente, logo aos 10 min, com gol de Ricardo Goulart, aproveitando cruzamento de Eg\u00eddio.<\/p>\n<p>Ambos voltaram a ser titulares, mas por motivos diferentes. O lateral esquerdo jogou por causa da contus\u00e3o do paraguaio Miguel Samudio. J\u00e1 Goulart retomou sua vaga, atuando no lugar de Julio Baptista, que foi para o banco. Marcelo Moreno cumpriu suspens\u00e3o e foi substitu\u00eddo por Borges. Dagoberto retornou ao time titular na vaga de Willian, em mudan\u00e7as do t\u00e9cnico Marcelo Oliveira visando a recupera\u00e7\u00e3o imediata da equipe. Os cruzeirenses viram tamb\u00e9m o empate paranaense, com gol de Alex e ainda o segundo gol de Ricardo Goulart.<\/p>\n<p>Ao fazer seu gol, o &#8216;talento azul&#8217;, como Alex ficou conhecido em sua vitoriosa passagem pelo Cruzeiro, comemorou o gol, ali\u00e1s, cumprindo o que havia afirmado em entrevista antes do in\u00edcio do jogo. &#8220;O Coritiba que paga o meu sal\u00e1rio, sou jogador do Coritiba, quando fiz pelo Cruzeiro contra o Coritiba comemorei, n\u00e3o tem porque ser diferente&#8221;, afirmou Alex, que manteve o estilo contido de suas comemora\u00e7\u00f5es, mas n\u00e3o deixou de festejar seu primeiro gol na atual edi\u00e7\u00e3o do Brasileir\u00e3o.<\/p>\n<p>O primeiro tempo come\u00e7ou com o Cruzeiro em cima do Coritiba. E demorou apenas 10 minutos para abrir o placar, com Ricardo Goulart desviando de cabe\u00e7a, bola cruzada por Eg\u00eddio, depois de falha do Coritiba, que perdeu a bola no meio de campo. Esse gol deixou o time paranaense numa situa\u00e7\u00e3o dif\u00edcil, porque o planejamento de Roth era jogar atr\u00e1s, tentando contra-ataques. Em desvantagem e com m\u00e1 campanha, n\u00e3o restava outra op\u00e7\u00e3o a n\u00e3o ser se soltar mais, cedendo espa\u00e7os ao advers\u00e1rio.<\/p>\n<p>Mesmo hesitante, o Coritiba foi \u00e0 frente. Aos 18 min, Jaj\u00e1 arriscou chute, que assustou F\u00e1bio, por ter desviado em um defensor celeste. A cobran\u00e7a de escanteio n\u00e3o deu em nada. Mas no ataque seguinte dos visitantes, aos 22 min, Alex empatou o jogo. E de cabe\u00e7a, que n\u00e3o \u00e9 o seu forte, aproveitando cruzamento de Carlinhos, da esquerda, e falha de marca\u00e7\u00e3o de Ded\u00e9. A igualdade desarticulou o time anfitri\u00e3o, por alguns momentos, e calou os torcedores.<\/p>\n<p>Passado esses momentos de tens\u00e3o, o Cruzeiro reassumiu o controle da partida, chegou com perigo ao ataque, em alguns lances, mas sem muita objetividade. A situa\u00e7\u00e3o havia voltado ao come\u00e7o, ou seja, o Coritiba fechado, explorando os contra-ataques. Aos 35 min, por exemplo, o lateral esquerdo Carlinhos desceu bem e obrigou F\u00e1bio a fazer boa defesa. Mas o segundo gol foi do anfitri\u00e3o, novamente marcado por Ricardo Goulart, completando jogada iniciada por ele, que teve Borges fazendo o piv\u00f4 e Everton Ribeiro cruzando para o goleador da noite balan\u00e7ar as redes.<\/p>\n<p>Os dois times voltaram para o segundo tempo sem modifica\u00e7\u00f5es. E logo aos 5 min, houve um lance pol\u00eamico em que os cruzeirenses reclamaram intensamente a n\u00e3o marca\u00e7\u00e3o de dois p\u00eanaltis na mesma jogada, o primeiro sobre Bruno Rodrigo e o segundo contra Nilton, na sequ\u00eancia. Os protestos n\u00e3o ficaram restritos ao Mineir\u00e3o. A rea\u00e7\u00e3o nas redes sociais foram imediatas, com muitos internautas celestes dizendo que j\u00e1 desistiram de ver um p\u00eanalti assinalado a favor do time. Para piorar a situa\u00e7\u00e3o do clube anfitri\u00e3o, o Coritiba empatou, pela segunda vez, com outro gol de cabe\u00e7a, dessa vez feito por Norberto, novamente antecipando-se a Ded\u00e9.<\/p>\n<p>Cruzeiro n\u00e3o se abateu dessa vez e partiu para o ataque em busca do terceiro gol. Eg\u00eddio, aos 16 min, mandou a bola na trave, ao receber passe de calcanhar de Dagoberto, e quatro minutos depois, Ricardo Goulart, livre, desperdi\u00e7ou \u00f3tima chance para fazer o terceiro, ao finalizar para fora. Para tentar a vit\u00f3ria, Marcelo Oliveira colocou Mayke no posto de Cear\u00e1 e o atacante Willian no lugar do volante Henrique. A press\u00e3o celeste deu certo e Borges, aos 23 min, desviou para as redes. O jogo seguiu aberto at\u00e9 o final, com os dois times atacando e buscando o gol.<\/p>\n","protected":false},"excerpt":{"rendered":"<p>O Cruzeiro parece ter conseguido se recuperar do golpe sentido com a elimina\u00e7\u00e3o da Copa Libertadores. Neste s\u00e1bado 17, jogando em casa, voltou a mostrar um bom futebol &#8211; apesar de falhas na defesa &#8211; e passou pelo Coritiba pelo placar de 3 a 2. Com o resultado, os mineiros se aproximam da ponta da [&hellip;]<\/p>\n","protected":false},"author":2,"featured_media":9865,"comment_status":"open","ping_status":"closed","sticky":false,"template":"","format":"standard","meta":{"_acf_changed":false,"footnotes":""},"categories":[19,29],"tags":[],"class_list":["post-9864","post","type-post","status-publish","format-standard","has-post-thumbnail","hentry","category-esportes","category-futebol"],"acf":[],"yoast_head":"<!-- This site is optimized with the Yoast SEO plugin v27.2 - https:\/\/yoast.com\/product\/yoast-seo-wordpress\/ -->\n<title>Cruzeiro d\u00e1 a volta por cima e passa pelo Coritiba sem sustos - Notibras<\/title>\n<meta name=\"robots\" content=\"index, follow, max-snippet:-1, max-image-preview:large, max-video-preview:-1\" \/>\n<link rel=\"canonical\" href=\"https:\/\/www.notibras.com\/site\/cruzeiro-da-a-volta-por-cima-e-passa-pelo-coritiba-em-casa-sem-sustos\/\" \/>\n<meta property=\"og:locale\" content=\"pt_BR\" \/>\n<meta property=\"og:type\" content=\"article\" \/>\n<meta property=\"og:title\" content=\"Cruzeiro d\u00e1 a volta por cima e passa pelo Coritiba sem sustos - Notibras\" \/>\n<meta property=\"og:description\" content=\"O Cruzeiro parece ter conseguido se recuperar do golpe sentido com a elimina\u00e7\u00e3o da Copa Libertadores. Neste s\u00e1bado 17, jogando em casa, voltou a mostrar um bom futebol &#8211; apesar de falhas na defesa &#8211; e passou pelo Coritiba pelo placar de 3 a 2. Com o resultado, os mineiros se aproximam da ponta da [&hellip;]\" \/>\n<meta property=\"og:url\" content=\"https:\/\/www.notibras.com\/site\/cruzeiro-da-a-volta-por-cima-e-passa-pelo-coritiba-em-casa-sem-sustos\/\" \/>\n<meta property=\"og:site_name\" content=\"Notibras\" \/>\n<meta property=\"article:publisher\" content=\"https:\/\/www.facebook.com\/notibras\/\" \/>\n<meta property=\"article:published_time\" content=\"2014-05-17T23:31:48+00:00\" \/>\n<meta property=\"article:modified_time\" content=\"2014-05-18T21:04:54+00:00\" \/>\n<meta property=\"og:image\" content=\"https:\/\/www.notibras.com\/site\/wp-content\/uploads\/2014\/05\/009.jpg\" \/>\n\t<meta property=\"og:image:width\" content=\"934\" \/>\n\t<meta property=\"og:image:height\" content=\"557\" \/>\n\t<meta property=\"og:image:type\" content=\"image\/jpeg\" \/>\n<meta name=\"author\" content=\"Reda\u00e7\u00e3o\" \/>\n<meta name=\"twitter:card\" content=\"summary_large_image\" \/>\n<meta name=\"twitter:creator\" content=\"@Notibras\" \/>\n<meta name=\"twitter:site\" content=\"@Notibras\" \/>\n<meta name=\"twitter:label1\" content=\"Escrito por\" \/>\n\t<meta name=\"twitter:data1\" content=\"Reda\u00e7\u00e3o\" \/>\n\t<meta name=\"twitter:label2\" content=\"Est. tempo de leitura\" \/>\n\t<meta name=\"twitter:data2\" content=\"5 minutos\" \/>\n<script type=\"application\/ld+json\" class=\"yoast-schema-graph\">{\"@context\":\"https:\/\/schema.org\",\"@graph\":[{\"@type\":\"Article\",\"@id\":\"https:\/\/www.notibras.com\/site\/cruzeiro-da-a-volta-por-cima-e-passa-pelo-coritiba-em-casa-sem-sustos\/#article\",\"isPartOf\":{\"@id\":\"https:\/\/www.notibras.com\/site\/cruzeiro-da-a-volta-por-cima-e-passa-pelo-coritiba-em-casa-sem-sustos\/\"},\"author\":{\"name\":\"Reda\u00e7\u00e3o\",\"@id\":\"https:\/\/www.notibras.com\/site\/#\/schema\/person\/36ab0979449956132d3e5b517ea76ac8\"},\"headline\":\"Cruzeiro d\u00e1 a volta por cima e passa pelo Coritiba sem sustos\",\"datePublished\":\"2014-05-17T23:31:48+00:00\",\"dateModified\":\"2014-05-18T21:04:54+00:00\",\"mainEntityOfPage\":{\"@id\":\"https:\/\/www.notibras.com\/site\/cruzeiro-da-a-volta-por-cima-e-passa-pelo-coritiba-em-casa-sem-sustos\/\"},\"wordCount\":1089,\"commentCount\":0,\"publisher\":{\"@id\":\"https:\/\/www.notibras.com\/site\/#organization\"},\"image\":{\"@id\":\"https:\/\/www.notibras.com\/site\/cruzeiro-da-a-volta-por-cima-e-passa-pelo-coritiba-em-casa-sem-sustos\/#primaryimage\"},\"thumbnailUrl\":\"https:\/\/www.notibras.com\/site\/wp-content\/uploads\/2014\/05\/009.jpg\",\"articleSection\":[\"Esportes\",\"Futebol\"],\"inLanguage\":\"pt-BR\",\"potentialAction\":[{\"@type\":\"CommentAction\",\"name\":\"Comment\",\"target\":[\"https:\/\/www.notibras.com\/site\/cruzeiro-da-a-volta-por-cima-e-passa-pelo-coritiba-em-casa-sem-sustos\/#respond\"]}]},{\"@type\":\"WebPage\",\"@id\":\"https:\/\/www.notibras.com\/site\/cruzeiro-da-a-volta-por-cima-e-passa-pelo-coritiba-em-casa-sem-sustos\/\",\"url\":\"https:\/\/www.notibras.com\/site\/cruzeiro-da-a-volta-por-cima-e-passa-pelo-coritiba-em-casa-sem-sustos\/\",\"name\":\"Cruzeiro d\u00e1 a volta por cima e passa pelo Coritiba sem sustos - Notibras\",\"isPartOf\":{\"@id\":\"https:\/\/www.notibras.com\/site\/#website\"},\"primaryImageOfPage\":{\"@id\":\"https:\/\/www.notibras.com\/site\/cruzeiro-da-a-volta-por-cima-e-passa-pelo-coritiba-em-casa-sem-sustos\/#primaryimage\"},\"image\":{\"@id\":\"https:\/\/www.notibras.com\/site\/cruzeiro-da-a-volta-por-cima-e-passa-pelo-coritiba-em-casa-sem-sustos\/#primaryimage\"},\"thumbnailUrl\":\"https:\/\/www.notibras.com\/site\/wp-content\/uploads\/2014\/05\/009.jpg\",\"datePublished\":\"2014-05-17T23:31:48+00:00\",\"dateModified\":\"2014-05-18T21:04:54+00:00\",\"breadcrumb\":{\"@id\":\"https:\/\/www.notibras.com\/site\/cruzeiro-da-a-volta-por-cima-e-passa-pelo-coritiba-em-casa-sem-sustos\/#breadcrumb\"},\"inLanguage\":\"pt-BR\",\"potentialAction\":[{\"@type\":\"ReadAction\",\"target\":[\"https:\/\/www.notibras.com\/site\/cruzeiro-da-a-volta-por-cima-e-passa-pelo-coritiba-em-casa-sem-sustos\/\"]}]},{\"@type\":\"ImageObject\",\"inLanguage\":\"pt-BR\",\"@id\":\"https:\/\/www.notibras.com\/site\/cruzeiro-da-a-volta-por-cima-e-passa-pelo-coritiba-em-casa-sem-sustos\/#primaryimage\",\"url\":\"https:\/\/www.notibras.com\/site\/wp-content\/uploads\/2014\/05\/009.jpg\",\"contentUrl\":\"https:\/\/www.notibras.com\/site\/wp-content\/uploads\/2014\/05\/009.jpg\",\"width\":934,\"height\":557},{\"@type\":\"BreadcrumbList\",\"@id\":\"https:\/\/www.notibras.com\/site\/cruzeiro-da-a-volta-por-cima-e-passa-pelo-coritiba-em-casa-sem-sustos\/#breadcrumb\",\"itemListElement\":[{\"@type\":\"ListItem\",\"position\":1,\"name\":\"In\u00edcio\",\"item\":\"https:\/\/www.notibras.com\/site\/\"},{\"@type\":\"ListItem\",\"position\":2,\"name\":\"Cruzeiro d\u00e1 a volta por cima e passa pelo Coritiba sem sustos\"}]},{\"@type\":\"WebSite\",\"@id\":\"https:\/\/www.notibras.com\/site\/#website\",\"url\":\"https:\/\/www.notibras.com\/site\/\",\"name\":\"Notibras\",\"description\":\"Not\u00edcias de Bras\u00edlia, do Brasil e do Mundo\",\"publisher\":{\"@id\":\"https:\/\/www.notibras.com\/site\/#organization\"},\"potentialAction\":[{\"@type\":\"SearchAction\",\"target\":{\"@type\":\"EntryPoint\",\"urlTemplate\":\"https:\/\/www.notibras.com\/site\/?s={search_term_string}\"},\"query-input\":{\"@type\":\"PropertyValueSpecification\",\"valueRequired\":true,\"valueName\":\"search_term_string\"}}],\"inLanguage\":\"pt-BR\"},{\"@type\":\"Organization\",\"@id\":\"https:\/\/www.notibras.com\/site\/#organization\",\"name\":\"Grupo Notibras de Comunica\u00e7\u00e3o\",\"url\":\"https:\/\/www.notibras.com\/site\/\",\"logo\":{\"@type\":\"ImageObject\",\"inLanguage\":\"pt-BR\",\"@id\":\"https:\/\/www.notibras.com\/site\/#\/schema\/logo\/image\/\",\"url\":\"https:\/\/www.notibras.com\/site\/wp-content\/uploads\/2023\/01\/notibras23.png\",\"contentUrl\":\"https:\/\/www.notibras.com\/site\/wp-content\/uploads\/2023\/01\/notibras23.png\",\"width\":350,\"height\":87,\"caption\":\"Grupo Notibras de Comunica\u00e7\u00e3o\"},\"image\":{\"@id\":\"https:\/\/www.notibras.com\/site\/#\/schema\/logo\/image\/\"},\"sameAs\":[\"https:\/\/www.facebook.com\/notibras\/\",\"https:\/\/x.com\/Notibras\",\"https:\/\/www.instagram.com\/notibras\/\"]},{\"@type\":\"Person\",\"@id\":\"https:\/\/www.notibras.com\/site\/#\/schema\/person\/36ab0979449956132d3e5b517ea76ac8\",\"name\":\"Reda\u00e7\u00e3o\",\"image\":{\"@type\":\"ImageObject\",\"inLanguage\":\"pt-BR\",\"@id\":\"https:\/\/secure.gravatar.com\/avatar\/e0a867bdedb85fd243eadf09663511f96fc81e0720a4a42581f334ad4303aa6b?s=96&d=mm&r=g\",\"url\":\"https:\/\/secure.gravatar.com\/avatar\/e0a867bdedb85fd243eadf09663511f96fc81e0720a4a42581f334ad4303aa6b?s=96&d=mm&r=g\",\"contentUrl\":\"https:\/\/secure.gravatar.com\/avatar\/e0a867bdedb85fd243eadf09663511f96fc81e0720a4a42581f334ad4303aa6b?s=96&d=mm&r=g\",\"caption\":\"Reda\u00e7\u00e3o\"}}]}<\/script>\n<!-- \/ Yoast SEO plugin. -->","yoast_head_json":{"title":"Cruzeiro d\u00e1 a volta por cima e passa pelo Coritiba sem sustos - Notibras","robots":{"index":"index","follow":"follow","max-snippet":"max-snippet:-1","max-image-preview":"max-image-preview:large","max-video-preview":"max-video-preview:-1"},"canonical":"https:\/\/www.notibras.com\/site\/cruzeiro-da-a-volta-por-cima-e-passa-pelo-coritiba-em-casa-sem-sustos\/","og_locale":"pt_BR","og_type":"article","og_title":"Cruzeiro d\u00e1 a volta por cima e passa pelo Coritiba sem sustos - Notibras","og_description":"O Cruzeiro parece ter conseguido se recuperar do golpe sentido com a elimina\u00e7\u00e3o da Copa Libertadores. Neste s\u00e1bado 17, jogando em casa, voltou a mostrar um bom futebol &#8211; apesar de falhas na defesa &#8211; e passou pelo Coritiba pelo placar de 3 a 2. Com o resultado, os mineiros se aproximam da ponta da [&hellip;]","og_url":"https:\/\/www.notibras.com\/site\/cruzeiro-da-a-volta-por-cima-e-passa-pelo-coritiba-em-casa-sem-sustos\/","og_site_name":"Notibras","article_publisher":"https:\/\/www.facebook.com\/notibras\/","article_published_time":"2014-05-17T23:31:48+00:00","article_modified_time":"2014-05-18T21:04:54+00:00","og_image":[{"width":934,"height":557,"url":"https:\/\/www.notibras.com\/site\/wp-content\/uploads\/2014\/05\/009.jpg","type":"image\/jpeg"}],"author":"Reda\u00e7\u00e3o","twitter_card":"summary_large_image","twitter_creator":"@Notibras","twitter_site":"@Notibras","twitter_misc":{"Escrito por":"Reda\u00e7\u00e3o","Est. tempo de leitura":"5 minutos"},"schema":{"@context":"https:\/\/schema.org","@graph":[{"@type":"Article","@id":"https:\/\/www.notibras.com\/site\/cruzeiro-da-a-volta-por-cima-e-passa-pelo-coritiba-em-casa-sem-sustos\/#article","isPartOf":{"@id":"https:\/\/www.notibras.com\/site\/cruzeiro-da-a-volta-por-cima-e-passa-pelo-coritiba-em-casa-sem-sustos\/"},"author":{"name":"Reda\u00e7\u00e3o","@id":"https:\/\/www.notibras.com\/site\/#\/schema\/person\/36ab0979449956132d3e5b517ea76ac8"},"headline":"Cruzeiro d\u00e1 a volta por cima e passa pelo Coritiba sem sustos","datePublished":"2014-05-17T23:31:48+00:00","dateModified":"2014-05-18T21:04:54+00:00","mainEntityOfPage":{"@id":"https:\/\/www.notibras.com\/site\/cruzeiro-da-a-volta-por-cima-e-passa-pelo-coritiba-em-casa-sem-sustos\/"},"wordCount":1089,"commentCount":0,"publisher":{"@id":"https:\/\/www.notibras.com\/site\/#organization"},"image":{"@id":"https:\/\/www.notibras.com\/site\/cruzeiro-da-a-volta-por-cima-e-passa-pelo-coritiba-em-casa-sem-sustos\/#primaryimage"},"thumbnailUrl":"https:\/\/www.notibras.com\/site\/wp-content\/uploads\/2014\/05\/009.jpg","articleSection":["Esportes","Futebol"],"inLanguage":"pt-BR","potentialAction":[{"@type":"CommentAction","name":"Comment","target":["https:\/\/www.notibras.com\/site\/cruzeiro-da-a-volta-por-cima-e-passa-pelo-coritiba-em-casa-sem-sustos\/#respond"]}]},{"@type":"WebPage","@id":"https:\/\/www.notibras.com\/site\/cruzeiro-da-a-volta-por-cima-e-passa-pelo-coritiba-em-casa-sem-sustos\/","url":"https:\/\/www.notibras.com\/site\/cruzeiro-da-a-volta-por-cima-e-passa-pelo-coritiba-em-casa-sem-sustos\/","name":"Cruzeiro d\u00e1 a volta por cima e passa pelo Coritiba sem sustos - Notibras","isPartOf":{"@id":"https:\/\/www.notibras.com\/site\/#website"},"primaryImageOfPage":{"@id":"https:\/\/www.notibras.com\/site\/cruzeiro-da-a-volta-por-cima-e-passa-pelo-coritiba-em-casa-sem-sustos\/#primaryimage"},"image":{"@id":"https:\/\/www.notibras.com\/site\/cruzeiro-da-a-volta-por-cima-e-passa-pelo-coritiba-em-casa-sem-sustos\/#primaryimage"},"thumbnailUrl":"https:\/\/www.notibras.com\/site\/wp-content\/uploads\/2014\/05\/009.jpg","datePublished":"2014-05-17T23:31:48+00:00","dateModified":"2014-05-18T21:04:54+00:00","breadcrumb":{"@id":"https:\/\/www.notibras.com\/site\/cruzeiro-da-a-volta-por-cima-e-passa-pelo-coritiba-em-casa-sem-sustos\/#breadcrumb"},"inLanguage":"pt-BR","potentialAction":[{"@type":"ReadAction","target":["https:\/\/www.notibras.com\/site\/cruzeiro-da-a-volta-por-cima-e-passa-pelo-coritiba-em-casa-sem-sustos\/"]}]},{"@type":"ImageObject","inLanguage":"pt-BR","@id":"https:\/\/www.notibras.com\/site\/cruzeiro-da-a-volta-por-cima-e-passa-pelo-coritiba-em-casa-sem-sustos\/#primaryimage","url":"https:\/\/www.notibras.com\/site\/wp-content\/uploads\/2014\/05\/009.jpg","contentUrl":"https:\/\/www.notibras.com\/site\/wp-content\/uploads\/2014\/05\/009.jpg","width":934,"height":557},{"@type":"BreadcrumbList","@id":"https:\/\/www.notibras.com\/site\/cruzeiro-da-a-volta-por-cima-e-passa-pelo-coritiba-em-casa-sem-sustos\/#breadcrumb","itemListElement":[{"@type":"ListItem","position":1,"name":"In\u00edcio","item":"https:\/\/www.notibras.com\/site\/"},{"@type":"ListItem","position":2,"name":"Cruzeiro d\u00e1 a volta por cima e passa pelo Coritiba sem sustos"}]},{"@type":"WebSite","@id":"https:\/\/www.notibras.com\/site\/#website","url":"https:\/\/www.notibras.com\/site\/","name":"Notibras","description":"Not\u00edcias de Bras\u00edlia, do Brasil e do Mundo","publisher":{"@id":"https:\/\/www.notibras.com\/site\/#organization"},"potentialAction":[{"@type":"SearchAction","target":{"@type":"EntryPoint","urlTemplate":"https:\/\/www.notibras.com\/site\/?s={search_term_string}"},"query-input":{"@type":"PropertyValueSpecification","valueRequired":true,"valueName":"search_term_string"}}],"inLanguage":"pt-BR"},{"@type":"Organization","@id":"https:\/\/www.notibras.com\/site\/#organization","name":"Grupo Notibras de Comunica\u00e7\u00e3o","url":"https:\/\/www.notibras.com\/site\/","logo":{"@type":"ImageObject","inLanguage":"pt-BR","@id":"https:\/\/www.notibras.com\/site\/#\/schema\/logo\/image\/","url":"https:\/\/www.notibras.com\/site\/wp-content\/uploads\/2023\/01\/notibras23.png","contentUrl":"https:\/\/www.notibras.com\/site\/wp-content\/uploads\/2023\/01\/notibras23.png","width":350,"height":87,"caption":"Grupo Notibras de Comunica\u00e7\u00e3o"},"image":{"@id":"https:\/\/www.notibras.com\/site\/#\/schema\/logo\/image\/"},"sameAs":["https:\/\/www.facebook.com\/notibras\/","https:\/\/x.com\/Notibras","https:\/\/www.instagram.com\/notibras\/"]},{"@type":"Person","@id":"https:\/\/www.notibras.com\/site\/#\/schema\/person\/36ab0979449956132d3e5b517ea76ac8","name":"Reda\u00e7\u00e3o","image":{"@type":"ImageObject","inLanguage":"pt-BR","@id":"https:\/\/secure.gravatar.com\/avatar\/e0a867bdedb85fd243eadf09663511f96fc81e0720a4a42581f334ad4303aa6b?s=96&d=mm&r=g","url":"https:\/\/secure.gravatar.com\/avatar\/e0a867bdedb85fd243eadf09663511f96fc81e0720a4a42581f334ad4303aa6b?s=96&d=mm&r=g","contentUrl":"https:\/\/secure.gravatar.com\/avatar\/e0a867bdedb85fd243eadf09663511f96fc81e0720a4a42581f334ad4303aa6b?s=96&d=mm&r=g","caption":"Reda\u00e7\u00e3o"}}]}},"amp_enabled":true,"_links":{"self":[{"href":"https:\/\/www.notibras.com\/site\/wp-json\/wp\/v2\/posts\/9864","targetHints":{"allow":["GET"]}}],"collection":[{"href":"https:\/\/www.notibras.com\/site\/wp-json\/wp\/v2\/posts"}],"about":[{"href":"https:\/\/www.notibras.com\/site\/wp-json\/wp\/v2\/types\/post"}],"author":[{"embeddable":true,"href":"https:\/\/www.notibras.com\/site\/wp-json\/wp\/v2\/users\/2"}],"replies":[{"embeddable":true,"href":"https:\/\/www.notibras.com\/site\/wp-json\/wp\/v2\/comments?post=9864"}],"version-history":[{"count":0,"href":"https:\/\/www.notibras.com\/site\/wp-json\/wp\/v2\/posts\/9864\/revisions"}],"wp:featuredmedia":[{"embeddable":true,"href":"https:\/\/www.notibras.com\/site\/wp-json\/wp\/v2\/media\/9865"}],"wp:attachment":[{"href":"https:\/\/www.notibras.com\/site\/wp-json\/wp\/v2\/media?parent=9864"}],"wp:term":[{"taxonomy":"category","embeddable":true,"href":"https:\/\/www.notibras.com\/site\/wp-json\/wp\/v2\/categories?post=9864"},{"taxonomy":"post_tag","embeddable":true,"href":"https:\/\/www.notibras.com\/site\/wp-json\/wp\/v2\/tags?post=9864"}],"curies":[{"name":"wp","href":"https:\/\/api.w.org\/{rel}","templated":true}]}}