{"id":98750,"date":"2016-04-21T00:46:02","date_gmt":"2016-04-21T03:46:02","guid":{"rendered":"http:\/\/www.notibras.com\/site\/?p=98750"},"modified":"2016-07-30T16:50:43","modified_gmt":"2016-07-30T19:50:43","slug":"tempos-nao-mudam-ao-contrario-do-clima-que-gera-guerras-e-derruba-imperios","status":"publish","type":"post","link":"https:\/\/www.notibras.com\/site\/tempos-nao-mudam-ao-contrario-do-clima-que-gera-guerras-e-derruba-imperios\/","title":{"rendered":"Tempos n\u00e3o mudam, ao contr\u00e1rio do clima, que gera guerras e derruba imp\u00e9rios"},"content":{"rendered":"<p>Uma \u00e9poca de frio intenso reduziu a agricultura do Imp\u00e9rio Romano, um vulc\u00e3o desequilibrou a cultura maia e secas causaram revoltas na Irlanda medieval &#8211; v\u00e1rios estudos cient\u00edficos apresentados recentemente em Viena lembraram o impacto e a amea\u00e7a que a mudan\u00e7a clim\u00e1tica representa para a sociedade.<\/p>\n<p>As pesquisas expostas durante a assembleia anual da Uni\u00e3o Europeia de Geoci\u00eancias se referem a causas e \u00e9pocas distintas, mas coincidem no brutal impacto que a mudan\u00e7a clim\u00e1tica teve na civiliza\u00e7\u00e3o humana desde a Antiguidade at\u00e9 o presente.<\/p>\n<p>&#8220;Entender claramente como a seca impactou nas sociedades humanas no passado nunca foi muito importante, ainda mais com a atual interfer\u00eancia humana no sistema clim\u00e1tico global&#8221;, advertiu em sua apresenta\u00e7\u00e3o Francis Ludlow, do Trinity College de Dublin.<\/p>\n<p>Embora a mudan\u00e7a clim\u00e1tica do passado seja associada a causas naturais e a atual, segundo todos os estudos, aponta para a a\u00e7\u00e3o humana, os desafios para a humanidade s\u00e3o os mesmos.<\/p>\n<p>Este historiador liderou uma equipe que combinou a an\u00e1lise dos an\u00e9is das \u00e1rvores &#8211; onde \u00e9 poss\u00edvel tra\u00e7ar mudan\u00e7as na temperatura e precipita\u00e7\u00f5es &#8211; com textos hist\u00f3ricos para comprovar a rela\u00e7\u00e3o entre per\u00edodos de seca e explos\u00f5es de viol\u00eancia e tens\u00e3o na sociedade irlandesa medieval.<\/p>\n<p>Em seu estudo, Ludlow assegura ter encontrado v\u00ednculos recorrentes entre registros hist\u00f3ricos de epis\u00f3dios de viol\u00eancia, como a batalha de Clontarf em 1014, e momentos de intensa seca que provocaram epidemias, crises de fome e movimentos de popula\u00e7\u00f5es em busca de comida.<\/p>\n<p>Para Ludlow, \u00e9 dif\u00edcil saber como um evento natural extremo afetaria \u00e0 sociedade hoje em dia, porque o mundo atualmente est\u00e1 muito globalizado e conectado atrav\u00e9s da tecnologia.<\/p>\n<p>&#8220;Dever\u00edamos estar preparados para eventos inesperados. Tivemos experi\u00eancias como erup\u00e7\u00f5es de vulc\u00f5es nos \u00faltimos 200 anos, mas n\u00e3o sabemos como a atual sociedade poderia conduzir isso&#8221;, declarou Ludlow \u00e0 Ag\u00eancia Efe.<\/p>\n<p>Ludlow acredita que h\u00e1 mecanismos para enfrentar impactos repentinos, embora indique que \u00e9 mais dif\u00edcil entender o impacto na sociedade quando se tenta mudan\u00e7as de longo prazo.<\/p>\n<p>Al\u00e9m disso, acredita que a capacidade de adapta\u00e7\u00e3o tem muito a ver com o fato de se na sociedade existe uma instabilidade pr\u00e9via e conflitos.<\/p>\n<p>Ainda mais atr\u00e1s no tempo, entre os anos 536 e 540, duas erup\u00e7\u00f5es vulc\u00e2nicas de grande magnitude em muito pouco espa\u00e7o de tempo provocaram o que provavelmente foi a \u00e9poca mais fria dos \u00faltimos 2 mil anos.<\/p>\n<p>Essa \u00e9 a teoria do doutor Matthew Toohey e v\u00e1rios colegas na Alemanha e na Noruega, que cruzaram textos da \u00e9poca sobre uma &#8220;misteriosa nuvem&#8221; que cobriu a Europa durante meses com a an\u00e1lise de dep\u00f3sitos de aeross\u00f3is em amostras de gelo e outros par\u00e2metros.<\/p>\n<p>Com o uso de modelos clim\u00e1ticos, os cientistas calcularam a extens\u00e3o e o impacto desta atividade vulc\u00e2nica para concluir que a radia\u00e7\u00e3o solar ficou reduzida durante v\u00e1rios anos no hemisf\u00e9rio norte, provocando uma queda m\u00e9dia de temperatura de dois graus cent\u00edgrados.<\/p>\n<p>Uma dessas erup\u00e7\u00f5es teria sido a do vulc\u00e3o El Chich\u00f3n, no atual M\u00e9xico, que teria causado o declive tempor\u00e1rio da civiliza\u00e7\u00e3o maia, segundo outro estudo apresentado.<\/p>\n<p>O Imp\u00e9rio Romano tamb\u00e9m teve que enfrentar crises relacionadas com uma \u00e9poca de esfriamento do clima a partir do ano 250.<\/p>\n<p>Para Brian Dermody, coordenador deste estudo, transferir para nossa \u00e9poca a capacidade de adapta\u00e7\u00e3o de uma sociedade \u00e0 mudan\u00e7a clim\u00e1tica depende da rapidez e da magnitude do processo.<\/p>\n<p>&#8220;Se a magnitude for bastante grande e ocorrer muito rapidamente, a sociedade provavelmente n\u00e3o ter\u00e1 a oportunidade de se adaptar&#8221;, previu.<\/p>\n<p>Por isso, embora o atual cen\u00e1rio de mudan\u00e7a clim\u00e1tica avance de forma relativamente gradual, este pesquisador do Instituto Cop\u00e9rnico de Utrecht adverte sobre o risco de chegar a um ponto de n\u00e3o haver retorno.<\/p>\n<p>&#8220;H\u00e1 alguns pontos de inflex\u00e3o dentro do sistema clim\u00e1tico e, se superarmos esses pontos, talvez n\u00e3o sejamos capaz de nos adaptar&#8221;, concluiu.<\/p>\n","protected":false},"excerpt":{"rendered":"<p>Uma \u00e9poca de frio intenso reduziu a agricultura do Imp\u00e9rio Romano, um vulc\u00e3o desequilibrou a cultura maia e secas causaram revoltas na Irlanda medieval &#8211; v\u00e1rios estudos cient\u00edficos apresentados recentemente em Viena lembraram o impacto e a amea\u00e7a que a mudan\u00e7a clim\u00e1tica representa para a sociedade. As pesquisas expostas durante a assembleia anual da Uni\u00e3o [&hellip;]<\/p>\n","protected":false},"author":2,"featured_media":98751,"comment_status":"open","ping_status":"closed","sticky":false,"template":"","format":"standard","meta":{"_acf_changed":false,"footnotes":""},"categories":[71],"tags":[],"class_list":["post-98750","post","type-post","status-publish","format-standard","has-post-thumbnail","hentry","category-curiosidades"],"acf":[],"_links":{"self":[{"href":"https:\/\/www.notibras.com\/site\/wp-json\/wp\/v2\/posts\/98750","targetHints":{"allow":["GET"]}}],"collection":[{"href":"https:\/\/www.notibras.com\/site\/wp-json\/wp\/v2\/posts"}],"about":[{"href":"https:\/\/www.notibras.com\/site\/wp-json\/wp\/v2\/types\/post"}],"author":[{"embeddable":true,"href":"https:\/\/www.notibras.com\/site\/wp-json\/wp\/v2\/users\/2"}],"replies":[{"embeddable":true,"href":"https:\/\/www.notibras.com\/site\/wp-json\/wp\/v2\/comments?post=98750"}],"version-history":[{"count":1,"href":"https:\/\/www.notibras.com\/site\/wp-json\/wp\/v2\/posts\/98750\/revisions"}],"predecessor-version":[{"id":98752,"href":"https:\/\/www.notibras.com\/site\/wp-json\/wp\/v2\/posts\/98750\/revisions\/98752"}],"wp:featuredmedia":[{"embeddable":true,"href":"https:\/\/www.notibras.com\/site\/wp-json\/wp\/v2\/media\/98751"}],"wp:attachment":[{"href":"https:\/\/www.notibras.com\/site\/wp-json\/wp\/v2\/media?parent=98750"}],"wp:term":[{"taxonomy":"category","embeddable":true,"href":"https:\/\/www.notibras.com\/site\/wp-json\/wp\/v2\/categories?post=98750"},{"taxonomy":"post_tag","embeddable":true,"href":"https:\/\/www.notibras.com\/site\/wp-json\/wp\/v2\/tags?post=98750"}],"curies":[{"name":"wp","href":"https:\/\/api.w.org\/{rel}","templated":true}]}}