{"id":9893,"date":"2014-05-18T09:42:09","date_gmt":"2014-05-18T12:42:09","guid":{"rendered":"http:\/\/www.notibras.com\/site\/?p=9893"},"modified":"2014-05-18T09:43:44","modified_gmt":"2014-05-18T12:43:44","slug":"mercenarios-americanos-geram-mais-tensao-em-todo-o-mundo","status":"publish","type":"post","link":"https:\/\/www.notibras.com\/site\/mercenarios-americanos-geram-mais-tensao-em-todo-o-mundo\/","title":{"rendered":"Mercen\u00e1rios americanos geram mais tens\u00e3o em todo o mundo"},"content":{"rendered":"<p>A atual crise na Ucr\u00e2nia, provocada, entre outras coisas, pela inger\u00eancia ocidental e em especial dos Estados Unidos nesse pa\u00eds, destapa uma vez mais o tema dos mercen\u00e1rios e seu papel na cria\u00e7\u00e3o de tens\u00f5es para conseguir objetivos geopol\u00edticos e de domina\u00e7\u00e3o no mundo.<\/p>\n<p>Recentemente a organiza\u00e7\u00e3o acad\u00eamica canadense Global Research reiterou den\u00fancias conhecidas, de que a maioria dos mercen\u00e1rios na Ucr\u00e2nia provinham dos Estados Unidos e que seu objetivo era atacar os opositores.<\/p>\n<p>Um artigo que aparece no site dessa organiza\u00e7\u00e3o fez eco de uma den\u00fancia do jornal alem\u00e3o Bild am Sonntag, o qual assegurou que 400 mercen\u00e1rios estadunidenses trabalham com o governo de facto na Ucr\u00e2nia para suprimir a oposi\u00e7\u00e3o ao golpe de estado na parte oriental do pa\u00eds.<\/p>\n<p>Os mercen\u00e1rios t\u00eam uma participa\u00e7\u00e3o ativa no esfor\u00e7o para eliminar os grupos anti-golpe em Slavyansk e possivelmente outras \u00e1reas da regi\u00e3o de Donetsk, agregou. Ainda que n\u00e3o tenha abordado se mercen\u00e1rios da organiza\u00e7\u00e3o estadunidense Blackwater participaram em confrontos contra os votantes no leste da Ucr\u00e2nia, o artigo indicou que a Ag\u00eancia Central de Intelig\u00eancia (CIA) e o Bureau Federal de Investiga\u00e7\u00e3o (FBI) est\u00e3o envolvidos no esfor\u00e7o para sufocar a resist\u00eancia \u00e0 junta.<\/p>\n<p>E ainda assinalou que a CIA mant\u00e9m v\u00ednculos com grupos ucranianos nacionalistas e fascistas desde fins de 1940, pelo que n\u00e3o \u00e9 de estranhar que se recorra a mercen\u00e1rios para conseguir objetivos que sob as leis internacionais s\u00e3o dif\u00edceis de atingir.<\/p>\n<p>Em mar\u00e7o, acrescentou o grupo canadense, foi informada a presen\u00e7a de mercen\u00e1rios em Greystone Donetsk, com ampla experi\u00eancia em opera\u00e7\u00f5es de combate no Iraque, Afeganist\u00e3o e outras na\u00e7\u00f5es, a maioria provenientes dos Estados Unidos.<\/p>\n<p>Global Research destaca que essas a\u00e7\u00f5es est\u00e3o dirigidas pela empresa Greystone Limited, registrada em Barbados e que provavelmente serve de fachada \u00e0 corpora\u00e7\u00e3o Academi, que oculta o ex\u00e9rcito privado Blackwater, conhecido por suas viola\u00e7\u00f5es dos direitos humanos em diferentes regi\u00f5es, segundo uma den\u00fancia da chancelaria russa.<\/p>\n<p>A junta diretiva da Academi inclui o ex-fiscal geral estadunidense John Ashcroft e outros altos ex-funcion\u00e1rios.<\/p>\n<p>O jornal estadunidense The New York Times abordou a 12 de maio, em um amplo artigo, um caso que revela as atividades da Blackwater e a impunidade que conseguem estes mercadores da morte nos Estados Unidos.<\/p>\n<p>Ainda hoje se procuram os culpados de a\u00e7\u00f5es violat\u00f3rias dos direitos humanos no Iraque, onde destacamentos de mercen\u00e1rios em um tiroteio em 2007 mataram 17 pessoas, precisa o Times.<\/p>\n<p>Em outubro de 2007 uma equipe do FBI, ao chegar a essa na\u00e7\u00e3o \u00e1rabe para pesquisar o tiroteio, deu-se conta que uma empresa privada proporcionava seguran\u00e7a aos estadunidenses em uma zona de guerra.<\/p>\n<p>Era outubro de 2007, Blackwater Worldwide n\u00e3o quis dizer nada aos agentes. Mas o que encontraram os surpreendeu, assinala o Times.<\/p>\n<p>As testemunhas disseram que um comboio de mercen\u00e1rios da Blackwater disparou selvagemente em uma rotunda cheia de gente em Bagd\u00e1 no m\u00eas anterior, matando 17 pessoas. Uma mulher iraquiana viu morrer a sua m\u00e3e enquanto subiam no \u00f4nibus. Outra morreu ninando a cabe\u00e7a de seu filho ferido de morte, indica a publica\u00e7\u00e3o nova-iorquina.<\/p>\n<p>&#8220;Esta \u00e9 o massacre de My Lai do Iraque&#8221;, recorda John Patarini, l\u00edder da equipe investigadora, ao fazer uma compara\u00e7\u00e3o com o criminoso acontecimento ocorrido em uma aldeia vietnamita durante a agress\u00e3o estadunidense a essa na\u00e7\u00e3o indochinesa.<\/p>\n<p>Segundo o Times esse tiroteio na pra\u00e7a Nisour, junto com o massacre pelos marines de 24 civis iraquianos em Haditha e os abusos na pris\u00e3o de Abu Ghraib, converteram-se em uma marca na guerra de Iraque.<\/p>\n<p>Cinco respons\u00e1veis de seguran\u00e7a da Blackwater foram acusados de homic\u00eddio e posse de armas, e um sexto entrou em um acordo com a promotoria para declarar contra seus antigos colegas.<\/p>\n<p>Em compensa\u00e7\u00e3o, a justi\u00e7a estadunidense uma vez mais foi debochada e um caso que antes parecia claro se viu socavado em v\u00e1rias ocasi\u00f5es pelos pr\u00f3prios erros do governo.<\/p>\n<p>As acusa\u00e7\u00f5es contra um dos mercen\u00e1rios foram eliminadas no ano passado devido \u00e0 falta de provas.<\/p>\n<p>Em abril um tribunal federal de apela\u00e7\u00f5es opinou que a promotoria tinha perdido uma data limite e permitiu que a lei de prescri\u00e7\u00e3o expirasse contra um segundo contratador, Nicholas A. Slatten, um ex-franco-atirador do ex\u00e9rcito residente no Tennessee que os pesquisadores creem que tenha disparado os primeiros tiros na pra\u00e7a Nisour.<\/p>\n<p>Em momentos em que est\u00e3o presentes no palco ucraniano, as autoridades estadunidenses se prestam a dar uma nova din\u00e2mica ao processo contra a Blackwater ao renovar o enfoque de um epis\u00f3dio que inflamou o sentimento antiestadunidense no estrangeiro.<\/p>\n<p>Os fatos do Iraque, e talvez agora sua participa\u00e7\u00e3o na Ucr\u00e2nia, cimentaram a imagem da Blackwater, cujos guardas de seguran\u00e7a estiveram envolvidos em dezenas de disparos, como uma empresa de gatilho f\u00e1cil que operou com impunidade devido a seus lucrativos contratos com o governo americano, assinala o Times.<\/p>\n<p>Agora conhecido como Academi, a empresa foi vendida por seu fundador, Erik Prince, a um grupo de investidores privados, tr\u00eas anos depois dos assassinatos da pra\u00e7a Nisour.<\/p>\n<p>Neste caso, as testemunhas disseram que foi uma a\u00e7\u00e3o horr\u00edvel, enquanto os guardas da Blackwater alegaram que o tiroteio come\u00e7ou com uma emboscada dos insurgentes, algo que militares estadunidenses negaram que tivesse ocorrido.<\/p>\n<p>Os acontecimentos na Ucr\u00e2nia e a repress\u00e3o desatada contra povoadores pac\u00edficos por grupos paramilitares, onde n\u00e3o deixam de estar presentes os mercen\u00e1rios, abrem interrogantes sobre at\u00e9 onde a justi\u00e7a estadunidense pode chegar.<\/p>\n<p>A mesa est\u00e1 servida para que a Casa Branca impulsione alguma a\u00e7\u00e3o contra estes grupos que sem aparente explica\u00e7\u00e3o se converteram em uma empresa que \u00e9 um bra\u00e7o do esfor\u00e7o de guerra de Washington na Ucr\u00e2nia.<\/p>\n<p><strong>Prensa Latina<\/strong><\/p>\n","protected":false},"excerpt":{"rendered":"<p>A atual crise na Ucr\u00e2nia, provocada, entre outras coisas, pela inger\u00eancia ocidental e em especial dos Estados Unidos nesse pa\u00eds, destapa uma vez mais o tema dos mercen\u00e1rios e seu papel na cria\u00e7\u00e3o de tens\u00f5es para conseguir objetivos geopol\u00edticos e de domina\u00e7\u00e3o no mundo. Recentemente a organiza\u00e7\u00e3o acad\u00eamica canadense Global Research reiterou den\u00fancias conhecidas, de [&hellip;]<\/p>\n","protected":false},"author":2,"featured_media":9896,"comment_status":"open","ping_status":"closed","sticky":false,"template":"","format":"standard","meta":{"_acf_changed":false,"footnotes":""},"categories":[25],"tags":[],"class_list":["post-9893","post","type-post","status-publish","format-standard","has-post-thumbnail","hentry","category-opina-ai"],"acf":[],"yoast_head":"<!-- This site is optimized with the Yoast SEO plugin v27.5 - https:\/\/yoast.com\/product\/yoast-seo-wordpress\/ -->\n<title>Mercen\u00e1rios americanos geram mais tens\u00e3o em todo o mundo - Notibras<\/title>\n<meta name=\"robots\" content=\"index, follow, max-snippet:-1, max-image-preview:large, max-video-preview:-1\" \/>\n<link rel=\"canonical\" href=\"https:\/\/www.notibras.com\/site\/mercenarios-americanos-geram-mais-tensao-em-todo-o-mundo\/\" \/>\n<meta property=\"og:locale\" content=\"pt_BR\" \/>\n<meta property=\"og:type\" content=\"article\" \/>\n<meta property=\"og:title\" content=\"Mercen\u00e1rios americanos geram mais tens\u00e3o em todo o mundo - Notibras\" \/>\n<meta property=\"og:description\" content=\"A atual crise na Ucr\u00e2nia, provocada, entre outras coisas, pela inger\u00eancia ocidental e em especial dos Estados Unidos nesse pa\u00eds, destapa uma vez mais o tema dos mercen\u00e1rios e seu papel na cria\u00e7\u00e3o de tens\u00f5es para conseguir objetivos geopol\u00edticos e de domina\u00e7\u00e3o no mundo. Recentemente a organiza\u00e7\u00e3o acad\u00eamica canadense Global Research reiterou den\u00fancias conhecidas, de [&hellip;]\" \/>\n<meta property=\"og:url\" content=\"https:\/\/www.notibras.com\/site\/mercenarios-americanos-geram-mais-tensao-em-todo-o-mundo\/\" \/>\n<meta property=\"og:site_name\" content=\"Notibras\" \/>\n<meta property=\"article:publisher\" content=\"https:\/\/www.facebook.com\/notibras\/\" \/>\n<meta property=\"article:published_time\" content=\"2014-05-18T12:42:09+00:00\" \/>\n<meta property=\"article:modified_time\" content=\"2014-05-18T12:43:44+00:00\" \/>\n<meta property=\"og:image\" content=\"https:\/\/www.notibras.com\/site\/wp-content\/uploads\/2014\/05\/es.jpg\" \/>\n\t<meta property=\"og:image:width\" content=\"700\" \/>\n\t<meta property=\"og:image:height\" content=\"466\" \/>\n\t<meta property=\"og:image:type\" content=\"image\/jpeg\" \/>\n<meta name=\"author\" content=\"Reda\u00e7\u00e3o\" \/>\n<meta name=\"twitter:card\" content=\"summary_large_image\" \/>\n<meta name=\"twitter:creator\" content=\"@Notibras\" \/>\n<meta name=\"twitter:site\" content=\"@Notibras\" \/>\n<meta name=\"twitter:label1\" content=\"Escrito por\" \/>\n\t<meta name=\"twitter:data1\" content=\"Reda\u00e7\u00e3o\" \/>\n\t<meta name=\"twitter:label2\" content=\"Est. tempo de leitura\" \/>\n\t<meta name=\"twitter:data2\" content=\"5 minutos\" \/>\n<script type=\"application\/ld+json\" class=\"yoast-schema-graph\">{\"@context\":\"https:\\\/\\\/schema.org\",\"@graph\":[{\"@type\":\"Article\",\"@id\":\"https:\\\/\\\/www.notibras.com\\\/site\\\/mercenarios-americanos-geram-mais-tensao-em-todo-o-mundo\\\/#article\",\"isPartOf\":{\"@id\":\"https:\\\/\\\/www.notibras.com\\\/site\\\/mercenarios-americanos-geram-mais-tensao-em-todo-o-mundo\\\/\"},\"author\":{\"name\":\"Reda\u00e7\u00e3o\",\"@id\":\"https:\\\/\\\/www.notibras.com\\\/site\\\/#\\\/schema\\\/person\\\/36ab0979449956132d3e5b517ea76ac8\"},\"headline\":\"Mercen\u00e1rios americanos geram mais tens\u00e3o em todo o mundo\",\"datePublished\":\"2014-05-18T12:42:09+00:00\",\"dateModified\":\"2014-05-18T12:43:44+00:00\",\"mainEntityOfPage\":{\"@id\":\"https:\\\/\\\/www.notibras.com\\\/site\\\/mercenarios-americanos-geram-mais-tensao-em-todo-o-mundo\\\/\"},\"wordCount\":1022,\"commentCount\":0,\"publisher\":{\"@id\":\"https:\\\/\\\/www.notibras.com\\\/site\\\/#organization\"},\"image\":{\"@id\":\"https:\\\/\\\/www.notibras.com\\\/site\\\/mercenarios-americanos-geram-mais-tensao-em-todo-o-mundo\\\/#primaryimage\"},\"thumbnailUrl\":\"https:\\\/\\\/www.notibras.com\\\/site\\\/wp-content\\\/uploads\\\/2014\\\/05\\\/es.jpg\",\"articleSection\":[\"Opina a\u00ed\"],\"inLanguage\":\"pt-BR\",\"potentialAction\":[{\"@type\":\"CommentAction\",\"name\":\"Comment\",\"target\":[\"https:\\\/\\\/www.notibras.com\\\/site\\\/mercenarios-americanos-geram-mais-tensao-em-todo-o-mundo\\\/#respond\"]}]},{\"@type\":\"WebPage\",\"@id\":\"https:\\\/\\\/www.notibras.com\\\/site\\\/mercenarios-americanos-geram-mais-tensao-em-todo-o-mundo\\\/\",\"url\":\"https:\\\/\\\/www.notibras.com\\\/site\\\/mercenarios-americanos-geram-mais-tensao-em-todo-o-mundo\\\/\",\"name\":\"Mercen\u00e1rios americanos geram mais tens\u00e3o em todo o mundo - Notibras\",\"isPartOf\":{\"@id\":\"https:\\\/\\\/www.notibras.com\\\/site\\\/#website\"},\"primaryImageOfPage\":{\"@id\":\"https:\\\/\\\/www.notibras.com\\\/site\\\/mercenarios-americanos-geram-mais-tensao-em-todo-o-mundo\\\/#primaryimage\"},\"image\":{\"@id\":\"https:\\\/\\\/www.notibras.com\\\/site\\\/mercenarios-americanos-geram-mais-tensao-em-todo-o-mundo\\\/#primaryimage\"},\"thumbnailUrl\":\"https:\\\/\\\/www.notibras.com\\\/site\\\/wp-content\\\/uploads\\\/2014\\\/05\\\/es.jpg\",\"datePublished\":\"2014-05-18T12:42:09+00:00\",\"dateModified\":\"2014-05-18T12:43:44+00:00\",\"breadcrumb\":{\"@id\":\"https:\\\/\\\/www.notibras.com\\\/site\\\/mercenarios-americanos-geram-mais-tensao-em-todo-o-mundo\\\/#breadcrumb\"},\"inLanguage\":\"pt-BR\",\"potentialAction\":[{\"@type\":\"ReadAction\",\"target\":[\"https:\\\/\\\/www.notibras.com\\\/site\\\/mercenarios-americanos-geram-mais-tensao-em-todo-o-mundo\\\/\"]}]},{\"@type\":\"ImageObject\",\"inLanguage\":\"pt-BR\",\"@id\":\"https:\\\/\\\/www.notibras.com\\\/site\\\/mercenarios-americanos-geram-mais-tensao-em-todo-o-mundo\\\/#primaryimage\",\"url\":\"https:\\\/\\\/www.notibras.com\\\/site\\\/wp-content\\\/uploads\\\/2014\\\/05\\\/es.jpg\",\"contentUrl\":\"https:\\\/\\\/www.notibras.com\\\/site\\\/wp-content\\\/uploads\\\/2014\\\/05\\\/es.jpg\",\"width\":700,\"height\":466},{\"@type\":\"BreadcrumbList\",\"@id\":\"https:\\\/\\\/www.notibras.com\\\/site\\\/mercenarios-americanos-geram-mais-tensao-em-todo-o-mundo\\\/#breadcrumb\",\"itemListElement\":[{\"@type\":\"ListItem\",\"position\":1,\"name\":\"In\u00edcio\",\"item\":\"https:\\\/\\\/www.notibras.com\\\/site\\\/\"},{\"@type\":\"ListItem\",\"position\":2,\"name\":\"Mercen\u00e1rios americanos geram mais tens\u00e3o em todo o mundo\"}]},{\"@type\":\"WebSite\",\"@id\":\"https:\\\/\\\/www.notibras.com\\\/site\\\/#website\",\"url\":\"https:\\\/\\\/www.notibras.com\\\/site\\\/\",\"name\":\"Notibras\",\"description\":\"Not\u00edcias de Bras\u00edlia, do Brasil e do Mundo\",\"publisher\":{\"@id\":\"https:\\\/\\\/www.notibras.com\\\/site\\\/#organization\"},\"potentialAction\":[{\"@type\":\"SearchAction\",\"target\":{\"@type\":\"EntryPoint\",\"urlTemplate\":\"https:\\\/\\\/www.notibras.com\\\/site\\\/?s={search_term_string}\"},\"query-input\":{\"@type\":\"PropertyValueSpecification\",\"valueRequired\":true,\"valueName\":\"search_term_string\"}}],\"inLanguage\":\"pt-BR\"},{\"@type\":\"Organization\",\"@id\":\"https:\\\/\\\/www.notibras.com\\\/site\\\/#organization\",\"name\":\"Grupo Notibras de Comunica\u00e7\u00e3o\",\"url\":\"https:\\\/\\\/www.notibras.com\\\/site\\\/\",\"logo\":{\"@type\":\"ImageObject\",\"inLanguage\":\"pt-BR\",\"@id\":\"https:\\\/\\\/www.notibras.com\\\/site\\\/#\\\/schema\\\/logo\\\/image\\\/\",\"url\":\"https:\\\/\\\/www.notibras.com\\\/site\\\/wp-content\\\/uploads\\\/2023\\\/01\\\/notibras23.png\",\"contentUrl\":\"https:\\\/\\\/www.notibras.com\\\/site\\\/wp-content\\\/uploads\\\/2023\\\/01\\\/notibras23.png\",\"width\":350,\"height\":87,\"caption\":\"Grupo Notibras de Comunica\u00e7\u00e3o\"},\"image\":{\"@id\":\"https:\\\/\\\/www.notibras.com\\\/site\\\/#\\\/schema\\\/logo\\\/image\\\/\"},\"sameAs\":[\"https:\\\/\\\/www.facebook.com\\\/notibras\\\/\",\"https:\\\/\\\/x.com\\\/Notibras\",\"https:\\\/\\\/www.instagram.com\\\/notibras\\\/\"]},{\"@type\":\"Person\",\"@id\":\"https:\\\/\\\/www.notibras.com\\\/site\\\/#\\\/schema\\\/person\\\/36ab0979449956132d3e5b517ea76ac8\",\"name\":\"Reda\u00e7\u00e3o\",\"image\":{\"@type\":\"ImageObject\",\"inLanguage\":\"pt-BR\",\"@id\":\"https:\\\/\\\/secure.gravatar.com\\\/avatar\\\/e0a867bdedb85fd243eadf09663511f96fc81e0720a4a42581f334ad4303aa6b?s=96&d=mm&r=g\",\"url\":\"https:\\\/\\\/secure.gravatar.com\\\/avatar\\\/e0a867bdedb85fd243eadf09663511f96fc81e0720a4a42581f334ad4303aa6b?s=96&d=mm&r=g\",\"contentUrl\":\"https:\\\/\\\/secure.gravatar.com\\\/avatar\\\/e0a867bdedb85fd243eadf09663511f96fc81e0720a4a42581f334ad4303aa6b?s=96&d=mm&r=g\",\"caption\":\"Reda\u00e7\u00e3o\"}}]}<\/script>\n<!-- \/ Yoast SEO plugin. -->","yoast_head_json":{"title":"Mercen\u00e1rios americanos geram mais tens\u00e3o em todo o mundo - Notibras","robots":{"index":"index","follow":"follow","max-snippet":"max-snippet:-1","max-image-preview":"max-image-preview:large","max-video-preview":"max-video-preview:-1"},"canonical":"https:\/\/www.notibras.com\/site\/mercenarios-americanos-geram-mais-tensao-em-todo-o-mundo\/","og_locale":"pt_BR","og_type":"article","og_title":"Mercen\u00e1rios americanos geram mais tens\u00e3o em todo o mundo - Notibras","og_description":"A atual crise na Ucr\u00e2nia, provocada, entre outras coisas, pela inger\u00eancia ocidental e em especial dos Estados Unidos nesse pa\u00eds, destapa uma vez mais o tema dos mercen\u00e1rios e seu papel na cria\u00e7\u00e3o de tens\u00f5es para conseguir objetivos geopol\u00edticos e de domina\u00e7\u00e3o no mundo. Recentemente a organiza\u00e7\u00e3o acad\u00eamica canadense Global Research reiterou den\u00fancias conhecidas, de [&hellip;]","og_url":"https:\/\/www.notibras.com\/site\/mercenarios-americanos-geram-mais-tensao-em-todo-o-mundo\/","og_site_name":"Notibras","article_publisher":"https:\/\/www.facebook.com\/notibras\/","article_published_time":"2014-05-18T12:42:09+00:00","article_modified_time":"2014-05-18T12:43:44+00:00","og_image":[{"width":700,"height":466,"url":"https:\/\/www.notibras.com\/site\/wp-content\/uploads\/2014\/05\/es.jpg","type":"image\/jpeg"}],"author":"Reda\u00e7\u00e3o","twitter_card":"summary_large_image","twitter_creator":"@Notibras","twitter_site":"@Notibras","twitter_misc":{"Escrito por":"Reda\u00e7\u00e3o","Est. tempo de leitura":"5 minutos"},"schema":{"@context":"https:\/\/schema.org","@graph":[{"@type":"Article","@id":"https:\/\/www.notibras.com\/site\/mercenarios-americanos-geram-mais-tensao-em-todo-o-mundo\/#article","isPartOf":{"@id":"https:\/\/www.notibras.com\/site\/mercenarios-americanos-geram-mais-tensao-em-todo-o-mundo\/"},"author":{"name":"Reda\u00e7\u00e3o","@id":"https:\/\/www.notibras.com\/site\/#\/schema\/person\/36ab0979449956132d3e5b517ea76ac8"},"headline":"Mercen\u00e1rios americanos geram mais tens\u00e3o em todo o mundo","datePublished":"2014-05-18T12:42:09+00:00","dateModified":"2014-05-18T12:43:44+00:00","mainEntityOfPage":{"@id":"https:\/\/www.notibras.com\/site\/mercenarios-americanos-geram-mais-tensao-em-todo-o-mundo\/"},"wordCount":1022,"commentCount":0,"publisher":{"@id":"https:\/\/www.notibras.com\/site\/#organization"},"image":{"@id":"https:\/\/www.notibras.com\/site\/mercenarios-americanos-geram-mais-tensao-em-todo-o-mundo\/#primaryimage"},"thumbnailUrl":"https:\/\/www.notibras.com\/site\/wp-content\/uploads\/2014\/05\/es.jpg","articleSection":["Opina a\u00ed"],"inLanguage":"pt-BR","potentialAction":[{"@type":"CommentAction","name":"Comment","target":["https:\/\/www.notibras.com\/site\/mercenarios-americanos-geram-mais-tensao-em-todo-o-mundo\/#respond"]}]},{"@type":"WebPage","@id":"https:\/\/www.notibras.com\/site\/mercenarios-americanos-geram-mais-tensao-em-todo-o-mundo\/","url":"https:\/\/www.notibras.com\/site\/mercenarios-americanos-geram-mais-tensao-em-todo-o-mundo\/","name":"Mercen\u00e1rios americanos geram mais tens\u00e3o em todo o mundo - Notibras","isPartOf":{"@id":"https:\/\/www.notibras.com\/site\/#website"},"primaryImageOfPage":{"@id":"https:\/\/www.notibras.com\/site\/mercenarios-americanos-geram-mais-tensao-em-todo-o-mundo\/#primaryimage"},"image":{"@id":"https:\/\/www.notibras.com\/site\/mercenarios-americanos-geram-mais-tensao-em-todo-o-mundo\/#primaryimage"},"thumbnailUrl":"https:\/\/www.notibras.com\/site\/wp-content\/uploads\/2014\/05\/es.jpg","datePublished":"2014-05-18T12:42:09+00:00","dateModified":"2014-05-18T12:43:44+00:00","breadcrumb":{"@id":"https:\/\/www.notibras.com\/site\/mercenarios-americanos-geram-mais-tensao-em-todo-o-mundo\/#breadcrumb"},"inLanguage":"pt-BR","potentialAction":[{"@type":"ReadAction","target":["https:\/\/www.notibras.com\/site\/mercenarios-americanos-geram-mais-tensao-em-todo-o-mundo\/"]}]},{"@type":"ImageObject","inLanguage":"pt-BR","@id":"https:\/\/www.notibras.com\/site\/mercenarios-americanos-geram-mais-tensao-em-todo-o-mundo\/#primaryimage","url":"https:\/\/www.notibras.com\/site\/wp-content\/uploads\/2014\/05\/es.jpg","contentUrl":"https:\/\/www.notibras.com\/site\/wp-content\/uploads\/2014\/05\/es.jpg","width":700,"height":466},{"@type":"BreadcrumbList","@id":"https:\/\/www.notibras.com\/site\/mercenarios-americanos-geram-mais-tensao-em-todo-o-mundo\/#breadcrumb","itemListElement":[{"@type":"ListItem","position":1,"name":"In\u00edcio","item":"https:\/\/www.notibras.com\/site\/"},{"@type":"ListItem","position":2,"name":"Mercen\u00e1rios americanos geram mais tens\u00e3o em todo o mundo"}]},{"@type":"WebSite","@id":"https:\/\/www.notibras.com\/site\/#website","url":"https:\/\/www.notibras.com\/site\/","name":"Notibras","description":"Not\u00edcias de Bras\u00edlia, do Brasil e do Mundo","publisher":{"@id":"https:\/\/www.notibras.com\/site\/#organization"},"potentialAction":[{"@type":"SearchAction","target":{"@type":"EntryPoint","urlTemplate":"https:\/\/www.notibras.com\/site\/?s={search_term_string}"},"query-input":{"@type":"PropertyValueSpecification","valueRequired":true,"valueName":"search_term_string"}}],"inLanguage":"pt-BR"},{"@type":"Organization","@id":"https:\/\/www.notibras.com\/site\/#organization","name":"Grupo Notibras de Comunica\u00e7\u00e3o","url":"https:\/\/www.notibras.com\/site\/","logo":{"@type":"ImageObject","inLanguage":"pt-BR","@id":"https:\/\/www.notibras.com\/site\/#\/schema\/logo\/image\/","url":"https:\/\/www.notibras.com\/site\/wp-content\/uploads\/2023\/01\/notibras23.png","contentUrl":"https:\/\/www.notibras.com\/site\/wp-content\/uploads\/2023\/01\/notibras23.png","width":350,"height":87,"caption":"Grupo Notibras de Comunica\u00e7\u00e3o"},"image":{"@id":"https:\/\/www.notibras.com\/site\/#\/schema\/logo\/image\/"},"sameAs":["https:\/\/www.facebook.com\/notibras\/","https:\/\/x.com\/Notibras","https:\/\/www.instagram.com\/notibras\/"]},{"@type":"Person","@id":"https:\/\/www.notibras.com\/site\/#\/schema\/person\/36ab0979449956132d3e5b517ea76ac8","name":"Reda\u00e7\u00e3o","image":{"@type":"ImageObject","inLanguage":"pt-BR","@id":"https:\/\/secure.gravatar.com\/avatar\/e0a867bdedb85fd243eadf09663511f96fc81e0720a4a42581f334ad4303aa6b?s=96&d=mm&r=g","url":"https:\/\/secure.gravatar.com\/avatar\/e0a867bdedb85fd243eadf09663511f96fc81e0720a4a42581f334ad4303aa6b?s=96&d=mm&r=g","contentUrl":"https:\/\/secure.gravatar.com\/avatar\/e0a867bdedb85fd243eadf09663511f96fc81e0720a4a42581f334ad4303aa6b?s=96&d=mm&r=g","caption":"Reda\u00e7\u00e3o"}}]}},"amp_enabled":true,"_links":{"self":[{"href":"https:\/\/www.notibras.com\/site\/wp-json\/wp\/v2\/posts\/9893","targetHints":{"allow":["GET"]}}],"collection":[{"href":"https:\/\/www.notibras.com\/site\/wp-json\/wp\/v2\/posts"}],"about":[{"href":"https:\/\/www.notibras.com\/site\/wp-json\/wp\/v2\/types\/post"}],"author":[{"embeddable":true,"href":"https:\/\/www.notibras.com\/site\/wp-json\/wp\/v2\/users\/2"}],"replies":[{"embeddable":true,"href":"https:\/\/www.notibras.com\/site\/wp-json\/wp\/v2\/comments?post=9893"}],"version-history":[{"count":0,"href":"https:\/\/www.notibras.com\/site\/wp-json\/wp\/v2\/posts\/9893\/revisions"}],"wp:featuredmedia":[{"embeddable":true,"href":"https:\/\/www.notibras.com\/site\/wp-json\/wp\/v2\/media\/9896"}],"wp:attachment":[{"href":"https:\/\/www.notibras.com\/site\/wp-json\/wp\/v2\/media?parent=9893"}],"wp:term":[{"taxonomy":"category","embeddable":true,"href":"https:\/\/www.notibras.com\/site\/wp-json\/wp\/v2\/categories?post=9893"},{"taxonomy":"post_tag","embeddable":true,"href":"https:\/\/www.notibras.com\/site\/wp-json\/wp\/v2\/tags?post=9893"}],"curies":[{"name":"wp","href":"https:\/\/api.w.org\/{rel}","templated":true}]}}