{"id":9897,"date":"2014-05-18T10:12:47","date_gmt":"2014-05-18T13:12:47","guid":{"rendered":"http:\/\/www.notibras.com\/site\/?p=9897"},"modified":"2014-05-18T10:12:47","modified_gmt":"2014-05-18T13:12:47","slug":"forca-nacional-vai-agir-para-dar-seguranca-a-duas-cidades-sedes","status":"publish","type":"post","link":"https:\/\/www.notibras.com\/site\/forca-nacional-vai-agir-para-dar-seguranca-a-duas-cidades-sedes\/","title":{"rendered":"For\u00e7a Nacional vai agir para dar seguran\u00e7a a duas cidades-sedes"},"content":{"rendered":"<p class=\"rtejustify\">A 24 dias da abertura da Copa do Mundo, o Minist\u00e9rio da Justi\u00e7a informou que, em pelo menos oito localidades brasileiras, a For\u00e7a Nacional de Seguran\u00e7a P\u00fablica ajudar\u00e1 as for\u00e7as policiais locais e federais a refor\u00e7ar a seguran\u00e7a de brasileiros e turistas. Do total, duas s\u00e3o cidades-sede \u2013 Natal e Cuiab\u00e1 \u2013 e seis s\u00e3o pontos de rodovias considerados estrat\u00e9gicos.<\/p>\n<p class=\"rtejustify\">A pedido dos governos do Rio Grande do Norte e de Mato Grosso, equipes da for\u00e7a especial ser\u00e3o enviadas nos pr\u00f3ximos dias para Natal e Cuiab\u00e1, duas das 12 cidades-sede da competi\u00e7\u00e3o, que tamb\u00e9m ser\u00e1 disputada em Belo Horizonte, Bras\u00edlia, Curitiba, Fortaleza, Manaus, Porto Alegre, no Recife, Rio de Janeiro, em Salvador e S\u00e3o Paulo.<\/p>\n<p class=\"rtejustify\">Al\u00e9m disso, a Pol\u00edcia Rodovi\u00e1ria Federal (PRF) solicitou \u00e0 Secretaria Nacional de Seguran\u00e7a P\u00fablica, do Minist\u00e9rio da Justi\u00e7a, o apoio da For\u00e7a Nacional em seis pontos de rodovias federais que d\u00e3o acesso \u00e0s cidades-sede. De acordo com a secret\u00e1ria nacional de Seguran\u00e7a P\u00fablica, Regina Miki, os seis locais foram considerados estrat\u00e9gicos pela PRF, que j\u00e1 atuou conjuntamente com a For\u00e7a Nacional em ocasi\u00f5es como a Copa das Confedera\u00e7\u00f5es e a Jornada Mundial da Juventude, em 2013.<\/p>\n<p class=\"rtejustify\">Durante a cerim\u00f4nia de formatura dos \u00faltimos 600 homens e mulheres a receberem capacita\u00e7\u00e3o para atuar no Mundial, realizada hoje (17), em frente ao Minist\u00e9rio da Justi\u00e7a, em Bras\u00edlia, a secret\u00e1ria confirmou\u00a0que, pela primeira vez, guarda-vidas que integram a For\u00e7a Nacional v\u00e3o refor\u00e7ar a vigil\u00e2ncia dos banhistas. Por enquanto, esse refor\u00e7o est\u00e1 confirmado apenas em Natal, mas Regina Miki garantiu que todos os estados que pedirem o aux\u00edlio de guarda-vidas ser\u00e3o atendidos.<\/p>\n<p class=\"rtejustify\">\u201cO governo do Rio Grande do Norte pediu que envi\u00e1ssemos 100 guarda-vidas e estamos atendendo. Temos absoluta certeza de que os turistas que nos visitarem v\u00e3o desfrutar de nossas praias e, por isso, enviaremos guarda-vidas para se somarem aos que j\u00e1 existem no estado para garantir [a seguran\u00e7a dos banhistas]\u201d, destacou a secret\u00e1ria.<\/p>\n<p class=\"rtejustify\">Cedidos por diferentes for\u00e7as policiais de v\u00e1rios estados, os 600 militares que integram a \u00faltima turma a concluir o curso de instru\u00e7\u00e3o ministrado na base da For\u00e7a Nacional, no Gama (DF), v\u00e3o se integrar ao efetivo que atuar\u00e1 na Copa. O efetivo total que ser\u00e1 empregado vem sendo mantido em sigilo pelo minist\u00e9rio. A secret\u00e1ria, contudo, garante que as necessidades ser\u00e3o atendidadas e que todo o pessoal estar\u00e1 preparado para apoiar as opera\u00e7\u00f5es conjuntas.<\/p>\n<p class=\"rtejustify\">\u201cTemos um cadastro de 10,6 mil profissionais da seguran\u00e7a p\u00fablica e os chamaremos conforme as necessidades. Posso garantir que temos condi\u00e7\u00f5es de apoiar todos os estados, as pol\u00edcias federais e, se for preciso, at\u00e9 mesmo a For\u00e7as Armadas\u201d, garantiu a secret\u00e1ria.<\/p>\n<p class=\"rtejustify\">Durante a cerim\u00f4nia, o diretor-geral da For\u00e7a Nacional, coronel Alexandre Aragon, explicou que, ao passar pelo curso de instru\u00e7\u00e3o de nivelamento de conhecimento, os profissionais s\u00e3o informados dos protocolos operacionais da for\u00e7a e s\u00e3o preparados para lidar com dist\u00farbios civis. Dirigindo-se aos militares, Aragon disse que eles s\u00e3o \u201ca \u00faltima linha de defesa da seguran\u00e7a p\u00fablica\u201d. \u201cSe voc\u00eas falharem, passa a ser quest\u00e3o de seguran\u00e7a nacional. Passa a ser com as For\u00e7as Armadas\u201d.<\/p>\n<p class=\"rtejustify\">Criada h\u00e1 dez anos, a For\u00e7a Nacional j\u00e1 participou de 146 opera\u00e7\u00f5es especiais em todo o pa\u00eds. Atualmente, h\u00e1 29 opera\u00e7\u00f5es em curso, entre elas o apoio \u00e0s pol\u00edcias pernambucanas a fim de restabelecer a ordem ap\u00f3s os saques registrados na regi\u00e3o metropolitana de Recife, nos \u00faltimos dias. Ao longo de uma d\u00e9cada, nove policias morreram em acidentes de trabalho ou opera\u00e7\u00f5es.<\/p>\n<p class=\"rtejustify\"><strong>Alex Rodrigues, ABr<\/strong><\/p>\n","protected":false},"excerpt":{"rendered":"<p>A 24 dias da abertura da Copa do Mundo, o Minist\u00e9rio da Justi\u00e7a informou que, em pelo menos oito localidades brasileiras, a For\u00e7a Nacional de Seguran\u00e7a P\u00fablica ajudar\u00e1 as for\u00e7as policiais locais e federais a refor\u00e7ar a seguran\u00e7a de brasileiros e turistas. Do total, duas s\u00e3o cidades-sede \u2013 Natal e Cuiab\u00e1 \u2013 e seis s\u00e3o [&hellip;]<\/p>\n","protected":false},"author":2,"featured_media":9898,"comment_status":"open","ping_status":"closed","sticky":false,"template":"","format":"standard","meta":{"_acf_changed":false,"footnotes":""},"categories":[19],"tags":[],"class_list":["post-9897","post","type-post","status-publish","format-standard","has-post-thumbnail","hentry","category-esportes"],"acf":[],"yoast_head":"<!-- This site is optimized with the Yoast SEO plugin v27.2 - https:\/\/yoast.com\/product\/yoast-seo-wordpress\/ -->\n<title>For\u00e7a Nacional vai agir para dar seguran\u00e7a a duas cidades-sedes - Notibras<\/title>\n<meta name=\"robots\" content=\"index, follow, max-snippet:-1, max-image-preview:large, max-video-preview:-1\" \/>\n<link rel=\"canonical\" href=\"https:\/\/www.notibras.com\/site\/forca-nacional-vai-agir-para-dar-seguranca-a-duas-cidades-sedes\/\" \/>\n<meta property=\"og:locale\" content=\"pt_BR\" \/>\n<meta property=\"og:type\" content=\"article\" \/>\n<meta property=\"og:title\" content=\"For\u00e7a Nacional vai agir para dar seguran\u00e7a a duas cidades-sedes - Notibras\" \/>\n<meta property=\"og:description\" content=\"A 24 dias da abertura da Copa do Mundo, o Minist\u00e9rio da Justi\u00e7a informou que, em pelo menos oito localidades brasileiras, a For\u00e7a Nacional de Seguran\u00e7a P\u00fablica ajudar\u00e1 as for\u00e7as policiais locais e federais a refor\u00e7ar a seguran\u00e7a de brasileiros e turistas. Do total, duas s\u00e3o cidades-sede \u2013 Natal e Cuiab\u00e1 \u2013 e seis s\u00e3o [&hellip;]\" \/>\n<meta property=\"og:url\" content=\"https:\/\/www.notibras.com\/site\/forca-nacional-vai-agir-para-dar-seguranca-a-duas-cidades-sedes\/\" \/>\n<meta property=\"og:site_name\" content=\"Notibras\" \/>\n<meta property=\"article:publisher\" content=\"https:\/\/www.facebook.com\/notibras\/\" \/>\n<meta property=\"article:published_time\" content=\"2014-05-18T13:12:47+00:00\" \/>\n<meta property=\"og:image\" content=\"https:\/\/www.notibras.com\/site\/wp-content\/uploads\/2014\/05\/914925-formatura-da-for\u00e7a-nacional_2643.jpg\" \/>\n\t<meta property=\"og:image:width\" content=\"580\" \/>\n\t<meta property=\"og:image:height\" content=\"388\" \/>\n\t<meta property=\"og:image:type\" content=\"image\/jpeg\" \/>\n<meta name=\"author\" content=\"Reda\u00e7\u00e3o\" \/>\n<meta name=\"twitter:card\" content=\"summary_large_image\" \/>\n<meta name=\"twitter:creator\" content=\"@Notibras\" \/>\n<meta name=\"twitter:site\" content=\"@Notibras\" \/>\n<meta name=\"twitter:label1\" content=\"Escrito por\" \/>\n\t<meta name=\"twitter:data1\" content=\"Reda\u00e7\u00e3o\" \/>\n\t<meta name=\"twitter:label2\" content=\"Est. tempo de leitura\" \/>\n\t<meta name=\"twitter:data2\" content=\"3 minutos\" \/>\n<script type=\"application\/ld+json\" class=\"yoast-schema-graph\">{\"@context\":\"https:\/\/schema.org\",\"@graph\":[{\"@type\":\"Article\",\"@id\":\"https:\/\/www.notibras.com\/site\/forca-nacional-vai-agir-para-dar-seguranca-a-duas-cidades-sedes\/#article\",\"isPartOf\":{\"@id\":\"https:\/\/www.notibras.com\/site\/forca-nacional-vai-agir-para-dar-seguranca-a-duas-cidades-sedes\/\"},\"author\":{\"name\":\"Reda\u00e7\u00e3o\",\"@id\":\"https:\/\/www.notibras.com\/site\/#\/schema\/person\/36ab0979449956132d3e5b517ea76ac8\"},\"headline\":\"For\u00e7a Nacional vai agir para dar seguran\u00e7a a duas cidades-sedes\",\"datePublished\":\"2014-05-18T13:12:47+00:00\",\"mainEntityOfPage\":{\"@id\":\"https:\/\/www.notibras.com\/site\/forca-nacional-vai-agir-para-dar-seguranca-a-duas-cidades-sedes\/\"},\"wordCount\":658,\"commentCount\":0,\"publisher\":{\"@id\":\"https:\/\/www.notibras.com\/site\/#organization\"},\"image\":{\"@id\":\"https:\/\/www.notibras.com\/site\/forca-nacional-vai-agir-para-dar-seguranca-a-duas-cidades-sedes\/#primaryimage\"},\"thumbnailUrl\":\"https:\/\/www.notibras.com\/site\/wp-content\/uploads\/2014\/05\/914925-formatura-da-for\u00e7a-nacional_2643.jpg\",\"articleSection\":[\"Esportes\"],\"inLanguage\":\"pt-BR\",\"potentialAction\":[{\"@type\":\"CommentAction\",\"name\":\"Comment\",\"target\":[\"https:\/\/www.notibras.com\/site\/forca-nacional-vai-agir-para-dar-seguranca-a-duas-cidades-sedes\/#respond\"]}]},{\"@type\":\"WebPage\",\"@id\":\"https:\/\/www.notibras.com\/site\/forca-nacional-vai-agir-para-dar-seguranca-a-duas-cidades-sedes\/\",\"url\":\"https:\/\/www.notibras.com\/site\/forca-nacional-vai-agir-para-dar-seguranca-a-duas-cidades-sedes\/\",\"name\":\"For\u00e7a Nacional vai agir para dar seguran\u00e7a a duas cidades-sedes - Notibras\",\"isPartOf\":{\"@id\":\"https:\/\/www.notibras.com\/site\/#website\"},\"primaryImageOfPage\":{\"@id\":\"https:\/\/www.notibras.com\/site\/forca-nacional-vai-agir-para-dar-seguranca-a-duas-cidades-sedes\/#primaryimage\"},\"image\":{\"@id\":\"https:\/\/www.notibras.com\/site\/forca-nacional-vai-agir-para-dar-seguranca-a-duas-cidades-sedes\/#primaryimage\"},\"thumbnailUrl\":\"https:\/\/www.notibras.com\/site\/wp-content\/uploads\/2014\/05\/914925-formatura-da-for\u00e7a-nacional_2643.jpg\",\"datePublished\":\"2014-05-18T13:12:47+00:00\",\"breadcrumb\":{\"@id\":\"https:\/\/www.notibras.com\/site\/forca-nacional-vai-agir-para-dar-seguranca-a-duas-cidades-sedes\/#breadcrumb\"},\"inLanguage\":\"pt-BR\",\"potentialAction\":[{\"@type\":\"ReadAction\",\"target\":[\"https:\/\/www.notibras.com\/site\/forca-nacional-vai-agir-para-dar-seguranca-a-duas-cidades-sedes\/\"]}]},{\"@type\":\"ImageObject\",\"inLanguage\":\"pt-BR\",\"@id\":\"https:\/\/www.notibras.com\/site\/forca-nacional-vai-agir-para-dar-seguranca-a-duas-cidades-sedes\/#primaryimage\",\"url\":\"https:\/\/www.notibras.com\/site\/wp-content\/uploads\/2014\/05\/914925-formatura-da-for\u00e7a-nacional_2643.jpg\",\"contentUrl\":\"https:\/\/www.notibras.com\/site\/wp-content\/uploads\/2014\/05\/914925-formatura-da-for\u00e7a-nacional_2643.jpg\",\"width\":580,\"height\":388},{\"@type\":\"BreadcrumbList\",\"@id\":\"https:\/\/www.notibras.com\/site\/forca-nacional-vai-agir-para-dar-seguranca-a-duas-cidades-sedes\/#breadcrumb\",\"itemListElement\":[{\"@type\":\"ListItem\",\"position\":1,\"name\":\"In\u00edcio\",\"item\":\"https:\/\/www.notibras.com\/site\/\"},{\"@type\":\"ListItem\",\"position\":2,\"name\":\"For\u00e7a Nacional vai agir para dar seguran\u00e7a a duas cidades-sedes\"}]},{\"@type\":\"WebSite\",\"@id\":\"https:\/\/www.notibras.com\/site\/#website\",\"url\":\"https:\/\/www.notibras.com\/site\/\",\"name\":\"Notibras\",\"description\":\"Not\u00edcias de Bras\u00edlia, do Brasil e do Mundo\",\"publisher\":{\"@id\":\"https:\/\/www.notibras.com\/site\/#organization\"},\"potentialAction\":[{\"@type\":\"SearchAction\",\"target\":{\"@type\":\"EntryPoint\",\"urlTemplate\":\"https:\/\/www.notibras.com\/site\/?s={search_term_string}\"},\"query-input\":{\"@type\":\"PropertyValueSpecification\",\"valueRequired\":true,\"valueName\":\"search_term_string\"}}],\"inLanguage\":\"pt-BR\"},{\"@type\":\"Organization\",\"@id\":\"https:\/\/www.notibras.com\/site\/#organization\",\"name\":\"Grupo Notibras de Comunica\u00e7\u00e3o\",\"url\":\"https:\/\/www.notibras.com\/site\/\",\"logo\":{\"@type\":\"ImageObject\",\"inLanguage\":\"pt-BR\",\"@id\":\"https:\/\/www.notibras.com\/site\/#\/schema\/logo\/image\/\",\"url\":\"https:\/\/www.notibras.com\/site\/wp-content\/uploads\/2023\/01\/notibras23.png\",\"contentUrl\":\"https:\/\/www.notibras.com\/site\/wp-content\/uploads\/2023\/01\/notibras23.png\",\"width\":350,\"height\":87,\"caption\":\"Grupo Notibras de Comunica\u00e7\u00e3o\"},\"image\":{\"@id\":\"https:\/\/www.notibras.com\/site\/#\/schema\/logo\/image\/\"},\"sameAs\":[\"https:\/\/www.facebook.com\/notibras\/\",\"https:\/\/x.com\/Notibras\",\"https:\/\/www.instagram.com\/notibras\/\"]},{\"@type\":\"Person\",\"@id\":\"https:\/\/www.notibras.com\/site\/#\/schema\/person\/36ab0979449956132d3e5b517ea76ac8\",\"name\":\"Reda\u00e7\u00e3o\",\"image\":{\"@type\":\"ImageObject\",\"inLanguage\":\"pt-BR\",\"@id\":\"https:\/\/secure.gravatar.com\/avatar\/e0a867bdedb85fd243eadf09663511f96fc81e0720a4a42581f334ad4303aa6b?s=96&d=mm&r=g\",\"url\":\"https:\/\/secure.gravatar.com\/avatar\/e0a867bdedb85fd243eadf09663511f96fc81e0720a4a42581f334ad4303aa6b?s=96&d=mm&r=g\",\"contentUrl\":\"https:\/\/secure.gravatar.com\/avatar\/e0a867bdedb85fd243eadf09663511f96fc81e0720a4a42581f334ad4303aa6b?s=96&d=mm&r=g\",\"caption\":\"Reda\u00e7\u00e3o\"}}]}<\/script>\n<!-- \/ Yoast SEO plugin. -->","yoast_head_json":{"title":"For\u00e7a Nacional vai agir para dar seguran\u00e7a a duas cidades-sedes - Notibras","robots":{"index":"index","follow":"follow","max-snippet":"max-snippet:-1","max-image-preview":"max-image-preview:large","max-video-preview":"max-video-preview:-1"},"canonical":"https:\/\/www.notibras.com\/site\/forca-nacional-vai-agir-para-dar-seguranca-a-duas-cidades-sedes\/","og_locale":"pt_BR","og_type":"article","og_title":"For\u00e7a Nacional vai agir para dar seguran\u00e7a a duas cidades-sedes - Notibras","og_description":"A 24 dias da abertura da Copa do Mundo, o Minist\u00e9rio da Justi\u00e7a informou que, em pelo menos oito localidades brasileiras, a For\u00e7a Nacional de Seguran\u00e7a P\u00fablica ajudar\u00e1 as for\u00e7as policiais locais e federais a refor\u00e7ar a seguran\u00e7a de brasileiros e turistas. Do total, duas s\u00e3o cidades-sede \u2013 Natal e Cuiab\u00e1 \u2013 e seis s\u00e3o [&hellip;]","og_url":"https:\/\/www.notibras.com\/site\/forca-nacional-vai-agir-para-dar-seguranca-a-duas-cidades-sedes\/","og_site_name":"Notibras","article_publisher":"https:\/\/www.facebook.com\/notibras\/","article_published_time":"2014-05-18T13:12:47+00:00","og_image":[{"width":580,"height":388,"url":"https:\/\/www.notibras.com\/site\/wp-content\/uploads\/2014\/05\/914925-formatura-da-for\u00e7a-nacional_2643.jpg","type":"image\/jpeg"}],"author":"Reda\u00e7\u00e3o","twitter_card":"summary_large_image","twitter_creator":"@Notibras","twitter_site":"@Notibras","twitter_misc":{"Escrito por":"Reda\u00e7\u00e3o","Est. tempo de leitura":"3 minutos"},"schema":{"@context":"https:\/\/schema.org","@graph":[{"@type":"Article","@id":"https:\/\/www.notibras.com\/site\/forca-nacional-vai-agir-para-dar-seguranca-a-duas-cidades-sedes\/#article","isPartOf":{"@id":"https:\/\/www.notibras.com\/site\/forca-nacional-vai-agir-para-dar-seguranca-a-duas-cidades-sedes\/"},"author":{"name":"Reda\u00e7\u00e3o","@id":"https:\/\/www.notibras.com\/site\/#\/schema\/person\/36ab0979449956132d3e5b517ea76ac8"},"headline":"For\u00e7a Nacional vai agir para dar seguran\u00e7a a duas cidades-sedes","datePublished":"2014-05-18T13:12:47+00:00","mainEntityOfPage":{"@id":"https:\/\/www.notibras.com\/site\/forca-nacional-vai-agir-para-dar-seguranca-a-duas-cidades-sedes\/"},"wordCount":658,"commentCount":0,"publisher":{"@id":"https:\/\/www.notibras.com\/site\/#organization"},"image":{"@id":"https:\/\/www.notibras.com\/site\/forca-nacional-vai-agir-para-dar-seguranca-a-duas-cidades-sedes\/#primaryimage"},"thumbnailUrl":"https:\/\/www.notibras.com\/site\/wp-content\/uploads\/2014\/05\/914925-formatura-da-for\u00e7a-nacional_2643.jpg","articleSection":["Esportes"],"inLanguage":"pt-BR","potentialAction":[{"@type":"CommentAction","name":"Comment","target":["https:\/\/www.notibras.com\/site\/forca-nacional-vai-agir-para-dar-seguranca-a-duas-cidades-sedes\/#respond"]}]},{"@type":"WebPage","@id":"https:\/\/www.notibras.com\/site\/forca-nacional-vai-agir-para-dar-seguranca-a-duas-cidades-sedes\/","url":"https:\/\/www.notibras.com\/site\/forca-nacional-vai-agir-para-dar-seguranca-a-duas-cidades-sedes\/","name":"For\u00e7a Nacional vai agir para dar seguran\u00e7a a duas cidades-sedes - Notibras","isPartOf":{"@id":"https:\/\/www.notibras.com\/site\/#website"},"primaryImageOfPage":{"@id":"https:\/\/www.notibras.com\/site\/forca-nacional-vai-agir-para-dar-seguranca-a-duas-cidades-sedes\/#primaryimage"},"image":{"@id":"https:\/\/www.notibras.com\/site\/forca-nacional-vai-agir-para-dar-seguranca-a-duas-cidades-sedes\/#primaryimage"},"thumbnailUrl":"https:\/\/www.notibras.com\/site\/wp-content\/uploads\/2014\/05\/914925-formatura-da-for\u00e7a-nacional_2643.jpg","datePublished":"2014-05-18T13:12:47+00:00","breadcrumb":{"@id":"https:\/\/www.notibras.com\/site\/forca-nacional-vai-agir-para-dar-seguranca-a-duas-cidades-sedes\/#breadcrumb"},"inLanguage":"pt-BR","potentialAction":[{"@type":"ReadAction","target":["https:\/\/www.notibras.com\/site\/forca-nacional-vai-agir-para-dar-seguranca-a-duas-cidades-sedes\/"]}]},{"@type":"ImageObject","inLanguage":"pt-BR","@id":"https:\/\/www.notibras.com\/site\/forca-nacional-vai-agir-para-dar-seguranca-a-duas-cidades-sedes\/#primaryimage","url":"https:\/\/www.notibras.com\/site\/wp-content\/uploads\/2014\/05\/914925-formatura-da-for\u00e7a-nacional_2643.jpg","contentUrl":"https:\/\/www.notibras.com\/site\/wp-content\/uploads\/2014\/05\/914925-formatura-da-for\u00e7a-nacional_2643.jpg","width":580,"height":388},{"@type":"BreadcrumbList","@id":"https:\/\/www.notibras.com\/site\/forca-nacional-vai-agir-para-dar-seguranca-a-duas-cidades-sedes\/#breadcrumb","itemListElement":[{"@type":"ListItem","position":1,"name":"In\u00edcio","item":"https:\/\/www.notibras.com\/site\/"},{"@type":"ListItem","position":2,"name":"For\u00e7a Nacional vai agir para dar seguran\u00e7a a duas cidades-sedes"}]},{"@type":"WebSite","@id":"https:\/\/www.notibras.com\/site\/#website","url":"https:\/\/www.notibras.com\/site\/","name":"Notibras","description":"Not\u00edcias de Bras\u00edlia, do Brasil e do Mundo","publisher":{"@id":"https:\/\/www.notibras.com\/site\/#organization"},"potentialAction":[{"@type":"SearchAction","target":{"@type":"EntryPoint","urlTemplate":"https:\/\/www.notibras.com\/site\/?s={search_term_string}"},"query-input":{"@type":"PropertyValueSpecification","valueRequired":true,"valueName":"search_term_string"}}],"inLanguage":"pt-BR"},{"@type":"Organization","@id":"https:\/\/www.notibras.com\/site\/#organization","name":"Grupo Notibras de Comunica\u00e7\u00e3o","url":"https:\/\/www.notibras.com\/site\/","logo":{"@type":"ImageObject","inLanguage":"pt-BR","@id":"https:\/\/www.notibras.com\/site\/#\/schema\/logo\/image\/","url":"https:\/\/www.notibras.com\/site\/wp-content\/uploads\/2023\/01\/notibras23.png","contentUrl":"https:\/\/www.notibras.com\/site\/wp-content\/uploads\/2023\/01\/notibras23.png","width":350,"height":87,"caption":"Grupo Notibras de Comunica\u00e7\u00e3o"},"image":{"@id":"https:\/\/www.notibras.com\/site\/#\/schema\/logo\/image\/"},"sameAs":["https:\/\/www.facebook.com\/notibras\/","https:\/\/x.com\/Notibras","https:\/\/www.instagram.com\/notibras\/"]},{"@type":"Person","@id":"https:\/\/www.notibras.com\/site\/#\/schema\/person\/36ab0979449956132d3e5b517ea76ac8","name":"Reda\u00e7\u00e3o","image":{"@type":"ImageObject","inLanguage":"pt-BR","@id":"https:\/\/secure.gravatar.com\/avatar\/e0a867bdedb85fd243eadf09663511f96fc81e0720a4a42581f334ad4303aa6b?s=96&d=mm&r=g","url":"https:\/\/secure.gravatar.com\/avatar\/e0a867bdedb85fd243eadf09663511f96fc81e0720a4a42581f334ad4303aa6b?s=96&d=mm&r=g","contentUrl":"https:\/\/secure.gravatar.com\/avatar\/e0a867bdedb85fd243eadf09663511f96fc81e0720a4a42581f334ad4303aa6b?s=96&d=mm&r=g","caption":"Reda\u00e7\u00e3o"}}]}},"amp_enabled":true,"_links":{"self":[{"href":"https:\/\/www.notibras.com\/site\/wp-json\/wp\/v2\/posts\/9897","targetHints":{"allow":["GET"]}}],"collection":[{"href":"https:\/\/www.notibras.com\/site\/wp-json\/wp\/v2\/posts"}],"about":[{"href":"https:\/\/www.notibras.com\/site\/wp-json\/wp\/v2\/types\/post"}],"author":[{"embeddable":true,"href":"https:\/\/www.notibras.com\/site\/wp-json\/wp\/v2\/users\/2"}],"replies":[{"embeddable":true,"href":"https:\/\/www.notibras.com\/site\/wp-json\/wp\/v2\/comments?post=9897"}],"version-history":[{"count":0,"href":"https:\/\/www.notibras.com\/site\/wp-json\/wp\/v2\/posts\/9897\/revisions"}],"wp:featuredmedia":[{"embeddable":true,"href":"https:\/\/www.notibras.com\/site\/wp-json\/wp\/v2\/media\/9898"}],"wp:attachment":[{"href":"https:\/\/www.notibras.com\/site\/wp-json\/wp\/v2\/media?parent=9897"}],"wp:term":[{"taxonomy":"category","embeddable":true,"href":"https:\/\/www.notibras.com\/site\/wp-json\/wp\/v2\/categories?post=9897"},{"taxonomy":"post_tag","embeddable":true,"href":"https:\/\/www.notibras.com\/site\/wp-json\/wp\/v2\/tags?post=9897"}],"curies":[{"name":"wp","href":"https:\/\/api.w.org\/{rel}","templated":true}]}}