{"id":98978,"date":"2016-04-23T12:08:40","date_gmt":"2016-04-23T15:08:40","guid":{"rendered":"http:\/\/www.notibras.com\/site\/?p=98978"},"modified":"2016-04-23T12:08:40","modified_gmt":"2016-04-23T15:08:40","slug":"elite-cultural-empresta-prestigio-a-trapaca-ideologica-do-lulopetismo","status":"publish","type":"post","link":"https:\/\/www.notibras.com\/site\/elite-cultural-empresta-prestigio-a-trapaca-ideologica-do-lulopetismo\/","title":{"rendered":"Elite cultural empresta prest\u00edgio \u00e0 trapa\u00e7a ideol\u00f3gica do lulopetismo"},"content":{"rendered":"<p><strong>Bol\u00edvar Lamounier<\/strong><\/p>\n<p>O cr\u00edtico liter\u00e1rio Roberto Schwarz foi quem primeiro argumentou que a esquerda det\u00e9m ampla hegemonia no meio cultural brasileiro. N\u00e3o direi que estava totalmente errado, mas afirmo sem temor a erro que ele construiu sua tese a partir de uma formid\u00e1vel redund\u00e2ncia.<\/p>\n<p>Assim como numerosos autores que tratam do tema, para Roberto Schwarz, intelectual \u00e9 quem compartilha certas premissas b\u00e1sicas do pensamento de esquerda. Segue-se, bingo, que a intelectualidade \u00e9 basicamente de esquerda. Sem grande esfor\u00e7o, o cachorro consegue morder seu pr\u00f3prio rabo.<\/p>\n<p>Inquestion\u00e1vel, isso sim, \u00e9 que a cria\u00e7\u00e3o do mito Lula e da ideologia lulopetista deveram-se, em grande parte, \u00e0 influ\u00eancia de uma parcela das elites culturais \u2013como professores e estudantes universit\u00e1rios, escritores e uma parte do clero e da imprensa\u2013, coadjuvadas, \u00e9 claro, pelo outrora rebelde sindicalismo.<\/p>\n<p>Dada a acachapante derrota sofrida por Lula e Dilma Rousseff no domingo (17 de abril), o momento n\u00e3o poderia ser mais sugestivo para um reexame cr\u00edtico dessa vertente da esquerda brasileira.<\/p>\n<p>O mito Lula, como indiquei acima, foi em grande parte uma cria\u00e7\u00e3o dos referidos segmentos de nossa vida cultural. Foram eles que o &#8220;constru\u00edram&#8221; \u2013para usar o verbo da moda\u2013 com todos os adere\u00e7os do nordestino pobre que vem para S\u00e3o Paulo, emerge vitorioso das lutas sindicais do per\u00edodo militar e se transforma num l\u00edder carism\u00e1tico. Igualmente importante para os fins deste artigo, essa parcela da elite brasileira conserva sua devo\u00e7\u00e3o a Lula, a quem se refere como um l\u00edder &#8220;de esquerda&#8221;.<\/p>\n<p>Ora, mesmo quem n\u00e3o se define como de esquerda, mas tem boas no\u00e7\u00f5es de hist\u00f3ria e aceita com prazer o bom debate de ideias, sente um profundo desconforto ao ver o conceito de esquerda \u2013cuja densidade hist\u00f3rica ningu\u00e9m de bom senso haver\u00e1 de negar\u2013 associado ao populismo, essa aberra\u00e7\u00e3o end\u00eamica que Lula personifica num grau poucas vezes igualado na Am\u00e9rica Latina.<\/p>\n<p>Decorridos 36 anos de sua funda\u00e7\u00e3o, o PT continua a depender do apelo e do histrionismo populistas de Lula, e a rec\u00edproca \u00e9 verdadeira: num partido mais complexo, Lula n\u00e3o seria o l\u00edder incontestado que \u00e9 no PT. S\u00f3 com seu &#8220;dedazo&#8221;, certamente, n\u00e3o levaria uma candidata despreparada e sem hist\u00f3ria pol\u00edtica \u00e0 Presid\u00eancia da Rep\u00fablica.<\/p>\n<p>Ou seja, Lula e o PT nasceram e permanecem agarrados um ao outro, como os irm\u00e3os corsos: nutrem-se um do outro, vivem um do outro. Foi Delfim Netto, em um artigo publicado no jornal Valor Econ\u00f4mico, em 22 de mar\u00e7o, quem melhor ressaltou essa simbiose: se Lula de repente desaparecesse \u2013queira Deus que n\u00e3o\u2013, o PT instantaneamente se reduziria \u00e0 sua real dimens\u00e3o, a um insignificante partido reacion\u00e1rio e hostil a tudo o que o Brasil precisa fazer para retomar o processo de desenvolvimento econ\u00f4mico e social.<\/p>\n<p>No caso, o assombroso \u00e9 o grau em que a mencionada parcela da elite cultural se deixou impregnar por um modo de pensar no m\u00ednimo esdr\u00faxulo. De fato, o lulopetismo \u00e9 um conjunto desconexo de ideias que se caracteriza por: (1) o culto \u00e0 personalidade de um l\u00edder populista que sequer tenta disfar\u00e7ar seu anti-intelectualismo e sua ojeriza ao m\u00e9rito educacional; (2) uma terminante recusa da modernidade na economia e na organiza\u00e7\u00e3o do Estado; (3) uma atitude amb\u00edgua \u2013para diz\u00ea-lo com certa caridade\u2013 em rela\u00e7\u00e3o \u00e0s institui\u00e7\u00f5es democr\u00e1ticas e; (4) um insistente recurso \u00e0 mal\u00edcia e \u00e0 mentira no debate p\u00fablico, dando a impress\u00e3o de haver absorvido por inteiro o velho mote de que uma mentira repetida mil vezes se transforma em verdade.<\/p>\n<p>Emprestar seu prest\u00edgio a essa trapa\u00e7a ideol\u00f3gica j\u00e1 seria de causar espanto, mas agora, na conjuntura do impeachment, a elite cultural petista foi al\u00e9m. Adotou de corpo e alma o bord\u00e3o &#8220;n\u00e3o haver\u00e1 golpe&#8221;, ao qual Dilma Rousseff se aferrou como t\u00e1bua de salva\u00e7\u00e3o.<\/p>\n","protected":false},"excerpt":{"rendered":"<p>Bol\u00edvar Lamounier O cr\u00edtico liter\u00e1rio Roberto Schwarz foi quem primeiro argumentou que a esquerda det\u00e9m ampla hegemonia no meio cultural brasileiro. N\u00e3o direi que estava totalmente errado, mas afirmo sem temor a erro que ele construiu sua tese a partir de uma formid\u00e1vel redund\u00e2ncia. Assim como numerosos autores que tratam do tema, para Roberto Schwarz, [&hellip;]<\/p>\n","protected":false},"author":2,"featured_media":98979,"comment_status":"open","ping_status":"closed","sticky":false,"template":"","format":"standard","meta":{"_acf_changed":false,"footnotes":""},"categories":[25],"tags":[],"class_list":["post-98978","post","type-post","status-publish","format-standard","has-post-thumbnail","hentry","category-opina-ai"],"acf":[],"yoast_head":"<!-- This site is optimized with the Yoast SEO plugin v27.5 - https:\/\/yoast.com\/product\/yoast-seo-wordpress\/ -->\n<title>Elite cultural empresta prest\u00edgio \u00e0 trapa\u00e7a ideol\u00f3gica do lulopetismo - Notibras<\/title>\n<meta name=\"robots\" content=\"index, follow, max-snippet:-1, max-image-preview:large, max-video-preview:-1\" \/>\n<link rel=\"canonical\" href=\"https:\/\/www.notibras.com\/site\/elite-cultural-empresta-prestigio-a-trapaca-ideologica-do-lulopetismo\/\" \/>\n<meta property=\"og:locale\" content=\"pt_BR\" \/>\n<meta property=\"og:type\" content=\"article\" \/>\n<meta property=\"og:title\" content=\"Elite cultural empresta prest\u00edgio \u00e0 trapa\u00e7a ideol\u00f3gica do lulopetismo - Notibras\" \/>\n<meta property=\"og:description\" content=\"Bol\u00edvar Lamounier O cr\u00edtico liter\u00e1rio Roberto Schwarz foi quem primeiro argumentou que a esquerda det\u00e9m ampla hegemonia no meio cultural brasileiro. N\u00e3o direi que estava totalmente errado, mas afirmo sem temor a erro que ele construiu sua tese a partir de uma formid\u00e1vel redund\u00e2ncia. Assim como numerosos autores que tratam do tema, para Roberto Schwarz, [&hellip;]\" \/>\n<meta property=\"og:url\" content=\"https:\/\/www.notibras.com\/site\/elite-cultural-empresta-prestigio-a-trapaca-ideologica-do-lulopetismo\/\" \/>\n<meta property=\"og:site_name\" content=\"Notibras\" \/>\n<meta property=\"article:publisher\" content=\"https:\/\/www.facebook.com\/notibras\/\" \/>\n<meta property=\"article:published_time\" content=\"2016-04-23T15:08:40+00:00\" \/>\n<meta property=\"og:image\" content=\"https:\/\/www.notibras.com\/site\/wp-content\/uploads\/2016\/04\/M\u00e3o-suja-do-lulopetismo.jpg\" \/>\n\t<meta property=\"og:image:width\" content=\"862\" \/>\n\t<meta property=\"og:image:height\" content=\"453\" \/>\n\t<meta property=\"og:image:type\" content=\"image\/jpeg\" \/>\n<meta name=\"author\" content=\"Reda\u00e7\u00e3o\" \/>\n<meta name=\"twitter:card\" content=\"summary_large_image\" \/>\n<meta name=\"twitter:creator\" content=\"@Notibras\" \/>\n<meta name=\"twitter:site\" content=\"@Notibras\" \/>\n<meta name=\"twitter:label1\" content=\"Escrito por\" \/>\n\t<meta name=\"twitter:data1\" content=\"Reda\u00e7\u00e3o\" \/>\n\t<meta name=\"twitter:label2\" content=\"Est. tempo de leitura\" \/>\n\t<meta name=\"twitter:data2\" content=\"3 minutos\" \/>\n<script type=\"application\/ld+json\" class=\"yoast-schema-graph\">{\"@context\":\"https:\\\/\\\/schema.org\",\"@graph\":[{\"@type\":\"Article\",\"@id\":\"https:\\\/\\\/www.notibras.com\\\/site\\\/elite-cultural-empresta-prestigio-a-trapaca-ideologica-do-lulopetismo\\\/#article\",\"isPartOf\":{\"@id\":\"https:\\\/\\\/www.notibras.com\\\/site\\\/elite-cultural-empresta-prestigio-a-trapaca-ideologica-do-lulopetismo\\\/\"},\"author\":{\"name\":\"Reda\u00e7\u00e3o\",\"@id\":\"https:\\\/\\\/www.notibras.com\\\/site\\\/#\\\/schema\\\/person\\\/36ab0979449956132d3e5b517ea76ac8\"},\"headline\":\"Elite cultural empresta prest\u00edgio \u00e0 trapa\u00e7a ideol\u00f3gica do lulopetismo\",\"datePublished\":\"2016-04-23T15:08:40+00:00\",\"mainEntityOfPage\":{\"@id\":\"https:\\\/\\\/www.notibras.com\\\/site\\\/elite-cultural-empresta-prestigio-a-trapaca-ideologica-do-lulopetismo\\\/\"},\"wordCount\":677,\"commentCount\":0,\"publisher\":{\"@id\":\"https:\\\/\\\/www.notibras.com\\\/site\\\/#organization\"},\"image\":{\"@id\":\"https:\\\/\\\/www.notibras.com\\\/site\\\/elite-cultural-empresta-prestigio-a-trapaca-ideologica-do-lulopetismo\\\/#primaryimage\"},\"thumbnailUrl\":\"https:\\\/\\\/www.notibras.com\\\/site\\\/wp-content\\\/uploads\\\/2016\\\/04\\\/M\u00e3o-suja-do-lulopetismo.jpg\",\"articleSection\":[\"Opina a\u00ed\"],\"inLanguage\":\"pt-BR\",\"potentialAction\":[{\"@type\":\"CommentAction\",\"name\":\"Comment\",\"target\":[\"https:\\\/\\\/www.notibras.com\\\/site\\\/elite-cultural-empresta-prestigio-a-trapaca-ideologica-do-lulopetismo\\\/#respond\"]}]},{\"@type\":\"WebPage\",\"@id\":\"https:\\\/\\\/www.notibras.com\\\/site\\\/elite-cultural-empresta-prestigio-a-trapaca-ideologica-do-lulopetismo\\\/\",\"url\":\"https:\\\/\\\/www.notibras.com\\\/site\\\/elite-cultural-empresta-prestigio-a-trapaca-ideologica-do-lulopetismo\\\/\",\"name\":\"Elite cultural empresta prest\u00edgio \u00e0 trapa\u00e7a ideol\u00f3gica do lulopetismo - Notibras\",\"isPartOf\":{\"@id\":\"https:\\\/\\\/www.notibras.com\\\/site\\\/#website\"},\"primaryImageOfPage\":{\"@id\":\"https:\\\/\\\/www.notibras.com\\\/site\\\/elite-cultural-empresta-prestigio-a-trapaca-ideologica-do-lulopetismo\\\/#primaryimage\"},\"image\":{\"@id\":\"https:\\\/\\\/www.notibras.com\\\/site\\\/elite-cultural-empresta-prestigio-a-trapaca-ideologica-do-lulopetismo\\\/#primaryimage\"},\"thumbnailUrl\":\"https:\\\/\\\/www.notibras.com\\\/site\\\/wp-content\\\/uploads\\\/2016\\\/04\\\/M\u00e3o-suja-do-lulopetismo.jpg\",\"datePublished\":\"2016-04-23T15:08:40+00:00\",\"breadcrumb\":{\"@id\":\"https:\\\/\\\/www.notibras.com\\\/site\\\/elite-cultural-empresta-prestigio-a-trapaca-ideologica-do-lulopetismo\\\/#breadcrumb\"},\"inLanguage\":\"pt-BR\",\"potentialAction\":[{\"@type\":\"ReadAction\",\"target\":[\"https:\\\/\\\/www.notibras.com\\\/site\\\/elite-cultural-empresta-prestigio-a-trapaca-ideologica-do-lulopetismo\\\/\"]}]},{\"@type\":\"ImageObject\",\"inLanguage\":\"pt-BR\",\"@id\":\"https:\\\/\\\/www.notibras.com\\\/site\\\/elite-cultural-empresta-prestigio-a-trapaca-ideologica-do-lulopetismo\\\/#primaryimage\",\"url\":\"https:\\\/\\\/www.notibras.com\\\/site\\\/wp-content\\\/uploads\\\/2016\\\/04\\\/M\u00e3o-suja-do-lulopetismo.jpg\",\"contentUrl\":\"https:\\\/\\\/www.notibras.com\\\/site\\\/wp-content\\\/uploads\\\/2016\\\/04\\\/M\u00e3o-suja-do-lulopetismo.jpg\",\"width\":862,\"height\":453},{\"@type\":\"BreadcrumbList\",\"@id\":\"https:\\\/\\\/www.notibras.com\\\/site\\\/elite-cultural-empresta-prestigio-a-trapaca-ideologica-do-lulopetismo\\\/#breadcrumb\",\"itemListElement\":[{\"@type\":\"ListItem\",\"position\":1,\"name\":\"In\u00edcio\",\"item\":\"https:\\\/\\\/www.notibras.com\\\/site\\\/\"},{\"@type\":\"ListItem\",\"position\":2,\"name\":\"Elite cultural empresta prest\u00edgio \u00e0 trapa\u00e7a ideol\u00f3gica do lulopetismo\"}]},{\"@type\":\"WebSite\",\"@id\":\"https:\\\/\\\/www.notibras.com\\\/site\\\/#website\",\"url\":\"https:\\\/\\\/www.notibras.com\\\/site\\\/\",\"name\":\"Notibras\",\"description\":\"Not\u00edcias de Bras\u00edlia, do Brasil e do Mundo\",\"publisher\":{\"@id\":\"https:\\\/\\\/www.notibras.com\\\/site\\\/#organization\"},\"potentialAction\":[{\"@type\":\"SearchAction\",\"target\":{\"@type\":\"EntryPoint\",\"urlTemplate\":\"https:\\\/\\\/www.notibras.com\\\/site\\\/?s={search_term_string}\"},\"query-input\":{\"@type\":\"PropertyValueSpecification\",\"valueRequired\":true,\"valueName\":\"search_term_string\"}}],\"inLanguage\":\"pt-BR\"},{\"@type\":\"Organization\",\"@id\":\"https:\\\/\\\/www.notibras.com\\\/site\\\/#organization\",\"name\":\"Grupo Notibras de Comunica\u00e7\u00e3o\",\"url\":\"https:\\\/\\\/www.notibras.com\\\/site\\\/\",\"logo\":{\"@type\":\"ImageObject\",\"inLanguage\":\"pt-BR\",\"@id\":\"https:\\\/\\\/www.notibras.com\\\/site\\\/#\\\/schema\\\/logo\\\/image\\\/\",\"url\":\"https:\\\/\\\/www.notibras.com\\\/site\\\/wp-content\\\/uploads\\\/2023\\\/01\\\/notibras23.png\",\"contentUrl\":\"https:\\\/\\\/www.notibras.com\\\/site\\\/wp-content\\\/uploads\\\/2023\\\/01\\\/notibras23.png\",\"width\":350,\"height\":87,\"caption\":\"Grupo Notibras de Comunica\u00e7\u00e3o\"},\"image\":{\"@id\":\"https:\\\/\\\/www.notibras.com\\\/site\\\/#\\\/schema\\\/logo\\\/image\\\/\"},\"sameAs\":[\"https:\\\/\\\/www.facebook.com\\\/notibras\\\/\",\"https:\\\/\\\/x.com\\\/Notibras\",\"https:\\\/\\\/www.instagram.com\\\/notibras\\\/\"]},{\"@type\":\"Person\",\"@id\":\"https:\\\/\\\/www.notibras.com\\\/site\\\/#\\\/schema\\\/person\\\/36ab0979449956132d3e5b517ea76ac8\",\"name\":\"Reda\u00e7\u00e3o\",\"image\":{\"@type\":\"ImageObject\",\"inLanguage\":\"pt-BR\",\"@id\":\"https:\\\/\\\/secure.gravatar.com\\\/avatar\\\/e0a867bdedb85fd243eadf09663511f96fc81e0720a4a42581f334ad4303aa6b?s=96&d=mm&r=g\",\"url\":\"https:\\\/\\\/secure.gravatar.com\\\/avatar\\\/e0a867bdedb85fd243eadf09663511f96fc81e0720a4a42581f334ad4303aa6b?s=96&d=mm&r=g\",\"contentUrl\":\"https:\\\/\\\/secure.gravatar.com\\\/avatar\\\/e0a867bdedb85fd243eadf09663511f96fc81e0720a4a42581f334ad4303aa6b?s=96&d=mm&r=g\",\"caption\":\"Reda\u00e7\u00e3o\"}}]}<\/script>\n<!-- \/ Yoast SEO plugin. -->","yoast_head_json":{"title":"Elite cultural empresta prest\u00edgio \u00e0 trapa\u00e7a ideol\u00f3gica do lulopetismo - Notibras","robots":{"index":"index","follow":"follow","max-snippet":"max-snippet:-1","max-image-preview":"max-image-preview:large","max-video-preview":"max-video-preview:-1"},"canonical":"https:\/\/www.notibras.com\/site\/elite-cultural-empresta-prestigio-a-trapaca-ideologica-do-lulopetismo\/","og_locale":"pt_BR","og_type":"article","og_title":"Elite cultural empresta prest\u00edgio \u00e0 trapa\u00e7a ideol\u00f3gica do lulopetismo - Notibras","og_description":"Bol\u00edvar Lamounier O cr\u00edtico liter\u00e1rio Roberto Schwarz foi quem primeiro argumentou que a esquerda det\u00e9m ampla hegemonia no meio cultural brasileiro. N\u00e3o direi que estava totalmente errado, mas afirmo sem temor a erro que ele construiu sua tese a partir de uma formid\u00e1vel redund\u00e2ncia. Assim como numerosos autores que tratam do tema, para Roberto Schwarz, [&hellip;]","og_url":"https:\/\/www.notibras.com\/site\/elite-cultural-empresta-prestigio-a-trapaca-ideologica-do-lulopetismo\/","og_site_name":"Notibras","article_publisher":"https:\/\/www.facebook.com\/notibras\/","article_published_time":"2016-04-23T15:08:40+00:00","og_image":[{"width":862,"height":453,"url":"https:\/\/www.notibras.com\/site\/wp-content\/uploads\/2016\/04\/M\u00e3o-suja-do-lulopetismo.jpg","type":"image\/jpeg"}],"author":"Reda\u00e7\u00e3o","twitter_card":"summary_large_image","twitter_creator":"@Notibras","twitter_site":"@Notibras","twitter_misc":{"Escrito por":"Reda\u00e7\u00e3o","Est. tempo de leitura":"3 minutos"},"schema":{"@context":"https:\/\/schema.org","@graph":[{"@type":"Article","@id":"https:\/\/www.notibras.com\/site\/elite-cultural-empresta-prestigio-a-trapaca-ideologica-do-lulopetismo\/#article","isPartOf":{"@id":"https:\/\/www.notibras.com\/site\/elite-cultural-empresta-prestigio-a-trapaca-ideologica-do-lulopetismo\/"},"author":{"name":"Reda\u00e7\u00e3o","@id":"https:\/\/www.notibras.com\/site\/#\/schema\/person\/36ab0979449956132d3e5b517ea76ac8"},"headline":"Elite cultural empresta prest\u00edgio \u00e0 trapa\u00e7a ideol\u00f3gica do lulopetismo","datePublished":"2016-04-23T15:08:40+00:00","mainEntityOfPage":{"@id":"https:\/\/www.notibras.com\/site\/elite-cultural-empresta-prestigio-a-trapaca-ideologica-do-lulopetismo\/"},"wordCount":677,"commentCount":0,"publisher":{"@id":"https:\/\/www.notibras.com\/site\/#organization"},"image":{"@id":"https:\/\/www.notibras.com\/site\/elite-cultural-empresta-prestigio-a-trapaca-ideologica-do-lulopetismo\/#primaryimage"},"thumbnailUrl":"https:\/\/www.notibras.com\/site\/wp-content\/uploads\/2016\/04\/M\u00e3o-suja-do-lulopetismo.jpg","articleSection":["Opina a\u00ed"],"inLanguage":"pt-BR","potentialAction":[{"@type":"CommentAction","name":"Comment","target":["https:\/\/www.notibras.com\/site\/elite-cultural-empresta-prestigio-a-trapaca-ideologica-do-lulopetismo\/#respond"]}]},{"@type":"WebPage","@id":"https:\/\/www.notibras.com\/site\/elite-cultural-empresta-prestigio-a-trapaca-ideologica-do-lulopetismo\/","url":"https:\/\/www.notibras.com\/site\/elite-cultural-empresta-prestigio-a-trapaca-ideologica-do-lulopetismo\/","name":"Elite cultural empresta prest\u00edgio \u00e0 trapa\u00e7a ideol\u00f3gica do lulopetismo - Notibras","isPartOf":{"@id":"https:\/\/www.notibras.com\/site\/#website"},"primaryImageOfPage":{"@id":"https:\/\/www.notibras.com\/site\/elite-cultural-empresta-prestigio-a-trapaca-ideologica-do-lulopetismo\/#primaryimage"},"image":{"@id":"https:\/\/www.notibras.com\/site\/elite-cultural-empresta-prestigio-a-trapaca-ideologica-do-lulopetismo\/#primaryimage"},"thumbnailUrl":"https:\/\/www.notibras.com\/site\/wp-content\/uploads\/2016\/04\/M\u00e3o-suja-do-lulopetismo.jpg","datePublished":"2016-04-23T15:08:40+00:00","breadcrumb":{"@id":"https:\/\/www.notibras.com\/site\/elite-cultural-empresta-prestigio-a-trapaca-ideologica-do-lulopetismo\/#breadcrumb"},"inLanguage":"pt-BR","potentialAction":[{"@type":"ReadAction","target":["https:\/\/www.notibras.com\/site\/elite-cultural-empresta-prestigio-a-trapaca-ideologica-do-lulopetismo\/"]}]},{"@type":"ImageObject","inLanguage":"pt-BR","@id":"https:\/\/www.notibras.com\/site\/elite-cultural-empresta-prestigio-a-trapaca-ideologica-do-lulopetismo\/#primaryimage","url":"https:\/\/www.notibras.com\/site\/wp-content\/uploads\/2016\/04\/M\u00e3o-suja-do-lulopetismo.jpg","contentUrl":"https:\/\/www.notibras.com\/site\/wp-content\/uploads\/2016\/04\/M\u00e3o-suja-do-lulopetismo.jpg","width":862,"height":453},{"@type":"BreadcrumbList","@id":"https:\/\/www.notibras.com\/site\/elite-cultural-empresta-prestigio-a-trapaca-ideologica-do-lulopetismo\/#breadcrumb","itemListElement":[{"@type":"ListItem","position":1,"name":"In\u00edcio","item":"https:\/\/www.notibras.com\/site\/"},{"@type":"ListItem","position":2,"name":"Elite cultural empresta prest\u00edgio \u00e0 trapa\u00e7a ideol\u00f3gica do lulopetismo"}]},{"@type":"WebSite","@id":"https:\/\/www.notibras.com\/site\/#website","url":"https:\/\/www.notibras.com\/site\/","name":"Notibras","description":"Not\u00edcias de Bras\u00edlia, do Brasil e do Mundo","publisher":{"@id":"https:\/\/www.notibras.com\/site\/#organization"},"potentialAction":[{"@type":"SearchAction","target":{"@type":"EntryPoint","urlTemplate":"https:\/\/www.notibras.com\/site\/?s={search_term_string}"},"query-input":{"@type":"PropertyValueSpecification","valueRequired":true,"valueName":"search_term_string"}}],"inLanguage":"pt-BR"},{"@type":"Organization","@id":"https:\/\/www.notibras.com\/site\/#organization","name":"Grupo Notibras de Comunica\u00e7\u00e3o","url":"https:\/\/www.notibras.com\/site\/","logo":{"@type":"ImageObject","inLanguage":"pt-BR","@id":"https:\/\/www.notibras.com\/site\/#\/schema\/logo\/image\/","url":"https:\/\/www.notibras.com\/site\/wp-content\/uploads\/2023\/01\/notibras23.png","contentUrl":"https:\/\/www.notibras.com\/site\/wp-content\/uploads\/2023\/01\/notibras23.png","width":350,"height":87,"caption":"Grupo Notibras de Comunica\u00e7\u00e3o"},"image":{"@id":"https:\/\/www.notibras.com\/site\/#\/schema\/logo\/image\/"},"sameAs":["https:\/\/www.facebook.com\/notibras\/","https:\/\/x.com\/Notibras","https:\/\/www.instagram.com\/notibras\/"]},{"@type":"Person","@id":"https:\/\/www.notibras.com\/site\/#\/schema\/person\/36ab0979449956132d3e5b517ea76ac8","name":"Reda\u00e7\u00e3o","image":{"@type":"ImageObject","inLanguage":"pt-BR","@id":"https:\/\/secure.gravatar.com\/avatar\/e0a867bdedb85fd243eadf09663511f96fc81e0720a4a42581f334ad4303aa6b?s=96&d=mm&r=g","url":"https:\/\/secure.gravatar.com\/avatar\/e0a867bdedb85fd243eadf09663511f96fc81e0720a4a42581f334ad4303aa6b?s=96&d=mm&r=g","contentUrl":"https:\/\/secure.gravatar.com\/avatar\/e0a867bdedb85fd243eadf09663511f96fc81e0720a4a42581f334ad4303aa6b?s=96&d=mm&r=g","caption":"Reda\u00e7\u00e3o"}}]}},"amp_enabled":true,"_links":{"self":[{"href":"https:\/\/www.notibras.com\/site\/wp-json\/wp\/v2\/posts\/98978","targetHints":{"allow":["GET"]}}],"collection":[{"href":"https:\/\/www.notibras.com\/site\/wp-json\/wp\/v2\/posts"}],"about":[{"href":"https:\/\/www.notibras.com\/site\/wp-json\/wp\/v2\/types\/post"}],"author":[{"embeddable":true,"href":"https:\/\/www.notibras.com\/site\/wp-json\/wp\/v2\/users\/2"}],"replies":[{"embeddable":true,"href":"https:\/\/www.notibras.com\/site\/wp-json\/wp\/v2\/comments?post=98978"}],"version-history":[{"count":1,"href":"https:\/\/www.notibras.com\/site\/wp-json\/wp\/v2\/posts\/98978\/revisions"}],"predecessor-version":[{"id":98980,"href":"https:\/\/www.notibras.com\/site\/wp-json\/wp\/v2\/posts\/98978\/revisions\/98980"}],"wp:featuredmedia":[{"embeddable":true,"href":"https:\/\/www.notibras.com\/site\/wp-json\/wp\/v2\/media\/98979"}],"wp:attachment":[{"href":"https:\/\/www.notibras.com\/site\/wp-json\/wp\/v2\/media?parent=98978"}],"wp:term":[{"taxonomy":"category","embeddable":true,"href":"https:\/\/www.notibras.com\/site\/wp-json\/wp\/v2\/categories?post=98978"},{"taxonomy":"post_tag","embeddable":true,"href":"https:\/\/www.notibras.com\/site\/wp-json\/wp\/v2\/tags?post=98978"}],"curies":[{"name":"wp","href":"https:\/\/api.w.org\/{rel}","templated":true}]}}