{"id":99049,"date":"2016-04-24T10:31:27","date_gmt":"2016-04-24T13:31:27","guid":{"rendered":"http:\/\/www.notibras.com\/site\/?p=99049"},"modified":"2016-04-24T10:31:27","modified_gmt":"2016-04-24T13:31:27","slug":"atila-de-diplomata-a-produtor-de-cachaca-aquela-a-doministro","status":"publish","type":"post","link":"https:\/\/www.notibras.com\/site\/atila-de-diplomata-a-produtor-de-cachaca-aquela-a-doministro\/","title":{"rendered":"\u00c1tila, de diplomata a produtor de cacha\u00e7a. Aquela, a DoMinistro"},"content":{"rendered":"<p><strong>Jos\u00e9 Escarlate<\/strong><\/p>\n<p>Conta a lenda que mineiro, por tradi\u00e7\u00e3o, \u00e9 econ\u00f4mico demais da conta. Depois do meu amigo Glauco Lessa, outro mineiro chegou ao Tribunal de Contas da Uni\u00e3o. Foi o ex-porta-voz da presid\u00eancia da Rep\u00fablica, Carlos \u00c1tila \u00c1lvares da Silva, filho do jornalista Joaquim de Oliveira \u00c1lvares da Silva.<\/p>\n<p>Nascido em Nova Lima, \u00c1tila \u00e9 bacharel em Ci\u00eancias Jur\u00eddicas pela Pontif\u00edcia Universidade Cat\u00f3lica do Rio de Janeiro e diplomata de carreira pelo Instituto Rio Branco, em 1961. Quando atingiu o posto de Conselheiro, foi levado pelo ent\u00e3o coronel Rubem Ludwig para ser o adjunto de imprensa do Pal\u00e1cio do Planalto.<\/p>\n<p>Como diplomata chegou a Ministro de Primeira Classe, por merecimento \u2013 embaixador &#8211; em 1985 e, em mar\u00e7o, nomeado ministro do Tribunal de Contas da Uni\u00e3o, onde foi vice-presidente em 1990 e 1991, e presidente, no bi\u00eanio 1992-1993. Em dezembro de 1998 Carlos \u00c1tila aposentou-se. Simp\u00e1tico, atencioso, extremamente bem preparado, \u00c1tila ajudava a imprensa quando podia, pois tinha seus limites.<\/p>\n<p>Ficamos amigos durante a cobertura no Pal\u00e1cio do Planalto. Essa amizade cresceu por ocasi\u00e3o do epis\u00f3dio do infarto do presidente Jo\u00e3o Figueiredo. Fomos juntos para a Cleveland Clinic, em Cleveland, Ohio. Ele, Secret\u00e1rio de Imprensa da presid\u00eancia, eu como rep\u00f3rter. Foram momentos dif\u00edceis para todos. O trabalho era intenso, trabalho que tinha come\u00e7o e meio, mas n\u00e3o tinha fim. Dobr\u00e1vamos dia e noite, at\u00e9 a estafa nos alcan\u00e7ar.<\/p>\n<p>Por ocasi\u00e3o dessa jornada, Carlos \u00c1tila nos fez \u2013 a mim e ao meu colega Nery Garcia, fot\u00f3grafo e homem de mil e uma utilidades &#8211; longo elogio escrito, pelo trabalho realizado. Esse elogio foi dormir nas nossas fichas funcionais. Est\u00e1vamos em tempo de Empresa Brasileira de Not\u00edcias \u2013 EBN -, que sucedeu \u00e0 Ag\u00eancia Nacional. Quando virou Radiobr\u00e1s, o elogio foi para o lixo, no come\u00e7o do governo Collor de Mello, gra\u00e7as \u00e0 santa incompet\u00eancia da dire\u00e7\u00e3o da empresa.<\/p>\n<p>Esta \u00e9 uma hist\u00f3ria longa, que mais tarde vou contar.<\/p>\n<p>Diplomata, \u00c1tila representou o Brasil em v\u00e1rias atividades da ONU. Entre elas, como delegado junto \u00e0 UNCTAD, em Nova York e Genebra. Levou seu talento mundo afora, representando o TCU em v\u00e1rios eventos. Mas o destino prega pe\u00e7as que at\u00e9 Deus duvida.<\/p>\n<p>O discreto e fino diplomata viria a tornar-se mais tarde um premiad\u00edssimo bodegueiro, ou melhor, alambiqueiro. Virou com outros tr\u00eas mineiros adepto da branquinha, a cacha\u00e7a de boa qualidade. Seguiu os passos do mineir\u00edssimo A\u00e9cio Neves e do saudoso Jos\u00e9 Alencar. Itamar Franco gostava da caninha, mas n\u00e3o produzia.<\/p>\n<p>A\u00e9cio, desde os tempos do av\u00f4, Tancredo Neves, produzia em sua Fazenda da Mata, em Cl\u00e1udio, interior mineiro, a cacha\u00e7a Mingote. Mingote era o apelido do seu tetrav\u00f4, Domingos.<\/p>\n<p>J\u00e1 Jos\u00e9 de Alencar defendia com unhas e dentes as qualidades da sua Maria da Cruz. que tinha como centro de produ\u00e7\u00e3o a sua fazenda Cantagalo, em Pedras de Maria da Cruz, pr\u00f3xima \u00e0 regi\u00e3o de Salinas.<\/p>\n<p>Hoje, em seu s\u00edtio em Alex\u00e2nia, Carlos \u00c1tila, j\u00e1 aposentado como ministro do TCU, produz e vende a sua cacha\u00e7a, cujo nome \u00e9 DoMinistro.<\/p>\n<p>Ainda no TCU, vez por outra levava para colegas e assessores uma garrafa da branquinha. Quando indagavam, respondia: \u201c\u00c9 a cacha\u00e7a do ministro.\u201d E \u201cDoministro\u201d pegou, estando inclusive com o nome registrado no Instituto Nacional de Propriedade Industrial, o INPI, e no Minist\u00e9rio da Agricultura.<\/p>\n<p>Hoje, com a ajuda do filho Alexandre Boureau \u00c1lvares da Silva, seu s\u00f3cio na empresa, \u00c1tila conseguiu diversificar as modalidades da cacha\u00e7a Doministro: Ouro, Prata, Premium e Extra Premium. Nome de tipo de gasolina, mas \u00e9 boa.<\/p>\n<p>Virando expert no assunto, \u00c1tila defende que o nome cacha\u00e7a fique reservado exclusivamente para a cacha\u00e7a produzida em alambique, com fermenta\u00e7\u00e3o natural. \u201cO destilado \u2013 diz ele -, produzido em coluna, deveria ser denominado aguardente\u201d.<\/p>\n<p><img loading=\"lazy\" decoding=\"async\" class=\"alignnone size-full wp-image-83053\" src=\"http:\/\/www.notibras.com\/site\/wp-content\/uploads\/2016\/01\/PV.png\" alt=\"PV\" width=\"122\" height=\"26\" \/><\/p>\n","protected":false},"excerpt":{"rendered":"<p>Jos\u00e9 Escarlate Conta a lenda que mineiro, por tradi\u00e7\u00e3o, \u00e9 econ\u00f4mico demais da conta. Depois do meu amigo Glauco Lessa, outro mineiro chegou ao Tribunal de Contas da Uni\u00e3o. Foi o ex-porta-voz da presid\u00eancia da Rep\u00fablica, Carlos \u00c1tila \u00c1lvares da Silva, filho do jornalista Joaquim de Oliveira \u00c1lvares da Silva. Nascido em Nova Lima, \u00c1tila [&hellip;]<\/p>\n","protected":false},"author":2,"featured_media":99050,"comment_status":"open","ping_status":"closed","sticky":false,"template":"","format":"standard","meta":{"_acf_changed":false,"footnotes":""},"categories":[63],"tags":[],"class_list":["post-99049","post","type-post","status-publish","format-standard","has-post-thumbnail","hentry","category-paginas-viradas"],"acf":[],"_links":{"self":[{"href":"https:\/\/www.notibras.com\/site\/wp-json\/wp\/v2\/posts\/99049","targetHints":{"allow":["GET"]}}],"collection":[{"href":"https:\/\/www.notibras.com\/site\/wp-json\/wp\/v2\/posts"}],"about":[{"href":"https:\/\/www.notibras.com\/site\/wp-json\/wp\/v2\/types\/post"}],"author":[{"embeddable":true,"href":"https:\/\/www.notibras.com\/site\/wp-json\/wp\/v2\/users\/2"}],"replies":[{"embeddable":true,"href":"https:\/\/www.notibras.com\/site\/wp-json\/wp\/v2\/comments?post=99049"}],"version-history":[{"count":1,"href":"https:\/\/www.notibras.com\/site\/wp-json\/wp\/v2\/posts\/99049\/revisions"}],"predecessor-version":[{"id":99051,"href":"https:\/\/www.notibras.com\/site\/wp-json\/wp\/v2\/posts\/99049\/revisions\/99051"}],"wp:featuredmedia":[{"embeddable":true,"href":"https:\/\/www.notibras.com\/site\/wp-json\/wp\/v2\/media\/99050"}],"wp:attachment":[{"href":"https:\/\/www.notibras.com\/site\/wp-json\/wp\/v2\/media?parent=99049"}],"wp:term":[{"taxonomy":"category","embeddable":true,"href":"https:\/\/www.notibras.com\/site\/wp-json\/wp\/v2\/categories?post=99049"},{"taxonomy":"post_tag","embeddable":true,"href":"https:\/\/www.notibras.com\/site\/wp-json\/wp\/v2\/tags?post=99049"}],"curies":[{"name":"wp","href":"https:\/\/api.w.org\/{rel}","templated":true}]}}