{"id":9908,"date":"2014-05-18T13:06:14","date_gmt":"2014-05-18T16:06:14","guid":{"rendered":"http:\/\/www.notibras.com\/site\/?p=9908"},"modified":"2014-05-19T09:14:47","modified_gmt":"2014-05-19T12:14:47","slug":"onibus-desvia-de-moto-tomba-e-deixa-saldo-de-19-mortos-no-ceara","status":"publish","type":"post","link":"https:\/\/www.notibras.com\/site\/onibus-desvia-de-moto-tomba-e-deixa-saldo-de-19-mortos-no-ceara\/","title":{"rendered":"\u00d4nibus desvia de moto, tomba e deixa o saldo de 19 mortos"},"content":{"rendered":"<p>Um \u00f4nibus da via\u00e7\u00e3o Princesa dos Inhamuns capotou na manh\u00e3 deste domingo (18) pr\u00f3ximo ao munic\u00edpio de Canind\u00e9, no Cear\u00e1. No acidente morreram ao menos 19 pessoas, segundo dados preliminares da Pol\u00edcia Rodovi\u00e1ria Federal. Quatro passageiros est\u00e3o em estado grave.<\/p>\n<p>O ve\u00edculo fazia o trajeto de Boa Viagem para Fortaleza, quando uma moto freou na sua frente, e, ao tentar desviar, o motorista perdeu o controle do volante.O \u00f4nibus transportava um total de 41 pessoas, contando com o motorista.<\/p>\n<p>Quatro das v\u00edtimas fatais foram encaminhadas para o IML (Instituto M\u00e9dico Legal) de Fortaleza, pois est\u00e3o irreconhec\u00edveis. Os outros 15 est\u00e3o no IML de Canind\u00e9.<\/p>\n<p>A Pol\u00edcia Rodovi\u00e1ria Federal (PRF) informa que todas as v\u00edtimas lesionadas j\u00e1 foram socorridas. Segundo a PRF,\u00a0 a maioria das v\u00edtimas feridas sofreu les\u00f5es graves. O teste do baf\u00f4metro feito com o motorista deu negativo, conforme a PRF.<\/p>\n<p>A via\u00e7\u00e3o Princesa dos Inhamuns informou que o \u00f4nibus comporta 46 passageiros, mas 39 lugares estavam ocupados, al\u00e9m de um funcion\u00e1rio e do motorista.<\/p>\n<p>O motorista do \u00f4nibus, que sofreu les\u00f5es leves, informou \u00e0 PRF que um motociclista que seguia \u00e0 sua frente teria freado bruscamente. Na tentativa de evitar a colis\u00e3o, o condutor perdeu o controle do ve\u00edculo.<\/p>\n","protected":false},"excerpt":{"rendered":"<p>Um \u00f4nibus da via\u00e7\u00e3o Princesa dos Inhamuns capotou na manh\u00e3 deste domingo (18) pr\u00f3ximo ao munic\u00edpio de Canind\u00e9, no Cear\u00e1. No acidente morreram ao menos 19 pessoas, segundo dados preliminares da Pol\u00edcia Rodovi\u00e1ria Federal. Quatro passageiros est\u00e3o em estado grave. O ve\u00edculo fazia o trajeto de Boa Viagem para Fortaleza, quando uma moto freou na [&hellip;]<\/p>\n","protected":false},"author":2,"featured_media":9913,"comment_status":"open","ping_status":"closed","sticky":false,"template":"","format":"standard","meta":{"_acf_changed":false,"footnotes":""},"categories":[16],"tags":[],"class_list":["post-9908","post","type-post","status-publish","format-standard","has-post-thumbnail","hentry","category-brasil"],"acf":[],"yoast_head":"<!-- This site is optimized with the Yoast SEO plugin v27.2 - https:\/\/yoast.com\/product\/yoast-seo-wordpress\/ -->\n<title>\u00d4nibus desvia de moto, tomba e deixa o saldo de 19 mortos - Notibras<\/title>\n<meta name=\"robots\" content=\"index, follow, max-snippet:-1, max-image-preview:large, max-video-preview:-1\" \/>\n<link rel=\"canonical\" href=\"https:\/\/www.notibras.com\/site\/onibus-desvia-de-moto-tomba-e-deixa-saldo-de-19-mortos-no-ceara\/\" \/>\n<meta property=\"og:locale\" content=\"pt_BR\" \/>\n<meta property=\"og:type\" content=\"article\" \/>\n<meta property=\"og:title\" content=\"\u00d4nibus desvia de moto, tomba e deixa o saldo de 19 mortos - Notibras\" \/>\n<meta property=\"og:description\" content=\"Um \u00f4nibus da via\u00e7\u00e3o Princesa dos Inhamuns capotou na manh\u00e3 deste domingo (18) pr\u00f3ximo ao munic\u00edpio de Canind\u00e9, no Cear\u00e1. No acidente morreram ao menos 19 pessoas, segundo dados preliminares da Pol\u00edcia Rodovi\u00e1ria Federal. Quatro passageiros est\u00e3o em estado grave. O ve\u00edculo fazia o trajeto de Boa Viagem para Fortaleza, quando uma moto freou na [&hellip;]\" \/>\n<meta property=\"og:url\" content=\"https:\/\/www.notibras.com\/site\/onibus-desvia-de-moto-tomba-e-deixa-saldo-de-19-mortos-no-ceara\/\" \/>\n<meta property=\"og:site_name\" content=\"Notibras\" \/>\n<meta property=\"article:publisher\" content=\"https:\/\/www.facebook.com\/notibras\/\" \/>\n<meta property=\"article:published_time\" content=\"2014-05-18T16:06:14+00:00\" \/>\n<meta property=\"article:modified_time\" content=\"2014-05-19T12:14:47+00:00\" \/>\n<meta property=\"og:image\" content=\"https:\/\/www.notibras.com\/site\/wp-content\/uploads\/2014\/05\/bus_1.jpg\" \/>\n\t<meta property=\"og:image:width\" content=\"620\" \/>\n\t<meta property=\"og:image:height\" content=\"465\" \/>\n\t<meta property=\"og:image:type\" content=\"image\/jpeg\" \/>\n<meta name=\"author\" content=\"Reda\u00e7\u00e3o\" \/>\n<meta name=\"twitter:card\" content=\"summary_large_image\" \/>\n<meta name=\"twitter:creator\" content=\"@Notibras\" \/>\n<meta name=\"twitter:site\" content=\"@Notibras\" \/>\n<meta name=\"twitter:label1\" content=\"Escrito por\" \/>\n\t<meta name=\"twitter:data1\" content=\"Reda\u00e7\u00e3o\" \/>\n\t<meta name=\"twitter:label2\" content=\"Est. tempo de leitura\" \/>\n\t<meta name=\"twitter:data2\" content=\"1 minuto\" \/>\n<script type=\"application\/ld+json\" class=\"yoast-schema-graph\">{\"@context\":\"https:\/\/schema.org\",\"@graph\":[{\"@type\":\"Article\",\"@id\":\"https:\/\/www.notibras.com\/site\/onibus-desvia-de-moto-tomba-e-deixa-saldo-de-19-mortos-no-ceara\/#article\",\"isPartOf\":{\"@id\":\"https:\/\/www.notibras.com\/site\/onibus-desvia-de-moto-tomba-e-deixa-saldo-de-19-mortos-no-ceara\/\"},\"author\":{\"name\":\"Reda\u00e7\u00e3o\",\"@id\":\"https:\/\/www.notibras.com\/site\/#\/schema\/person\/36ab0979449956132d3e5b517ea76ac8\"},\"headline\":\"\u00d4nibus desvia de moto, tomba e deixa o saldo de 19 mortos\",\"datePublished\":\"2014-05-18T16:06:14+00:00\",\"dateModified\":\"2014-05-19T12:14:47+00:00\",\"mainEntityOfPage\":{\"@id\":\"https:\/\/www.notibras.com\/site\/onibus-desvia-de-moto-tomba-e-deixa-saldo-de-19-mortos-no-ceara\/\"},\"wordCount\":229,\"commentCount\":0,\"publisher\":{\"@id\":\"https:\/\/www.notibras.com\/site\/#organization\"},\"image\":{\"@id\":\"https:\/\/www.notibras.com\/site\/onibus-desvia-de-moto-tomba-e-deixa-saldo-de-19-mortos-no-ceara\/#primaryimage\"},\"thumbnailUrl\":\"https:\/\/www.notibras.com\/site\/wp-content\/uploads\/2014\/05\/bus_1.jpg\",\"articleSection\":[\"Brasil\"],\"inLanguage\":\"pt-BR\",\"potentialAction\":[{\"@type\":\"CommentAction\",\"name\":\"Comment\",\"target\":[\"https:\/\/www.notibras.com\/site\/onibus-desvia-de-moto-tomba-e-deixa-saldo-de-19-mortos-no-ceara\/#respond\"]}]},{\"@type\":\"WebPage\",\"@id\":\"https:\/\/www.notibras.com\/site\/onibus-desvia-de-moto-tomba-e-deixa-saldo-de-19-mortos-no-ceara\/\",\"url\":\"https:\/\/www.notibras.com\/site\/onibus-desvia-de-moto-tomba-e-deixa-saldo-de-19-mortos-no-ceara\/\",\"name\":\"\u00d4nibus desvia de moto, tomba e deixa o saldo de 19 mortos - Notibras\",\"isPartOf\":{\"@id\":\"https:\/\/www.notibras.com\/site\/#website\"},\"primaryImageOfPage\":{\"@id\":\"https:\/\/www.notibras.com\/site\/onibus-desvia-de-moto-tomba-e-deixa-saldo-de-19-mortos-no-ceara\/#primaryimage\"},\"image\":{\"@id\":\"https:\/\/www.notibras.com\/site\/onibus-desvia-de-moto-tomba-e-deixa-saldo-de-19-mortos-no-ceara\/#primaryimage\"},\"thumbnailUrl\":\"https:\/\/www.notibras.com\/site\/wp-content\/uploads\/2014\/05\/bus_1.jpg\",\"datePublished\":\"2014-05-18T16:06:14+00:00\",\"dateModified\":\"2014-05-19T12:14:47+00:00\",\"breadcrumb\":{\"@id\":\"https:\/\/www.notibras.com\/site\/onibus-desvia-de-moto-tomba-e-deixa-saldo-de-19-mortos-no-ceara\/#breadcrumb\"},\"inLanguage\":\"pt-BR\",\"potentialAction\":[{\"@type\":\"ReadAction\",\"target\":[\"https:\/\/www.notibras.com\/site\/onibus-desvia-de-moto-tomba-e-deixa-saldo-de-19-mortos-no-ceara\/\"]}]},{\"@type\":\"ImageObject\",\"inLanguage\":\"pt-BR\",\"@id\":\"https:\/\/www.notibras.com\/site\/onibus-desvia-de-moto-tomba-e-deixa-saldo-de-19-mortos-no-ceara\/#primaryimage\",\"url\":\"https:\/\/www.notibras.com\/site\/wp-content\/uploads\/2014\/05\/bus_1.jpg\",\"contentUrl\":\"https:\/\/www.notibras.com\/site\/wp-content\/uploads\/2014\/05\/bus_1.jpg\",\"width\":620,\"height\":465},{\"@type\":\"BreadcrumbList\",\"@id\":\"https:\/\/www.notibras.com\/site\/onibus-desvia-de-moto-tomba-e-deixa-saldo-de-19-mortos-no-ceara\/#breadcrumb\",\"itemListElement\":[{\"@type\":\"ListItem\",\"position\":1,\"name\":\"In\u00edcio\",\"item\":\"https:\/\/www.notibras.com\/site\/\"},{\"@type\":\"ListItem\",\"position\":2,\"name\":\"\u00d4nibus desvia de moto, tomba e deixa o saldo de 19 mortos\"}]},{\"@type\":\"WebSite\",\"@id\":\"https:\/\/www.notibras.com\/site\/#website\",\"url\":\"https:\/\/www.notibras.com\/site\/\",\"name\":\"Notibras\",\"description\":\"Not\u00edcias de Bras\u00edlia, do Brasil e do Mundo\",\"publisher\":{\"@id\":\"https:\/\/www.notibras.com\/site\/#organization\"},\"potentialAction\":[{\"@type\":\"SearchAction\",\"target\":{\"@type\":\"EntryPoint\",\"urlTemplate\":\"https:\/\/www.notibras.com\/site\/?s={search_term_string}\"},\"query-input\":{\"@type\":\"PropertyValueSpecification\",\"valueRequired\":true,\"valueName\":\"search_term_string\"}}],\"inLanguage\":\"pt-BR\"},{\"@type\":\"Organization\",\"@id\":\"https:\/\/www.notibras.com\/site\/#organization\",\"name\":\"Grupo Notibras de Comunica\u00e7\u00e3o\",\"url\":\"https:\/\/www.notibras.com\/site\/\",\"logo\":{\"@type\":\"ImageObject\",\"inLanguage\":\"pt-BR\",\"@id\":\"https:\/\/www.notibras.com\/site\/#\/schema\/logo\/image\/\",\"url\":\"https:\/\/www.notibras.com\/site\/wp-content\/uploads\/2023\/01\/notibras23.png\",\"contentUrl\":\"https:\/\/www.notibras.com\/site\/wp-content\/uploads\/2023\/01\/notibras23.png\",\"width\":350,\"height\":87,\"caption\":\"Grupo Notibras de Comunica\u00e7\u00e3o\"},\"image\":{\"@id\":\"https:\/\/www.notibras.com\/site\/#\/schema\/logo\/image\/\"},\"sameAs\":[\"https:\/\/www.facebook.com\/notibras\/\",\"https:\/\/x.com\/Notibras\",\"https:\/\/www.instagram.com\/notibras\/\"]},{\"@type\":\"Person\",\"@id\":\"https:\/\/www.notibras.com\/site\/#\/schema\/person\/36ab0979449956132d3e5b517ea76ac8\",\"name\":\"Reda\u00e7\u00e3o\",\"image\":{\"@type\":\"ImageObject\",\"inLanguage\":\"pt-BR\",\"@id\":\"https:\/\/secure.gravatar.com\/avatar\/e0a867bdedb85fd243eadf09663511f96fc81e0720a4a42581f334ad4303aa6b?s=96&d=mm&r=g\",\"url\":\"https:\/\/secure.gravatar.com\/avatar\/e0a867bdedb85fd243eadf09663511f96fc81e0720a4a42581f334ad4303aa6b?s=96&d=mm&r=g\",\"contentUrl\":\"https:\/\/secure.gravatar.com\/avatar\/e0a867bdedb85fd243eadf09663511f96fc81e0720a4a42581f334ad4303aa6b?s=96&d=mm&r=g\",\"caption\":\"Reda\u00e7\u00e3o\"}}]}<\/script>\n<!-- \/ Yoast SEO plugin. -->","yoast_head_json":{"title":"\u00d4nibus desvia de moto, tomba e deixa o saldo de 19 mortos - Notibras","robots":{"index":"index","follow":"follow","max-snippet":"max-snippet:-1","max-image-preview":"max-image-preview:large","max-video-preview":"max-video-preview:-1"},"canonical":"https:\/\/www.notibras.com\/site\/onibus-desvia-de-moto-tomba-e-deixa-saldo-de-19-mortos-no-ceara\/","og_locale":"pt_BR","og_type":"article","og_title":"\u00d4nibus desvia de moto, tomba e deixa o saldo de 19 mortos - Notibras","og_description":"Um \u00f4nibus da via\u00e7\u00e3o Princesa dos Inhamuns capotou na manh\u00e3 deste domingo (18) pr\u00f3ximo ao munic\u00edpio de Canind\u00e9, no Cear\u00e1. No acidente morreram ao menos 19 pessoas, segundo dados preliminares da Pol\u00edcia Rodovi\u00e1ria Federal. Quatro passageiros est\u00e3o em estado grave. O ve\u00edculo fazia o trajeto de Boa Viagem para Fortaleza, quando uma moto freou na [&hellip;]","og_url":"https:\/\/www.notibras.com\/site\/onibus-desvia-de-moto-tomba-e-deixa-saldo-de-19-mortos-no-ceara\/","og_site_name":"Notibras","article_publisher":"https:\/\/www.facebook.com\/notibras\/","article_published_time":"2014-05-18T16:06:14+00:00","article_modified_time":"2014-05-19T12:14:47+00:00","og_image":[{"width":620,"height":465,"url":"https:\/\/www.notibras.com\/site\/wp-content\/uploads\/2014\/05\/bus_1.jpg","type":"image\/jpeg"}],"author":"Reda\u00e7\u00e3o","twitter_card":"summary_large_image","twitter_creator":"@Notibras","twitter_site":"@Notibras","twitter_misc":{"Escrito por":"Reda\u00e7\u00e3o","Est. tempo de leitura":"1 minuto"},"schema":{"@context":"https:\/\/schema.org","@graph":[{"@type":"Article","@id":"https:\/\/www.notibras.com\/site\/onibus-desvia-de-moto-tomba-e-deixa-saldo-de-19-mortos-no-ceara\/#article","isPartOf":{"@id":"https:\/\/www.notibras.com\/site\/onibus-desvia-de-moto-tomba-e-deixa-saldo-de-19-mortos-no-ceara\/"},"author":{"name":"Reda\u00e7\u00e3o","@id":"https:\/\/www.notibras.com\/site\/#\/schema\/person\/36ab0979449956132d3e5b517ea76ac8"},"headline":"\u00d4nibus desvia de moto, tomba e deixa o saldo de 19 mortos","datePublished":"2014-05-18T16:06:14+00:00","dateModified":"2014-05-19T12:14:47+00:00","mainEntityOfPage":{"@id":"https:\/\/www.notibras.com\/site\/onibus-desvia-de-moto-tomba-e-deixa-saldo-de-19-mortos-no-ceara\/"},"wordCount":229,"commentCount":0,"publisher":{"@id":"https:\/\/www.notibras.com\/site\/#organization"},"image":{"@id":"https:\/\/www.notibras.com\/site\/onibus-desvia-de-moto-tomba-e-deixa-saldo-de-19-mortos-no-ceara\/#primaryimage"},"thumbnailUrl":"https:\/\/www.notibras.com\/site\/wp-content\/uploads\/2014\/05\/bus_1.jpg","articleSection":["Brasil"],"inLanguage":"pt-BR","potentialAction":[{"@type":"CommentAction","name":"Comment","target":["https:\/\/www.notibras.com\/site\/onibus-desvia-de-moto-tomba-e-deixa-saldo-de-19-mortos-no-ceara\/#respond"]}]},{"@type":"WebPage","@id":"https:\/\/www.notibras.com\/site\/onibus-desvia-de-moto-tomba-e-deixa-saldo-de-19-mortos-no-ceara\/","url":"https:\/\/www.notibras.com\/site\/onibus-desvia-de-moto-tomba-e-deixa-saldo-de-19-mortos-no-ceara\/","name":"\u00d4nibus desvia de moto, tomba e deixa o saldo de 19 mortos - Notibras","isPartOf":{"@id":"https:\/\/www.notibras.com\/site\/#website"},"primaryImageOfPage":{"@id":"https:\/\/www.notibras.com\/site\/onibus-desvia-de-moto-tomba-e-deixa-saldo-de-19-mortos-no-ceara\/#primaryimage"},"image":{"@id":"https:\/\/www.notibras.com\/site\/onibus-desvia-de-moto-tomba-e-deixa-saldo-de-19-mortos-no-ceara\/#primaryimage"},"thumbnailUrl":"https:\/\/www.notibras.com\/site\/wp-content\/uploads\/2014\/05\/bus_1.jpg","datePublished":"2014-05-18T16:06:14+00:00","dateModified":"2014-05-19T12:14:47+00:00","breadcrumb":{"@id":"https:\/\/www.notibras.com\/site\/onibus-desvia-de-moto-tomba-e-deixa-saldo-de-19-mortos-no-ceara\/#breadcrumb"},"inLanguage":"pt-BR","potentialAction":[{"@type":"ReadAction","target":["https:\/\/www.notibras.com\/site\/onibus-desvia-de-moto-tomba-e-deixa-saldo-de-19-mortos-no-ceara\/"]}]},{"@type":"ImageObject","inLanguage":"pt-BR","@id":"https:\/\/www.notibras.com\/site\/onibus-desvia-de-moto-tomba-e-deixa-saldo-de-19-mortos-no-ceara\/#primaryimage","url":"https:\/\/www.notibras.com\/site\/wp-content\/uploads\/2014\/05\/bus_1.jpg","contentUrl":"https:\/\/www.notibras.com\/site\/wp-content\/uploads\/2014\/05\/bus_1.jpg","width":620,"height":465},{"@type":"BreadcrumbList","@id":"https:\/\/www.notibras.com\/site\/onibus-desvia-de-moto-tomba-e-deixa-saldo-de-19-mortos-no-ceara\/#breadcrumb","itemListElement":[{"@type":"ListItem","position":1,"name":"In\u00edcio","item":"https:\/\/www.notibras.com\/site\/"},{"@type":"ListItem","position":2,"name":"\u00d4nibus desvia de moto, tomba e deixa o saldo de 19 mortos"}]},{"@type":"WebSite","@id":"https:\/\/www.notibras.com\/site\/#website","url":"https:\/\/www.notibras.com\/site\/","name":"Notibras","description":"Not\u00edcias de Bras\u00edlia, do Brasil e do Mundo","publisher":{"@id":"https:\/\/www.notibras.com\/site\/#organization"},"potentialAction":[{"@type":"SearchAction","target":{"@type":"EntryPoint","urlTemplate":"https:\/\/www.notibras.com\/site\/?s={search_term_string}"},"query-input":{"@type":"PropertyValueSpecification","valueRequired":true,"valueName":"search_term_string"}}],"inLanguage":"pt-BR"},{"@type":"Organization","@id":"https:\/\/www.notibras.com\/site\/#organization","name":"Grupo Notibras de Comunica\u00e7\u00e3o","url":"https:\/\/www.notibras.com\/site\/","logo":{"@type":"ImageObject","inLanguage":"pt-BR","@id":"https:\/\/www.notibras.com\/site\/#\/schema\/logo\/image\/","url":"https:\/\/www.notibras.com\/site\/wp-content\/uploads\/2023\/01\/notibras23.png","contentUrl":"https:\/\/www.notibras.com\/site\/wp-content\/uploads\/2023\/01\/notibras23.png","width":350,"height":87,"caption":"Grupo Notibras de Comunica\u00e7\u00e3o"},"image":{"@id":"https:\/\/www.notibras.com\/site\/#\/schema\/logo\/image\/"},"sameAs":["https:\/\/www.facebook.com\/notibras\/","https:\/\/x.com\/Notibras","https:\/\/www.instagram.com\/notibras\/"]},{"@type":"Person","@id":"https:\/\/www.notibras.com\/site\/#\/schema\/person\/36ab0979449956132d3e5b517ea76ac8","name":"Reda\u00e7\u00e3o","image":{"@type":"ImageObject","inLanguage":"pt-BR","@id":"https:\/\/secure.gravatar.com\/avatar\/e0a867bdedb85fd243eadf09663511f96fc81e0720a4a42581f334ad4303aa6b?s=96&d=mm&r=g","url":"https:\/\/secure.gravatar.com\/avatar\/e0a867bdedb85fd243eadf09663511f96fc81e0720a4a42581f334ad4303aa6b?s=96&d=mm&r=g","contentUrl":"https:\/\/secure.gravatar.com\/avatar\/e0a867bdedb85fd243eadf09663511f96fc81e0720a4a42581f334ad4303aa6b?s=96&d=mm&r=g","caption":"Reda\u00e7\u00e3o"}}]}},"amp_enabled":true,"_links":{"self":[{"href":"https:\/\/www.notibras.com\/site\/wp-json\/wp\/v2\/posts\/9908","targetHints":{"allow":["GET"]}}],"collection":[{"href":"https:\/\/www.notibras.com\/site\/wp-json\/wp\/v2\/posts"}],"about":[{"href":"https:\/\/www.notibras.com\/site\/wp-json\/wp\/v2\/types\/post"}],"author":[{"embeddable":true,"href":"https:\/\/www.notibras.com\/site\/wp-json\/wp\/v2\/users\/2"}],"replies":[{"embeddable":true,"href":"https:\/\/www.notibras.com\/site\/wp-json\/wp\/v2\/comments?post=9908"}],"version-history":[{"count":0,"href":"https:\/\/www.notibras.com\/site\/wp-json\/wp\/v2\/posts\/9908\/revisions"}],"wp:featuredmedia":[{"embeddable":true,"href":"https:\/\/www.notibras.com\/site\/wp-json\/wp\/v2\/media\/9913"}],"wp:attachment":[{"href":"https:\/\/www.notibras.com\/site\/wp-json\/wp\/v2\/media?parent=9908"}],"wp:term":[{"taxonomy":"category","embeddable":true,"href":"https:\/\/www.notibras.com\/site\/wp-json\/wp\/v2\/categories?post=9908"},{"taxonomy":"post_tag","embeddable":true,"href":"https:\/\/www.notibras.com\/site\/wp-json\/wp\/v2\/tags?post=9908"}],"curies":[{"name":"wp","href":"https:\/\/api.w.org\/{rel}","templated":true}]}}