{"id":9916,"date":"2014-05-18T14:40:48","date_gmt":"2014-05-18T17:40:48","guid":{"rendered":"http:\/\/www.notibras.com\/site\/?p=9916"},"modified":"2014-05-18T17:59:02","modified_gmt":"2014-05-18T20:59:02","slug":"brasilia-perde-titulo-de-campeao-regional-mas-tem-o-mane-aprovado","status":"publish","type":"post","link":"https:\/\/www.notibras.com\/site\/brasilia-perde-titulo-de-campeao-regional-mas-tem-o-mane-aprovado\/","title":{"rendered":"Bras\u00edlia perde t\u00edtulo de campe\u00e3o mas tem o Man\u00e9 aprovado"},"content":{"rendered":"<p>O Est\u00e1dio Nacional Man\u00e9 Garrincha passou pelo \u00faltimo evento teste antes da Copa do Mundo. A final do campeonato regional, entre Bras\u00edlia e Luzi\u00e2nia, atraiu, segundo a Pol\u00edcia Militar, cerca de 30 mil pessoas.<\/p>\n<p>Representantes do Comit\u00ea Organizador Local (COL), que aproveitaram o jogo de ontem (17) para avaliar \u00e1reas estrat\u00e9gicas, como a atua\u00e7\u00e3o de <em>stewards <\/em>\u2013 seguran\u00e7as particulares \u2013 e o atendimento m\u00e9dico, disseram que a opera\u00e7\u00e3o atendeu \u00e0s expectativas. Segundo o diretor executivo da entidade, Ricardo Trade, o est\u00e1dio de Bras\u00edlia est\u00e1 em plena condi\u00e7\u00e3o para a Copa.<\/p>\n<p>Os testes, segundo ele, seguiram o mesmo protocolo que ser\u00e1 adotado no Mundial, incluindo vistoria antibombas por homens e c\u00e3es das pol\u00edcias Militar e Federal.<\/p>\n<p>\u201cPara a Pol\u00edcia Militar, o jogo \u00e9 \u00fatil porque colocamos em pr\u00e1tica o exato posicionamento que ser\u00e1 adotado durante a Copa do Mundo. Essa prepara\u00e7\u00e3o come\u00e7ou em 2008, quando as primeiras instru\u00e7\u00f5es nos foram passadas\u201d, disse \u00e0 <strong>Ag\u00eancia Brasil<\/strong> o tenente-coronel Fl\u00e1vio Alves.<\/p>\n<p>Entre os procedimentos citados pelo tenente-coronel tamb\u00e9m est\u00e3o o posicionamento e monitoramento de c\u00e2meras, a escolta de delega\u00e7\u00f5es, varreduras antibomba e vistorias de seguran\u00e7a.<\/p>\n<p>Durante a partida, a Secretaria da Igualdade Racial lan\u00e7ou a campanha \u201cDF por uma Copa sem racismo\u201d. Uma faixa foi estendida no centro do gramado, durante o intervalo do jogo, por representantes de comunidades ind\u00edgenas, ciganas e povos de terreiro. Outra bandeira hasteada no jogo incentivava o desarmamento infantil.<\/p>\n<p>De acordo com o governo do Distrito Federal (GDF), o est\u00e1dio j\u00e1 recebeu 41 eventos, para um p\u00fablico total de 800 mil pessoas. Segundo o GDF, cada grande evento \u2013 termo usado quando o p\u00fablico supera 10 mil pessoas \u2013 injeta R$ 12 milh\u00f5es na economia local e gera 2 mil empregos diretos e indiretos.<\/p>\n<p>Para o jogo desse s\u00e1bado, foram postos \u00e0 venda, 64 mil ingressos a pre\u00e7os que variaram de R$ 2 a R$ 20 (inteira). At\u00e9 a manh\u00e3 de hoje (18), a assessoria do evento n\u00e3o soube informar o p\u00fablico pagante.<\/p>\n<p>Apesar de a partida ter sido vencida pelo time de Bras\u00edlia por 1 a 0, o campe\u00e3o brasiliense foi o time de Luzi\u00e2nia, que, na primeira partida da final, ganhou por 3 a 2 e teve a melhor campanha durante o campeonato.<\/p>\n","protected":false},"excerpt":{"rendered":"<p>O Est\u00e1dio Nacional Man\u00e9 Garrincha passou pelo \u00faltimo evento teste antes da Copa do Mundo. A final do campeonato regional, entre Bras\u00edlia e Luzi\u00e2nia, atraiu, segundo a Pol\u00edcia Militar, cerca de 30 mil pessoas. Representantes do Comit\u00ea Organizador Local (COL), que aproveitaram o jogo de ontem (17) para avaliar \u00e1reas estrat\u00e9gicas, como a atua\u00e7\u00e3o de [&hellip;]<\/p>\n","protected":false},"author":2,"featured_media":9917,"comment_status":"open","ping_status":"closed","sticky":false,"template":"","format":"standard","meta":{"_acf_changed":false,"footnotes":""},"categories":[19],"tags":[],"class_list":["post-9916","post","type-post","status-publish","format-standard","has-post-thumbnail","hentry","category-esportes"],"acf":[],"yoast_head":"<!-- This site is optimized with the Yoast SEO plugin v27.2 - https:\/\/yoast.com\/product\/yoast-seo-wordpress\/ -->\n<title>Bras\u00edlia perde t\u00edtulo de campe\u00e3o mas tem o Man\u00e9 aprovado - Notibras<\/title>\n<meta name=\"robots\" content=\"index, follow, max-snippet:-1, max-image-preview:large, max-video-preview:-1\" \/>\n<link rel=\"canonical\" href=\"https:\/\/www.notibras.com\/site\/brasilia-perde-titulo-de-campeao-regional-mas-tem-o-mane-aprovado\/\" \/>\n<meta property=\"og:locale\" content=\"pt_BR\" \/>\n<meta property=\"og:type\" content=\"article\" \/>\n<meta property=\"og:title\" content=\"Bras\u00edlia perde t\u00edtulo de campe\u00e3o mas tem o Man\u00e9 aprovado - Notibras\" \/>\n<meta property=\"og:description\" content=\"O Est\u00e1dio Nacional Man\u00e9 Garrincha passou pelo \u00faltimo evento teste antes da Copa do Mundo. A final do campeonato regional, entre Bras\u00edlia e Luzi\u00e2nia, atraiu, segundo a Pol\u00edcia Militar, cerca de 30 mil pessoas. Representantes do Comit\u00ea Organizador Local (COL), que aproveitaram o jogo de ontem (17) para avaliar \u00e1reas estrat\u00e9gicas, como a atua\u00e7\u00e3o de [&hellip;]\" \/>\n<meta property=\"og:url\" content=\"https:\/\/www.notibras.com\/site\/brasilia-perde-titulo-de-campeao-regional-mas-tem-o-mane-aprovado\/\" \/>\n<meta property=\"og:site_name\" content=\"Notibras\" \/>\n<meta property=\"article:publisher\" content=\"https:\/\/www.facebook.com\/notibras\/\" \/>\n<meta property=\"article:published_time\" content=\"2014-05-18T17:40:48+00:00\" \/>\n<meta property=\"article:modified_time\" content=\"2014-05-18T20:59:02+00:00\" \/>\n<meta property=\"og:image\" content=\"https:\/\/www.notibras.com\/site\/wp-content\/uploads\/2014\/05\/914999-17052014-_abr2881.jpg\" \/>\n\t<meta property=\"og:image:width\" content=\"580\" \/>\n\t<meta property=\"og:image:height\" content=\"388\" \/>\n\t<meta property=\"og:image:type\" content=\"image\/jpeg\" \/>\n<meta name=\"author\" content=\"Reda\u00e7\u00e3o\" \/>\n<meta name=\"twitter:card\" content=\"summary_large_image\" \/>\n<meta name=\"twitter:creator\" content=\"@Notibras\" \/>\n<meta name=\"twitter:site\" content=\"@Notibras\" \/>\n<meta name=\"twitter:label1\" content=\"Escrito por\" \/>\n\t<meta name=\"twitter:data1\" content=\"Reda\u00e7\u00e3o\" \/>\n\t<meta name=\"twitter:label2\" content=\"Est. tempo de leitura\" \/>\n\t<meta name=\"twitter:data2\" content=\"2 minutos\" \/>\n<script type=\"application\/ld+json\" class=\"yoast-schema-graph\">{\"@context\":\"https:\/\/schema.org\",\"@graph\":[{\"@type\":\"Article\",\"@id\":\"https:\/\/www.notibras.com\/site\/brasilia-perde-titulo-de-campeao-regional-mas-tem-o-mane-aprovado\/#article\",\"isPartOf\":{\"@id\":\"https:\/\/www.notibras.com\/site\/brasilia-perde-titulo-de-campeao-regional-mas-tem-o-mane-aprovado\/\"},\"author\":{\"name\":\"Reda\u00e7\u00e3o\",\"@id\":\"https:\/\/www.notibras.com\/site\/#\/schema\/person\/36ab0979449956132d3e5b517ea76ac8\"},\"headline\":\"Bras\u00edlia perde t\u00edtulo de campe\u00e3o mas tem o Man\u00e9 aprovado\",\"datePublished\":\"2014-05-18T17:40:48+00:00\",\"dateModified\":\"2014-05-18T20:59:02+00:00\",\"mainEntityOfPage\":{\"@id\":\"https:\/\/www.notibras.com\/site\/brasilia-perde-titulo-de-campeao-regional-mas-tem-o-mane-aprovado\/\"},\"wordCount\":396,\"commentCount\":0,\"publisher\":{\"@id\":\"https:\/\/www.notibras.com\/site\/#organization\"},\"image\":{\"@id\":\"https:\/\/www.notibras.com\/site\/brasilia-perde-titulo-de-campeao-regional-mas-tem-o-mane-aprovado\/#primaryimage\"},\"thumbnailUrl\":\"https:\/\/www.notibras.com\/site\/wp-content\/uploads\/2014\/05\/914999-17052014-_abr2881.jpg\",\"articleSection\":[\"Esportes\"],\"inLanguage\":\"pt-BR\",\"potentialAction\":[{\"@type\":\"CommentAction\",\"name\":\"Comment\",\"target\":[\"https:\/\/www.notibras.com\/site\/brasilia-perde-titulo-de-campeao-regional-mas-tem-o-mane-aprovado\/#respond\"]}]},{\"@type\":\"WebPage\",\"@id\":\"https:\/\/www.notibras.com\/site\/brasilia-perde-titulo-de-campeao-regional-mas-tem-o-mane-aprovado\/\",\"url\":\"https:\/\/www.notibras.com\/site\/brasilia-perde-titulo-de-campeao-regional-mas-tem-o-mane-aprovado\/\",\"name\":\"Bras\u00edlia perde t\u00edtulo de campe\u00e3o mas tem o Man\u00e9 aprovado - Notibras\",\"isPartOf\":{\"@id\":\"https:\/\/www.notibras.com\/site\/#website\"},\"primaryImageOfPage\":{\"@id\":\"https:\/\/www.notibras.com\/site\/brasilia-perde-titulo-de-campeao-regional-mas-tem-o-mane-aprovado\/#primaryimage\"},\"image\":{\"@id\":\"https:\/\/www.notibras.com\/site\/brasilia-perde-titulo-de-campeao-regional-mas-tem-o-mane-aprovado\/#primaryimage\"},\"thumbnailUrl\":\"https:\/\/www.notibras.com\/site\/wp-content\/uploads\/2014\/05\/914999-17052014-_abr2881.jpg\",\"datePublished\":\"2014-05-18T17:40:48+00:00\",\"dateModified\":\"2014-05-18T20:59:02+00:00\",\"breadcrumb\":{\"@id\":\"https:\/\/www.notibras.com\/site\/brasilia-perde-titulo-de-campeao-regional-mas-tem-o-mane-aprovado\/#breadcrumb\"},\"inLanguage\":\"pt-BR\",\"potentialAction\":[{\"@type\":\"ReadAction\",\"target\":[\"https:\/\/www.notibras.com\/site\/brasilia-perde-titulo-de-campeao-regional-mas-tem-o-mane-aprovado\/\"]}]},{\"@type\":\"ImageObject\",\"inLanguage\":\"pt-BR\",\"@id\":\"https:\/\/www.notibras.com\/site\/brasilia-perde-titulo-de-campeao-regional-mas-tem-o-mane-aprovado\/#primaryimage\",\"url\":\"https:\/\/www.notibras.com\/site\/wp-content\/uploads\/2014\/05\/914999-17052014-_abr2881.jpg\",\"contentUrl\":\"https:\/\/www.notibras.com\/site\/wp-content\/uploads\/2014\/05\/914999-17052014-_abr2881.jpg\",\"width\":580,\"height\":388},{\"@type\":\"BreadcrumbList\",\"@id\":\"https:\/\/www.notibras.com\/site\/brasilia-perde-titulo-de-campeao-regional-mas-tem-o-mane-aprovado\/#breadcrumb\",\"itemListElement\":[{\"@type\":\"ListItem\",\"position\":1,\"name\":\"In\u00edcio\",\"item\":\"https:\/\/www.notibras.com\/site\/\"},{\"@type\":\"ListItem\",\"position\":2,\"name\":\"Bras\u00edlia perde t\u00edtulo de campe\u00e3o mas tem o Man\u00e9 aprovado\"}]},{\"@type\":\"WebSite\",\"@id\":\"https:\/\/www.notibras.com\/site\/#website\",\"url\":\"https:\/\/www.notibras.com\/site\/\",\"name\":\"Notibras\",\"description\":\"Not\u00edcias de Bras\u00edlia, do Brasil e do Mundo\",\"publisher\":{\"@id\":\"https:\/\/www.notibras.com\/site\/#organization\"},\"potentialAction\":[{\"@type\":\"SearchAction\",\"target\":{\"@type\":\"EntryPoint\",\"urlTemplate\":\"https:\/\/www.notibras.com\/site\/?s={search_term_string}\"},\"query-input\":{\"@type\":\"PropertyValueSpecification\",\"valueRequired\":true,\"valueName\":\"search_term_string\"}}],\"inLanguage\":\"pt-BR\"},{\"@type\":\"Organization\",\"@id\":\"https:\/\/www.notibras.com\/site\/#organization\",\"name\":\"Grupo Notibras de Comunica\u00e7\u00e3o\",\"url\":\"https:\/\/www.notibras.com\/site\/\",\"logo\":{\"@type\":\"ImageObject\",\"inLanguage\":\"pt-BR\",\"@id\":\"https:\/\/www.notibras.com\/site\/#\/schema\/logo\/image\/\",\"url\":\"https:\/\/www.notibras.com\/site\/wp-content\/uploads\/2023\/01\/notibras23.png\",\"contentUrl\":\"https:\/\/www.notibras.com\/site\/wp-content\/uploads\/2023\/01\/notibras23.png\",\"width\":350,\"height\":87,\"caption\":\"Grupo Notibras de Comunica\u00e7\u00e3o\"},\"image\":{\"@id\":\"https:\/\/www.notibras.com\/site\/#\/schema\/logo\/image\/\"},\"sameAs\":[\"https:\/\/www.facebook.com\/notibras\/\",\"https:\/\/x.com\/Notibras\",\"https:\/\/www.instagram.com\/notibras\/\"]},{\"@type\":\"Person\",\"@id\":\"https:\/\/www.notibras.com\/site\/#\/schema\/person\/36ab0979449956132d3e5b517ea76ac8\",\"name\":\"Reda\u00e7\u00e3o\",\"image\":{\"@type\":\"ImageObject\",\"inLanguage\":\"pt-BR\",\"@id\":\"https:\/\/secure.gravatar.com\/avatar\/e0a867bdedb85fd243eadf09663511f96fc81e0720a4a42581f334ad4303aa6b?s=96&d=mm&r=g\",\"url\":\"https:\/\/secure.gravatar.com\/avatar\/e0a867bdedb85fd243eadf09663511f96fc81e0720a4a42581f334ad4303aa6b?s=96&d=mm&r=g\",\"contentUrl\":\"https:\/\/secure.gravatar.com\/avatar\/e0a867bdedb85fd243eadf09663511f96fc81e0720a4a42581f334ad4303aa6b?s=96&d=mm&r=g\",\"caption\":\"Reda\u00e7\u00e3o\"}}]}<\/script>\n<!-- \/ Yoast SEO plugin. -->","yoast_head_json":{"title":"Bras\u00edlia perde t\u00edtulo de campe\u00e3o mas tem o Man\u00e9 aprovado - Notibras","robots":{"index":"index","follow":"follow","max-snippet":"max-snippet:-1","max-image-preview":"max-image-preview:large","max-video-preview":"max-video-preview:-1"},"canonical":"https:\/\/www.notibras.com\/site\/brasilia-perde-titulo-de-campeao-regional-mas-tem-o-mane-aprovado\/","og_locale":"pt_BR","og_type":"article","og_title":"Bras\u00edlia perde t\u00edtulo de campe\u00e3o mas tem o Man\u00e9 aprovado - Notibras","og_description":"O Est\u00e1dio Nacional Man\u00e9 Garrincha passou pelo \u00faltimo evento teste antes da Copa do Mundo. A final do campeonato regional, entre Bras\u00edlia e Luzi\u00e2nia, atraiu, segundo a Pol\u00edcia Militar, cerca de 30 mil pessoas. Representantes do Comit\u00ea Organizador Local (COL), que aproveitaram o jogo de ontem (17) para avaliar \u00e1reas estrat\u00e9gicas, como a atua\u00e7\u00e3o de [&hellip;]","og_url":"https:\/\/www.notibras.com\/site\/brasilia-perde-titulo-de-campeao-regional-mas-tem-o-mane-aprovado\/","og_site_name":"Notibras","article_publisher":"https:\/\/www.facebook.com\/notibras\/","article_published_time":"2014-05-18T17:40:48+00:00","article_modified_time":"2014-05-18T20:59:02+00:00","og_image":[{"width":580,"height":388,"url":"https:\/\/www.notibras.com\/site\/wp-content\/uploads\/2014\/05\/914999-17052014-_abr2881.jpg","type":"image\/jpeg"}],"author":"Reda\u00e7\u00e3o","twitter_card":"summary_large_image","twitter_creator":"@Notibras","twitter_site":"@Notibras","twitter_misc":{"Escrito por":"Reda\u00e7\u00e3o","Est. tempo de leitura":"2 minutos"},"schema":{"@context":"https:\/\/schema.org","@graph":[{"@type":"Article","@id":"https:\/\/www.notibras.com\/site\/brasilia-perde-titulo-de-campeao-regional-mas-tem-o-mane-aprovado\/#article","isPartOf":{"@id":"https:\/\/www.notibras.com\/site\/brasilia-perde-titulo-de-campeao-regional-mas-tem-o-mane-aprovado\/"},"author":{"name":"Reda\u00e7\u00e3o","@id":"https:\/\/www.notibras.com\/site\/#\/schema\/person\/36ab0979449956132d3e5b517ea76ac8"},"headline":"Bras\u00edlia perde t\u00edtulo de campe\u00e3o mas tem o Man\u00e9 aprovado","datePublished":"2014-05-18T17:40:48+00:00","dateModified":"2014-05-18T20:59:02+00:00","mainEntityOfPage":{"@id":"https:\/\/www.notibras.com\/site\/brasilia-perde-titulo-de-campeao-regional-mas-tem-o-mane-aprovado\/"},"wordCount":396,"commentCount":0,"publisher":{"@id":"https:\/\/www.notibras.com\/site\/#organization"},"image":{"@id":"https:\/\/www.notibras.com\/site\/brasilia-perde-titulo-de-campeao-regional-mas-tem-o-mane-aprovado\/#primaryimage"},"thumbnailUrl":"https:\/\/www.notibras.com\/site\/wp-content\/uploads\/2014\/05\/914999-17052014-_abr2881.jpg","articleSection":["Esportes"],"inLanguage":"pt-BR","potentialAction":[{"@type":"CommentAction","name":"Comment","target":["https:\/\/www.notibras.com\/site\/brasilia-perde-titulo-de-campeao-regional-mas-tem-o-mane-aprovado\/#respond"]}]},{"@type":"WebPage","@id":"https:\/\/www.notibras.com\/site\/brasilia-perde-titulo-de-campeao-regional-mas-tem-o-mane-aprovado\/","url":"https:\/\/www.notibras.com\/site\/brasilia-perde-titulo-de-campeao-regional-mas-tem-o-mane-aprovado\/","name":"Bras\u00edlia perde t\u00edtulo de campe\u00e3o mas tem o Man\u00e9 aprovado - Notibras","isPartOf":{"@id":"https:\/\/www.notibras.com\/site\/#website"},"primaryImageOfPage":{"@id":"https:\/\/www.notibras.com\/site\/brasilia-perde-titulo-de-campeao-regional-mas-tem-o-mane-aprovado\/#primaryimage"},"image":{"@id":"https:\/\/www.notibras.com\/site\/brasilia-perde-titulo-de-campeao-regional-mas-tem-o-mane-aprovado\/#primaryimage"},"thumbnailUrl":"https:\/\/www.notibras.com\/site\/wp-content\/uploads\/2014\/05\/914999-17052014-_abr2881.jpg","datePublished":"2014-05-18T17:40:48+00:00","dateModified":"2014-05-18T20:59:02+00:00","breadcrumb":{"@id":"https:\/\/www.notibras.com\/site\/brasilia-perde-titulo-de-campeao-regional-mas-tem-o-mane-aprovado\/#breadcrumb"},"inLanguage":"pt-BR","potentialAction":[{"@type":"ReadAction","target":["https:\/\/www.notibras.com\/site\/brasilia-perde-titulo-de-campeao-regional-mas-tem-o-mane-aprovado\/"]}]},{"@type":"ImageObject","inLanguage":"pt-BR","@id":"https:\/\/www.notibras.com\/site\/brasilia-perde-titulo-de-campeao-regional-mas-tem-o-mane-aprovado\/#primaryimage","url":"https:\/\/www.notibras.com\/site\/wp-content\/uploads\/2014\/05\/914999-17052014-_abr2881.jpg","contentUrl":"https:\/\/www.notibras.com\/site\/wp-content\/uploads\/2014\/05\/914999-17052014-_abr2881.jpg","width":580,"height":388},{"@type":"BreadcrumbList","@id":"https:\/\/www.notibras.com\/site\/brasilia-perde-titulo-de-campeao-regional-mas-tem-o-mane-aprovado\/#breadcrumb","itemListElement":[{"@type":"ListItem","position":1,"name":"In\u00edcio","item":"https:\/\/www.notibras.com\/site\/"},{"@type":"ListItem","position":2,"name":"Bras\u00edlia perde t\u00edtulo de campe\u00e3o mas tem o Man\u00e9 aprovado"}]},{"@type":"WebSite","@id":"https:\/\/www.notibras.com\/site\/#website","url":"https:\/\/www.notibras.com\/site\/","name":"Notibras","description":"Not\u00edcias de Bras\u00edlia, do Brasil e do Mundo","publisher":{"@id":"https:\/\/www.notibras.com\/site\/#organization"},"potentialAction":[{"@type":"SearchAction","target":{"@type":"EntryPoint","urlTemplate":"https:\/\/www.notibras.com\/site\/?s={search_term_string}"},"query-input":{"@type":"PropertyValueSpecification","valueRequired":true,"valueName":"search_term_string"}}],"inLanguage":"pt-BR"},{"@type":"Organization","@id":"https:\/\/www.notibras.com\/site\/#organization","name":"Grupo Notibras de Comunica\u00e7\u00e3o","url":"https:\/\/www.notibras.com\/site\/","logo":{"@type":"ImageObject","inLanguage":"pt-BR","@id":"https:\/\/www.notibras.com\/site\/#\/schema\/logo\/image\/","url":"https:\/\/www.notibras.com\/site\/wp-content\/uploads\/2023\/01\/notibras23.png","contentUrl":"https:\/\/www.notibras.com\/site\/wp-content\/uploads\/2023\/01\/notibras23.png","width":350,"height":87,"caption":"Grupo Notibras de Comunica\u00e7\u00e3o"},"image":{"@id":"https:\/\/www.notibras.com\/site\/#\/schema\/logo\/image\/"},"sameAs":["https:\/\/www.facebook.com\/notibras\/","https:\/\/x.com\/Notibras","https:\/\/www.instagram.com\/notibras\/"]},{"@type":"Person","@id":"https:\/\/www.notibras.com\/site\/#\/schema\/person\/36ab0979449956132d3e5b517ea76ac8","name":"Reda\u00e7\u00e3o","image":{"@type":"ImageObject","inLanguage":"pt-BR","@id":"https:\/\/secure.gravatar.com\/avatar\/e0a867bdedb85fd243eadf09663511f96fc81e0720a4a42581f334ad4303aa6b?s=96&d=mm&r=g","url":"https:\/\/secure.gravatar.com\/avatar\/e0a867bdedb85fd243eadf09663511f96fc81e0720a4a42581f334ad4303aa6b?s=96&d=mm&r=g","contentUrl":"https:\/\/secure.gravatar.com\/avatar\/e0a867bdedb85fd243eadf09663511f96fc81e0720a4a42581f334ad4303aa6b?s=96&d=mm&r=g","caption":"Reda\u00e7\u00e3o"}}]}},"amp_enabled":true,"_links":{"self":[{"href":"https:\/\/www.notibras.com\/site\/wp-json\/wp\/v2\/posts\/9916","targetHints":{"allow":["GET"]}}],"collection":[{"href":"https:\/\/www.notibras.com\/site\/wp-json\/wp\/v2\/posts"}],"about":[{"href":"https:\/\/www.notibras.com\/site\/wp-json\/wp\/v2\/types\/post"}],"author":[{"embeddable":true,"href":"https:\/\/www.notibras.com\/site\/wp-json\/wp\/v2\/users\/2"}],"replies":[{"embeddable":true,"href":"https:\/\/www.notibras.com\/site\/wp-json\/wp\/v2\/comments?post=9916"}],"version-history":[{"count":0,"href":"https:\/\/www.notibras.com\/site\/wp-json\/wp\/v2\/posts\/9916\/revisions"}],"wp:featuredmedia":[{"embeddable":true,"href":"https:\/\/www.notibras.com\/site\/wp-json\/wp\/v2\/media\/9917"}],"wp:attachment":[{"href":"https:\/\/www.notibras.com\/site\/wp-json\/wp\/v2\/media?parent=9916"}],"wp:term":[{"taxonomy":"category","embeddable":true,"href":"https:\/\/www.notibras.com\/site\/wp-json\/wp\/v2\/categories?post=9916"},{"taxonomy":"post_tag","embeddable":true,"href":"https:\/\/www.notibras.com\/site\/wp-json\/wp\/v2\/tags?post=9916"}],"curies":[{"name":"wp","href":"https:\/\/api.w.org\/{rel}","templated":true}]}}