{"id":99297,"date":"2016-04-25T21:03:20","date_gmt":"2016-04-26T00:03:20","guid":{"rendered":"http:\/\/www.notibras.com\/site\/?p=99297"},"modified":"2016-04-25T21:03:20","modified_gmt":"2016-04-26T00:03:20","slug":"o-dia-que-tom-se-passou-por-sosia-e-foi-comer-pao-quentinho","status":"publish","type":"post","link":"https:\/\/www.notibras.com\/site\/o-dia-que-tom-se-passou-por-sosia-e-foi-comer-pao-quentinho\/","title":{"rendered":"O dia que Tom se passou por s\u00f3sia e foi comer p\u00e3o quentinho"},"content":{"rendered":"<p><strong>Jos\u00e9 Escarlate<\/strong><\/p>\n<p>Mar\u00e7o de 1960 &#8211; Quando Tom Jobim e Vinicius de Moraes estiveram em Bras\u00edlia, a convite de JK, ficaram dez dias no Catetinho.<\/p>\n<p>O objetivo era o de compor a Sinfonia da Alvorada, exaltando a cidade e a figura dos candangos que a ergueram.<\/p>\n<p>O certo \u00e9 que eles esgotaram, nesse per\u00edodo, a bem sortida adega presidencial. Longe de tudo e nada por perto, uma madrugada, curtindo uma \u201cressaquinha\u201d como dizia Vin\u00edcius, os dois decidiram procurar uma padaria nas imedia\u00e7\u00f5es.<\/p>\n<p>Era um barrac\u00e3o perto do que seria o Country Clube. Pequena fila se formava, e Tom era o sexto, pronto para comprar o t\u00e3o desejado p\u00e3o fresquinho.<\/p>\n<p>Nisso, um cidad\u00e3o ficou a olh\u00e1-lo com insist\u00eancia, n\u00e3o desgrudando o olhar. Tom baixou a cabe\u00e7a. Tinha sido reconhecido.<\/p>\n<p>N\u00e3o se contendo, o homem dele se aproximou e indagou: \u201cO senhor, por acaso, n\u00e3o \u00e9 o Tom Jobim?\u201d \u201cClaro que n\u00e3o.\u201d \u2013 respondeu Tom. \u201cNem por acaso\u201d.<\/p>\n<p>E o homenzinho, olhando-o de cima abaixo, concluiu: \u201cEngano meu. O senhor \u00e9 bem mais gordo e bem mais feio que ele\u201d.<\/p>\n<p>E Tom foi embora, abra\u00e7ado com os p\u00e3es quentinhos.<\/p>\n<p><img loading=\"lazy\" decoding=\"async\" class=\"alignnone size-full wp-image-83053\" src=\"http:\/\/www.notibras.com\/site\/wp-content\/uploads\/2016\/01\/PV.png\" alt=\"PV\" width=\"122\" height=\"26\" \/><\/p>\n","protected":false},"excerpt":{"rendered":"<p>Jos\u00e9 Escarlate Mar\u00e7o de 1960 &#8211; Quando Tom Jobim e Vinicius de Moraes estiveram em Bras\u00edlia, a convite de JK, ficaram dez dias no Catetinho. O objetivo era o de compor a Sinfonia da Alvorada, exaltando a cidade e a figura dos candangos que a ergueram. O certo \u00e9 que eles esgotaram, nesse per\u00edodo, a [&hellip;]<\/p>\n","protected":false},"author":2,"featured_media":99298,"comment_status":"open","ping_status":"closed","sticky":false,"template":"","format":"standard","meta":{"_acf_changed":false,"footnotes":""},"categories":[63],"tags":[],"class_list":["post-99297","post","type-post","status-publish","format-standard","has-post-thumbnail","hentry","category-paginas-viradas"],"acf":[],"_links":{"self":[{"href":"https:\/\/www.notibras.com\/site\/wp-json\/wp\/v2\/posts\/99297","targetHints":{"allow":["GET"]}}],"collection":[{"href":"https:\/\/www.notibras.com\/site\/wp-json\/wp\/v2\/posts"}],"about":[{"href":"https:\/\/www.notibras.com\/site\/wp-json\/wp\/v2\/types\/post"}],"author":[{"embeddable":true,"href":"https:\/\/www.notibras.com\/site\/wp-json\/wp\/v2\/users\/2"}],"replies":[{"embeddable":true,"href":"https:\/\/www.notibras.com\/site\/wp-json\/wp\/v2\/comments?post=99297"}],"version-history":[{"count":1,"href":"https:\/\/www.notibras.com\/site\/wp-json\/wp\/v2\/posts\/99297\/revisions"}],"predecessor-version":[{"id":99299,"href":"https:\/\/www.notibras.com\/site\/wp-json\/wp\/v2\/posts\/99297\/revisions\/99299"}],"wp:featuredmedia":[{"embeddable":true,"href":"https:\/\/www.notibras.com\/site\/wp-json\/wp\/v2\/media\/99298"}],"wp:attachment":[{"href":"https:\/\/www.notibras.com\/site\/wp-json\/wp\/v2\/media?parent=99297"}],"wp:term":[{"taxonomy":"category","embeddable":true,"href":"https:\/\/www.notibras.com\/site\/wp-json\/wp\/v2\/categories?post=99297"},{"taxonomy":"post_tag","embeddable":true,"href":"https:\/\/www.notibras.com\/site\/wp-json\/wp\/v2\/tags?post=99297"}],"curies":[{"name":"wp","href":"https:\/\/api.w.org\/{rel}","templated":true}]}}