{"id":9936,"date":"2014-05-18T17:06:15","date_gmt":"2014-05-18T20:06:15","guid":{"rendered":"http:\/\/www.notibras.com\/site\/?p=9936"},"modified":"2014-05-18T17:06:15","modified_gmt":"2014-05-18T20:06:15","slug":"paulinho-capoeira-derruba-ceara-e-vai-em-busca-do-cinturao","status":"publish","type":"post","link":"https:\/\/www.notibras.com\/site\/paulinho-capoeira-derruba-ceara-e-vai-em-busca-do-cinturao\/","title":{"rendered":"Paulinho Capoeira derruba Cear\u00e1 e vai em busca do cintur\u00e3o"},"content":{"rendered":"<p>A edi\u00e7\u00e3o do s\u00e1bado (17) do \u2018Jungle Cufa\u2019, realizado sob o Viaduto Negr\u00e3o de Lima, em Madureira, Rio de Janeiro, consagrou o lutador Paulinho &#8216;Capoeira&#8217;. Estrela da luta\u00a0principal, o manauara dominou o at\u00e9 ent\u00e3o invicto Ant\u00f4nio &#8216;Cear\u00e1&#8217; e conquistou a vit\u00f3ria por decis\u00e3o un\u00e2nime dos ju\u00edzes. Essa foi segunda vit\u00f3ria consecutiva de Paulinho pela organiza\u00e7\u00e3o, que j\u00e1 sonha com o cintur\u00e3o dos pesos-moscas (at\u00e9 57kg).<\/p>\n<p>\u201cEstou muito feliz, treinei muito para essa luta e deu tudo certo. Vou em\u00a0busca\u00a0desse cintur\u00e3o. Quero ver meu amigo Rayner recuper\u00e1-lo e depois que ele sair, quero para mim\u201d, vibrou Paulinho.<\/p>\n<p>O duelo come\u00e7ou muito estudado, com ambos os lutadores se respeitando bastante. Paulinho tomou a iniciativa e acertou bons chutes, levando a melhor no primeiro round. No retorno, o manauara manteve-se melhor, conseguindo uma queda e uma bela joelhada, que abriu o rosto do rival. A decis\u00e3o ficaria para o terceiro assalto, que deixaria a vit\u00f3ria com Paulinho, por decis\u00e3o un\u00e2nime.<\/p>\n","protected":false},"excerpt":{"rendered":"<p>A edi\u00e7\u00e3o do s\u00e1bado (17) do \u2018Jungle Cufa\u2019, realizado sob o Viaduto Negr\u00e3o de Lima, em Madureira, Rio de Janeiro, consagrou o lutador Paulinho &#8216;Capoeira&#8217;. Estrela da luta\u00a0principal, o manauara dominou o at\u00e9 ent\u00e3o invicto Ant\u00f4nio &#8216;Cear\u00e1&#8217; e conquistou a vit\u00f3ria por decis\u00e3o un\u00e2nime dos ju\u00edzes. Essa foi segunda vit\u00f3ria consecutiva de Paulinho pela organiza\u00e7\u00e3o, [&hellip;]<\/p>\n","protected":false},"author":2,"featured_media":9937,"comment_status":"open","ping_status":"closed","sticky":false,"template":"","format":"standard","meta":{"_acf_changed":false,"footnotes":""},"categories":[32,19],"tags":[],"class_list":["post-9936","post","type-post","status-publish","format-standard","has-post-thumbnail","hentry","category-combate","category-esportes"],"acf":[],"_links":{"self":[{"href":"https:\/\/www.notibras.com\/site\/wp-json\/wp\/v2\/posts\/9936","targetHints":{"allow":["GET"]}}],"collection":[{"href":"https:\/\/www.notibras.com\/site\/wp-json\/wp\/v2\/posts"}],"about":[{"href":"https:\/\/www.notibras.com\/site\/wp-json\/wp\/v2\/types\/post"}],"author":[{"embeddable":true,"href":"https:\/\/www.notibras.com\/site\/wp-json\/wp\/v2\/users\/2"}],"replies":[{"embeddable":true,"href":"https:\/\/www.notibras.com\/site\/wp-json\/wp\/v2\/comments?post=9936"}],"version-history":[{"count":0,"href":"https:\/\/www.notibras.com\/site\/wp-json\/wp\/v2\/posts\/9936\/revisions"}],"wp:featuredmedia":[{"embeddable":true,"href":"https:\/\/www.notibras.com\/site\/wp-json\/wp\/v2\/media\/9937"}],"wp:attachment":[{"href":"https:\/\/www.notibras.com\/site\/wp-json\/wp\/v2\/media?parent=9936"}],"wp:term":[{"taxonomy":"category","embeddable":true,"href":"https:\/\/www.notibras.com\/site\/wp-json\/wp\/v2\/categories?post=9936"},{"taxonomy":"post_tag","embeddable":true,"href":"https:\/\/www.notibras.com\/site\/wp-json\/wp\/v2\/tags?post=9936"}],"curies":[{"name":"wp","href":"https:\/\/api.w.org\/{rel}","templated":true}]}}