{"id":99444,"date":"2016-04-26T22:41:26","date_gmt":"2016-04-27T01:41:26","guid":{"rendered":"http:\/\/www.notibras.com\/site\/?p=99444"},"modified":"2016-04-27T09:26:24","modified_gmt":"2016-04-27T12:26:24","slug":"saida-para-o-brasil-e-tirar-o-pt-como-o-exorcismo-tira-o-diabo","status":"publish","type":"post","link":"https:\/\/www.notibras.com\/site\/saida-para-o-brasil-e-tirar-o-pt-como-o-exorcismo-tira-o-diabo\/","title":{"rendered":"Sa\u00edda para o Brasil \u00e9 tirar o PT, por seus crimes, como o exorcismo tira o Diabo"},"content":{"rendered":"<p><strong>Maria Lucia Victor Barbosa<\/strong><\/p>\n<p>O exorcismo \u00e9 uma cerim\u00f4nia religiosa na qual se esconjura o dem\u00f4nio ou esp\u00edritos maus. Utilizada pela Igreja Cat\u00f3lica e muitas outras religi\u00f5es j\u00e1 apareceu em forma de fic\u00e7\u00e3o em filmes que revolveram cren\u00e7as e medos antigos.<\/p>\n<p>O primeiro destes filmes, \u201cO Exorcismo\u201d, teve enorme sucesso. Na hist\u00f3ria morreram tr\u00eas padres que tentaram livrar uma adolescente do obsessor medonho que a atormentava e a transformava numa figura hedionda. As pessoas que assistiram o enredo, mesmo sem cren\u00e7a nos ardis do dem\u00f4nio, quedaram horrorizadas.<\/p>\n<p>Mais recente, o filme \u201cO Ritual\u201d n\u00e3o foi menos aterrorizante. Conta que um jovem padre foi enviado ao Vaticano para aprender o ritual do exorcismo. Mas ele n\u00e3o cr\u00ea no dem\u00f4nio e sua f\u00e9 em Deus \u00e9 vacilante. Todavia, o sacerdote assistiu aulas de um vaticanista, o qual ensinou que, ao final da cerim\u00f4nia o condutor deve obrigar o dem\u00f4nio a dizer seu nome para que a v\u00edtima seja libertada.<\/p>\n<p>Dito isso fa\u00e7amos uma analogia, isto \u00e9, \u201cum ponto de semelhan\u00e7a entre coisas diferentes\u201d e, simbolicamente conclamemos o exorcismo pol\u00edtico do PT (Partido dos Trabalhadores ou Partido das Trevas).<\/p>\n<p>Para melhor embasar essa analogia nada como citar um dos mais conceituados e brilhantes soci\u00f3logos, o alem\u00e3o Max Weber, que em um dos trechos de \u201cA Ci\u00eancia como Voca\u00e7\u00e3o\u201d afirmar\u00e1:<\/p>\n<p>\u201cCuidado, o diabo \u00e9 velho; envelhecei tamb\u00e9m para compreend\u00ea-lo. Isso n\u00e3o significa a idade, no sentido da certid\u00e3o de nascimento. Significa que se desejarmos haver-nos com esse diabo teremos de n\u00e3o fugir \u00e0 sua frente, como gostam de fazer tantas pessoas hoje. Em primeiro lugar, temos de perceber-lhe os processos , para compreender seu poder e suas limita\u00e7\u00f5es\u201d.<\/p>\n<p>Como processo o PT foi fundado numa propositada ilus\u00e3o e se transformou numa farsa danosa ao pa\u00eds. Iludiu incautos com a promessa mentirosa de ser o \u00fanico partido \u00e9tico, para depois institucionalizar a corrup\u00e7\u00e3o. Atribui-se uma ideologia de esquerda devidamente adaptada aos des\u00edgnios de poder de seus dirigentes, atrav\u00e9s da qual destilou o \u00f3dio entre ricos e pobres, negros e brancos. Simulou democracia para chegar ao totalitarismo que \u00e9 sua ess\u00eancia.<\/p>\n<p>O fundamento de sua for\u00e7a foi a mentira e como o diabo inverteu os sinais confundindo a no\u00e7\u00e3o entre certo e errado. Glorificou a criminalidade. Justificou a imoralidade. Introduziu o abomin\u00e1vel \u201cpoliticamente correto\u201d. Estimulou a gan\u00e2ncia de seus adeptos e os seduziu com a vaidade dos cargos. Uniu-se \u00e0 esc\u00f3ria pol\u00edtica do Pa\u00eds. Simulou o que n\u00e3o era. O \u00f3dio, o rancor, a intriga, viol\u00eancia foram suas armas para destro\u00e7ar os advers\u00e1rios transformados em inimigos.<\/p>\n<p>Esse Partido das Trevas se metamorfoseou na seita dos adoradores da \u201cserpente do mal\u201d ou jararaca, uma falsa divindade que se sentiu acima da lei e do comum dos mortais. Embriagado com tanto poder a jararaca estava longe das condi\u00e7\u00f5es ps\u00edquicas para manej\u00e1-lo, n\u00e3o passando de um tosco Mussolini de Terceiro Mundo, um reles farsante a quem chamaram de estadista, atribuindo-lhe virtudes que nunca teve.<\/p>\n<p>A seita n\u00e3o nasceu do proletariado, como querem fazer crer, mas do peleguismo sindical, do carnaval esquerdista das academias, dos artistas embevecidos consigo mesmos, de parte do clero da Teologia da Liberta\u00e7\u00e3o essa esdr\u00faxula mistura de Jesus Cristo com Karl Marx.<\/p>\n<p>Voltando a Max Weber na mesma obra n\u00e3o se pode deixar de citar o seguinte trecho:<\/p>\n<p>\u201cSe tentarmos construir intelectualmente novas religi\u00f5es sem uma profecia nova e aut\u00eantica, ent\u00e3o, num sentido \u00edntimo, resultar\u00e1 alguma coisa semelhante, mas com efeitos ainda piores\u201d. \u201cE a profecia acad\u00eamica finalmente, criar\u00e1 seitas fan\u00e1ticas, mas nunca uma comunidade aut\u00eantica\u201d.<\/p>\n<p>O ritual pol\u00edtico do PT come\u00e7ou. As legi\u00f5es alcunhadas de \u201cp\u00e3o com mortadela\u201d prometem cuspir fogo e enxofre na defesa da jararaca de ovos de ouro. A criatura, cujo fracasso \u00e9 muito mais do seu criador do que dela, de novo est\u00e1 fazendo o diabo. E s\u00f3 h\u00e1 um jeito do exorcismo chegar ao seu termo: Lula ter\u00e1 que dizer seu nome e partir para sempre: Lulan\u00e1s!<\/p>\n<p>Sem ele o Partido das Trevas chegar\u00e1 ao fim e o Brasil, aos poucos, se libertar\u00e1 do mal que a seita de fan\u00e1ticos e aproveitadores produziu.<\/p>\n","protected":false},"excerpt":{"rendered":"<p>Maria Lucia Victor Barbosa O exorcismo \u00e9 uma cerim\u00f4nia religiosa na qual se esconjura o dem\u00f4nio ou esp\u00edritos maus. Utilizada pela Igreja Cat\u00f3lica e muitas outras religi\u00f5es j\u00e1 apareceu em forma de fic\u00e7\u00e3o em filmes que revolveram cren\u00e7as e medos antigos. O primeiro destes filmes, \u201cO Exorcismo\u201d, teve enorme sucesso. Na hist\u00f3ria morreram tr\u00eas padres [&hellip;]<\/p>\n","protected":false},"author":2,"featured_media":99445,"comment_status":"open","ping_status":"closed","sticky":false,"template":"","format":"standard","meta":{"_acf_changed":false,"footnotes":""},"categories":[25],"tags":[],"class_list":["post-99444","post","type-post","status-publish","format-standard","has-post-thumbnail","hentry","category-opina-ai"],"acf":[],"yoast_head":"<!-- This site is optimized with the Yoast SEO plugin v27.5 - https:\/\/yoast.com\/product\/yoast-seo-wordpress\/ -->\n<title>Sa\u00edda para o Brasil \u00e9 tirar o PT, por seus crimes, como o exorcismo tira o Diabo - Notibras<\/title>\n<meta name=\"robots\" content=\"index, follow, max-snippet:-1, max-image-preview:large, max-video-preview:-1\" \/>\n<link rel=\"canonical\" href=\"https:\/\/www.notibras.com\/site\/saida-para-o-brasil-e-tirar-o-pt-como-o-exorcismo-tira-o-diabo\/\" \/>\n<meta property=\"og:locale\" content=\"pt_BR\" \/>\n<meta property=\"og:type\" content=\"article\" \/>\n<meta property=\"og:title\" content=\"Sa\u00edda para o Brasil \u00e9 tirar o PT, por seus crimes, como o exorcismo tira o Diabo - Notibras\" \/>\n<meta property=\"og:description\" content=\"Maria Lucia Victor Barbosa O exorcismo \u00e9 uma cerim\u00f4nia religiosa na qual se esconjura o dem\u00f4nio ou esp\u00edritos maus. Utilizada pela Igreja Cat\u00f3lica e muitas outras religi\u00f5es j\u00e1 apareceu em forma de fic\u00e7\u00e3o em filmes que revolveram cren\u00e7as e medos antigos. O primeiro destes filmes, \u201cO Exorcismo\u201d, teve enorme sucesso. Na hist\u00f3ria morreram tr\u00eas padres [&hellip;]\" \/>\n<meta property=\"og:url\" content=\"https:\/\/www.notibras.com\/site\/saida-para-o-brasil-e-tirar-o-pt-como-o-exorcismo-tira-o-diabo\/\" \/>\n<meta property=\"og:site_name\" content=\"Notibras\" \/>\n<meta property=\"article:publisher\" content=\"https:\/\/www.facebook.com\/notibras\/\" \/>\n<meta property=\"article:published_time\" content=\"2016-04-27T01:41:26+00:00\" \/>\n<meta property=\"article:modified_time\" content=\"2016-04-27T12:26:24+00:00\" \/>\n<meta property=\"og:image\" content=\"https:\/\/www.notibras.com\/site\/wp-content\/uploads\/2016\/04\/download.jpg\" \/>\n\t<meta property=\"og:image:width\" content=\"597\" \/>\n\t<meta property=\"og:image:height\" content=\"450\" \/>\n\t<meta property=\"og:image:type\" content=\"image\/jpeg\" \/>\n<meta name=\"author\" content=\"Reda\u00e7\u00e3o\" \/>\n<meta name=\"twitter:card\" content=\"summary_large_image\" \/>\n<meta name=\"twitter:creator\" content=\"@Notibras\" \/>\n<meta name=\"twitter:site\" content=\"@Notibras\" \/>\n<meta name=\"twitter:label1\" content=\"Escrito por\" \/>\n\t<meta name=\"twitter:data1\" content=\"Reda\u00e7\u00e3o\" \/>\n\t<meta name=\"twitter:label2\" content=\"Est. tempo de leitura\" \/>\n\t<meta name=\"twitter:data2\" content=\"4 minutos\" \/>\n<script type=\"application\/ld+json\" class=\"yoast-schema-graph\">{\"@context\":\"https:\\\/\\\/schema.org\",\"@graph\":[{\"@type\":\"Article\",\"@id\":\"https:\\\/\\\/www.notibras.com\\\/site\\\/saida-para-o-brasil-e-tirar-o-pt-como-o-exorcismo-tira-o-diabo\\\/#article\",\"isPartOf\":{\"@id\":\"https:\\\/\\\/www.notibras.com\\\/site\\\/saida-para-o-brasil-e-tirar-o-pt-como-o-exorcismo-tira-o-diabo\\\/\"},\"author\":{\"name\":\"Reda\u00e7\u00e3o\",\"@id\":\"https:\\\/\\\/www.notibras.com\\\/site\\\/#\\\/schema\\\/person\\\/36ab0979449956132d3e5b517ea76ac8\"},\"headline\":\"Sa\u00edda para o Brasil \u00e9 tirar o PT, por seus crimes, como o exorcismo tira o Diabo\",\"datePublished\":\"2016-04-27T01:41:26+00:00\",\"dateModified\":\"2016-04-27T12:26:24+00:00\",\"mainEntityOfPage\":{\"@id\":\"https:\\\/\\\/www.notibras.com\\\/site\\\/saida-para-o-brasil-e-tirar-o-pt-como-o-exorcismo-tira-o-diabo\\\/\"},\"wordCount\":748,\"commentCount\":0,\"publisher\":{\"@id\":\"https:\\\/\\\/www.notibras.com\\\/site\\\/#organization\"},\"image\":{\"@id\":\"https:\\\/\\\/www.notibras.com\\\/site\\\/saida-para-o-brasil-e-tirar-o-pt-como-o-exorcismo-tira-o-diabo\\\/#primaryimage\"},\"thumbnailUrl\":\"https:\\\/\\\/www.notibras.com\\\/site\\\/wp-content\\\/uploads\\\/2016\\\/04\\\/download.jpg\",\"articleSection\":[\"Opina a\u00ed\"],\"inLanguage\":\"pt-BR\",\"potentialAction\":[{\"@type\":\"CommentAction\",\"name\":\"Comment\",\"target\":[\"https:\\\/\\\/www.notibras.com\\\/site\\\/saida-para-o-brasil-e-tirar-o-pt-como-o-exorcismo-tira-o-diabo\\\/#respond\"]}]},{\"@type\":\"WebPage\",\"@id\":\"https:\\\/\\\/www.notibras.com\\\/site\\\/saida-para-o-brasil-e-tirar-o-pt-como-o-exorcismo-tira-o-diabo\\\/\",\"url\":\"https:\\\/\\\/www.notibras.com\\\/site\\\/saida-para-o-brasil-e-tirar-o-pt-como-o-exorcismo-tira-o-diabo\\\/\",\"name\":\"Sa\u00edda para o Brasil \u00e9 tirar o PT, por seus crimes, como o exorcismo tira o Diabo - Notibras\",\"isPartOf\":{\"@id\":\"https:\\\/\\\/www.notibras.com\\\/site\\\/#website\"},\"primaryImageOfPage\":{\"@id\":\"https:\\\/\\\/www.notibras.com\\\/site\\\/saida-para-o-brasil-e-tirar-o-pt-como-o-exorcismo-tira-o-diabo\\\/#primaryimage\"},\"image\":{\"@id\":\"https:\\\/\\\/www.notibras.com\\\/site\\\/saida-para-o-brasil-e-tirar-o-pt-como-o-exorcismo-tira-o-diabo\\\/#primaryimage\"},\"thumbnailUrl\":\"https:\\\/\\\/www.notibras.com\\\/site\\\/wp-content\\\/uploads\\\/2016\\\/04\\\/download.jpg\",\"datePublished\":\"2016-04-27T01:41:26+00:00\",\"dateModified\":\"2016-04-27T12:26:24+00:00\",\"breadcrumb\":{\"@id\":\"https:\\\/\\\/www.notibras.com\\\/site\\\/saida-para-o-brasil-e-tirar-o-pt-como-o-exorcismo-tira-o-diabo\\\/#breadcrumb\"},\"inLanguage\":\"pt-BR\",\"potentialAction\":[{\"@type\":\"ReadAction\",\"target\":[\"https:\\\/\\\/www.notibras.com\\\/site\\\/saida-para-o-brasil-e-tirar-o-pt-como-o-exorcismo-tira-o-diabo\\\/\"]}]},{\"@type\":\"ImageObject\",\"inLanguage\":\"pt-BR\",\"@id\":\"https:\\\/\\\/www.notibras.com\\\/site\\\/saida-para-o-brasil-e-tirar-o-pt-como-o-exorcismo-tira-o-diabo\\\/#primaryimage\",\"url\":\"https:\\\/\\\/www.notibras.com\\\/site\\\/wp-content\\\/uploads\\\/2016\\\/04\\\/download.jpg\",\"contentUrl\":\"https:\\\/\\\/www.notibras.com\\\/site\\\/wp-content\\\/uploads\\\/2016\\\/04\\\/download.jpg\",\"width\":597,\"height\":450},{\"@type\":\"BreadcrumbList\",\"@id\":\"https:\\\/\\\/www.notibras.com\\\/site\\\/saida-para-o-brasil-e-tirar-o-pt-como-o-exorcismo-tira-o-diabo\\\/#breadcrumb\",\"itemListElement\":[{\"@type\":\"ListItem\",\"position\":1,\"name\":\"In\u00edcio\",\"item\":\"https:\\\/\\\/www.notibras.com\\\/site\\\/\"},{\"@type\":\"ListItem\",\"position\":2,\"name\":\"Sa\u00edda para o Brasil \u00e9 tirar o PT, por seus crimes, como o exorcismo tira o Diabo\"}]},{\"@type\":\"WebSite\",\"@id\":\"https:\\\/\\\/www.notibras.com\\\/site\\\/#website\",\"url\":\"https:\\\/\\\/www.notibras.com\\\/site\\\/\",\"name\":\"Notibras\",\"description\":\"Not\u00edcias de Bras\u00edlia, do Brasil e do Mundo\",\"publisher\":{\"@id\":\"https:\\\/\\\/www.notibras.com\\\/site\\\/#organization\"},\"potentialAction\":[{\"@type\":\"SearchAction\",\"target\":{\"@type\":\"EntryPoint\",\"urlTemplate\":\"https:\\\/\\\/www.notibras.com\\\/site\\\/?s={search_term_string}\"},\"query-input\":{\"@type\":\"PropertyValueSpecification\",\"valueRequired\":true,\"valueName\":\"search_term_string\"}}],\"inLanguage\":\"pt-BR\"},{\"@type\":\"Organization\",\"@id\":\"https:\\\/\\\/www.notibras.com\\\/site\\\/#organization\",\"name\":\"Grupo Notibras de Comunica\u00e7\u00e3o\",\"url\":\"https:\\\/\\\/www.notibras.com\\\/site\\\/\",\"logo\":{\"@type\":\"ImageObject\",\"inLanguage\":\"pt-BR\",\"@id\":\"https:\\\/\\\/www.notibras.com\\\/site\\\/#\\\/schema\\\/logo\\\/image\\\/\",\"url\":\"https:\\\/\\\/www.notibras.com\\\/site\\\/wp-content\\\/uploads\\\/2023\\\/01\\\/notibras23.png\",\"contentUrl\":\"https:\\\/\\\/www.notibras.com\\\/site\\\/wp-content\\\/uploads\\\/2023\\\/01\\\/notibras23.png\",\"width\":350,\"height\":87,\"caption\":\"Grupo Notibras de Comunica\u00e7\u00e3o\"},\"image\":{\"@id\":\"https:\\\/\\\/www.notibras.com\\\/site\\\/#\\\/schema\\\/logo\\\/image\\\/\"},\"sameAs\":[\"https:\\\/\\\/www.facebook.com\\\/notibras\\\/\",\"https:\\\/\\\/x.com\\\/Notibras\",\"https:\\\/\\\/www.instagram.com\\\/notibras\\\/\"]},{\"@type\":\"Person\",\"@id\":\"https:\\\/\\\/www.notibras.com\\\/site\\\/#\\\/schema\\\/person\\\/36ab0979449956132d3e5b517ea76ac8\",\"name\":\"Reda\u00e7\u00e3o\",\"image\":{\"@type\":\"ImageObject\",\"inLanguage\":\"pt-BR\",\"@id\":\"https:\\\/\\\/secure.gravatar.com\\\/avatar\\\/e0a867bdedb85fd243eadf09663511f96fc81e0720a4a42581f334ad4303aa6b?s=96&d=mm&r=g\",\"url\":\"https:\\\/\\\/secure.gravatar.com\\\/avatar\\\/e0a867bdedb85fd243eadf09663511f96fc81e0720a4a42581f334ad4303aa6b?s=96&d=mm&r=g\",\"contentUrl\":\"https:\\\/\\\/secure.gravatar.com\\\/avatar\\\/e0a867bdedb85fd243eadf09663511f96fc81e0720a4a42581f334ad4303aa6b?s=96&d=mm&r=g\",\"caption\":\"Reda\u00e7\u00e3o\"}}]}<\/script>\n<!-- \/ Yoast SEO plugin. -->","yoast_head_json":{"title":"Sa\u00edda para o Brasil \u00e9 tirar o PT, por seus crimes, como o exorcismo tira o Diabo - Notibras","robots":{"index":"index","follow":"follow","max-snippet":"max-snippet:-1","max-image-preview":"max-image-preview:large","max-video-preview":"max-video-preview:-1"},"canonical":"https:\/\/www.notibras.com\/site\/saida-para-o-brasil-e-tirar-o-pt-como-o-exorcismo-tira-o-diabo\/","og_locale":"pt_BR","og_type":"article","og_title":"Sa\u00edda para o Brasil \u00e9 tirar o PT, por seus crimes, como o exorcismo tira o Diabo - Notibras","og_description":"Maria Lucia Victor Barbosa O exorcismo \u00e9 uma cerim\u00f4nia religiosa na qual se esconjura o dem\u00f4nio ou esp\u00edritos maus. Utilizada pela Igreja Cat\u00f3lica e muitas outras religi\u00f5es j\u00e1 apareceu em forma de fic\u00e7\u00e3o em filmes que revolveram cren\u00e7as e medos antigos. O primeiro destes filmes, \u201cO Exorcismo\u201d, teve enorme sucesso. Na hist\u00f3ria morreram tr\u00eas padres [&hellip;]","og_url":"https:\/\/www.notibras.com\/site\/saida-para-o-brasil-e-tirar-o-pt-como-o-exorcismo-tira-o-diabo\/","og_site_name":"Notibras","article_publisher":"https:\/\/www.facebook.com\/notibras\/","article_published_time":"2016-04-27T01:41:26+00:00","article_modified_time":"2016-04-27T12:26:24+00:00","og_image":[{"width":597,"height":450,"url":"https:\/\/www.notibras.com\/site\/wp-content\/uploads\/2016\/04\/download.jpg","type":"image\/jpeg"}],"author":"Reda\u00e7\u00e3o","twitter_card":"summary_large_image","twitter_creator":"@Notibras","twitter_site":"@Notibras","twitter_misc":{"Escrito por":"Reda\u00e7\u00e3o","Est. tempo de leitura":"4 minutos"},"schema":{"@context":"https:\/\/schema.org","@graph":[{"@type":"Article","@id":"https:\/\/www.notibras.com\/site\/saida-para-o-brasil-e-tirar-o-pt-como-o-exorcismo-tira-o-diabo\/#article","isPartOf":{"@id":"https:\/\/www.notibras.com\/site\/saida-para-o-brasil-e-tirar-o-pt-como-o-exorcismo-tira-o-diabo\/"},"author":{"name":"Reda\u00e7\u00e3o","@id":"https:\/\/www.notibras.com\/site\/#\/schema\/person\/36ab0979449956132d3e5b517ea76ac8"},"headline":"Sa\u00edda para o Brasil \u00e9 tirar o PT, por seus crimes, como o exorcismo tira o Diabo","datePublished":"2016-04-27T01:41:26+00:00","dateModified":"2016-04-27T12:26:24+00:00","mainEntityOfPage":{"@id":"https:\/\/www.notibras.com\/site\/saida-para-o-brasil-e-tirar-o-pt-como-o-exorcismo-tira-o-diabo\/"},"wordCount":748,"commentCount":0,"publisher":{"@id":"https:\/\/www.notibras.com\/site\/#organization"},"image":{"@id":"https:\/\/www.notibras.com\/site\/saida-para-o-brasil-e-tirar-o-pt-como-o-exorcismo-tira-o-diabo\/#primaryimage"},"thumbnailUrl":"https:\/\/www.notibras.com\/site\/wp-content\/uploads\/2016\/04\/download.jpg","articleSection":["Opina a\u00ed"],"inLanguage":"pt-BR","potentialAction":[{"@type":"CommentAction","name":"Comment","target":["https:\/\/www.notibras.com\/site\/saida-para-o-brasil-e-tirar-o-pt-como-o-exorcismo-tira-o-diabo\/#respond"]}]},{"@type":"WebPage","@id":"https:\/\/www.notibras.com\/site\/saida-para-o-brasil-e-tirar-o-pt-como-o-exorcismo-tira-o-diabo\/","url":"https:\/\/www.notibras.com\/site\/saida-para-o-brasil-e-tirar-o-pt-como-o-exorcismo-tira-o-diabo\/","name":"Sa\u00edda para o Brasil \u00e9 tirar o PT, por seus crimes, como o exorcismo tira o Diabo - Notibras","isPartOf":{"@id":"https:\/\/www.notibras.com\/site\/#website"},"primaryImageOfPage":{"@id":"https:\/\/www.notibras.com\/site\/saida-para-o-brasil-e-tirar-o-pt-como-o-exorcismo-tira-o-diabo\/#primaryimage"},"image":{"@id":"https:\/\/www.notibras.com\/site\/saida-para-o-brasil-e-tirar-o-pt-como-o-exorcismo-tira-o-diabo\/#primaryimage"},"thumbnailUrl":"https:\/\/www.notibras.com\/site\/wp-content\/uploads\/2016\/04\/download.jpg","datePublished":"2016-04-27T01:41:26+00:00","dateModified":"2016-04-27T12:26:24+00:00","breadcrumb":{"@id":"https:\/\/www.notibras.com\/site\/saida-para-o-brasil-e-tirar-o-pt-como-o-exorcismo-tira-o-diabo\/#breadcrumb"},"inLanguage":"pt-BR","potentialAction":[{"@type":"ReadAction","target":["https:\/\/www.notibras.com\/site\/saida-para-o-brasil-e-tirar-o-pt-como-o-exorcismo-tira-o-diabo\/"]}]},{"@type":"ImageObject","inLanguage":"pt-BR","@id":"https:\/\/www.notibras.com\/site\/saida-para-o-brasil-e-tirar-o-pt-como-o-exorcismo-tira-o-diabo\/#primaryimage","url":"https:\/\/www.notibras.com\/site\/wp-content\/uploads\/2016\/04\/download.jpg","contentUrl":"https:\/\/www.notibras.com\/site\/wp-content\/uploads\/2016\/04\/download.jpg","width":597,"height":450},{"@type":"BreadcrumbList","@id":"https:\/\/www.notibras.com\/site\/saida-para-o-brasil-e-tirar-o-pt-como-o-exorcismo-tira-o-diabo\/#breadcrumb","itemListElement":[{"@type":"ListItem","position":1,"name":"In\u00edcio","item":"https:\/\/www.notibras.com\/site\/"},{"@type":"ListItem","position":2,"name":"Sa\u00edda para o Brasil \u00e9 tirar o PT, por seus crimes, como o exorcismo tira o Diabo"}]},{"@type":"WebSite","@id":"https:\/\/www.notibras.com\/site\/#website","url":"https:\/\/www.notibras.com\/site\/","name":"Notibras","description":"Not\u00edcias de Bras\u00edlia, do Brasil e do Mundo","publisher":{"@id":"https:\/\/www.notibras.com\/site\/#organization"},"potentialAction":[{"@type":"SearchAction","target":{"@type":"EntryPoint","urlTemplate":"https:\/\/www.notibras.com\/site\/?s={search_term_string}"},"query-input":{"@type":"PropertyValueSpecification","valueRequired":true,"valueName":"search_term_string"}}],"inLanguage":"pt-BR"},{"@type":"Organization","@id":"https:\/\/www.notibras.com\/site\/#organization","name":"Grupo Notibras de Comunica\u00e7\u00e3o","url":"https:\/\/www.notibras.com\/site\/","logo":{"@type":"ImageObject","inLanguage":"pt-BR","@id":"https:\/\/www.notibras.com\/site\/#\/schema\/logo\/image\/","url":"https:\/\/www.notibras.com\/site\/wp-content\/uploads\/2023\/01\/notibras23.png","contentUrl":"https:\/\/www.notibras.com\/site\/wp-content\/uploads\/2023\/01\/notibras23.png","width":350,"height":87,"caption":"Grupo Notibras de Comunica\u00e7\u00e3o"},"image":{"@id":"https:\/\/www.notibras.com\/site\/#\/schema\/logo\/image\/"},"sameAs":["https:\/\/www.facebook.com\/notibras\/","https:\/\/x.com\/Notibras","https:\/\/www.instagram.com\/notibras\/"]},{"@type":"Person","@id":"https:\/\/www.notibras.com\/site\/#\/schema\/person\/36ab0979449956132d3e5b517ea76ac8","name":"Reda\u00e7\u00e3o","image":{"@type":"ImageObject","inLanguage":"pt-BR","@id":"https:\/\/secure.gravatar.com\/avatar\/e0a867bdedb85fd243eadf09663511f96fc81e0720a4a42581f334ad4303aa6b?s=96&d=mm&r=g","url":"https:\/\/secure.gravatar.com\/avatar\/e0a867bdedb85fd243eadf09663511f96fc81e0720a4a42581f334ad4303aa6b?s=96&d=mm&r=g","contentUrl":"https:\/\/secure.gravatar.com\/avatar\/e0a867bdedb85fd243eadf09663511f96fc81e0720a4a42581f334ad4303aa6b?s=96&d=mm&r=g","caption":"Reda\u00e7\u00e3o"}}]}},"amp_enabled":true,"_links":{"self":[{"href":"https:\/\/www.notibras.com\/site\/wp-json\/wp\/v2\/posts\/99444","targetHints":{"allow":["GET"]}}],"collection":[{"href":"https:\/\/www.notibras.com\/site\/wp-json\/wp\/v2\/posts"}],"about":[{"href":"https:\/\/www.notibras.com\/site\/wp-json\/wp\/v2\/types\/post"}],"author":[{"embeddable":true,"href":"https:\/\/www.notibras.com\/site\/wp-json\/wp\/v2\/users\/2"}],"replies":[{"embeddable":true,"href":"https:\/\/www.notibras.com\/site\/wp-json\/wp\/v2\/comments?post=99444"}],"version-history":[{"count":3,"href":"https:\/\/www.notibras.com\/site\/wp-json\/wp\/v2\/posts\/99444\/revisions"}],"predecessor-version":[{"id":99465,"href":"https:\/\/www.notibras.com\/site\/wp-json\/wp\/v2\/posts\/99444\/revisions\/99465"}],"wp:featuredmedia":[{"embeddable":true,"href":"https:\/\/www.notibras.com\/site\/wp-json\/wp\/v2\/media\/99445"}],"wp:attachment":[{"href":"https:\/\/www.notibras.com\/site\/wp-json\/wp\/v2\/media?parent=99444"}],"wp:term":[{"taxonomy":"category","embeddable":true,"href":"https:\/\/www.notibras.com\/site\/wp-json\/wp\/v2\/categories?post=99444"},{"taxonomy":"post_tag","embeddable":true,"href":"https:\/\/www.notibras.com\/site\/wp-json\/wp\/v2\/tags?post=99444"}],"curies":[{"name":"wp","href":"https:\/\/api.w.org\/{rel}","templated":true}]}}