{"id":9958,"date":"2014-05-18T18:03:50","date_gmt":"2014-05-18T21:03:50","guid":{"rendered":"http:\/\/www.notibras.com\/site\/?p=9958"},"modified":"2014-05-18T18:03:50","modified_gmt":"2014-05-18T21:03:50","slug":"figueirense-estraga-festa-e-derrota-timao-na-abertura-do-itaquerao","status":"publish","type":"post","link":"https:\/\/www.notibras.com\/site\/figueirense-estraga-festa-e-derrota-timao-na-abertura-do-itaquerao\/","title":{"rendered":"Figueirense estraga festa e derrota Tim\u00e3o na abertura do Itaquer\u00e3o"},"content":{"rendered":"<p>O primeiro jogo do Corinthians em seu novo est\u00e1dio foi um sofrimento sem fim. Empurrado pelo grito de mais de 40 mil torcedores, um time bagun\u00e7ado conseguiu o que parecia imposs\u00edvel: perder por 1 a 0 para o Figueirense, ent\u00e3o lanterna do Campeonato Brasileiro.<\/p>\n<p>O futebol \u00e9 uma caixinha de ironias, e coube ao time catarinense, que ainda n\u00e3o havia marcado nem sequer um gol no torneio, fazer o primeiro do Itaquer\u00e3o e entrar para a hist\u00f3ria do est\u00e1dio que o Corinthians j\u00e1 vinha tentando construir h\u00e1 mais de 30 anos.<\/p>\n<p>O meia Giovani Augusto, paraense, 24 anos, camisa 10, aproveitou um apag\u00e3o na defesa advers\u00e1ria, completou um cruzamento da direita e calou pela primeira vez a arena corintiana no come\u00e7o do segundo tempo: 1 a 0.<\/p>\n<p>Antes do gol, o Corinthians havia sido um time sonolento, sem inspira\u00e7\u00e3o, que tinha dificuldade para finalizar contra a meta advers\u00e1ria.<\/p>\n<p>Depois do gol, a equipe virou pressa e, com o tempo, desespero.<\/p>\n<p>Fabio Santos tentava tabelar e escapar correndo paralelo \u00e0 linha lateral, mas seus cruzamentos n\u00e3o amea\u00e7avam.<\/p>\n<p>Paolo Guerrero tentava atuar como piv\u00f4, mas n\u00e3o se livrava do jogo de corpo dos zagueiros e se irritava.<\/p>\n<p>Romarinho, que havia sa\u00eddo do banco e ainda sentia dores, foi o primeiro a tentar driblar para escapar da forte marca\u00e7\u00e3o catarinense.<\/p>\n<p>Pelo meio, pelos lados, pelo alto, de fora da \u00e1rea, o Corinthians procurava furar a defesa de todos os jeitos, mas pouco conseguia assustar.<\/p>\n<p>E a torcida, que no primeiro tempo tinha sido s\u00f3 apoio, come\u00e7ou a pressionar, xingar, explodir em impaci\u00eancia.<\/p>\n<p>Mas se os paulistas n\u00e3o conseguiam impor uma press\u00e3o efetiva, os catarinenses levavam algum perigo nos contra-ataques.<\/p>\n<p>No balan\u00e7o final de chances de gol, o saldo \u00e9 que o Figueirense esteve at\u00e9 mais pr\u00f3ximo do segundo tento no Itaquer\u00e3o do que o Corinthians de empatar.<\/p>\n<p>E, de fato, os visitantes at\u00e9 balan\u00e7aram as redes ap\u00f3s abrirem o placar, mas o juiz anulou o 2 a 0 por impedimento.<\/p>\n<p>O jogo chegava ao fim, o Corinthians ia pra cima de forma atabalhoada e a torcida prendia a respira\u00e7\u00e3o nos contra-ataques do Figueirense.<\/p>\n<p>Mas chegaram os 45 minutos, os acr\u00e9scimos do \u00e1rbitro, e escreveu-se nos livros de hist\u00f3ria que o primeiro jogo do Itaquer\u00e3o foi mesmo uma derrota do Corinthians.<\/p>\n<p>Neste domingo hist\u00f3rico, algumas coisas eram novidade para o torcedor que nunca teve um est\u00e1dio do porte do Itaquer\u00e3o para chamar de seu. Mas o corintiano tamb\u00e9m sentiu aquilo com que ele mais est\u00e1 acostumado em 103 anos de hist\u00f3ria: sofrimento.<\/p>\n","protected":false},"excerpt":{"rendered":"<p>O primeiro jogo do Corinthians em seu novo est\u00e1dio foi um sofrimento sem fim. Empurrado pelo grito de mais de 40 mil torcedores, um time bagun\u00e7ado conseguiu o que parecia imposs\u00edvel: perder por 1 a 0 para o Figueirense, ent\u00e3o lanterna do Campeonato Brasileiro. O futebol \u00e9 uma caixinha de ironias, e coube ao time [&hellip;]<\/p>\n","protected":false},"author":2,"featured_media":9959,"comment_status":"open","ping_status":"closed","sticky":false,"template":"","format":"standard","meta":{"_acf_changed":false,"footnotes":""},"categories":[19,29],"tags":[],"class_list":["post-9958","post","type-post","status-publish","format-standard","has-post-thumbnail","hentry","category-esportes","category-futebol"],"acf":[],"yoast_head":"<!-- This site is optimized with the Yoast SEO plugin v27.2 - https:\/\/yoast.com\/product\/yoast-seo-wordpress\/ -->\n<title>Figueirense estraga festa e derrota Tim\u00e3o na abertura do Itaquer\u00e3o - Notibras<\/title>\n<meta name=\"robots\" content=\"index, follow, max-snippet:-1, max-image-preview:large, max-video-preview:-1\" \/>\n<link rel=\"canonical\" href=\"https:\/\/www.notibras.com\/site\/figueirense-estraga-festa-e-derrota-timao-na-abertura-do-itaquerao\/\" \/>\n<meta property=\"og:locale\" content=\"pt_BR\" \/>\n<meta property=\"og:type\" content=\"article\" \/>\n<meta property=\"og:title\" content=\"Figueirense estraga festa e derrota Tim\u00e3o na abertura do Itaquer\u00e3o - Notibras\" \/>\n<meta property=\"og:description\" content=\"O primeiro jogo do Corinthians em seu novo est\u00e1dio foi um sofrimento sem fim. Empurrado pelo grito de mais de 40 mil torcedores, um time bagun\u00e7ado conseguiu o que parecia imposs\u00edvel: perder por 1 a 0 para o Figueirense, ent\u00e3o lanterna do Campeonato Brasileiro. O futebol \u00e9 uma caixinha de ironias, e coube ao time [&hellip;]\" \/>\n<meta property=\"og:url\" content=\"https:\/\/www.notibras.com\/site\/figueirense-estraga-festa-e-derrota-timao-na-abertura-do-itaquerao\/\" \/>\n<meta property=\"og:site_name\" content=\"Notibras\" \/>\n<meta property=\"article:publisher\" content=\"https:\/\/www.facebook.com\/notibras\/\" \/>\n<meta property=\"article:published_time\" content=\"2014-05-18T21:03:50+00:00\" \/>\n<meta property=\"og:image\" content=\"https:\/\/www.notibras.com\/site\/wp-content\/uploads\/2014\/05\/06raugustotentaarenacorinthiansalanmoriciterra.jpg\" \/>\n\t<meta property=\"og:image:width\" content=\"667\" \/>\n\t<meta property=\"og:image:height\" content=\"500\" \/>\n\t<meta property=\"og:image:type\" content=\"image\/jpeg\" \/>\n<meta name=\"author\" content=\"Reda\u00e7\u00e3o\" \/>\n<meta name=\"twitter:card\" content=\"summary_large_image\" \/>\n<meta name=\"twitter:creator\" content=\"@Notibras\" \/>\n<meta name=\"twitter:site\" content=\"@Notibras\" \/>\n<meta name=\"twitter:label1\" content=\"Escrito por\" \/>\n\t<meta name=\"twitter:data1\" content=\"Reda\u00e7\u00e3o\" \/>\n\t<meta name=\"twitter:label2\" content=\"Est. tempo de leitura\" \/>\n\t<meta name=\"twitter:data2\" content=\"2 minutos\" \/>\n<script type=\"application\/ld+json\" class=\"yoast-schema-graph\">{\"@context\":\"https:\/\/schema.org\",\"@graph\":[{\"@type\":\"Article\",\"@id\":\"https:\/\/www.notibras.com\/site\/figueirense-estraga-festa-e-derrota-timao-na-abertura-do-itaquerao\/#article\",\"isPartOf\":{\"@id\":\"https:\/\/www.notibras.com\/site\/figueirense-estraga-festa-e-derrota-timao-na-abertura-do-itaquerao\/\"},\"author\":{\"name\":\"Reda\u00e7\u00e3o\",\"@id\":\"https:\/\/www.notibras.com\/site\/#\/schema\/person\/36ab0979449956132d3e5b517ea76ac8\"},\"headline\":\"Figueirense estraga festa e derrota Tim\u00e3o na abertura do Itaquer\u00e3o\",\"datePublished\":\"2014-05-18T21:03:50+00:00\",\"mainEntityOfPage\":{\"@id\":\"https:\/\/www.notibras.com\/site\/figueirense-estraga-festa-e-derrota-timao-na-abertura-do-itaquerao\/\"},\"wordCount\":451,\"commentCount\":0,\"publisher\":{\"@id\":\"https:\/\/www.notibras.com\/site\/#organization\"},\"image\":{\"@id\":\"https:\/\/www.notibras.com\/site\/figueirense-estraga-festa-e-derrota-timao-na-abertura-do-itaquerao\/#primaryimage\"},\"thumbnailUrl\":\"https:\/\/www.notibras.com\/site\/wp-content\/uploads\/2014\/05\/06raugustotentaarenacorinthiansalanmoriciterra.jpg\",\"articleSection\":[\"Esportes\",\"Futebol\"],\"inLanguage\":\"pt-BR\",\"potentialAction\":[{\"@type\":\"CommentAction\",\"name\":\"Comment\",\"target\":[\"https:\/\/www.notibras.com\/site\/figueirense-estraga-festa-e-derrota-timao-na-abertura-do-itaquerao\/#respond\"]}]},{\"@type\":\"WebPage\",\"@id\":\"https:\/\/www.notibras.com\/site\/figueirense-estraga-festa-e-derrota-timao-na-abertura-do-itaquerao\/\",\"url\":\"https:\/\/www.notibras.com\/site\/figueirense-estraga-festa-e-derrota-timao-na-abertura-do-itaquerao\/\",\"name\":\"Figueirense estraga festa e derrota Tim\u00e3o na abertura do Itaquer\u00e3o - Notibras\",\"isPartOf\":{\"@id\":\"https:\/\/www.notibras.com\/site\/#website\"},\"primaryImageOfPage\":{\"@id\":\"https:\/\/www.notibras.com\/site\/figueirense-estraga-festa-e-derrota-timao-na-abertura-do-itaquerao\/#primaryimage\"},\"image\":{\"@id\":\"https:\/\/www.notibras.com\/site\/figueirense-estraga-festa-e-derrota-timao-na-abertura-do-itaquerao\/#primaryimage\"},\"thumbnailUrl\":\"https:\/\/www.notibras.com\/site\/wp-content\/uploads\/2014\/05\/06raugustotentaarenacorinthiansalanmoriciterra.jpg\",\"datePublished\":\"2014-05-18T21:03:50+00:00\",\"breadcrumb\":{\"@id\":\"https:\/\/www.notibras.com\/site\/figueirense-estraga-festa-e-derrota-timao-na-abertura-do-itaquerao\/#breadcrumb\"},\"inLanguage\":\"pt-BR\",\"potentialAction\":[{\"@type\":\"ReadAction\",\"target\":[\"https:\/\/www.notibras.com\/site\/figueirense-estraga-festa-e-derrota-timao-na-abertura-do-itaquerao\/\"]}]},{\"@type\":\"ImageObject\",\"inLanguage\":\"pt-BR\",\"@id\":\"https:\/\/www.notibras.com\/site\/figueirense-estraga-festa-e-derrota-timao-na-abertura-do-itaquerao\/#primaryimage\",\"url\":\"https:\/\/www.notibras.com\/site\/wp-content\/uploads\/2014\/05\/06raugustotentaarenacorinthiansalanmoriciterra.jpg\",\"contentUrl\":\"https:\/\/www.notibras.com\/site\/wp-content\/uploads\/2014\/05\/06raugustotentaarenacorinthiansalanmoriciterra.jpg\",\"width\":667,\"height\":500},{\"@type\":\"BreadcrumbList\",\"@id\":\"https:\/\/www.notibras.com\/site\/figueirense-estraga-festa-e-derrota-timao-na-abertura-do-itaquerao\/#breadcrumb\",\"itemListElement\":[{\"@type\":\"ListItem\",\"position\":1,\"name\":\"In\u00edcio\",\"item\":\"https:\/\/www.notibras.com\/site\/\"},{\"@type\":\"ListItem\",\"position\":2,\"name\":\"Figueirense estraga festa e derrota Tim\u00e3o na abertura do Itaquer\u00e3o\"}]},{\"@type\":\"WebSite\",\"@id\":\"https:\/\/www.notibras.com\/site\/#website\",\"url\":\"https:\/\/www.notibras.com\/site\/\",\"name\":\"Notibras\",\"description\":\"Not\u00edcias de Bras\u00edlia, do Brasil e do Mundo\",\"publisher\":{\"@id\":\"https:\/\/www.notibras.com\/site\/#organization\"},\"potentialAction\":[{\"@type\":\"SearchAction\",\"target\":{\"@type\":\"EntryPoint\",\"urlTemplate\":\"https:\/\/www.notibras.com\/site\/?s={search_term_string}\"},\"query-input\":{\"@type\":\"PropertyValueSpecification\",\"valueRequired\":true,\"valueName\":\"search_term_string\"}}],\"inLanguage\":\"pt-BR\"},{\"@type\":\"Organization\",\"@id\":\"https:\/\/www.notibras.com\/site\/#organization\",\"name\":\"Grupo Notibras de Comunica\u00e7\u00e3o\",\"url\":\"https:\/\/www.notibras.com\/site\/\",\"logo\":{\"@type\":\"ImageObject\",\"inLanguage\":\"pt-BR\",\"@id\":\"https:\/\/www.notibras.com\/site\/#\/schema\/logo\/image\/\",\"url\":\"https:\/\/www.notibras.com\/site\/wp-content\/uploads\/2023\/01\/notibras23.png\",\"contentUrl\":\"https:\/\/www.notibras.com\/site\/wp-content\/uploads\/2023\/01\/notibras23.png\",\"width\":350,\"height\":87,\"caption\":\"Grupo Notibras de Comunica\u00e7\u00e3o\"},\"image\":{\"@id\":\"https:\/\/www.notibras.com\/site\/#\/schema\/logo\/image\/\"},\"sameAs\":[\"https:\/\/www.facebook.com\/notibras\/\",\"https:\/\/x.com\/Notibras\",\"https:\/\/www.instagram.com\/notibras\/\"]},{\"@type\":\"Person\",\"@id\":\"https:\/\/www.notibras.com\/site\/#\/schema\/person\/36ab0979449956132d3e5b517ea76ac8\",\"name\":\"Reda\u00e7\u00e3o\",\"image\":{\"@type\":\"ImageObject\",\"inLanguage\":\"pt-BR\",\"@id\":\"https:\/\/secure.gravatar.com\/avatar\/e0a867bdedb85fd243eadf09663511f96fc81e0720a4a42581f334ad4303aa6b?s=96&d=mm&r=g\",\"url\":\"https:\/\/secure.gravatar.com\/avatar\/e0a867bdedb85fd243eadf09663511f96fc81e0720a4a42581f334ad4303aa6b?s=96&d=mm&r=g\",\"contentUrl\":\"https:\/\/secure.gravatar.com\/avatar\/e0a867bdedb85fd243eadf09663511f96fc81e0720a4a42581f334ad4303aa6b?s=96&d=mm&r=g\",\"caption\":\"Reda\u00e7\u00e3o\"}}]}<\/script>\n<!-- \/ Yoast SEO plugin. -->","yoast_head_json":{"title":"Figueirense estraga festa e derrota Tim\u00e3o na abertura do Itaquer\u00e3o - Notibras","robots":{"index":"index","follow":"follow","max-snippet":"max-snippet:-1","max-image-preview":"max-image-preview:large","max-video-preview":"max-video-preview:-1"},"canonical":"https:\/\/www.notibras.com\/site\/figueirense-estraga-festa-e-derrota-timao-na-abertura-do-itaquerao\/","og_locale":"pt_BR","og_type":"article","og_title":"Figueirense estraga festa e derrota Tim\u00e3o na abertura do Itaquer\u00e3o - Notibras","og_description":"O primeiro jogo do Corinthians em seu novo est\u00e1dio foi um sofrimento sem fim. Empurrado pelo grito de mais de 40 mil torcedores, um time bagun\u00e7ado conseguiu o que parecia imposs\u00edvel: perder por 1 a 0 para o Figueirense, ent\u00e3o lanterna do Campeonato Brasileiro. O futebol \u00e9 uma caixinha de ironias, e coube ao time [&hellip;]","og_url":"https:\/\/www.notibras.com\/site\/figueirense-estraga-festa-e-derrota-timao-na-abertura-do-itaquerao\/","og_site_name":"Notibras","article_publisher":"https:\/\/www.facebook.com\/notibras\/","article_published_time":"2014-05-18T21:03:50+00:00","og_image":[{"width":667,"height":500,"url":"https:\/\/www.notibras.com\/site\/wp-content\/uploads\/2014\/05\/06raugustotentaarenacorinthiansalanmoriciterra.jpg","type":"image\/jpeg"}],"author":"Reda\u00e7\u00e3o","twitter_card":"summary_large_image","twitter_creator":"@Notibras","twitter_site":"@Notibras","twitter_misc":{"Escrito por":"Reda\u00e7\u00e3o","Est. tempo de leitura":"2 minutos"},"schema":{"@context":"https:\/\/schema.org","@graph":[{"@type":"Article","@id":"https:\/\/www.notibras.com\/site\/figueirense-estraga-festa-e-derrota-timao-na-abertura-do-itaquerao\/#article","isPartOf":{"@id":"https:\/\/www.notibras.com\/site\/figueirense-estraga-festa-e-derrota-timao-na-abertura-do-itaquerao\/"},"author":{"name":"Reda\u00e7\u00e3o","@id":"https:\/\/www.notibras.com\/site\/#\/schema\/person\/36ab0979449956132d3e5b517ea76ac8"},"headline":"Figueirense estraga festa e derrota Tim\u00e3o na abertura do Itaquer\u00e3o","datePublished":"2014-05-18T21:03:50+00:00","mainEntityOfPage":{"@id":"https:\/\/www.notibras.com\/site\/figueirense-estraga-festa-e-derrota-timao-na-abertura-do-itaquerao\/"},"wordCount":451,"commentCount":0,"publisher":{"@id":"https:\/\/www.notibras.com\/site\/#organization"},"image":{"@id":"https:\/\/www.notibras.com\/site\/figueirense-estraga-festa-e-derrota-timao-na-abertura-do-itaquerao\/#primaryimage"},"thumbnailUrl":"https:\/\/www.notibras.com\/site\/wp-content\/uploads\/2014\/05\/06raugustotentaarenacorinthiansalanmoriciterra.jpg","articleSection":["Esportes","Futebol"],"inLanguage":"pt-BR","potentialAction":[{"@type":"CommentAction","name":"Comment","target":["https:\/\/www.notibras.com\/site\/figueirense-estraga-festa-e-derrota-timao-na-abertura-do-itaquerao\/#respond"]}]},{"@type":"WebPage","@id":"https:\/\/www.notibras.com\/site\/figueirense-estraga-festa-e-derrota-timao-na-abertura-do-itaquerao\/","url":"https:\/\/www.notibras.com\/site\/figueirense-estraga-festa-e-derrota-timao-na-abertura-do-itaquerao\/","name":"Figueirense estraga festa e derrota Tim\u00e3o na abertura do Itaquer\u00e3o - Notibras","isPartOf":{"@id":"https:\/\/www.notibras.com\/site\/#website"},"primaryImageOfPage":{"@id":"https:\/\/www.notibras.com\/site\/figueirense-estraga-festa-e-derrota-timao-na-abertura-do-itaquerao\/#primaryimage"},"image":{"@id":"https:\/\/www.notibras.com\/site\/figueirense-estraga-festa-e-derrota-timao-na-abertura-do-itaquerao\/#primaryimage"},"thumbnailUrl":"https:\/\/www.notibras.com\/site\/wp-content\/uploads\/2014\/05\/06raugustotentaarenacorinthiansalanmoriciterra.jpg","datePublished":"2014-05-18T21:03:50+00:00","breadcrumb":{"@id":"https:\/\/www.notibras.com\/site\/figueirense-estraga-festa-e-derrota-timao-na-abertura-do-itaquerao\/#breadcrumb"},"inLanguage":"pt-BR","potentialAction":[{"@type":"ReadAction","target":["https:\/\/www.notibras.com\/site\/figueirense-estraga-festa-e-derrota-timao-na-abertura-do-itaquerao\/"]}]},{"@type":"ImageObject","inLanguage":"pt-BR","@id":"https:\/\/www.notibras.com\/site\/figueirense-estraga-festa-e-derrota-timao-na-abertura-do-itaquerao\/#primaryimage","url":"https:\/\/www.notibras.com\/site\/wp-content\/uploads\/2014\/05\/06raugustotentaarenacorinthiansalanmoriciterra.jpg","contentUrl":"https:\/\/www.notibras.com\/site\/wp-content\/uploads\/2014\/05\/06raugustotentaarenacorinthiansalanmoriciterra.jpg","width":667,"height":500},{"@type":"BreadcrumbList","@id":"https:\/\/www.notibras.com\/site\/figueirense-estraga-festa-e-derrota-timao-na-abertura-do-itaquerao\/#breadcrumb","itemListElement":[{"@type":"ListItem","position":1,"name":"In\u00edcio","item":"https:\/\/www.notibras.com\/site\/"},{"@type":"ListItem","position":2,"name":"Figueirense estraga festa e derrota Tim\u00e3o na abertura do Itaquer\u00e3o"}]},{"@type":"WebSite","@id":"https:\/\/www.notibras.com\/site\/#website","url":"https:\/\/www.notibras.com\/site\/","name":"Notibras","description":"Not\u00edcias de Bras\u00edlia, do Brasil e do Mundo","publisher":{"@id":"https:\/\/www.notibras.com\/site\/#organization"},"potentialAction":[{"@type":"SearchAction","target":{"@type":"EntryPoint","urlTemplate":"https:\/\/www.notibras.com\/site\/?s={search_term_string}"},"query-input":{"@type":"PropertyValueSpecification","valueRequired":true,"valueName":"search_term_string"}}],"inLanguage":"pt-BR"},{"@type":"Organization","@id":"https:\/\/www.notibras.com\/site\/#organization","name":"Grupo Notibras de Comunica\u00e7\u00e3o","url":"https:\/\/www.notibras.com\/site\/","logo":{"@type":"ImageObject","inLanguage":"pt-BR","@id":"https:\/\/www.notibras.com\/site\/#\/schema\/logo\/image\/","url":"https:\/\/www.notibras.com\/site\/wp-content\/uploads\/2023\/01\/notibras23.png","contentUrl":"https:\/\/www.notibras.com\/site\/wp-content\/uploads\/2023\/01\/notibras23.png","width":350,"height":87,"caption":"Grupo Notibras de Comunica\u00e7\u00e3o"},"image":{"@id":"https:\/\/www.notibras.com\/site\/#\/schema\/logo\/image\/"},"sameAs":["https:\/\/www.facebook.com\/notibras\/","https:\/\/x.com\/Notibras","https:\/\/www.instagram.com\/notibras\/"]},{"@type":"Person","@id":"https:\/\/www.notibras.com\/site\/#\/schema\/person\/36ab0979449956132d3e5b517ea76ac8","name":"Reda\u00e7\u00e3o","image":{"@type":"ImageObject","inLanguage":"pt-BR","@id":"https:\/\/secure.gravatar.com\/avatar\/e0a867bdedb85fd243eadf09663511f96fc81e0720a4a42581f334ad4303aa6b?s=96&d=mm&r=g","url":"https:\/\/secure.gravatar.com\/avatar\/e0a867bdedb85fd243eadf09663511f96fc81e0720a4a42581f334ad4303aa6b?s=96&d=mm&r=g","contentUrl":"https:\/\/secure.gravatar.com\/avatar\/e0a867bdedb85fd243eadf09663511f96fc81e0720a4a42581f334ad4303aa6b?s=96&d=mm&r=g","caption":"Reda\u00e7\u00e3o"}}]}},"amp_enabled":true,"_links":{"self":[{"href":"https:\/\/www.notibras.com\/site\/wp-json\/wp\/v2\/posts\/9958","targetHints":{"allow":["GET"]}}],"collection":[{"href":"https:\/\/www.notibras.com\/site\/wp-json\/wp\/v2\/posts"}],"about":[{"href":"https:\/\/www.notibras.com\/site\/wp-json\/wp\/v2\/types\/post"}],"author":[{"embeddable":true,"href":"https:\/\/www.notibras.com\/site\/wp-json\/wp\/v2\/users\/2"}],"replies":[{"embeddable":true,"href":"https:\/\/www.notibras.com\/site\/wp-json\/wp\/v2\/comments?post=9958"}],"version-history":[{"count":0,"href":"https:\/\/www.notibras.com\/site\/wp-json\/wp\/v2\/posts\/9958\/revisions"}],"wp:featuredmedia":[{"embeddable":true,"href":"https:\/\/www.notibras.com\/site\/wp-json\/wp\/v2\/media\/9959"}],"wp:attachment":[{"href":"https:\/\/www.notibras.com\/site\/wp-json\/wp\/v2\/media?parent=9958"}],"wp:term":[{"taxonomy":"category","embeddable":true,"href":"https:\/\/www.notibras.com\/site\/wp-json\/wp\/v2\/categories?post=9958"},{"taxonomy":"post_tag","embeddable":true,"href":"https:\/\/www.notibras.com\/site\/wp-json\/wp\/v2\/tags?post=9958"}],"curies":[{"name":"wp","href":"https:\/\/api.w.org\/{rel}","templated":true}]}}