{"id":99632,"date":"2016-04-28T07:35:15","date_gmt":"2016-04-28T10:35:15","guid":{"rendered":"http:\/\/www.notibras.com\/site\/?p=99632"},"modified":"2016-04-28T07:35:15","modified_gmt":"2016-04-28T10:35:15","slug":"marx-estava-certo-errado-e-quem-gosta-de-promover-conluios","status":"publish","type":"post","link":"https:\/\/www.notibras.com\/site\/marx-estava-certo-errado-e-quem-gosta-de-promover-conluios\/","title":{"rendered":"Marx estava certo. Errado \u00e9 quem gosta de promover conluios&#8230;"},"content":{"rendered":"<p><strong>Salvatore D&#8217; Onofrio<\/strong><\/p>\n<p>Karl Marx (1818-1883), considerado o ap\u00f3stolo das doutrinas socialistas, \u00e9 um dos g\u00eanios da humanidade por ter contribu\u00eddo fortemente para o nosso progresso civilizacional.<\/p>\n<p>Sua figura pode ser comparada \u00e0 de S\u00f3crates, que nos ensinou a pensar; Jesus Cristo, que nos ensinou a amar; Galileu, que contestou o que est\u00e1 escrito no Velho Testamento, demonstrando que a Terra n\u00e3o \u00e9 im\u00f3vel; Einstein, que substituiu a f\u00edsica copernicana pela qu\u00e2ntica, encontrando a amalgama\u00e7\u00e3o de todos os elementos do microcosmo e do macrocosmo por ondas eletromagn\u00e9ticas, num continuo movimento circular, superando antigas cren\u00e7as na exist\u00eancia de um mundo \u201csobre\u201dnatural; Darwin que, tamb\u00e9m ele desmentindo a B\u00edblia, contestou a f\u00e1bula da cria\u00e7\u00e3o de seres, humanos ou n\u00e3o, por alguma divindade, pois a ci\u00eancia biol\u00f3gica demonstra a evolu\u00e7\u00e3o das esp\u00e9cies, umas das outras; Freud, o pai da psican\u00e1lise, que nos ensina o prazer do sexo n\u00e3o ser um pecado, mas uma for\u00e7a instintiva poderosa para a forma\u00e7\u00e3o da personalidade humana.<\/p>\n<p>Quanto a Marx, sua contribui\u00e7\u00e3o se deu no plano sociol\u00f3gico, dignificando o trabalho bra\u00e7al, at\u00e9 ent\u00e3o considerado um dever a ser cumprido apenas por escravos ou seres humanos de classe inferior. Sua obra mais importante, \u201cO Capital\u201d, denuncia a explora\u00e7\u00e3o e a aliena\u00e7\u00e3o dos que do campo chegavam \u00e0 cidade para trabalharem nas f\u00e1bricas, na \u00e9poca da Revolu\u00e7\u00e3o Industrial.<\/p>\n<p>A luta contra a concentra\u00e7\u00e3o de renda e a explora\u00e7\u00e3o do trabalhador deu origem ao Manifesto Comunista de 1848. Mais tarde, em 1917, o sonho da instala\u00e7\u00e3o de um governo de regime comunista, a implanta\u00e7\u00e3o de um Estado \u201coper\u00e1rio e democr\u00e1tico\u201d se realiza na R\u00fassia por obra dos l\u00edderes revolucion\u00e1rios L\u00eanin e Stalin, que derrubaram o czar Nicolau II. O in\u00edcio e o fim da antiga Uni\u00e3o das Rep\u00fablicas Socialistas Sovi\u00e9ticas (URSS) e de outros pa\u00edses, que adotaram o comunismo como formas de governo, s\u00e3o tragicamente bem conhecidos.<\/p>\n<p>A pergunta que n\u00e3o quer calar \u00e9: em face do fracasso de todos os governos de inspira\u00e7\u00e3o comunista, Karl Marx estava errado? N\u00e3o, a meu ver, visto que o comunismo n\u00e3o luta contra o capitalismo empresarial, mas dele se alimenta e de uma forma bem mais prejudicial para a popula\u00e7\u00e3o. O capital do Estado, formado pela arrecada\u00e7\u00e3o de impostos abusivos, \u00e9 administrado por pol\u00edticos incompetentes e desonestos que ascendem ao poder pela compra dos votos da camada mais carente e desinformada.<\/p>\n<p>O conluio entre poder estatal e capital privado gera corrup\u00e7\u00e3o, que gera crise \u00e9tica e pol\u00edtica. O atual governo do Partido dos Trabalhadores comprova isso. Parece que o economista e pol\u00edtico Roberto Campos, que morreu em 2001, um ano antes da primeira elei\u00e7\u00e3o de Lula, estava adivinhando ao definir assim o PT: \u201c\u00e9 um partido de trabalhadores que n\u00e3o trabalham, estudantes que n\u00e3o estudam e intelectuais que n\u00e3o pensam\u201d (cita\u00e7\u00e3o do leitor Roberto de Carvalho Junior, no artigo \u201cSocialismo\u201d, Di\u00e1rio de 22\/4).<\/p>\n","protected":false},"excerpt":{"rendered":"<p>Salvatore D&#8217; Onofrio Karl Marx (1818-1883), considerado o ap\u00f3stolo das doutrinas socialistas, \u00e9 um dos g\u00eanios da humanidade por ter contribu\u00eddo fortemente para o nosso progresso civilizacional. Sua figura pode ser comparada \u00e0 de S\u00f3crates, que nos ensinou a pensar; Jesus Cristo, que nos ensinou a amar; Galileu, que contestou o que est\u00e1 escrito no [&hellip;]<\/p>\n","protected":false},"author":2,"featured_media":99633,"comment_status":"open","ping_status":"closed","sticky":false,"template":"","format":"standard","meta":{"_acf_changed":false,"footnotes":""},"categories":[25],"tags":[],"class_list":["post-99632","post","type-post","status-publish","format-standard","has-post-thumbnail","hentry","category-opina-ai"],"acf":[],"yoast_head":"<!-- This site is optimized with the Yoast SEO plugin v27.5 - https:\/\/yoast.com\/product\/yoast-seo-wordpress\/ -->\n<title>Marx estava certo. Errado \u00e9 quem gosta de promover conluios... - Notibras<\/title>\n<meta name=\"robots\" content=\"index, follow, max-snippet:-1, max-image-preview:large, max-video-preview:-1\" \/>\n<link rel=\"canonical\" href=\"https:\/\/www.notibras.com\/site\/marx-estava-certo-errado-e-quem-gosta-de-promover-conluios\/\" \/>\n<meta property=\"og:locale\" content=\"pt_BR\" \/>\n<meta property=\"og:type\" content=\"article\" \/>\n<meta property=\"og:title\" content=\"Marx estava certo. Errado \u00e9 quem gosta de promover conluios... - Notibras\" \/>\n<meta property=\"og:description\" content=\"Salvatore D&#8217; Onofrio Karl Marx (1818-1883), considerado o ap\u00f3stolo das doutrinas socialistas, \u00e9 um dos g\u00eanios da humanidade por ter contribu\u00eddo fortemente para o nosso progresso civilizacional. Sua figura pode ser comparada \u00e0 de S\u00f3crates, que nos ensinou a pensar; Jesus Cristo, que nos ensinou a amar; Galileu, que contestou o que est\u00e1 escrito no [&hellip;]\" \/>\n<meta property=\"og:url\" content=\"https:\/\/www.notibras.com\/site\/marx-estava-certo-errado-e-quem-gosta-de-promover-conluios\/\" \/>\n<meta property=\"og:site_name\" content=\"Notibras\" \/>\n<meta property=\"article:publisher\" content=\"https:\/\/www.facebook.com\/notibras\/\" \/>\n<meta property=\"article:published_time\" content=\"2016-04-28T10:35:15+00:00\" \/>\n<meta property=\"og:image\" content=\"https:\/\/www.notibras.com\/site\/wp-content\/uploads\/2016\/04\/karl_marx.jpg\" \/>\n\t<meta property=\"og:image:width\" content=\"750\" \/>\n\t<meta property=\"og:image:height\" content=\"500\" \/>\n\t<meta property=\"og:image:type\" content=\"image\/jpeg\" \/>\n<meta name=\"author\" content=\"Reda\u00e7\u00e3o\" \/>\n<meta name=\"twitter:card\" content=\"summary_large_image\" \/>\n<meta name=\"twitter:creator\" content=\"@Notibras\" \/>\n<meta name=\"twitter:site\" content=\"@Notibras\" \/>\n<meta name=\"twitter:label1\" content=\"Escrito por\" \/>\n\t<meta name=\"twitter:data1\" content=\"Reda\u00e7\u00e3o\" \/>\n\t<meta name=\"twitter:label2\" content=\"Est. tempo de leitura\" \/>\n\t<meta name=\"twitter:data2\" content=\"3 minutos\" \/>\n<script type=\"application\/ld+json\" class=\"yoast-schema-graph\">{\"@context\":\"https:\\\/\\\/schema.org\",\"@graph\":[{\"@type\":\"Article\",\"@id\":\"https:\\\/\\\/www.notibras.com\\\/site\\\/marx-estava-certo-errado-e-quem-gosta-de-promover-conluios\\\/#article\",\"isPartOf\":{\"@id\":\"https:\\\/\\\/www.notibras.com\\\/site\\\/marx-estava-certo-errado-e-quem-gosta-de-promover-conluios\\\/\"},\"author\":{\"name\":\"Reda\u00e7\u00e3o\",\"@id\":\"https:\\\/\\\/www.notibras.com\\\/site\\\/#\\\/schema\\\/person\\\/36ab0979449956132d3e5b517ea76ac8\"},\"headline\":\"Marx estava certo. Errado \u00e9 quem gosta de promover conluios&#8230;\",\"datePublished\":\"2016-04-28T10:35:15+00:00\",\"mainEntityOfPage\":{\"@id\":\"https:\\\/\\\/www.notibras.com\\\/site\\\/marx-estava-certo-errado-e-quem-gosta-de-promover-conluios\\\/\"},\"wordCount\":533,\"commentCount\":0,\"publisher\":{\"@id\":\"https:\\\/\\\/www.notibras.com\\\/site\\\/#organization\"},\"image\":{\"@id\":\"https:\\\/\\\/www.notibras.com\\\/site\\\/marx-estava-certo-errado-e-quem-gosta-de-promover-conluios\\\/#primaryimage\"},\"thumbnailUrl\":\"https:\\\/\\\/www.notibras.com\\\/site\\\/wp-content\\\/uploads\\\/2016\\\/04\\\/karl_marx.jpg\",\"articleSection\":[\"Opina a\u00ed\"],\"inLanguage\":\"pt-BR\",\"potentialAction\":[{\"@type\":\"CommentAction\",\"name\":\"Comment\",\"target\":[\"https:\\\/\\\/www.notibras.com\\\/site\\\/marx-estava-certo-errado-e-quem-gosta-de-promover-conluios\\\/#respond\"]}]},{\"@type\":\"WebPage\",\"@id\":\"https:\\\/\\\/www.notibras.com\\\/site\\\/marx-estava-certo-errado-e-quem-gosta-de-promover-conluios\\\/\",\"url\":\"https:\\\/\\\/www.notibras.com\\\/site\\\/marx-estava-certo-errado-e-quem-gosta-de-promover-conluios\\\/\",\"name\":\"Marx estava certo. Errado \u00e9 quem gosta de promover conluios... - Notibras\",\"isPartOf\":{\"@id\":\"https:\\\/\\\/www.notibras.com\\\/site\\\/#website\"},\"primaryImageOfPage\":{\"@id\":\"https:\\\/\\\/www.notibras.com\\\/site\\\/marx-estava-certo-errado-e-quem-gosta-de-promover-conluios\\\/#primaryimage\"},\"image\":{\"@id\":\"https:\\\/\\\/www.notibras.com\\\/site\\\/marx-estava-certo-errado-e-quem-gosta-de-promover-conluios\\\/#primaryimage\"},\"thumbnailUrl\":\"https:\\\/\\\/www.notibras.com\\\/site\\\/wp-content\\\/uploads\\\/2016\\\/04\\\/karl_marx.jpg\",\"datePublished\":\"2016-04-28T10:35:15+00:00\",\"breadcrumb\":{\"@id\":\"https:\\\/\\\/www.notibras.com\\\/site\\\/marx-estava-certo-errado-e-quem-gosta-de-promover-conluios\\\/#breadcrumb\"},\"inLanguage\":\"pt-BR\",\"potentialAction\":[{\"@type\":\"ReadAction\",\"target\":[\"https:\\\/\\\/www.notibras.com\\\/site\\\/marx-estava-certo-errado-e-quem-gosta-de-promover-conluios\\\/\"]}]},{\"@type\":\"ImageObject\",\"inLanguage\":\"pt-BR\",\"@id\":\"https:\\\/\\\/www.notibras.com\\\/site\\\/marx-estava-certo-errado-e-quem-gosta-de-promover-conluios\\\/#primaryimage\",\"url\":\"https:\\\/\\\/www.notibras.com\\\/site\\\/wp-content\\\/uploads\\\/2016\\\/04\\\/karl_marx.jpg\",\"contentUrl\":\"https:\\\/\\\/www.notibras.com\\\/site\\\/wp-content\\\/uploads\\\/2016\\\/04\\\/karl_marx.jpg\",\"width\":750,\"height\":500},{\"@type\":\"BreadcrumbList\",\"@id\":\"https:\\\/\\\/www.notibras.com\\\/site\\\/marx-estava-certo-errado-e-quem-gosta-de-promover-conluios\\\/#breadcrumb\",\"itemListElement\":[{\"@type\":\"ListItem\",\"position\":1,\"name\":\"In\u00edcio\",\"item\":\"https:\\\/\\\/www.notibras.com\\\/site\\\/\"},{\"@type\":\"ListItem\",\"position\":2,\"name\":\"Marx estava certo. Errado \u00e9 quem gosta de promover conluios&#8230;\"}]},{\"@type\":\"WebSite\",\"@id\":\"https:\\\/\\\/www.notibras.com\\\/site\\\/#website\",\"url\":\"https:\\\/\\\/www.notibras.com\\\/site\\\/\",\"name\":\"Notibras\",\"description\":\"Not\u00edcias de Bras\u00edlia, do Brasil e do Mundo\",\"publisher\":{\"@id\":\"https:\\\/\\\/www.notibras.com\\\/site\\\/#organization\"},\"potentialAction\":[{\"@type\":\"SearchAction\",\"target\":{\"@type\":\"EntryPoint\",\"urlTemplate\":\"https:\\\/\\\/www.notibras.com\\\/site\\\/?s={search_term_string}\"},\"query-input\":{\"@type\":\"PropertyValueSpecification\",\"valueRequired\":true,\"valueName\":\"search_term_string\"}}],\"inLanguage\":\"pt-BR\"},{\"@type\":\"Organization\",\"@id\":\"https:\\\/\\\/www.notibras.com\\\/site\\\/#organization\",\"name\":\"Grupo Notibras de Comunica\u00e7\u00e3o\",\"url\":\"https:\\\/\\\/www.notibras.com\\\/site\\\/\",\"logo\":{\"@type\":\"ImageObject\",\"inLanguage\":\"pt-BR\",\"@id\":\"https:\\\/\\\/www.notibras.com\\\/site\\\/#\\\/schema\\\/logo\\\/image\\\/\",\"url\":\"https:\\\/\\\/www.notibras.com\\\/site\\\/wp-content\\\/uploads\\\/2023\\\/01\\\/notibras23.png\",\"contentUrl\":\"https:\\\/\\\/www.notibras.com\\\/site\\\/wp-content\\\/uploads\\\/2023\\\/01\\\/notibras23.png\",\"width\":350,\"height\":87,\"caption\":\"Grupo Notibras de Comunica\u00e7\u00e3o\"},\"image\":{\"@id\":\"https:\\\/\\\/www.notibras.com\\\/site\\\/#\\\/schema\\\/logo\\\/image\\\/\"},\"sameAs\":[\"https:\\\/\\\/www.facebook.com\\\/notibras\\\/\",\"https:\\\/\\\/x.com\\\/Notibras\",\"https:\\\/\\\/www.instagram.com\\\/notibras\\\/\"]},{\"@type\":\"Person\",\"@id\":\"https:\\\/\\\/www.notibras.com\\\/site\\\/#\\\/schema\\\/person\\\/36ab0979449956132d3e5b517ea76ac8\",\"name\":\"Reda\u00e7\u00e3o\",\"image\":{\"@type\":\"ImageObject\",\"inLanguage\":\"pt-BR\",\"@id\":\"https:\\\/\\\/secure.gravatar.com\\\/avatar\\\/e0a867bdedb85fd243eadf09663511f96fc81e0720a4a42581f334ad4303aa6b?s=96&d=mm&r=g\",\"url\":\"https:\\\/\\\/secure.gravatar.com\\\/avatar\\\/e0a867bdedb85fd243eadf09663511f96fc81e0720a4a42581f334ad4303aa6b?s=96&d=mm&r=g\",\"contentUrl\":\"https:\\\/\\\/secure.gravatar.com\\\/avatar\\\/e0a867bdedb85fd243eadf09663511f96fc81e0720a4a42581f334ad4303aa6b?s=96&d=mm&r=g\",\"caption\":\"Reda\u00e7\u00e3o\"}}]}<\/script>\n<!-- \/ Yoast SEO plugin. -->","yoast_head_json":{"title":"Marx estava certo. Errado \u00e9 quem gosta de promover conluios... - Notibras","robots":{"index":"index","follow":"follow","max-snippet":"max-snippet:-1","max-image-preview":"max-image-preview:large","max-video-preview":"max-video-preview:-1"},"canonical":"https:\/\/www.notibras.com\/site\/marx-estava-certo-errado-e-quem-gosta-de-promover-conluios\/","og_locale":"pt_BR","og_type":"article","og_title":"Marx estava certo. Errado \u00e9 quem gosta de promover conluios... - Notibras","og_description":"Salvatore D&#8217; Onofrio Karl Marx (1818-1883), considerado o ap\u00f3stolo das doutrinas socialistas, \u00e9 um dos g\u00eanios da humanidade por ter contribu\u00eddo fortemente para o nosso progresso civilizacional. Sua figura pode ser comparada \u00e0 de S\u00f3crates, que nos ensinou a pensar; Jesus Cristo, que nos ensinou a amar; Galileu, que contestou o que est\u00e1 escrito no [&hellip;]","og_url":"https:\/\/www.notibras.com\/site\/marx-estava-certo-errado-e-quem-gosta-de-promover-conluios\/","og_site_name":"Notibras","article_publisher":"https:\/\/www.facebook.com\/notibras\/","article_published_time":"2016-04-28T10:35:15+00:00","og_image":[{"width":750,"height":500,"url":"https:\/\/www.notibras.com\/site\/wp-content\/uploads\/2016\/04\/karl_marx.jpg","type":"image\/jpeg"}],"author":"Reda\u00e7\u00e3o","twitter_card":"summary_large_image","twitter_creator":"@Notibras","twitter_site":"@Notibras","twitter_misc":{"Escrito por":"Reda\u00e7\u00e3o","Est. tempo de leitura":"3 minutos"},"schema":{"@context":"https:\/\/schema.org","@graph":[{"@type":"Article","@id":"https:\/\/www.notibras.com\/site\/marx-estava-certo-errado-e-quem-gosta-de-promover-conluios\/#article","isPartOf":{"@id":"https:\/\/www.notibras.com\/site\/marx-estava-certo-errado-e-quem-gosta-de-promover-conluios\/"},"author":{"name":"Reda\u00e7\u00e3o","@id":"https:\/\/www.notibras.com\/site\/#\/schema\/person\/36ab0979449956132d3e5b517ea76ac8"},"headline":"Marx estava certo. Errado \u00e9 quem gosta de promover conluios&#8230;","datePublished":"2016-04-28T10:35:15+00:00","mainEntityOfPage":{"@id":"https:\/\/www.notibras.com\/site\/marx-estava-certo-errado-e-quem-gosta-de-promover-conluios\/"},"wordCount":533,"commentCount":0,"publisher":{"@id":"https:\/\/www.notibras.com\/site\/#organization"},"image":{"@id":"https:\/\/www.notibras.com\/site\/marx-estava-certo-errado-e-quem-gosta-de-promover-conluios\/#primaryimage"},"thumbnailUrl":"https:\/\/www.notibras.com\/site\/wp-content\/uploads\/2016\/04\/karl_marx.jpg","articleSection":["Opina a\u00ed"],"inLanguage":"pt-BR","potentialAction":[{"@type":"CommentAction","name":"Comment","target":["https:\/\/www.notibras.com\/site\/marx-estava-certo-errado-e-quem-gosta-de-promover-conluios\/#respond"]}]},{"@type":"WebPage","@id":"https:\/\/www.notibras.com\/site\/marx-estava-certo-errado-e-quem-gosta-de-promover-conluios\/","url":"https:\/\/www.notibras.com\/site\/marx-estava-certo-errado-e-quem-gosta-de-promover-conluios\/","name":"Marx estava certo. Errado \u00e9 quem gosta de promover conluios... - Notibras","isPartOf":{"@id":"https:\/\/www.notibras.com\/site\/#website"},"primaryImageOfPage":{"@id":"https:\/\/www.notibras.com\/site\/marx-estava-certo-errado-e-quem-gosta-de-promover-conluios\/#primaryimage"},"image":{"@id":"https:\/\/www.notibras.com\/site\/marx-estava-certo-errado-e-quem-gosta-de-promover-conluios\/#primaryimage"},"thumbnailUrl":"https:\/\/www.notibras.com\/site\/wp-content\/uploads\/2016\/04\/karl_marx.jpg","datePublished":"2016-04-28T10:35:15+00:00","breadcrumb":{"@id":"https:\/\/www.notibras.com\/site\/marx-estava-certo-errado-e-quem-gosta-de-promover-conluios\/#breadcrumb"},"inLanguage":"pt-BR","potentialAction":[{"@type":"ReadAction","target":["https:\/\/www.notibras.com\/site\/marx-estava-certo-errado-e-quem-gosta-de-promover-conluios\/"]}]},{"@type":"ImageObject","inLanguage":"pt-BR","@id":"https:\/\/www.notibras.com\/site\/marx-estava-certo-errado-e-quem-gosta-de-promover-conluios\/#primaryimage","url":"https:\/\/www.notibras.com\/site\/wp-content\/uploads\/2016\/04\/karl_marx.jpg","contentUrl":"https:\/\/www.notibras.com\/site\/wp-content\/uploads\/2016\/04\/karl_marx.jpg","width":750,"height":500},{"@type":"BreadcrumbList","@id":"https:\/\/www.notibras.com\/site\/marx-estava-certo-errado-e-quem-gosta-de-promover-conluios\/#breadcrumb","itemListElement":[{"@type":"ListItem","position":1,"name":"In\u00edcio","item":"https:\/\/www.notibras.com\/site\/"},{"@type":"ListItem","position":2,"name":"Marx estava certo. Errado \u00e9 quem gosta de promover conluios&#8230;"}]},{"@type":"WebSite","@id":"https:\/\/www.notibras.com\/site\/#website","url":"https:\/\/www.notibras.com\/site\/","name":"Notibras","description":"Not\u00edcias de Bras\u00edlia, do Brasil e do Mundo","publisher":{"@id":"https:\/\/www.notibras.com\/site\/#organization"},"potentialAction":[{"@type":"SearchAction","target":{"@type":"EntryPoint","urlTemplate":"https:\/\/www.notibras.com\/site\/?s={search_term_string}"},"query-input":{"@type":"PropertyValueSpecification","valueRequired":true,"valueName":"search_term_string"}}],"inLanguage":"pt-BR"},{"@type":"Organization","@id":"https:\/\/www.notibras.com\/site\/#organization","name":"Grupo Notibras de Comunica\u00e7\u00e3o","url":"https:\/\/www.notibras.com\/site\/","logo":{"@type":"ImageObject","inLanguage":"pt-BR","@id":"https:\/\/www.notibras.com\/site\/#\/schema\/logo\/image\/","url":"https:\/\/www.notibras.com\/site\/wp-content\/uploads\/2023\/01\/notibras23.png","contentUrl":"https:\/\/www.notibras.com\/site\/wp-content\/uploads\/2023\/01\/notibras23.png","width":350,"height":87,"caption":"Grupo Notibras de Comunica\u00e7\u00e3o"},"image":{"@id":"https:\/\/www.notibras.com\/site\/#\/schema\/logo\/image\/"},"sameAs":["https:\/\/www.facebook.com\/notibras\/","https:\/\/x.com\/Notibras","https:\/\/www.instagram.com\/notibras\/"]},{"@type":"Person","@id":"https:\/\/www.notibras.com\/site\/#\/schema\/person\/36ab0979449956132d3e5b517ea76ac8","name":"Reda\u00e7\u00e3o","image":{"@type":"ImageObject","inLanguage":"pt-BR","@id":"https:\/\/secure.gravatar.com\/avatar\/e0a867bdedb85fd243eadf09663511f96fc81e0720a4a42581f334ad4303aa6b?s=96&d=mm&r=g","url":"https:\/\/secure.gravatar.com\/avatar\/e0a867bdedb85fd243eadf09663511f96fc81e0720a4a42581f334ad4303aa6b?s=96&d=mm&r=g","contentUrl":"https:\/\/secure.gravatar.com\/avatar\/e0a867bdedb85fd243eadf09663511f96fc81e0720a4a42581f334ad4303aa6b?s=96&d=mm&r=g","caption":"Reda\u00e7\u00e3o"}}]}},"amp_enabled":true,"_links":{"self":[{"href":"https:\/\/www.notibras.com\/site\/wp-json\/wp\/v2\/posts\/99632","targetHints":{"allow":["GET"]}}],"collection":[{"href":"https:\/\/www.notibras.com\/site\/wp-json\/wp\/v2\/posts"}],"about":[{"href":"https:\/\/www.notibras.com\/site\/wp-json\/wp\/v2\/types\/post"}],"author":[{"embeddable":true,"href":"https:\/\/www.notibras.com\/site\/wp-json\/wp\/v2\/users\/2"}],"replies":[{"embeddable":true,"href":"https:\/\/www.notibras.com\/site\/wp-json\/wp\/v2\/comments?post=99632"}],"version-history":[{"count":1,"href":"https:\/\/www.notibras.com\/site\/wp-json\/wp\/v2\/posts\/99632\/revisions"}],"predecessor-version":[{"id":99634,"href":"https:\/\/www.notibras.com\/site\/wp-json\/wp\/v2\/posts\/99632\/revisions\/99634"}],"wp:featuredmedia":[{"embeddable":true,"href":"https:\/\/www.notibras.com\/site\/wp-json\/wp\/v2\/media\/99633"}],"wp:attachment":[{"href":"https:\/\/www.notibras.com\/site\/wp-json\/wp\/v2\/media?parent=99632"}],"wp:term":[{"taxonomy":"category","embeddable":true,"href":"https:\/\/www.notibras.com\/site\/wp-json\/wp\/v2\/categories?post=99632"},{"taxonomy":"post_tag","embeddable":true,"href":"https:\/\/www.notibras.com\/site\/wp-json\/wp\/v2\/tags?post=99632"}],"curies":[{"name":"wp","href":"https:\/\/api.w.org\/{rel}","templated":true}]}}