{"id":99635,"date":"2016-04-28T06:37:16","date_gmt":"2016-04-28T09:37:16","guid":{"rendered":"http:\/\/www.notibras.com\/site\/?p=99635"},"modified":"2016-04-28T07:41:55","modified_gmt":"2016-04-28T10:41:55","slug":"alto-la-com-esse-oba-oba-de-crise-porque-o-brasil-acima-de-tudo-merece-respeito","status":"publish","type":"post","link":"https:\/\/www.notibras.com\/site\/alto-la-com-esse-oba-oba-de-crise-porque-o-brasil-acima-de-tudo-merece-respeito\/","title":{"rendered":"Alto l\u00e1 com esse oba-oba de crise, porque o Brasil, acima de tudo, merece respeito"},"content":{"rendered":"<p><strong>Guilhermina Coimbra<\/strong><\/p>\n<p>Decodificar as informa\u00e7\u00f5es \u00e9 assumir a responsabilidade de mostrar o invis\u00edvel no discurso. Significa trabalhar em benef\u00edcio de todos, tentando fazer compreender os discursos de autoridades nacionais, internacionais e da m\u00eddia desinformada &#8211; na melhor das hip\u00f3teses. Objetiva fornecer argumentos para que a popula\u00e7\u00e3o brasileira pesquise e, esclarecidamente, consiga reverter o curso das pol\u00edticas que os \u201cdiscursantes\u201d pretendem para o Brasil.<\/p>\n<p>Reportagem de capa de um dos maiores jornais do mundo destaca o car\u00e1ter surreal do processo de \u201cimpeachment\u201d que corre no Brasil: a Presidente, &#8230; \u201ccorre o s\u00e9rio risco de ser afastada por um processo dominado por corruptos e por abusos aos Direitos Humanos &#8230;\u201d(In New York Times, abril, 2016)<\/p>\n<p>O texto, traduzido e reproduzido in limine, cita &#8230;\u201co Presidente da C\u00e2mara dos Deputados do Brasil, r\u00e9u do STF por suspeita de ter recebido milh\u00f5es de d\u00f3lares em propina, e um Deputado brasileiro, tamb\u00e9m, defensor do impeachment, que \u00e9 alvo de processos nos Estados Unidos por ter desviado mais de 11,6 milh\u00f5es de d\u00f3lares\u201d. (In New York Times, abril, 2016).<\/p>\n<p>O referido jornal e a Organiza\u00e7\u00e3o dos Estados Americanos \u2013 OEA \u2013 denunciam e condenam o \u201cgolpe paraguaio\u201d no Brasil, tramado pela m\u00eddia e a \u201clista de mais de 300 pol\u00edticos corruptos\u201d mantidos em sigilo pela investiga\u00e7\u00e3o Lava Jato.<\/p>\n<p>O \u201cThe Pentagon\u00b4s New Map for War &amp; Peace\u201d, mais objetivo em esclarecer o \u00f3bvio, enuncia as formas de desestabiliza\u00e7\u00e3o econ\u00f4mica e social do Brasil, atrav\u00e9s dos meios de comunica\u00e7\u00e3o, jornais, redes sociais, empres\u00e1rios e infiltra\u00e7\u00e3o de ativistas:<\/p>\n<p>&#8230;\u201cA t\u00e1tica utiliza-se da m\u00eddia alien\u00edgena corrupta, golpista e dos c\u00ednicos 300 pol\u00edticos, corruptos fichas sujas, j\u00e1 delatadas na Lista dos 300 da Odebrecht\u201d &#8211; mantida em sigilo pelo juiz da Opera\u00e7\u00e3o Lava Jato, para n\u00e3o atrapalhar o \u201cgolpe paraguaio\u201d.<\/p>\n<p>E a\u00ed, brasileiros, sentem-se envergonhados pela corrup\u00e7\u00e3o denunciada pela m\u00eddia internacional dos signat\u00e1rios do Tratado do Atl\u00e2ntico Norte-OTAN?<\/p>\n<p>De modo algum. A popula\u00e7\u00e3o brasileira est\u00e1 consciente que essa minoria escabrosa, indecorosa e problem\u00e1tica, representa, apenas, um zero \u00e0 esquerda dos mais de mais de 200 milh\u00f5es da popula\u00e7\u00e3o brasileira.<\/p>\n<p>O mundo n\u00e3o-signat\u00e1rio do Tratado do Atl\u00e2ntico Norte-OTAN precisa se informar corretamente sobre o que est\u00e3o tentando fazer com o Brasil.<\/p>\n<p>Essa minoria permanece funcionando, atrav\u00e9s da rede de prote\u00e7\u00e3o criada pelos interessados, para garantir a lavagem do dinheiro de propinas a pol\u00edticos coniventes, com privatiza\u00e7\u00f5es, de empresas de energia, empresas de petroqu\u00edmicas, pertencentes ao Grupo PETROBR\u00c1S, Telecomunica\u00e7\u00f5es, Siderurgia e Minera\u00e7\u00e3o \u2013 \u00e0 revelia do conhecimento e autoriza\u00e7\u00e3o dos contribuintes de direito e de fato do Brasil.<\/p>\n<p>Os eleitores brasileiros n\u00e3o contrataram os seus representantes no Poder Legislativo como meros corretores imobili\u00e1rios e mobili\u00e1rios dos bens p\u00fablicos brasileiros. Corretar e vender os bens p\u00fablicos brasileiros \u00e9 um verdadeiro e did\u00e1tico exemplo de desvio de fun\u00e7\u00e3o.<\/p>\n<p>Os pol\u00edticos mega corruptos, na maioria remunerados pelas multinacionais que atuaram e atuam nas privatiza\u00e7\u00f5es dos bens p\u00fablicos do Brasil, devem ser objeto de investiga\u00e7\u00f5es do tipo da Lava Jato e outras id\u00eanticas investiga\u00e7\u00f5es com o mesmo objetivo.<\/p>\n<p>De forma c\u00edclica, a Hist\u00f3ria do Brasil est\u00e1 sendo programada para se repetir, atrav\u00e9s do impeachment.<\/p>\n<p>Em 2016 est\u00e3o tentando, aplicar no Brasil a estrat\u00e9gia ensaiada contra a \u201cprimavera \u00e1rabe\u201d. Essa estrat\u00e9gia de domina\u00e7\u00e3o tem sido aplicada no Oriente M\u00e9dio. Consiste em desestabilizar os governos progressistas e alinh\u00e1-los \u00e0s estrat\u00e9gias globais como s\u00f3cios agregados.<\/p>\n<p>\u00c9 sintom\u00e1tico que um dos analistas de grande Banco estrangeiro, em mar\u00e7o de 2014, tenha coordenado uma Mesa Redonda com publicit\u00e1rios brasileiros ligados \u00e0 macroeconomia neoliberal com o tema: \u201dComo desestabilizar o Governo&#8230;\u201d. A vinda ao Brasil de um ex-presidente do Estado interessado em se apossar das fontes geradoras de energia do Brasil \u2013 exigindo termo de confidencialidade dos participantes e at\u00e9 das recepcionistas, tamb\u00e9m foi entendida como .<\/p>\n<p>Esta sim \u00e9 uma motiva\u00e7\u00e3o verdadeiramente justific\u00e1vel da vergonha infinita, sentida pelos brasileiros, ao verificarem que o Brasil paga em moeda forte, para ouvir e aprender como trabalhar e agir, contra os interesses do pr\u00f3prio Brasil &#8211; no Brasil!<\/p>\n<p>\u201cA t\u00e1tica utiliza-se da m\u00eddia alien\u00edgena corrupta, golpista e dos c\u00ednicos 300 pol\u00edticos, corruptos fichas sujas, j\u00e1 delatadas na Lista dos 300 da Odebrecht\u201d &#8211; mantida em sigilo pelo juiz da Opera\u00e7\u00e3o Lava Jato, para n\u00e3o atrapalhar o \u201cgolpe paraguaio\u201d.<\/p>\n<p>&#8230;\u201dA Ag\u00eancia de risco Moody\u2019s calcula as d\u00edvidas da Petrobr\u00e1s em US$ 137 bilh\u00f5es (US$ 110 bilh\u00f5es com credores privados). R$ 40 bilh\u00f5es seriam devidos ao BNDES. A d\u00edvida para 2015 (US$ 14 bilh\u00f5es) \u00e9 facilmente administr\u00e1vel.\u201d<\/p>\n<p>&#8230;\u201d Ora, al\u00e9m de pouco expressivas em rela\u00e7\u00e3o ao patrim\u00f4nio &#8211; subavaliado pelo \u201cmercado\u201d &#8211; as d\u00edvidas pouco significam independentemente de prazos e juros. Ambos caem substancialmente, se o cr\u00e9dito da empresa se recuperar da degrada\u00e7\u00e3o, advinda da a\u00e7\u00e3o combinada do cartel mundial, da grande m\u00eddia e autoridades movidas por conceitos enganosos.<\/p>\n<p>A Petrobr\u00e1s tem tido receitas anuais de R$ 300 bilh\u00f5es. Ademais, embora descapitalizada pela pol\u00edtica de pre\u00e7os, determinada pelo governo, a estatal adquiriu grande quantidade de blocos, al\u00e9m de investir pesado na explora\u00e7\u00e3o. Com isso, s\u00f3 no pr\u00e9-sal, j\u00e1 produz acima de 800 barris di\u00e1rios. Ela investe 100 bilh\u00f5es de reais por ano, opera 326 navios, 35.000 quil\u00f4metros de dutos, 15 refinarias e 134 plataformas de produ\u00e7\u00e3o de g\u00e1s e de petr\u00f3leo. Fez ressurgir a ind\u00fastria naval, com aumento de 2 mil empregados para 85 mil.Para que a Petrobr\u00e1s seja reconhecida como mais que vi\u00e1vel s\u00f3 precisa p\u00f4r ordem em sua administra\u00e7\u00e3o, inclusive expurgando os imperiais infiltrados desde os anos 90&#8230;\u201d<\/p>\n<p>&#8230;\u201dE basta o Tesouro, como principal acionista, sinalizar que far\u00e1, se necess\u00e1rio, novos aportes de capital, que lhe render\u00e3o incalcul\u00e1veis ganhos a curto, m\u00e9dio e longo prazos. \u00c9 isso que tem de fazer o governo, se n\u00e3o quiser cometer suic\u00eddio e simplesmente entregar o pa\u00eds inteiro.\u201d&#8230;<\/p>\n<p>&#8230;\u201dQuanto mais ceder \u00e0 chantagem mais se debilitar\u00e1. A falsa crise torna-se real, \u00e0 medida que o governo se deixa acuar, e a Petrobr\u00e1s desiste de rent\u00e1veis projetos produtivos. Ridiculamente, proibida de captar recursos no mercado financeiro, por falta de publica\u00e7\u00e3o do balan\u00e7o auditado do 3\u00ba semestre de 2014, a empresa tem evitado contrata\u00e7\u00f5es e reduzido os investimentos em projetos contratados.\u201d&#8230;\u201da passagem da mis\u00e9ria para a riqueza, e a da humilha\u00e7\u00e3o para a dignidade, depende apenas da percep\u00e7\u00e3o dos fatos e de coragem.\u201d ((In BENAYON. Adriano, Economista, Diplomata do MRE, Brasil.).<\/p>\n<p>&#8230;\u201dSeria err\u00f4neo pensar a crise do Brasil apenas a partir do Brasil. Este est\u00e1 inserido no equil\u00edbrio de for\u00e7as mundiais do \u00e2mbito na assim chamada nova guerra fria que envolve principalmente os EUA e a China. A espionagem norte-americana, como revelou Snowden atingiu a Petrobr\u00e1s e as reservas do pre-sal e n\u00e3o poupou at\u00e9 a presidenta. Isto \u00e9 parte da estrat\u00e9gia do Pent\u00e1gono de cobrir todos os espa\u00e7os sob o lema:\u201dum s\u00f3 mundo e um s\u00f3 imp\u00e9rio\u201d&#8230;.<\/p>\n<p>&#8230;\u201dEis alguns pontos que nos fazem refletir. Na Am\u00e9rica Latina est\u00e1 se fechando um ciclo de governos progressistas que elevaram o n\u00edvel social dos mais pobres e firmaram a democracia. Agora est\u00e3o sendo assolados por uma onda direitista que j\u00e1 triunfou na Argentina e est\u00e1 se pressionando todos os pa\u00edses sul-americanos. Falam, de democracia mas, na verdade, querem torn\u00e1-la insignificante para dar lugar ao mercado e \u00e0 internacionaliza\u00e7\u00e3o da economia. No contexto global h\u00e1 uma ascens\u00e3o vis\u00edvel da direita no mundo inteiro, a partir dos pr\u00f3prios EUA e da Europa.<\/p>\n<p>&#8230;\u201dO Brasil \u00e9 o principal atingido e o impedimento da presidenta\u201d &#8230; \u201c \u00e9 apenas um cap\u00edtulo de uma estrat\u00e9gia global, especialmente das grandes corpora\u00e7\u00f5es e pelo sistema financeiro articulado com os governos centrais. Os grandes empres\u00e1rios nacionais querem voltar ao n\u00edvel de ganho que tinham sob as pol\u00edticas neo-liberais, anteriores&#8230;\u201d<\/p>\n<p>\u201c&#8230;A oposi\u00e7\u00e3o \u00e0 presidenta e o apoio ao seu impedimento possui um vi\u00e9s patronal. A FIESP, a FIRJAN, as Federa\u00e7\u00f5es do Com\u00e9rcio de S\u00e3o Paulo, a Associa\u00e7\u00e3o Brasileira da Ind\u00fastria Eletr\u00f4nica e Eletrodom\u00e9sticos (ABINEE), entidades empresariais do Paran\u00e1, Esp\u00edrito Santo, Par\u00e1 e muitas redes empresariais est\u00e3o em campanha aberta pelo impedimento e pelo fim do tipo de democracia social implantada Pela Presidenta&#8230;\u201d.<\/p>\n<p>&#8230;\u201dA estrat\u00e9gia ensaiada contra a \u201cprimavera \u00e1rabe\u201d e aplicada no Oriente M\u00e9dio e agora no Brasil e na Am\u00e9rica Latina em geral consiste em desestabilizar os governos progressistas e alinh\u00e1-los \u00e0s estrat\u00e9gias globais como s\u00f3cios agregados. \u00c9 sintom\u00e1tico que em mar\u00e7o de 2014 Emy Shayo, analista do JB Morgan coordenou uma mesa redonda com publicit\u00e1rios brasileiros ligados \u00e0 macroeconomia neoliberal com o tema:\u201dcomo desestabilizar o governo Dilma\u201d. Arm\u00ednio Fraga, prov\u00e1vel ministro da fazenda num eventual governo p\u00f3s-Dilma vem do JB Morgan. (In GUIMAR\u00c3ES, Juarez, blog de Juarez Guimar\u00e3es,\u201dPor que os patr\u00f5es querem o golpe\u201d).<\/p>\n<p>Noam Chomsky, Moniz Bandeira e outros advertiram que os interessados em subjugar o Governo brasileiro e se apossar das fontes geradoras de energia do Brasil &#8211; n\u00e3o toleram uma pot\u00eancia como o Brasil no Atl\u00e2ntico Sul que tenha um projeto de autonomia, vinculado aos BRICS.<\/p>\n<p>A presen\u00e7a crescente da China &#8211; principal concorrente dos interessados, nos v\u00e1rios pa\u00edses da Am\u00e9rica Latina, especialmente no Brasil &#8211; causa grande preocupa\u00e7\u00e3o, \u00e0 pol\u00edtica externa dos interessados, raz\u00e3o pela qual tentam perseverantemente impedir que o Brasil se transforme em um \u201cJap\u00e3o na America do Sul\u201d.<\/p>\n<p>Face \u00e0 perseveran\u00e7a do Governo brasileiro &#8211; fundamentado no Direito Internacional e assegurado pela Organiza\u00e7\u00e3o das Na\u00e7\u00f5es Unidas-ONU \u2013 em recusar-se a entregar as principais fontes geradoras de energia, tentam enfraquecer o Brasil, um dos Estados-membros dos BRICS, considerado um Anti-poder.<\/p>\n<p>Em 1964, a motiva\u00e7\u00e3o foi o discurso do Presidente Jo\u00e3o Goulart, na OEA, esclarecendo as raz\u00f5es da Lei N\u00ba 4.131\/64 de Controle de Remessas e de Lucros ao Exterior.<\/p>\n<p>Em 2016, &#8230;\u201dN\u00e3o \u00e9 s\u00f3 a CIA\u2026 especialmente as ONGs financiadas pelo dinheiro oficial e semi-oficial como a USAID, a National Endwoment for Democracy, atuam comprando jornalistas e treinando ativistas\u201d. (In, BANDEIRA, Luiz Alberto Muniz, \u201cA segunda Guerra Fria \u2013 Geopol\u00edtica e Dimens\u00e3o Estrat\u00e9gica dos Estados Unidos\u201d, Editora Civiliza\u00e7\u00e3o Brasileira, 2013, e \u201cA Desordem Internacional\u201d, 216 mesma Editora).<\/p>\n<p>Moniz Bandeira chega a afirmar n\u00e3o ter d\u00favida &#8230;\u201d de que no Brasil os jornais est\u00e3o sendo subsidiados\u2026e que jornalistas est\u00e3o na lista de pagamento dos \u00f3rg\u00e3os citados acima e muitos policiais e comiss\u00e1rios recebem dinheiro da CIA diretamente em suas contas\u201d(In NASSIF, Luis, Jornal GGN, 09\/03\/2016).<\/p>\n<p>A popula\u00e7\u00e3o brasileira tem certeza de quais seriam esses jornais e os nomes de alguns jornalistas, completamente ausentes de consci\u00eancia cr\u00edtica, totalmente alinhada \u00e0 ideologia, desestabilizadora de seus patr\u00f5es.<\/p>\n<p>Especialmente o pr\u00e9-sal, a segunda maior jazida de g\u00e1s e de petr\u00f3leo do mundo, est\u00e1 na mira dos interesses globais.<\/p>\n<p>&#8230;.\u201cSeria ingenuidade imaginar que n\u00e3o h\u00e1 interesses internacionais e geopol\u00edticos de norte-americanos, russos, venezuelanos, \u00e1rabes. S\u00f3 haveria mudan\u00e7a na Petrobras se houvesse nova elei\u00e7\u00e3o e o PSDB ganhasse de novo. Nesse caso, se acabaria o monop\u00f3lio de explora\u00e7\u00e3o, as regras mudariam.\u201d&#8230; &#8230;\u201cO impeachment interessa \u00e0s for\u00e7as que querem mudan\u00e7as na Petrobr\u00e1s: grandes companhias de petr\u00f3leo, agentes internacionais que t\u00eam a ganhar com a sa\u00edda da Petrobr\u00e1s da explora\u00e7\u00e3o de Petr\u00f3leo. Parte desses agentes quer tirar Dilma\u201d. (In CARDOSO, Adalberto, soci\u00f3logo, Folha de S\u00e3o Paulo, 26\/04\/2015).<\/p>\n<p>N\u00e3o se trata da teoria da conspira\u00e7\u00e3o, e nem, muito menos de pensamentos conspirat\u00f3rios de modo algum.<\/p>\n<p>As t\u00e1ticas e estrat\u00e9gias s\u00e3o sempre as mesmas, rid\u00edculas e ausentes de imagina\u00e7\u00e3o.<\/p>\n<p>Os mesmos interessados que agiram em 1964, est\u00e3o em 2016, infiltrados nos movimentos sociais e pol\u00edticos brasileiros. N\u00e3o \u00e9 sem raz\u00e3o que a quarta frota norte-americana do Atl\u00e2ntico Sul est\u00e1 perto de das \u00e1guas brasileiras.<\/p>\n<p>A popula\u00e7\u00e3o brasileira est\u00e1 consciente da import\u00e2ncia do Brasil no cen\u00e1rio mundial.<\/p>\n<p>A popula\u00e7\u00e3o brasileira perceptiva resiste.<\/p>\n<p>O fortalecimento da democracia no Brasil tem que representar democraticamente, os interesses da popula\u00e7\u00e3o do Brasil.<\/p>\n<p>O Brasil exige o respeito \u00e0 autonomia do Governo brasileiro, assegurada pela ONU e a OEA e n\u00e3o renuncia ao seu direito inalien\u00e1vel de construir &#8230;\u201dnosso pr\u00f3prio caminho rumo ao futuro\u201d. (In BOFF, Leonardo).<\/p>\n<p>O Brasil merece respeito.<\/p>\n","protected":false},"excerpt":{"rendered":"<p>Guilhermina Coimbra Decodificar as informa\u00e7\u00f5es \u00e9 assumir a responsabilidade de mostrar o invis\u00edvel no discurso. Significa trabalhar em benef\u00edcio de todos, tentando fazer compreender os discursos de autoridades nacionais, internacionais e da m\u00eddia desinformada &#8211; na melhor das hip\u00f3teses. Objetiva fornecer argumentos para que a popula\u00e7\u00e3o brasileira pesquise e, esclarecidamente, consiga reverter o curso das [&hellip;]<\/p>\n","protected":false},"author":2,"featured_media":99636,"comment_status":"open","ping_status":"closed","sticky":false,"template":"","format":"standard","meta":{"_acf_changed":false,"footnotes":""},"categories":[25],"tags":[],"class_list":["post-99635","post","type-post","status-publish","format-standard","has-post-thumbnail","hentry","category-opina-ai"],"acf":[],"yoast_head":"<!-- This site is optimized with the Yoast SEO plugin v27.5 - https:\/\/yoast.com\/product\/yoast-seo-wordpress\/ -->\n<title>Alto l\u00e1 com esse oba-oba de crise, porque o Brasil, acima de tudo, merece respeito - Notibras<\/title>\n<meta name=\"robots\" content=\"index, follow, max-snippet:-1, max-image-preview:large, max-video-preview:-1\" \/>\n<link rel=\"canonical\" href=\"https:\/\/www.notibras.com\/site\/alto-la-com-esse-oba-oba-de-crise-porque-o-brasil-acima-de-tudo-merece-respeito\/\" \/>\n<meta property=\"og:locale\" content=\"pt_BR\" \/>\n<meta property=\"og:type\" content=\"article\" \/>\n<meta property=\"og:title\" content=\"Alto l\u00e1 com esse oba-oba de crise, porque o Brasil, acima de tudo, merece respeito - Notibras\" \/>\n<meta property=\"og:description\" content=\"Guilhermina Coimbra Decodificar as informa\u00e7\u00f5es \u00e9 assumir a responsabilidade de mostrar o invis\u00edvel no discurso. Significa trabalhar em benef\u00edcio de todos, tentando fazer compreender os discursos de autoridades nacionais, internacionais e da m\u00eddia desinformada &#8211; na melhor das hip\u00f3teses. Objetiva fornecer argumentos para que a popula\u00e7\u00e3o brasileira pesquise e, esclarecidamente, consiga reverter o curso das [&hellip;]\" \/>\n<meta property=\"og:url\" content=\"https:\/\/www.notibras.com\/site\/alto-la-com-esse-oba-oba-de-crise-porque-o-brasil-acima-de-tudo-merece-respeito\/\" \/>\n<meta property=\"og:site_name\" content=\"Notibras\" \/>\n<meta property=\"article:publisher\" content=\"https:\/\/www.facebook.com\/notibras\/\" \/>\n<meta property=\"article:published_time\" content=\"2016-04-28T09:37:16+00:00\" \/>\n<meta property=\"article:modified_time\" content=\"2016-04-28T10:41:55+00:00\" \/>\n<meta property=\"og:image\" content=\"https:\/\/www.notibras.com\/site\/wp-content\/uploads\/2016\/04\/770_eclipse_do_brasil.jpg\" \/>\n\t<meta property=\"og:image:width\" content=\"620\" \/>\n\t<meta property=\"og:image:height\" content=\"400\" \/>\n\t<meta property=\"og:image:type\" content=\"image\/jpeg\" \/>\n<meta name=\"author\" content=\"Reda\u00e7\u00e3o\" \/>\n<meta name=\"twitter:card\" content=\"summary_large_image\" \/>\n<meta name=\"twitter:creator\" content=\"@Notibras\" \/>\n<meta name=\"twitter:site\" content=\"@Notibras\" \/>\n<meta name=\"twitter:label1\" content=\"Escrito por\" \/>\n\t<meta name=\"twitter:data1\" content=\"Reda\u00e7\u00e3o\" \/>\n\t<meta name=\"twitter:label2\" content=\"Est. tempo de leitura\" \/>\n\t<meta name=\"twitter:data2\" content=\"11 minutos\" \/>\n<script type=\"application\/ld+json\" class=\"yoast-schema-graph\">{\"@context\":\"https:\\\/\\\/schema.org\",\"@graph\":[{\"@type\":\"Article\",\"@id\":\"https:\\\/\\\/www.notibras.com\\\/site\\\/alto-la-com-esse-oba-oba-de-crise-porque-o-brasil-acima-de-tudo-merece-respeito\\\/#article\",\"isPartOf\":{\"@id\":\"https:\\\/\\\/www.notibras.com\\\/site\\\/alto-la-com-esse-oba-oba-de-crise-porque-o-brasil-acima-de-tudo-merece-respeito\\\/\"},\"author\":{\"name\":\"Reda\u00e7\u00e3o\",\"@id\":\"https:\\\/\\\/www.notibras.com\\\/site\\\/#\\\/schema\\\/person\\\/36ab0979449956132d3e5b517ea76ac8\"},\"headline\":\"Alto l\u00e1 com esse oba-oba de crise, porque o Brasil, acima de tudo, merece respeito\",\"datePublished\":\"2016-04-28T09:37:16+00:00\",\"dateModified\":\"2016-04-28T10:41:55+00:00\",\"mainEntityOfPage\":{\"@id\":\"https:\\\/\\\/www.notibras.com\\\/site\\\/alto-la-com-esse-oba-oba-de-crise-porque-o-brasil-acima-de-tudo-merece-respeito\\\/\"},\"wordCount\":2155,\"commentCount\":0,\"publisher\":{\"@id\":\"https:\\\/\\\/www.notibras.com\\\/site\\\/#organization\"},\"image\":{\"@id\":\"https:\\\/\\\/www.notibras.com\\\/site\\\/alto-la-com-esse-oba-oba-de-crise-porque-o-brasil-acima-de-tudo-merece-respeito\\\/#primaryimage\"},\"thumbnailUrl\":\"https:\\\/\\\/www.notibras.com\\\/site\\\/wp-content\\\/uploads\\\/2016\\\/04\\\/770_eclipse_do_brasil.jpg\",\"articleSection\":[\"Opina a\u00ed\"],\"inLanguage\":\"pt-BR\",\"potentialAction\":[{\"@type\":\"CommentAction\",\"name\":\"Comment\",\"target\":[\"https:\\\/\\\/www.notibras.com\\\/site\\\/alto-la-com-esse-oba-oba-de-crise-porque-o-brasil-acima-de-tudo-merece-respeito\\\/#respond\"]}]},{\"@type\":\"WebPage\",\"@id\":\"https:\\\/\\\/www.notibras.com\\\/site\\\/alto-la-com-esse-oba-oba-de-crise-porque-o-brasil-acima-de-tudo-merece-respeito\\\/\",\"url\":\"https:\\\/\\\/www.notibras.com\\\/site\\\/alto-la-com-esse-oba-oba-de-crise-porque-o-brasil-acima-de-tudo-merece-respeito\\\/\",\"name\":\"Alto l\u00e1 com esse oba-oba de crise, porque o Brasil, acima de tudo, merece respeito - Notibras\",\"isPartOf\":{\"@id\":\"https:\\\/\\\/www.notibras.com\\\/site\\\/#website\"},\"primaryImageOfPage\":{\"@id\":\"https:\\\/\\\/www.notibras.com\\\/site\\\/alto-la-com-esse-oba-oba-de-crise-porque-o-brasil-acima-de-tudo-merece-respeito\\\/#primaryimage\"},\"image\":{\"@id\":\"https:\\\/\\\/www.notibras.com\\\/site\\\/alto-la-com-esse-oba-oba-de-crise-porque-o-brasil-acima-de-tudo-merece-respeito\\\/#primaryimage\"},\"thumbnailUrl\":\"https:\\\/\\\/www.notibras.com\\\/site\\\/wp-content\\\/uploads\\\/2016\\\/04\\\/770_eclipse_do_brasil.jpg\",\"datePublished\":\"2016-04-28T09:37:16+00:00\",\"dateModified\":\"2016-04-28T10:41:55+00:00\",\"breadcrumb\":{\"@id\":\"https:\\\/\\\/www.notibras.com\\\/site\\\/alto-la-com-esse-oba-oba-de-crise-porque-o-brasil-acima-de-tudo-merece-respeito\\\/#breadcrumb\"},\"inLanguage\":\"pt-BR\",\"potentialAction\":[{\"@type\":\"ReadAction\",\"target\":[\"https:\\\/\\\/www.notibras.com\\\/site\\\/alto-la-com-esse-oba-oba-de-crise-porque-o-brasil-acima-de-tudo-merece-respeito\\\/\"]}]},{\"@type\":\"ImageObject\",\"inLanguage\":\"pt-BR\",\"@id\":\"https:\\\/\\\/www.notibras.com\\\/site\\\/alto-la-com-esse-oba-oba-de-crise-porque-o-brasil-acima-de-tudo-merece-respeito\\\/#primaryimage\",\"url\":\"https:\\\/\\\/www.notibras.com\\\/site\\\/wp-content\\\/uploads\\\/2016\\\/04\\\/770_eclipse_do_brasil.jpg\",\"contentUrl\":\"https:\\\/\\\/www.notibras.com\\\/site\\\/wp-content\\\/uploads\\\/2016\\\/04\\\/770_eclipse_do_brasil.jpg\",\"width\":620,\"height\":400},{\"@type\":\"BreadcrumbList\",\"@id\":\"https:\\\/\\\/www.notibras.com\\\/site\\\/alto-la-com-esse-oba-oba-de-crise-porque-o-brasil-acima-de-tudo-merece-respeito\\\/#breadcrumb\",\"itemListElement\":[{\"@type\":\"ListItem\",\"position\":1,\"name\":\"In\u00edcio\",\"item\":\"https:\\\/\\\/www.notibras.com\\\/site\\\/\"},{\"@type\":\"ListItem\",\"position\":2,\"name\":\"Alto l\u00e1 com esse oba-oba de crise, porque o Brasil, acima de tudo, merece respeito\"}]},{\"@type\":\"WebSite\",\"@id\":\"https:\\\/\\\/www.notibras.com\\\/site\\\/#website\",\"url\":\"https:\\\/\\\/www.notibras.com\\\/site\\\/\",\"name\":\"Notibras\",\"description\":\"Not\u00edcias de Bras\u00edlia, do Brasil e do Mundo\",\"publisher\":{\"@id\":\"https:\\\/\\\/www.notibras.com\\\/site\\\/#organization\"},\"potentialAction\":[{\"@type\":\"SearchAction\",\"target\":{\"@type\":\"EntryPoint\",\"urlTemplate\":\"https:\\\/\\\/www.notibras.com\\\/site\\\/?s={search_term_string}\"},\"query-input\":{\"@type\":\"PropertyValueSpecification\",\"valueRequired\":true,\"valueName\":\"search_term_string\"}}],\"inLanguage\":\"pt-BR\"},{\"@type\":\"Organization\",\"@id\":\"https:\\\/\\\/www.notibras.com\\\/site\\\/#organization\",\"name\":\"Grupo Notibras de Comunica\u00e7\u00e3o\",\"url\":\"https:\\\/\\\/www.notibras.com\\\/site\\\/\",\"logo\":{\"@type\":\"ImageObject\",\"inLanguage\":\"pt-BR\",\"@id\":\"https:\\\/\\\/www.notibras.com\\\/site\\\/#\\\/schema\\\/logo\\\/image\\\/\",\"url\":\"https:\\\/\\\/www.notibras.com\\\/site\\\/wp-content\\\/uploads\\\/2023\\\/01\\\/notibras23.png\",\"contentUrl\":\"https:\\\/\\\/www.notibras.com\\\/site\\\/wp-content\\\/uploads\\\/2023\\\/01\\\/notibras23.png\",\"width\":350,\"height\":87,\"caption\":\"Grupo Notibras de Comunica\u00e7\u00e3o\"},\"image\":{\"@id\":\"https:\\\/\\\/www.notibras.com\\\/site\\\/#\\\/schema\\\/logo\\\/image\\\/\"},\"sameAs\":[\"https:\\\/\\\/www.facebook.com\\\/notibras\\\/\",\"https:\\\/\\\/x.com\\\/Notibras\",\"https:\\\/\\\/www.instagram.com\\\/notibras\\\/\"]},{\"@type\":\"Person\",\"@id\":\"https:\\\/\\\/www.notibras.com\\\/site\\\/#\\\/schema\\\/person\\\/36ab0979449956132d3e5b517ea76ac8\",\"name\":\"Reda\u00e7\u00e3o\",\"image\":{\"@type\":\"ImageObject\",\"inLanguage\":\"pt-BR\",\"@id\":\"https:\\\/\\\/secure.gravatar.com\\\/avatar\\\/e0a867bdedb85fd243eadf09663511f96fc81e0720a4a42581f334ad4303aa6b?s=96&d=mm&r=g\",\"url\":\"https:\\\/\\\/secure.gravatar.com\\\/avatar\\\/e0a867bdedb85fd243eadf09663511f96fc81e0720a4a42581f334ad4303aa6b?s=96&d=mm&r=g\",\"contentUrl\":\"https:\\\/\\\/secure.gravatar.com\\\/avatar\\\/e0a867bdedb85fd243eadf09663511f96fc81e0720a4a42581f334ad4303aa6b?s=96&d=mm&r=g\",\"caption\":\"Reda\u00e7\u00e3o\"}}]}<\/script>\n<!-- \/ Yoast SEO plugin. -->","yoast_head_json":{"title":"Alto l\u00e1 com esse oba-oba de crise, porque o Brasil, acima de tudo, merece respeito - Notibras","robots":{"index":"index","follow":"follow","max-snippet":"max-snippet:-1","max-image-preview":"max-image-preview:large","max-video-preview":"max-video-preview:-1"},"canonical":"https:\/\/www.notibras.com\/site\/alto-la-com-esse-oba-oba-de-crise-porque-o-brasil-acima-de-tudo-merece-respeito\/","og_locale":"pt_BR","og_type":"article","og_title":"Alto l\u00e1 com esse oba-oba de crise, porque o Brasil, acima de tudo, merece respeito - Notibras","og_description":"Guilhermina Coimbra Decodificar as informa\u00e7\u00f5es \u00e9 assumir a responsabilidade de mostrar o invis\u00edvel no discurso. Significa trabalhar em benef\u00edcio de todos, tentando fazer compreender os discursos de autoridades nacionais, internacionais e da m\u00eddia desinformada &#8211; na melhor das hip\u00f3teses. Objetiva fornecer argumentos para que a popula\u00e7\u00e3o brasileira pesquise e, esclarecidamente, consiga reverter o curso das [&hellip;]","og_url":"https:\/\/www.notibras.com\/site\/alto-la-com-esse-oba-oba-de-crise-porque-o-brasil-acima-de-tudo-merece-respeito\/","og_site_name":"Notibras","article_publisher":"https:\/\/www.facebook.com\/notibras\/","article_published_time":"2016-04-28T09:37:16+00:00","article_modified_time":"2016-04-28T10:41:55+00:00","og_image":[{"width":620,"height":400,"url":"https:\/\/www.notibras.com\/site\/wp-content\/uploads\/2016\/04\/770_eclipse_do_brasil.jpg","type":"image\/jpeg"}],"author":"Reda\u00e7\u00e3o","twitter_card":"summary_large_image","twitter_creator":"@Notibras","twitter_site":"@Notibras","twitter_misc":{"Escrito por":"Reda\u00e7\u00e3o","Est. tempo de leitura":"11 minutos"},"schema":{"@context":"https:\/\/schema.org","@graph":[{"@type":"Article","@id":"https:\/\/www.notibras.com\/site\/alto-la-com-esse-oba-oba-de-crise-porque-o-brasil-acima-de-tudo-merece-respeito\/#article","isPartOf":{"@id":"https:\/\/www.notibras.com\/site\/alto-la-com-esse-oba-oba-de-crise-porque-o-brasil-acima-de-tudo-merece-respeito\/"},"author":{"name":"Reda\u00e7\u00e3o","@id":"https:\/\/www.notibras.com\/site\/#\/schema\/person\/36ab0979449956132d3e5b517ea76ac8"},"headline":"Alto l\u00e1 com esse oba-oba de crise, porque o Brasil, acima de tudo, merece respeito","datePublished":"2016-04-28T09:37:16+00:00","dateModified":"2016-04-28T10:41:55+00:00","mainEntityOfPage":{"@id":"https:\/\/www.notibras.com\/site\/alto-la-com-esse-oba-oba-de-crise-porque-o-brasil-acima-de-tudo-merece-respeito\/"},"wordCount":2155,"commentCount":0,"publisher":{"@id":"https:\/\/www.notibras.com\/site\/#organization"},"image":{"@id":"https:\/\/www.notibras.com\/site\/alto-la-com-esse-oba-oba-de-crise-porque-o-brasil-acima-de-tudo-merece-respeito\/#primaryimage"},"thumbnailUrl":"https:\/\/www.notibras.com\/site\/wp-content\/uploads\/2016\/04\/770_eclipse_do_brasil.jpg","articleSection":["Opina a\u00ed"],"inLanguage":"pt-BR","potentialAction":[{"@type":"CommentAction","name":"Comment","target":["https:\/\/www.notibras.com\/site\/alto-la-com-esse-oba-oba-de-crise-porque-o-brasil-acima-de-tudo-merece-respeito\/#respond"]}]},{"@type":"WebPage","@id":"https:\/\/www.notibras.com\/site\/alto-la-com-esse-oba-oba-de-crise-porque-o-brasil-acima-de-tudo-merece-respeito\/","url":"https:\/\/www.notibras.com\/site\/alto-la-com-esse-oba-oba-de-crise-porque-o-brasil-acima-de-tudo-merece-respeito\/","name":"Alto l\u00e1 com esse oba-oba de crise, porque o Brasil, acima de tudo, merece respeito - Notibras","isPartOf":{"@id":"https:\/\/www.notibras.com\/site\/#website"},"primaryImageOfPage":{"@id":"https:\/\/www.notibras.com\/site\/alto-la-com-esse-oba-oba-de-crise-porque-o-brasil-acima-de-tudo-merece-respeito\/#primaryimage"},"image":{"@id":"https:\/\/www.notibras.com\/site\/alto-la-com-esse-oba-oba-de-crise-porque-o-brasil-acima-de-tudo-merece-respeito\/#primaryimage"},"thumbnailUrl":"https:\/\/www.notibras.com\/site\/wp-content\/uploads\/2016\/04\/770_eclipse_do_brasil.jpg","datePublished":"2016-04-28T09:37:16+00:00","dateModified":"2016-04-28T10:41:55+00:00","breadcrumb":{"@id":"https:\/\/www.notibras.com\/site\/alto-la-com-esse-oba-oba-de-crise-porque-o-brasil-acima-de-tudo-merece-respeito\/#breadcrumb"},"inLanguage":"pt-BR","potentialAction":[{"@type":"ReadAction","target":["https:\/\/www.notibras.com\/site\/alto-la-com-esse-oba-oba-de-crise-porque-o-brasil-acima-de-tudo-merece-respeito\/"]}]},{"@type":"ImageObject","inLanguage":"pt-BR","@id":"https:\/\/www.notibras.com\/site\/alto-la-com-esse-oba-oba-de-crise-porque-o-brasil-acima-de-tudo-merece-respeito\/#primaryimage","url":"https:\/\/www.notibras.com\/site\/wp-content\/uploads\/2016\/04\/770_eclipse_do_brasil.jpg","contentUrl":"https:\/\/www.notibras.com\/site\/wp-content\/uploads\/2016\/04\/770_eclipse_do_brasil.jpg","width":620,"height":400},{"@type":"BreadcrumbList","@id":"https:\/\/www.notibras.com\/site\/alto-la-com-esse-oba-oba-de-crise-porque-o-brasil-acima-de-tudo-merece-respeito\/#breadcrumb","itemListElement":[{"@type":"ListItem","position":1,"name":"In\u00edcio","item":"https:\/\/www.notibras.com\/site\/"},{"@type":"ListItem","position":2,"name":"Alto l\u00e1 com esse oba-oba de crise, porque o Brasil, acima de tudo, merece respeito"}]},{"@type":"WebSite","@id":"https:\/\/www.notibras.com\/site\/#website","url":"https:\/\/www.notibras.com\/site\/","name":"Notibras","description":"Not\u00edcias de Bras\u00edlia, do Brasil e do Mundo","publisher":{"@id":"https:\/\/www.notibras.com\/site\/#organization"},"potentialAction":[{"@type":"SearchAction","target":{"@type":"EntryPoint","urlTemplate":"https:\/\/www.notibras.com\/site\/?s={search_term_string}"},"query-input":{"@type":"PropertyValueSpecification","valueRequired":true,"valueName":"search_term_string"}}],"inLanguage":"pt-BR"},{"@type":"Organization","@id":"https:\/\/www.notibras.com\/site\/#organization","name":"Grupo Notibras de Comunica\u00e7\u00e3o","url":"https:\/\/www.notibras.com\/site\/","logo":{"@type":"ImageObject","inLanguage":"pt-BR","@id":"https:\/\/www.notibras.com\/site\/#\/schema\/logo\/image\/","url":"https:\/\/www.notibras.com\/site\/wp-content\/uploads\/2023\/01\/notibras23.png","contentUrl":"https:\/\/www.notibras.com\/site\/wp-content\/uploads\/2023\/01\/notibras23.png","width":350,"height":87,"caption":"Grupo Notibras de Comunica\u00e7\u00e3o"},"image":{"@id":"https:\/\/www.notibras.com\/site\/#\/schema\/logo\/image\/"},"sameAs":["https:\/\/www.facebook.com\/notibras\/","https:\/\/x.com\/Notibras","https:\/\/www.instagram.com\/notibras\/"]},{"@type":"Person","@id":"https:\/\/www.notibras.com\/site\/#\/schema\/person\/36ab0979449956132d3e5b517ea76ac8","name":"Reda\u00e7\u00e3o","image":{"@type":"ImageObject","inLanguage":"pt-BR","@id":"https:\/\/secure.gravatar.com\/avatar\/e0a867bdedb85fd243eadf09663511f96fc81e0720a4a42581f334ad4303aa6b?s=96&d=mm&r=g","url":"https:\/\/secure.gravatar.com\/avatar\/e0a867bdedb85fd243eadf09663511f96fc81e0720a4a42581f334ad4303aa6b?s=96&d=mm&r=g","contentUrl":"https:\/\/secure.gravatar.com\/avatar\/e0a867bdedb85fd243eadf09663511f96fc81e0720a4a42581f334ad4303aa6b?s=96&d=mm&r=g","caption":"Reda\u00e7\u00e3o"}}]}},"amp_enabled":true,"_links":{"self":[{"href":"https:\/\/www.notibras.com\/site\/wp-json\/wp\/v2\/posts\/99635","targetHints":{"allow":["GET"]}}],"collection":[{"href":"https:\/\/www.notibras.com\/site\/wp-json\/wp\/v2\/posts"}],"about":[{"href":"https:\/\/www.notibras.com\/site\/wp-json\/wp\/v2\/types\/post"}],"author":[{"embeddable":true,"href":"https:\/\/www.notibras.com\/site\/wp-json\/wp\/v2\/users\/2"}],"replies":[{"embeddable":true,"href":"https:\/\/www.notibras.com\/site\/wp-json\/wp\/v2\/comments?post=99635"}],"version-history":[{"count":1,"href":"https:\/\/www.notibras.com\/site\/wp-json\/wp\/v2\/posts\/99635\/revisions"}],"predecessor-version":[{"id":99637,"href":"https:\/\/www.notibras.com\/site\/wp-json\/wp\/v2\/posts\/99635\/revisions\/99637"}],"wp:featuredmedia":[{"embeddable":true,"href":"https:\/\/www.notibras.com\/site\/wp-json\/wp\/v2\/media\/99636"}],"wp:attachment":[{"href":"https:\/\/www.notibras.com\/site\/wp-json\/wp\/v2\/media?parent=99635"}],"wp:term":[{"taxonomy":"category","embeddable":true,"href":"https:\/\/www.notibras.com\/site\/wp-json\/wp\/v2\/categories?post=99635"},{"taxonomy":"post_tag","embeddable":true,"href":"https:\/\/www.notibras.com\/site\/wp-json\/wp\/v2\/tags?post=99635"}],"curies":[{"name":"wp","href":"https:\/\/api.w.org\/{rel}","templated":true}]}}