{"id":9982,"date":"2014-05-18T20:42:01","date_gmt":"2014-05-18T23:42:01","guid":{"rendered":"http:\/\/www.notibras.com\/site\/?p=9982"},"modified":"2014-05-18T20:42:01","modified_gmt":"2014-05-18T23:42:01","slug":"andre-marca-dois-e-galo-vira-contra-o-peixe-na-arena-pantanal","status":"publish","type":"post","link":"https:\/\/www.notibras.com\/site\/andre-marca-dois-e-galo-vira-contra-o-peixe-na-arena-pantanal\/","title":{"rendered":"Andr\u00e9 marca dois e Galo vira contra o Peixe na Arena Pantanal"},"content":{"rendered":"<p>Como mandante de mais um jogo na Arena Pantanal, o Santos recebeu neste domingo o Atl\u00e9tico-MG em confronto da quinta rodada do Campeonato Brasileiro e acabou derrotado por 2 a 1 gra\u00e7as ao ex-santista\u00a0Andr\u00e9, que marcou duas vezes e liderou os mineiros na virada. C\u00edcero fez o gol do clube paulista, que perdeu a invencibilidade na competi\u00e7\u00e3o.<\/p>\n<p class=\"text\">O resultado leva o Atl\u00e9tico-MG aos sete pontos, que fazem a equipe treinada por Levir Culpi subir para a 11\u00aa posi\u00e7\u00e3o do torneio nacional. O Santos soma sua primeira derrota e fica com seis pontos, caindo para a 12\u00aa coloca\u00e7\u00e3o.<\/p>\n<p class=\"text\">O Santos teve bom in\u00edcio de jogo na Arena Pantanal, apresentando boa movimenta\u00e7\u00e3o dos seus meio-campistas, que se desmarcavam para dar op\u00e7\u00f5es de passe aos companheiros. O clube paulista ficou pr\u00f3ximo de abrir o marcador aos 3min, quando Mena cruzou para Gabriel, que ajeitou para C\u00edcero chegar batendo para grande defesa de Victor.<\/p>\n<p class=\"text\">Dominado pelo Santos, o Atl\u00e9tico-MG chegava bem pela ponta esquerda, onde o Jovem Marion deu trabalho para Bruno Peres e Neto, defensores que jogavam pelo setor. O panorama da partida mudou na metade da primeira etapa, com o clube mineiro acuando os paulistas na sua retaguarda e criando boas chances de gol, especialmente em jogadas pelo alto.<\/p>\n<p class=\"text\">A mais perigosa delas foi aos 30min, quando o Atl\u00e9tico-MG s\u00f3 n\u00e3o abriu o placar gra\u00e7as a \u00f3tima defesa de Aranha, que evitou que uma cabe\u00e7ada de Leonardo Silva a queima roupa balan\u00e7asse as redes.<\/p>\n<p class=\"text\">Quando mais sofria press\u00e3o, o Santos conseguiu fazer o primeiro gol da partida. Alan Santos deu lan\u00e7amento preciso para C\u00edcero dentro da \u00e1rea, Victor demorou para sair e n\u00e3o conseguiu evitar que o meia santista tocasse por baixo dele aos 38min.<\/p>\n<p class=\"text\">O time paulista foi para o intervalo com a vantagem no marcador, mas quase perdeu-a aos 8min, quando Emerson Concei\u00e7\u00e3o cruzou na medida para Carlos cabecear sozinho para a linha de fundo. Quatro minutos depois, um lance semelhante: Marion levantou para a \u00e1rea e Andr\u00e9, de cabe\u00e7a, errou o alvo. O Atl\u00e9tico-MG\u00a0continuou a press\u00e3o e chegou a marcar um gol anulado aos 17min, quando Andr\u00e9 escorou para o fundo das redes em posi\u00e7\u00e3o irregular.<\/p>\n<p class=\"text\">Acuado, o Santos reagiu dois minutos\u00a0com Geuv\u00e2nio, que foi fominha ap\u00f3s um contra-ataque e bateu sem \u00e2ngulo para defesa de Victor. Aos 27min, os comandados de Oswaldo de Oliveira desperdi\u00e7aram boa chance em lance semelhante, desta vez com o Gabriel, que optou por um chute em um contragolpe no qual ele podia ter tocado para um companheiro em melhores condi\u00e7\u00f5es de finalizar.<\/p>\n<p class=\"text\">Seguindo o ditado &#8220;quem n\u00e3o faz, toma&#8221;, o Santos sofreu o gol de empate tr\u00eas minutos depois. Alex Silva tentou cruzamento pela esquerda, foi bloqueado, mas ficou com o rebote. De primeira, ele deu uma bicicleta para a pequena \u00e1rea, onde Andr\u00e9 s\u00f3 teve o trabalho de completar para o fundo do gol.<\/p>\n<p class=\"text\">Embalada, a equipe mineira continuou pressionando e conseguiu a virada aos 36min, novamente com Andr\u00e9. O centroavante recebeu de Marion, que havia puxado um contra-ataque para o Atl\u00e9tico-MG, e bateu de bico na entrada da \u00e1rea, acertando \u00e0 esquerda de Aranha e marcando seu terceiro gol no Brasileiro, alcan\u00e7ando Marcelo Moreno, Daniel e Emerson na artilharia.<\/p>\n<p class=\"text\">Na sexta rodada, o Santos vai at\u00e9 Goi\u00e2nia enfrentar o Goi\u00e1s \u00e0s 19h30 (de Bras\u00edlia) da pr\u00f3xima quinta-feira no Serra Dourada. No mesmo dia, mas \u00e0s 21h, o Atl\u00e9tico-MG vai at\u00e9 o Est\u00e1dio Joia da Princesa contra o Vit\u00f3ria.<\/p>\n","protected":false},"excerpt":{"rendered":"<p>Como mandante de mais um jogo na Arena Pantanal, o Santos recebeu neste domingo o Atl\u00e9tico-MG em confronto da quinta rodada do Campeonato Brasileiro e acabou derrotado por 2 a 1 gra\u00e7as ao ex-santista\u00a0Andr\u00e9, que marcou duas vezes e liderou os mineiros na virada. C\u00edcero fez o gol do clube paulista, que perdeu a invencibilidade [&hellip;]<\/p>\n","protected":false},"author":2,"featured_media":9983,"comment_status":"open","ping_status":"closed","sticky":false,"template":"","format":"standard","meta":{"_acf_changed":false,"footnotes":""},"categories":[19,29],"tags":[],"class_list":["post-9982","post","type-post","status-publish","format-standard","has-post-thumbnail","hentry","category-esportes","category-futebol"],"acf":[],"yoast_head":"<!-- This site is optimized with the Yoast SEO plugin v27.2 - https:\/\/yoast.com\/product\/yoast-seo-wordpress\/ -->\n<title>Andr\u00e9 marca dois e Galo vira contra o Peixe na Arena Pantanal - Notibras<\/title>\n<meta name=\"robots\" content=\"index, follow, max-snippet:-1, max-image-preview:large, max-video-preview:-1\" \/>\n<link rel=\"canonical\" href=\"https:\/\/www.notibras.com\/site\/andre-marca-dois-e-galo-vira-contra-o-peixe-na-arena-pantanal\/\" \/>\n<meta property=\"og:locale\" content=\"pt_BR\" \/>\n<meta property=\"og:type\" content=\"article\" \/>\n<meta property=\"og:title\" content=\"Andr\u00e9 marca dois e Galo vira contra o Peixe na Arena Pantanal - Notibras\" \/>\n<meta property=\"og:description\" content=\"Como mandante de mais um jogo na Arena Pantanal, o Santos recebeu neste domingo o Atl\u00e9tico-MG em confronto da quinta rodada do Campeonato Brasileiro e acabou derrotado por 2 a 1 gra\u00e7as ao ex-santista\u00a0Andr\u00e9, que marcou duas vezes e liderou os mineiros na virada. C\u00edcero fez o gol do clube paulista, que perdeu a invencibilidade [&hellip;]\" \/>\n<meta property=\"og:url\" content=\"https:\/\/www.notibras.com\/site\/andre-marca-dois-e-galo-vira-contra-o-peixe-na-arena-pantanal\/\" \/>\n<meta property=\"og:site_name\" content=\"Notibras\" \/>\n<meta property=\"article:publisher\" content=\"https:\/\/www.facebook.com\/notibras\/\" \/>\n<meta property=\"article:published_time\" content=\"2014-05-18T23:42:01+00:00\" \/>\n<meta property=\"og:image\" content=\"https:\/\/www.notibras.com\/site\/wp-content\/uploads\/2014\/05\/01fernandinhocercadoricardosaibungazeta.jpg\" \/>\n\t<meta property=\"og:image:width\" content=\"460\" \/>\n\t<meta property=\"og:image:height\" content=\"340\" \/>\n\t<meta property=\"og:image:type\" content=\"image\/jpeg\" \/>\n<meta name=\"author\" content=\"Reda\u00e7\u00e3o\" \/>\n<meta name=\"twitter:card\" content=\"summary_large_image\" \/>\n<meta name=\"twitter:creator\" content=\"@Notibras\" \/>\n<meta name=\"twitter:site\" content=\"@Notibras\" \/>\n<meta name=\"twitter:label1\" content=\"Escrito por\" \/>\n\t<meta name=\"twitter:data1\" content=\"Reda\u00e7\u00e3o\" \/>\n\t<meta name=\"twitter:label2\" content=\"Est. tempo de leitura\" \/>\n\t<meta name=\"twitter:data2\" content=\"3 minutos\" \/>\n<script type=\"application\/ld+json\" class=\"yoast-schema-graph\">{\"@context\":\"https:\/\/schema.org\",\"@graph\":[{\"@type\":\"Article\",\"@id\":\"https:\/\/www.notibras.com\/site\/andre-marca-dois-e-galo-vira-contra-o-peixe-na-arena-pantanal\/#article\",\"isPartOf\":{\"@id\":\"https:\/\/www.notibras.com\/site\/andre-marca-dois-e-galo-vira-contra-o-peixe-na-arena-pantanal\/\"},\"author\":{\"name\":\"Reda\u00e7\u00e3o\",\"@id\":\"https:\/\/www.notibras.com\/site\/#\/schema\/person\/36ab0979449956132d3e5b517ea76ac8\"},\"headline\":\"Andr\u00e9 marca dois e Galo vira contra o Peixe na Arena Pantanal\",\"datePublished\":\"2014-05-18T23:42:01+00:00\",\"mainEntityOfPage\":{\"@id\":\"https:\/\/www.notibras.com\/site\/andre-marca-dois-e-galo-vira-contra-o-peixe-na-arena-pantanal\/\"},\"wordCount\":619,\"commentCount\":0,\"publisher\":{\"@id\":\"https:\/\/www.notibras.com\/site\/#organization\"},\"image\":{\"@id\":\"https:\/\/www.notibras.com\/site\/andre-marca-dois-e-galo-vira-contra-o-peixe-na-arena-pantanal\/#primaryimage\"},\"thumbnailUrl\":\"https:\/\/www.notibras.com\/site\/wp-content\/uploads\/2014\/05\/01fernandinhocercadoricardosaibungazeta.jpg\",\"articleSection\":[\"Esportes\",\"Futebol\"],\"inLanguage\":\"pt-BR\",\"potentialAction\":[{\"@type\":\"CommentAction\",\"name\":\"Comment\",\"target\":[\"https:\/\/www.notibras.com\/site\/andre-marca-dois-e-galo-vira-contra-o-peixe-na-arena-pantanal\/#respond\"]}]},{\"@type\":\"WebPage\",\"@id\":\"https:\/\/www.notibras.com\/site\/andre-marca-dois-e-galo-vira-contra-o-peixe-na-arena-pantanal\/\",\"url\":\"https:\/\/www.notibras.com\/site\/andre-marca-dois-e-galo-vira-contra-o-peixe-na-arena-pantanal\/\",\"name\":\"Andr\u00e9 marca dois e Galo vira contra o Peixe na Arena Pantanal - Notibras\",\"isPartOf\":{\"@id\":\"https:\/\/www.notibras.com\/site\/#website\"},\"primaryImageOfPage\":{\"@id\":\"https:\/\/www.notibras.com\/site\/andre-marca-dois-e-galo-vira-contra-o-peixe-na-arena-pantanal\/#primaryimage\"},\"image\":{\"@id\":\"https:\/\/www.notibras.com\/site\/andre-marca-dois-e-galo-vira-contra-o-peixe-na-arena-pantanal\/#primaryimage\"},\"thumbnailUrl\":\"https:\/\/www.notibras.com\/site\/wp-content\/uploads\/2014\/05\/01fernandinhocercadoricardosaibungazeta.jpg\",\"datePublished\":\"2014-05-18T23:42:01+00:00\",\"breadcrumb\":{\"@id\":\"https:\/\/www.notibras.com\/site\/andre-marca-dois-e-galo-vira-contra-o-peixe-na-arena-pantanal\/#breadcrumb\"},\"inLanguage\":\"pt-BR\",\"potentialAction\":[{\"@type\":\"ReadAction\",\"target\":[\"https:\/\/www.notibras.com\/site\/andre-marca-dois-e-galo-vira-contra-o-peixe-na-arena-pantanal\/\"]}]},{\"@type\":\"ImageObject\",\"inLanguage\":\"pt-BR\",\"@id\":\"https:\/\/www.notibras.com\/site\/andre-marca-dois-e-galo-vira-contra-o-peixe-na-arena-pantanal\/#primaryimage\",\"url\":\"https:\/\/www.notibras.com\/site\/wp-content\/uploads\/2014\/05\/01fernandinhocercadoricardosaibungazeta.jpg\",\"contentUrl\":\"https:\/\/www.notibras.com\/site\/wp-content\/uploads\/2014\/05\/01fernandinhocercadoricardosaibungazeta.jpg\",\"width\":460,\"height\":340},{\"@type\":\"BreadcrumbList\",\"@id\":\"https:\/\/www.notibras.com\/site\/andre-marca-dois-e-galo-vira-contra-o-peixe-na-arena-pantanal\/#breadcrumb\",\"itemListElement\":[{\"@type\":\"ListItem\",\"position\":1,\"name\":\"In\u00edcio\",\"item\":\"https:\/\/www.notibras.com\/site\/\"},{\"@type\":\"ListItem\",\"position\":2,\"name\":\"Andr\u00e9 marca dois e Galo vira contra o Peixe na Arena Pantanal\"}]},{\"@type\":\"WebSite\",\"@id\":\"https:\/\/www.notibras.com\/site\/#website\",\"url\":\"https:\/\/www.notibras.com\/site\/\",\"name\":\"Notibras\",\"description\":\"Not\u00edcias de Bras\u00edlia, do Brasil e do Mundo\",\"publisher\":{\"@id\":\"https:\/\/www.notibras.com\/site\/#organization\"},\"potentialAction\":[{\"@type\":\"SearchAction\",\"target\":{\"@type\":\"EntryPoint\",\"urlTemplate\":\"https:\/\/www.notibras.com\/site\/?s={search_term_string}\"},\"query-input\":{\"@type\":\"PropertyValueSpecification\",\"valueRequired\":true,\"valueName\":\"search_term_string\"}}],\"inLanguage\":\"pt-BR\"},{\"@type\":\"Organization\",\"@id\":\"https:\/\/www.notibras.com\/site\/#organization\",\"name\":\"Grupo Notibras de Comunica\u00e7\u00e3o\",\"url\":\"https:\/\/www.notibras.com\/site\/\",\"logo\":{\"@type\":\"ImageObject\",\"inLanguage\":\"pt-BR\",\"@id\":\"https:\/\/www.notibras.com\/site\/#\/schema\/logo\/image\/\",\"url\":\"https:\/\/www.notibras.com\/site\/wp-content\/uploads\/2023\/01\/notibras23.png\",\"contentUrl\":\"https:\/\/www.notibras.com\/site\/wp-content\/uploads\/2023\/01\/notibras23.png\",\"width\":350,\"height\":87,\"caption\":\"Grupo Notibras de Comunica\u00e7\u00e3o\"},\"image\":{\"@id\":\"https:\/\/www.notibras.com\/site\/#\/schema\/logo\/image\/\"},\"sameAs\":[\"https:\/\/www.facebook.com\/notibras\/\",\"https:\/\/x.com\/Notibras\",\"https:\/\/www.instagram.com\/notibras\/\"]},{\"@type\":\"Person\",\"@id\":\"https:\/\/www.notibras.com\/site\/#\/schema\/person\/36ab0979449956132d3e5b517ea76ac8\",\"name\":\"Reda\u00e7\u00e3o\",\"image\":{\"@type\":\"ImageObject\",\"inLanguage\":\"pt-BR\",\"@id\":\"https:\/\/secure.gravatar.com\/avatar\/e0a867bdedb85fd243eadf09663511f96fc81e0720a4a42581f334ad4303aa6b?s=96&d=mm&r=g\",\"url\":\"https:\/\/secure.gravatar.com\/avatar\/e0a867bdedb85fd243eadf09663511f96fc81e0720a4a42581f334ad4303aa6b?s=96&d=mm&r=g\",\"contentUrl\":\"https:\/\/secure.gravatar.com\/avatar\/e0a867bdedb85fd243eadf09663511f96fc81e0720a4a42581f334ad4303aa6b?s=96&d=mm&r=g\",\"caption\":\"Reda\u00e7\u00e3o\"}}]}<\/script>\n<!-- \/ Yoast SEO plugin. -->","yoast_head_json":{"title":"Andr\u00e9 marca dois e Galo vira contra o Peixe na Arena Pantanal - Notibras","robots":{"index":"index","follow":"follow","max-snippet":"max-snippet:-1","max-image-preview":"max-image-preview:large","max-video-preview":"max-video-preview:-1"},"canonical":"https:\/\/www.notibras.com\/site\/andre-marca-dois-e-galo-vira-contra-o-peixe-na-arena-pantanal\/","og_locale":"pt_BR","og_type":"article","og_title":"Andr\u00e9 marca dois e Galo vira contra o Peixe na Arena Pantanal - Notibras","og_description":"Como mandante de mais um jogo na Arena Pantanal, o Santos recebeu neste domingo o Atl\u00e9tico-MG em confronto da quinta rodada do Campeonato Brasileiro e acabou derrotado por 2 a 1 gra\u00e7as ao ex-santista\u00a0Andr\u00e9, que marcou duas vezes e liderou os mineiros na virada. C\u00edcero fez o gol do clube paulista, que perdeu a invencibilidade [&hellip;]","og_url":"https:\/\/www.notibras.com\/site\/andre-marca-dois-e-galo-vira-contra-o-peixe-na-arena-pantanal\/","og_site_name":"Notibras","article_publisher":"https:\/\/www.facebook.com\/notibras\/","article_published_time":"2014-05-18T23:42:01+00:00","og_image":[{"width":460,"height":340,"url":"https:\/\/www.notibras.com\/site\/wp-content\/uploads\/2014\/05\/01fernandinhocercadoricardosaibungazeta.jpg","type":"image\/jpeg"}],"author":"Reda\u00e7\u00e3o","twitter_card":"summary_large_image","twitter_creator":"@Notibras","twitter_site":"@Notibras","twitter_misc":{"Escrito por":"Reda\u00e7\u00e3o","Est. tempo de leitura":"3 minutos"},"schema":{"@context":"https:\/\/schema.org","@graph":[{"@type":"Article","@id":"https:\/\/www.notibras.com\/site\/andre-marca-dois-e-galo-vira-contra-o-peixe-na-arena-pantanal\/#article","isPartOf":{"@id":"https:\/\/www.notibras.com\/site\/andre-marca-dois-e-galo-vira-contra-o-peixe-na-arena-pantanal\/"},"author":{"name":"Reda\u00e7\u00e3o","@id":"https:\/\/www.notibras.com\/site\/#\/schema\/person\/36ab0979449956132d3e5b517ea76ac8"},"headline":"Andr\u00e9 marca dois e Galo vira contra o Peixe na Arena Pantanal","datePublished":"2014-05-18T23:42:01+00:00","mainEntityOfPage":{"@id":"https:\/\/www.notibras.com\/site\/andre-marca-dois-e-galo-vira-contra-o-peixe-na-arena-pantanal\/"},"wordCount":619,"commentCount":0,"publisher":{"@id":"https:\/\/www.notibras.com\/site\/#organization"},"image":{"@id":"https:\/\/www.notibras.com\/site\/andre-marca-dois-e-galo-vira-contra-o-peixe-na-arena-pantanal\/#primaryimage"},"thumbnailUrl":"https:\/\/www.notibras.com\/site\/wp-content\/uploads\/2014\/05\/01fernandinhocercadoricardosaibungazeta.jpg","articleSection":["Esportes","Futebol"],"inLanguage":"pt-BR","potentialAction":[{"@type":"CommentAction","name":"Comment","target":["https:\/\/www.notibras.com\/site\/andre-marca-dois-e-galo-vira-contra-o-peixe-na-arena-pantanal\/#respond"]}]},{"@type":"WebPage","@id":"https:\/\/www.notibras.com\/site\/andre-marca-dois-e-galo-vira-contra-o-peixe-na-arena-pantanal\/","url":"https:\/\/www.notibras.com\/site\/andre-marca-dois-e-galo-vira-contra-o-peixe-na-arena-pantanal\/","name":"Andr\u00e9 marca dois e Galo vira contra o Peixe na Arena Pantanal - Notibras","isPartOf":{"@id":"https:\/\/www.notibras.com\/site\/#website"},"primaryImageOfPage":{"@id":"https:\/\/www.notibras.com\/site\/andre-marca-dois-e-galo-vira-contra-o-peixe-na-arena-pantanal\/#primaryimage"},"image":{"@id":"https:\/\/www.notibras.com\/site\/andre-marca-dois-e-galo-vira-contra-o-peixe-na-arena-pantanal\/#primaryimage"},"thumbnailUrl":"https:\/\/www.notibras.com\/site\/wp-content\/uploads\/2014\/05\/01fernandinhocercadoricardosaibungazeta.jpg","datePublished":"2014-05-18T23:42:01+00:00","breadcrumb":{"@id":"https:\/\/www.notibras.com\/site\/andre-marca-dois-e-galo-vira-contra-o-peixe-na-arena-pantanal\/#breadcrumb"},"inLanguage":"pt-BR","potentialAction":[{"@type":"ReadAction","target":["https:\/\/www.notibras.com\/site\/andre-marca-dois-e-galo-vira-contra-o-peixe-na-arena-pantanal\/"]}]},{"@type":"ImageObject","inLanguage":"pt-BR","@id":"https:\/\/www.notibras.com\/site\/andre-marca-dois-e-galo-vira-contra-o-peixe-na-arena-pantanal\/#primaryimage","url":"https:\/\/www.notibras.com\/site\/wp-content\/uploads\/2014\/05\/01fernandinhocercadoricardosaibungazeta.jpg","contentUrl":"https:\/\/www.notibras.com\/site\/wp-content\/uploads\/2014\/05\/01fernandinhocercadoricardosaibungazeta.jpg","width":460,"height":340},{"@type":"BreadcrumbList","@id":"https:\/\/www.notibras.com\/site\/andre-marca-dois-e-galo-vira-contra-o-peixe-na-arena-pantanal\/#breadcrumb","itemListElement":[{"@type":"ListItem","position":1,"name":"In\u00edcio","item":"https:\/\/www.notibras.com\/site\/"},{"@type":"ListItem","position":2,"name":"Andr\u00e9 marca dois e Galo vira contra o Peixe na Arena Pantanal"}]},{"@type":"WebSite","@id":"https:\/\/www.notibras.com\/site\/#website","url":"https:\/\/www.notibras.com\/site\/","name":"Notibras","description":"Not\u00edcias de Bras\u00edlia, do Brasil e do Mundo","publisher":{"@id":"https:\/\/www.notibras.com\/site\/#organization"},"potentialAction":[{"@type":"SearchAction","target":{"@type":"EntryPoint","urlTemplate":"https:\/\/www.notibras.com\/site\/?s={search_term_string}"},"query-input":{"@type":"PropertyValueSpecification","valueRequired":true,"valueName":"search_term_string"}}],"inLanguage":"pt-BR"},{"@type":"Organization","@id":"https:\/\/www.notibras.com\/site\/#organization","name":"Grupo Notibras de Comunica\u00e7\u00e3o","url":"https:\/\/www.notibras.com\/site\/","logo":{"@type":"ImageObject","inLanguage":"pt-BR","@id":"https:\/\/www.notibras.com\/site\/#\/schema\/logo\/image\/","url":"https:\/\/www.notibras.com\/site\/wp-content\/uploads\/2023\/01\/notibras23.png","contentUrl":"https:\/\/www.notibras.com\/site\/wp-content\/uploads\/2023\/01\/notibras23.png","width":350,"height":87,"caption":"Grupo Notibras de Comunica\u00e7\u00e3o"},"image":{"@id":"https:\/\/www.notibras.com\/site\/#\/schema\/logo\/image\/"},"sameAs":["https:\/\/www.facebook.com\/notibras\/","https:\/\/x.com\/Notibras","https:\/\/www.instagram.com\/notibras\/"]},{"@type":"Person","@id":"https:\/\/www.notibras.com\/site\/#\/schema\/person\/36ab0979449956132d3e5b517ea76ac8","name":"Reda\u00e7\u00e3o","image":{"@type":"ImageObject","inLanguage":"pt-BR","@id":"https:\/\/secure.gravatar.com\/avatar\/e0a867bdedb85fd243eadf09663511f96fc81e0720a4a42581f334ad4303aa6b?s=96&d=mm&r=g","url":"https:\/\/secure.gravatar.com\/avatar\/e0a867bdedb85fd243eadf09663511f96fc81e0720a4a42581f334ad4303aa6b?s=96&d=mm&r=g","contentUrl":"https:\/\/secure.gravatar.com\/avatar\/e0a867bdedb85fd243eadf09663511f96fc81e0720a4a42581f334ad4303aa6b?s=96&d=mm&r=g","caption":"Reda\u00e7\u00e3o"}}]}},"amp_enabled":true,"_links":{"self":[{"href":"https:\/\/www.notibras.com\/site\/wp-json\/wp\/v2\/posts\/9982","targetHints":{"allow":["GET"]}}],"collection":[{"href":"https:\/\/www.notibras.com\/site\/wp-json\/wp\/v2\/posts"}],"about":[{"href":"https:\/\/www.notibras.com\/site\/wp-json\/wp\/v2\/types\/post"}],"author":[{"embeddable":true,"href":"https:\/\/www.notibras.com\/site\/wp-json\/wp\/v2\/users\/2"}],"replies":[{"embeddable":true,"href":"https:\/\/www.notibras.com\/site\/wp-json\/wp\/v2\/comments?post=9982"}],"version-history":[{"count":0,"href":"https:\/\/www.notibras.com\/site\/wp-json\/wp\/v2\/posts\/9982\/revisions"}],"wp:featuredmedia":[{"embeddable":true,"href":"https:\/\/www.notibras.com\/site\/wp-json\/wp\/v2\/media\/9983"}],"wp:attachment":[{"href":"https:\/\/www.notibras.com\/site\/wp-json\/wp\/v2\/media?parent=9982"}],"wp:term":[{"taxonomy":"category","embeddable":true,"href":"https:\/\/www.notibras.com\/site\/wp-json\/wp\/v2\/categories?post=9982"},{"taxonomy":"post_tag","embeddable":true,"href":"https:\/\/www.notibras.com\/site\/wp-json\/wp\/v2\/tags?post=9982"}],"curies":[{"name":"wp","href":"https:\/\/api.w.org\/{rel}","templated":true}]}}