{"id":9990,"date":"2014-05-18T19:49:25","date_gmt":"2014-05-18T22:49:25","guid":{"rendered":"http:\/\/www.notibras.com\/site\/?p=9990"},"modified":"2014-05-18T20:49:41","modified_gmt":"2014-05-18T23:49:41","slug":"inter-fica-no-0x0-com-criciuma-mas-mantem-a-ponta-da-tabela","status":"publish","type":"post","link":"https:\/\/www.notibras.com\/site\/inter-fica-no-0x0-com-criciuma-mas-mantem-a-ponta-da-tabela\/","title":{"rendered":"Inter fica no 0x0 com Crici\u00fama mas mant\u00e9m a ponta da tabela"},"content":{"rendered":"<p>O Internacional dominou o jogo e teve as melhores oportunidades com um homem a mais desde o primeiro tempo, mas n\u00e3o saiu de um empate por 0 a 0 diante do Crici\u00fama neste domingo, no Est\u00e1dio Heriberto H\u00fclse, em Santa Catarina. O\u00a0resultado mant\u00e9m os colorados na lideran\u00e7a isolada do Campeonato Brasileiro ap\u00f3s cinco rodadas disputadas.<\/p>\n<p class=\"text\">Agora, o time de Abel Braga soma 11 pontos, contra 10 de Cruzeiro, Gr\u00eamio e Goi\u00e1s, que venceram na rodada. J\u00e1 o Crici\u00fama, que teve o lateral Eduardo expulso,\u00a0foi para quatro pontos, mas n\u00e3o saiu da zona do rebaixamento, terminando a rodada na 17\u00aa coloca\u00e7\u00e3o.<\/p>\n<p class=\"text\">Na pr\u00f3xima rodada, o l\u00edder Inter enfrenta o Coritiba, novamente fora de casa, no Couto Pereira. J\u00e1 o Crici\u00fama recebe a Chapecoense no Heriberto H\u00fclse.<\/p>\n<p class=\"text\">Traumatizado com a goleada por 6 a 0 na rodada anterior diante do Botafogo, o Crici\u00fama entrou em campo mais preocupado em evitar um novo vexame do que tentar vencer o Internacional. O time da casa montou uma verdadeira trincheira, que dificultou muito a vida colorada. Ainda mais porque o meio-campo do time de Abel Braga n\u00e3o conseguiu imprimir o mesmo dinamismo que o levou ao topo da tabela.<\/p>\n<p class=\"text\">A retranca foi tanta que o meia Paulo Baier passou o a partida quase toda sendo o jogador mais avan\u00e7ado da equipe catarinense. As chances de gol do Inter foram raras. E quando vieram, n\u00e3o foram aproveitadas devidamente, como no lance em que Juan ficou totalmente livre ap\u00f3s cobran\u00e7a de escanteio.<\/p>\n<p class=\"text\">A esperan\u00e7a da torcida do Internacional era que o duelo ficasse mais f\u00e1cil com a expuls\u00e3o do lateral\u00a0direito Eduardo, no fim do primeiro tempo, ap\u00f3s deixar o bra\u00e7o no rosto de Alex. Mas foi a senha para que o Crici\u00fama colocasse as costas ainda mais perto do gol de Galatto. Silvinho ficou sendo a \u00fanica v\u00e1lvula de escape do time e perdeu quase todos os duelos com a zaga colorada.<\/p>\n<p class=\"text\">Diante da muralha catarinense, Abel at\u00e9 tirou um dos volantes para colocar Ot\u00e1vio e sacou Alex, dando lugar a Wellington Paulista. Mas \u00e0 medida que o Inter tinha mais gente na frente, Wagner Lopes colocava mais jogadores atr\u00e1s. E ainda tinha Galatto para atrapalhar os planos ga\u00fachos, com \u00f3timas defesas.<\/p>\n","protected":false},"excerpt":{"rendered":"<p>O Internacional dominou o jogo e teve as melhores oportunidades com um homem a mais desde o primeiro tempo, mas n\u00e3o saiu de um empate por 0 a 0 diante do Crici\u00fama neste domingo, no Est\u00e1dio Heriberto H\u00fclse, em Santa Catarina. O\u00a0resultado mant\u00e9m os colorados na lideran\u00e7a isolada do Campeonato Brasileiro ap\u00f3s cinco rodadas disputadas. [&hellip;]<\/p>\n","protected":false},"author":2,"featured_media":9991,"comment_status":"open","ping_status":"closed","sticky":false,"template":"","format":"standard","meta":{"_acf_changed":false,"footnotes":""},"categories":[19,29],"tags":[],"class_list":["post-9990","post","type-post","status-publish","format-standard","has-post-thumbnail","hentry","category-esportes","category-futebol"],"acf":[],"yoast_head":"<!-- This site is optimized with the Yoast SEO plugin v27.2 - https:\/\/yoast.com\/product\/yoast-seo-wordpress\/ -->\n<title>Inter fica no 0x0 com Crici\u00fama mas mant\u00e9m a ponta da tabela - Notibras<\/title>\n<meta name=\"robots\" content=\"index, follow, max-snippet:-1, max-image-preview:large, max-video-preview:-1\" \/>\n<link rel=\"canonical\" href=\"https:\/\/www.notibras.com\/site\/inter-fica-no-0x0-com-criciuma-mas-mantem-a-ponta-da-tabela\/\" \/>\n<meta property=\"og:locale\" content=\"pt_BR\" \/>\n<meta property=\"og:type\" content=\"article\" \/>\n<meta property=\"og:title\" content=\"Inter fica no 0x0 com Crici\u00fama mas mant\u00e9m a ponta da tabela - Notibras\" \/>\n<meta property=\"og:description\" content=\"O Internacional dominou o jogo e teve as melhores oportunidades com um homem a mais desde o primeiro tempo, mas n\u00e3o saiu de um empate por 0 a 0 diante do Crici\u00fama neste domingo, no Est\u00e1dio Heriberto H\u00fclse, em Santa Catarina. O\u00a0resultado mant\u00e9m os colorados na lideran\u00e7a isolada do Campeonato Brasileiro ap\u00f3s cinco rodadas disputadas. [&hellip;]\" \/>\n<meta property=\"og:url\" content=\"https:\/\/www.notibras.com\/site\/inter-fica-no-0x0-com-criciuma-mas-mantem-a-ponta-da-tabela\/\" \/>\n<meta property=\"og:site_name\" content=\"Notibras\" \/>\n<meta property=\"article:publisher\" content=\"https:\/\/www.facebook.com\/notibras\/\" \/>\n<meta property=\"article:published_time\" content=\"2014-05-18T22:49:25+00:00\" \/>\n<meta property=\"article:modified_time\" content=\"2014-05-18T23:49:41+00:00\" \/>\n<meta property=\"og:image\" content=\"https:\/\/www.notibras.com\/site\/wp-content\/uploads\/2014\/05\/01baierprotegefabriciofernandoribeirofp.jpg\" \/>\n\t<meta property=\"og:image:width\" content=\"460\" \/>\n\t<meta property=\"og:image:height\" content=\"340\" \/>\n\t<meta property=\"og:image:type\" content=\"image\/jpeg\" \/>\n<meta name=\"author\" content=\"Reda\u00e7\u00e3o\" \/>\n<meta name=\"twitter:card\" content=\"summary_large_image\" \/>\n<meta name=\"twitter:creator\" content=\"@Notibras\" \/>\n<meta name=\"twitter:site\" content=\"@Notibras\" \/>\n<meta name=\"twitter:label1\" content=\"Escrito por\" \/>\n\t<meta name=\"twitter:data1\" content=\"Reda\u00e7\u00e3o\" \/>\n\t<meta name=\"twitter:label2\" content=\"Est. tempo de leitura\" \/>\n\t<meta name=\"twitter:data2\" content=\"2 minutos\" \/>\n<script type=\"application\/ld+json\" class=\"yoast-schema-graph\">{\"@context\":\"https:\/\/schema.org\",\"@graph\":[{\"@type\":\"Article\",\"@id\":\"https:\/\/www.notibras.com\/site\/inter-fica-no-0x0-com-criciuma-mas-mantem-a-ponta-da-tabela\/#article\",\"isPartOf\":{\"@id\":\"https:\/\/www.notibras.com\/site\/inter-fica-no-0x0-com-criciuma-mas-mantem-a-ponta-da-tabela\/\"},\"author\":{\"name\":\"Reda\u00e7\u00e3o\",\"@id\":\"https:\/\/www.notibras.com\/site\/#\/schema\/person\/36ab0979449956132d3e5b517ea76ac8\"},\"headline\":\"Inter fica no 0x0 com Crici\u00fama mas mant\u00e9m a ponta da tabela\",\"datePublished\":\"2014-05-18T22:49:25+00:00\",\"dateModified\":\"2014-05-18T23:49:41+00:00\",\"mainEntityOfPage\":{\"@id\":\"https:\/\/www.notibras.com\/site\/inter-fica-no-0x0-com-criciuma-mas-mantem-a-ponta-da-tabela\/\"},\"wordCount\":406,\"commentCount\":0,\"publisher\":{\"@id\":\"https:\/\/www.notibras.com\/site\/#organization\"},\"image\":{\"@id\":\"https:\/\/www.notibras.com\/site\/inter-fica-no-0x0-com-criciuma-mas-mantem-a-ponta-da-tabela\/#primaryimage\"},\"thumbnailUrl\":\"https:\/\/www.notibras.com\/site\/wp-content\/uploads\/2014\/05\/01baierprotegefabriciofernandoribeirofp.jpg\",\"articleSection\":[\"Esportes\",\"Futebol\"],\"inLanguage\":\"pt-BR\",\"potentialAction\":[{\"@type\":\"CommentAction\",\"name\":\"Comment\",\"target\":[\"https:\/\/www.notibras.com\/site\/inter-fica-no-0x0-com-criciuma-mas-mantem-a-ponta-da-tabela\/#respond\"]}]},{\"@type\":\"WebPage\",\"@id\":\"https:\/\/www.notibras.com\/site\/inter-fica-no-0x0-com-criciuma-mas-mantem-a-ponta-da-tabela\/\",\"url\":\"https:\/\/www.notibras.com\/site\/inter-fica-no-0x0-com-criciuma-mas-mantem-a-ponta-da-tabela\/\",\"name\":\"Inter fica no 0x0 com Crici\u00fama mas mant\u00e9m a ponta da tabela - Notibras\",\"isPartOf\":{\"@id\":\"https:\/\/www.notibras.com\/site\/#website\"},\"primaryImageOfPage\":{\"@id\":\"https:\/\/www.notibras.com\/site\/inter-fica-no-0x0-com-criciuma-mas-mantem-a-ponta-da-tabela\/#primaryimage\"},\"image\":{\"@id\":\"https:\/\/www.notibras.com\/site\/inter-fica-no-0x0-com-criciuma-mas-mantem-a-ponta-da-tabela\/#primaryimage\"},\"thumbnailUrl\":\"https:\/\/www.notibras.com\/site\/wp-content\/uploads\/2014\/05\/01baierprotegefabriciofernandoribeirofp.jpg\",\"datePublished\":\"2014-05-18T22:49:25+00:00\",\"dateModified\":\"2014-05-18T23:49:41+00:00\",\"breadcrumb\":{\"@id\":\"https:\/\/www.notibras.com\/site\/inter-fica-no-0x0-com-criciuma-mas-mantem-a-ponta-da-tabela\/#breadcrumb\"},\"inLanguage\":\"pt-BR\",\"potentialAction\":[{\"@type\":\"ReadAction\",\"target\":[\"https:\/\/www.notibras.com\/site\/inter-fica-no-0x0-com-criciuma-mas-mantem-a-ponta-da-tabela\/\"]}]},{\"@type\":\"ImageObject\",\"inLanguage\":\"pt-BR\",\"@id\":\"https:\/\/www.notibras.com\/site\/inter-fica-no-0x0-com-criciuma-mas-mantem-a-ponta-da-tabela\/#primaryimage\",\"url\":\"https:\/\/www.notibras.com\/site\/wp-content\/uploads\/2014\/05\/01baierprotegefabriciofernandoribeirofp.jpg\",\"contentUrl\":\"https:\/\/www.notibras.com\/site\/wp-content\/uploads\/2014\/05\/01baierprotegefabriciofernandoribeirofp.jpg\",\"width\":460,\"height\":340},{\"@type\":\"BreadcrumbList\",\"@id\":\"https:\/\/www.notibras.com\/site\/inter-fica-no-0x0-com-criciuma-mas-mantem-a-ponta-da-tabela\/#breadcrumb\",\"itemListElement\":[{\"@type\":\"ListItem\",\"position\":1,\"name\":\"In\u00edcio\",\"item\":\"https:\/\/www.notibras.com\/site\/\"},{\"@type\":\"ListItem\",\"position\":2,\"name\":\"Inter fica no 0x0 com Crici\u00fama mas mant\u00e9m a ponta da tabela\"}]},{\"@type\":\"WebSite\",\"@id\":\"https:\/\/www.notibras.com\/site\/#website\",\"url\":\"https:\/\/www.notibras.com\/site\/\",\"name\":\"Notibras\",\"description\":\"Not\u00edcias de Bras\u00edlia, do Brasil e do Mundo\",\"publisher\":{\"@id\":\"https:\/\/www.notibras.com\/site\/#organization\"},\"potentialAction\":[{\"@type\":\"SearchAction\",\"target\":{\"@type\":\"EntryPoint\",\"urlTemplate\":\"https:\/\/www.notibras.com\/site\/?s={search_term_string}\"},\"query-input\":{\"@type\":\"PropertyValueSpecification\",\"valueRequired\":true,\"valueName\":\"search_term_string\"}}],\"inLanguage\":\"pt-BR\"},{\"@type\":\"Organization\",\"@id\":\"https:\/\/www.notibras.com\/site\/#organization\",\"name\":\"Grupo Notibras de Comunica\u00e7\u00e3o\",\"url\":\"https:\/\/www.notibras.com\/site\/\",\"logo\":{\"@type\":\"ImageObject\",\"inLanguage\":\"pt-BR\",\"@id\":\"https:\/\/www.notibras.com\/site\/#\/schema\/logo\/image\/\",\"url\":\"https:\/\/www.notibras.com\/site\/wp-content\/uploads\/2023\/01\/notibras23.png\",\"contentUrl\":\"https:\/\/www.notibras.com\/site\/wp-content\/uploads\/2023\/01\/notibras23.png\",\"width\":350,\"height\":87,\"caption\":\"Grupo Notibras de Comunica\u00e7\u00e3o\"},\"image\":{\"@id\":\"https:\/\/www.notibras.com\/site\/#\/schema\/logo\/image\/\"},\"sameAs\":[\"https:\/\/www.facebook.com\/notibras\/\",\"https:\/\/x.com\/Notibras\",\"https:\/\/www.instagram.com\/notibras\/\"]},{\"@type\":\"Person\",\"@id\":\"https:\/\/www.notibras.com\/site\/#\/schema\/person\/36ab0979449956132d3e5b517ea76ac8\",\"name\":\"Reda\u00e7\u00e3o\",\"image\":{\"@type\":\"ImageObject\",\"inLanguage\":\"pt-BR\",\"@id\":\"https:\/\/secure.gravatar.com\/avatar\/e0a867bdedb85fd243eadf09663511f96fc81e0720a4a42581f334ad4303aa6b?s=96&d=mm&r=g\",\"url\":\"https:\/\/secure.gravatar.com\/avatar\/e0a867bdedb85fd243eadf09663511f96fc81e0720a4a42581f334ad4303aa6b?s=96&d=mm&r=g\",\"contentUrl\":\"https:\/\/secure.gravatar.com\/avatar\/e0a867bdedb85fd243eadf09663511f96fc81e0720a4a42581f334ad4303aa6b?s=96&d=mm&r=g\",\"caption\":\"Reda\u00e7\u00e3o\"}}]}<\/script>\n<!-- \/ Yoast SEO plugin. -->","yoast_head_json":{"title":"Inter fica no 0x0 com Crici\u00fama mas mant\u00e9m a ponta da tabela - Notibras","robots":{"index":"index","follow":"follow","max-snippet":"max-snippet:-1","max-image-preview":"max-image-preview:large","max-video-preview":"max-video-preview:-1"},"canonical":"https:\/\/www.notibras.com\/site\/inter-fica-no-0x0-com-criciuma-mas-mantem-a-ponta-da-tabela\/","og_locale":"pt_BR","og_type":"article","og_title":"Inter fica no 0x0 com Crici\u00fama mas mant\u00e9m a ponta da tabela - Notibras","og_description":"O Internacional dominou o jogo e teve as melhores oportunidades com um homem a mais desde o primeiro tempo, mas n\u00e3o saiu de um empate por 0 a 0 diante do Crici\u00fama neste domingo, no Est\u00e1dio Heriberto H\u00fclse, em Santa Catarina. O\u00a0resultado mant\u00e9m os colorados na lideran\u00e7a isolada do Campeonato Brasileiro ap\u00f3s cinco rodadas disputadas. [&hellip;]","og_url":"https:\/\/www.notibras.com\/site\/inter-fica-no-0x0-com-criciuma-mas-mantem-a-ponta-da-tabela\/","og_site_name":"Notibras","article_publisher":"https:\/\/www.facebook.com\/notibras\/","article_published_time":"2014-05-18T22:49:25+00:00","article_modified_time":"2014-05-18T23:49:41+00:00","og_image":[{"width":460,"height":340,"url":"https:\/\/www.notibras.com\/site\/wp-content\/uploads\/2014\/05\/01baierprotegefabriciofernandoribeirofp.jpg","type":"image\/jpeg"}],"author":"Reda\u00e7\u00e3o","twitter_card":"summary_large_image","twitter_creator":"@Notibras","twitter_site":"@Notibras","twitter_misc":{"Escrito por":"Reda\u00e7\u00e3o","Est. tempo de leitura":"2 minutos"},"schema":{"@context":"https:\/\/schema.org","@graph":[{"@type":"Article","@id":"https:\/\/www.notibras.com\/site\/inter-fica-no-0x0-com-criciuma-mas-mantem-a-ponta-da-tabela\/#article","isPartOf":{"@id":"https:\/\/www.notibras.com\/site\/inter-fica-no-0x0-com-criciuma-mas-mantem-a-ponta-da-tabela\/"},"author":{"name":"Reda\u00e7\u00e3o","@id":"https:\/\/www.notibras.com\/site\/#\/schema\/person\/36ab0979449956132d3e5b517ea76ac8"},"headline":"Inter fica no 0x0 com Crici\u00fama mas mant\u00e9m a ponta da tabela","datePublished":"2014-05-18T22:49:25+00:00","dateModified":"2014-05-18T23:49:41+00:00","mainEntityOfPage":{"@id":"https:\/\/www.notibras.com\/site\/inter-fica-no-0x0-com-criciuma-mas-mantem-a-ponta-da-tabela\/"},"wordCount":406,"commentCount":0,"publisher":{"@id":"https:\/\/www.notibras.com\/site\/#organization"},"image":{"@id":"https:\/\/www.notibras.com\/site\/inter-fica-no-0x0-com-criciuma-mas-mantem-a-ponta-da-tabela\/#primaryimage"},"thumbnailUrl":"https:\/\/www.notibras.com\/site\/wp-content\/uploads\/2014\/05\/01baierprotegefabriciofernandoribeirofp.jpg","articleSection":["Esportes","Futebol"],"inLanguage":"pt-BR","potentialAction":[{"@type":"CommentAction","name":"Comment","target":["https:\/\/www.notibras.com\/site\/inter-fica-no-0x0-com-criciuma-mas-mantem-a-ponta-da-tabela\/#respond"]}]},{"@type":"WebPage","@id":"https:\/\/www.notibras.com\/site\/inter-fica-no-0x0-com-criciuma-mas-mantem-a-ponta-da-tabela\/","url":"https:\/\/www.notibras.com\/site\/inter-fica-no-0x0-com-criciuma-mas-mantem-a-ponta-da-tabela\/","name":"Inter fica no 0x0 com Crici\u00fama mas mant\u00e9m a ponta da tabela - Notibras","isPartOf":{"@id":"https:\/\/www.notibras.com\/site\/#website"},"primaryImageOfPage":{"@id":"https:\/\/www.notibras.com\/site\/inter-fica-no-0x0-com-criciuma-mas-mantem-a-ponta-da-tabela\/#primaryimage"},"image":{"@id":"https:\/\/www.notibras.com\/site\/inter-fica-no-0x0-com-criciuma-mas-mantem-a-ponta-da-tabela\/#primaryimage"},"thumbnailUrl":"https:\/\/www.notibras.com\/site\/wp-content\/uploads\/2014\/05\/01baierprotegefabriciofernandoribeirofp.jpg","datePublished":"2014-05-18T22:49:25+00:00","dateModified":"2014-05-18T23:49:41+00:00","breadcrumb":{"@id":"https:\/\/www.notibras.com\/site\/inter-fica-no-0x0-com-criciuma-mas-mantem-a-ponta-da-tabela\/#breadcrumb"},"inLanguage":"pt-BR","potentialAction":[{"@type":"ReadAction","target":["https:\/\/www.notibras.com\/site\/inter-fica-no-0x0-com-criciuma-mas-mantem-a-ponta-da-tabela\/"]}]},{"@type":"ImageObject","inLanguage":"pt-BR","@id":"https:\/\/www.notibras.com\/site\/inter-fica-no-0x0-com-criciuma-mas-mantem-a-ponta-da-tabela\/#primaryimage","url":"https:\/\/www.notibras.com\/site\/wp-content\/uploads\/2014\/05\/01baierprotegefabriciofernandoribeirofp.jpg","contentUrl":"https:\/\/www.notibras.com\/site\/wp-content\/uploads\/2014\/05\/01baierprotegefabriciofernandoribeirofp.jpg","width":460,"height":340},{"@type":"BreadcrumbList","@id":"https:\/\/www.notibras.com\/site\/inter-fica-no-0x0-com-criciuma-mas-mantem-a-ponta-da-tabela\/#breadcrumb","itemListElement":[{"@type":"ListItem","position":1,"name":"In\u00edcio","item":"https:\/\/www.notibras.com\/site\/"},{"@type":"ListItem","position":2,"name":"Inter fica no 0x0 com Crici\u00fama mas mant\u00e9m a ponta da tabela"}]},{"@type":"WebSite","@id":"https:\/\/www.notibras.com\/site\/#website","url":"https:\/\/www.notibras.com\/site\/","name":"Notibras","description":"Not\u00edcias de Bras\u00edlia, do Brasil e do Mundo","publisher":{"@id":"https:\/\/www.notibras.com\/site\/#organization"},"potentialAction":[{"@type":"SearchAction","target":{"@type":"EntryPoint","urlTemplate":"https:\/\/www.notibras.com\/site\/?s={search_term_string}"},"query-input":{"@type":"PropertyValueSpecification","valueRequired":true,"valueName":"search_term_string"}}],"inLanguage":"pt-BR"},{"@type":"Organization","@id":"https:\/\/www.notibras.com\/site\/#organization","name":"Grupo Notibras de Comunica\u00e7\u00e3o","url":"https:\/\/www.notibras.com\/site\/","logo":{"@type":"ImageObject","inLanguage":"pt-BR","@id":"https:\/\/www.notibras.com\/site\/#\/schema\/logo\/image\/","url":"https:\/\/www.notibras.com\/site\/wp-content\/uploads\/2023\/01\/notibras23.png","contentUrl":"https:\/\/www.notibras.com\/site\/wp-content\/uploads\/2023\/01\/notibras23.png","width":350,"height":87,"caption":"Grupo Notibras de Comunica\u00e7\u00e3o"},"image":{"@id":"https:\/\/www.notibras.com\/site\/#\/schema\/logo\/image\/"},"sameAs":["https:\/\/www.facebook.com\/notibras\/","https:\/\/x.com\/Notibras","https:\/\/www.instagram.com\/notibras\/"]},{"@type":"Person","@id":"https:\/\/www.notibras.com\/site\/#\/schema\/person\/36ab0979449956132d3e5b517ea76ac8","name":"Reda\u00e7\u00e3o","image":{"@type":"ImageObject","inLanguage":"pt-BR","@id":"https:\/\/secure.gravatar.com\/avatar\/e0a867bdedb85fd243eadf09663511f96fc81e0720a4a42581f334ad4303aa6b?s=96&d=mm&r=g","url":"https:\/\/secure.gravatar.com\/avatar\/e0a867bdedb85fd243eadf09663511f96fc81e0720a4a42581f334ad4303aa6b?s=96&d=mm&r=g","contentUrl":"https:\/\/secure.gravatar.com\/avatar\/e0a867bdedb85fd243eadf09663511f96fc81e0720a4a42581f334ad4303aa6b?s=96&d=mm&r=g","caption":"Reda\u00e7\u00e3o"}}]}},"amp_enabled":true,"_links":{"self":[{"href":"https:\/\/www.notibras.com\/site\/wp-json\/wp\/v2\/posts\/9990","targetHints":{"allow":["GET"]}}],"collection":[{"href":"https:\/\/www.notibras.com\/site\/wp-json\/wp\/v2\/posts"}],"about":[{"href":"https:\/\/www.notibras.com\/site\/wp-json\/wp\/v2\/types\/post"}],"author":[{"embeddable":true,"href":"https:\/\/www.notibras.com\/site\/wp-json\/wp\/v2\/users\/2"}],"replies":[{"embeddable":true,"href":"https:\/\/www.notibras.com\/site\/wp-json\/wp\/v2\/comments?post=9990"}],"version-history":[{"count":0,"href":"https:\/\/www.notibras.com\/site\/wp-json\/wp\/v2\/posts\/9990\/revisions"}],"wp:featuredmedia":[{"embeddable":true,"href":"https:\/\/www.notibras.com\/site\/wp-json\/wp\/v2\/media\/9991"}],"wp:attachment":[{"href":"https:\/\/www.notibras.com\/site\/wp-json\/wp\/v2\/media?parent=9990"}],"wp:term":[{"taxonomy":"category","embeddable":true,"href":"https:\/\/www.notibras.com\/site\/wp-json\/wp\/v2\/categories?post=9990"},{"taxonomy":"post_tag","embeddable":true,"href":"https:\/\/www.notibras.com\/site\/wp-json\/wp\/v2\/tags?post=9990"}],"curies":[{"name":"wp","href":"https:\/\/api.w.org\/{rel}","templated":true}]}}